{"id":9969,"date":"2020-10-10T19:12:51","date_gmt":"2020-10-10T17:12:51","guid":{"rendered":"https:\/\/truckonline.de\/blog\/?p=9969"},"modified":"2020-10-11T10:21:51","modified_gmt":"2020-10-11T08:21:51","slug":"die-eigene-sicherheit-sollte-immer-an-erster-stelle-stehen","status":"publish","type":"post","link":"https:\/\/truckonline.de\/blog\/2020\/10\/10\/die-eigene-sicherheit-sollte-immer-an-erster-stelle-stehen\/","title":{"rendered":"Die eigene Sicherheit sollte immer an erster Stelle stehen"},"content":{"rendered":"\n<p>Die Gr\u00fcnen wollen Radfahrer und Fu\u00dfg\u00e4nger besser vor Unf\u00e4llen mit Lastwagen sch\u00fctzen. Die Bundestagsfraktion spricht sich <a href=\"https:\/\/www.handelsblatt.com\/dpa\/wirtschaft-handel-und-finanzen-gruene-wollen-besseren-schutz-vor-unfaellen-mit-lastwagen\/26251492.html?ticket=ST-1424152-YVoqUKcydVdC1Mkdl54T-ap5\" target=\"_blank\" rel=\"noreferrer noopener\">f\u00fcr Verkehrssicherheitszonen in St\u00e4dten<\/a> aus, in die nur noch Lastwagen mit einem Abbiegeassistenten fahren d\u00fcrfen.<\/p>\n\n\n\n<p>Hier die Gedanken von Andreas Kernke, Begr\u00fcnder des ehemaligen &#8222;<a rel=\"noreferrer noopener\" href=\"http:\/\/kraftfahrerkreise.de\/http\/-\/www-kraftfahrerkreise-de\/Kraftfahrerkreis-Hannover-Hameln\/\" target=\"_blank\">Kraftfahrerkreis Hannover-Hameln<\/a>&#8222;:<\/p>\n\n\n\n<p>Gegeneinander geht nicht, nebeneinander ist zu wenig. Es geht nur miteinander. Die t\u00f6dlichen Abbiegeunf\u00e4lle sind eine unertr\u00e4gliche Situation. Keiner von uns Berufskraftfahrern m\u00f6chte so etwas erleben. Die Unternehmer ordern Lkw mit Abbiegeassistenten. Richtig und gut so. Ob das wirklich das richtige  Mittel der Wahl ist? Erst in einigen Jahren werden wir das erfahren. N\u00e4mlich dann, wenn alle Fahrzeuge damit ausger\u00fcstet sind.<\/p>\n\n\n\n<p>Nat\u00fcrlich m\u00fcssen wir auch dar\u00fcber reden, dieses Thema in den Schulungen intensiv zu besprechen. Derweil wird unser Ruf in Deutschland systematisch schlecht geredet. Auch die Medien st\u00fcrzen sich geil und sabbernd auf uns. <\/p>\n\n\n\n<p>Wen wundert es dann, wenn nur noch gefrustete Kraftfahrer unterwegs sind? Eine Sache f\u00e4llt mir immer wieder auf. Alles was die Politik in dieser Angelegenheit unternimmt, kostet nicht ihr Geld. Es ist immer das Geld der Wirtschaft. Warum werden nicht zeitnah <a href=\"https:\/\/trixi-spiegel.de\/\" target=\"_blank\" rel=\"noreferrer noopener\">Spiegel an den Ampelkreuzungen<\/a> angebracht? Warum werden Radfahrer nicht geschult oder die R\u00e4der nicht mit Kennzeichen ausger\u00fcstet (Wiedererkennung)? Warum werden die Ampelschaltungen nicht angepasst? <\/p>\n\n\n\n<p>Mehrheitlich werden nur Fahrr\u00e4der verkauft, die \u00fcberhaupt keine Zulassung f\u00fcr die Stra\u00dfe haben. Niemand macht die K\u00e4ufer darauf aufmerksam.Technisch einwandfreie R\u00e4der? Meist Fehlanzeige. Leuchtende Kleidung? <br>Schwarz ist schick. Wer die Statistik bem\u00fcht wird feststellen, dass es kaum einen Unterschied bei Rad- Unf\u00e4llen mit Pkw gibt. Nur, kein Mensch spricht dar\u00fcber. Ist das eine andere Art Unfall?<\/p>\n\n\n\n<p>In Zukunft wird der <a href=\"https:\/\/truckonline.de\/blog\/2018\/10\/05\/ein-video-zum-toten-winkel\/\" target=\"_blank\" rel=\"noreferrer noopener\">mobilisierte Verkehrsraum<\/a> in den St\u00e4dten weiter schrumpfen und der Raum f\u00fcr Radfahrer, Fu\u00dfg\u00e4nger und all den anderen mit ihrer neuen Fortbewegungstechnik, wird wachsen. Wir sollten den Dialog suchen zu den Radfahrern. <\/p>\n\n\n\n<p>Gegeneinander geht nicht, nebeneinander ist zu wenig. Es geht nur miteinander. Das bedeutet aber auch, dass wir mit allen gef\u00e4hrdeten Verkehrsteilnehmern einen tragbaren vern\u00fcnftigen Weg finden sollten. Ich selbst habe vor etwa zwei Jahren <a rel=\"noreferrer noopener\" href=\"https:\/\/adfc-hannover.de\/\" target=\"_blank\">den Dialog zum ADFC in Hannover<\/a> gesucht. Leider wollte man mit einem Berufskraftfahrer <a href=\"https:\/\/www.stefan-gelbhaar.de\/lkw\" target=\"_blank\" rel=\"noreferrer noopener\">nicht zusammen<\/a> arbeiten. Heute reiche ich noch einmal die Hand. Wir m\u00fcssen miteinander sprechen.<\/p>\n","protected":false},"excerpt":{"rendered":"<p>Die Gr\u00fcnen wollen Radfahrer und Fu\u00dfg\u00e4nger besser vor Unf\u00e4llen mit Lastwagen sch\u00fctzen. Die Bundestagsfraktion spricht sich f\u00fcr Verkehrssicherheitszonen in St\u00e4dten aus, in die nur noch&#8230;<\/p>\n<div class=\"more-link-wrapper\"><a class=\"more-link\" href=\"https:\/\/truckonline.de\/blog\/2020\/10\/10\/die-eigene-sicherheit-sollte-immer-an-erster-stelle-stehen\/\">Sie haben Ihr Ziel fast erreicht.<span class=\"screen-reader-text\">Die eigene Sicherheit sollte immer an erster Stelle stehen<\/span><\/a><\/div>\n","protected":false},"author":3,"featured_media":0,"comment_status":"open","ping_status":"open","sticky":false,"template":"","format":"standard","meta":{"iawp_total_views":1,"_metis_text_type":"","_metis_text_length":0,"_post_count":0,"footnotes":""},"categories":[1177,185],"tags":[1901,1608],"class_list":["post-9969","post","type-post","status-publish","format-standard","hentry","category-gastbeitrag","category-gedanken","tag-gastbeitrag","tag-radfahrer","ratio-2-1","entry"],"yoast_head":"<!-- This site is optimized with the Yoast SEO plugin v27.5 - https:\/\/yoast.com\/product\/yoast-seo-wordpress\/ -->\n<title>Die eigene Sicherheit sollte immer an erster Stelle stehen | TruckOnline.de<\/title>\n<meta name=\"description\" content=\"Die Gr\u00fcnen wollen Radfahrer und Fu\u00dfg\u00e4nger besser vor Unf\u00e4llen mit Lastwagen sch\u00fctzen. Die Bundestagsfraktion spricht sich f\u00fcr Verkehrssicherheitszonen in\" \/>\n<meta name=\"robots\" content=\"index, follow, max-snippet:-1, max-image-preview:large, max-video-preview:-1\" \/>\n<link rel=\"canonical\" href=\"https:\/\/truckonline.de\/blog\/2020\/10\/10\/die-eigene-sicherheit-sollte-immer-an-erster-stelle-stehen\/\" \/>\n<meta property=\"og:locale\" content=\"de_DE\" \/>\n<meta property=\"og:type\" content=\"article\" \/>\n<meta property=\"og:title\" content=\"Die eigene Sicherheit sollte immer an erster Stelle stehen | TruckOnline.de\" \/>\n<meta property=\"og:url\" content=\"https:\/\/truckonline.de\/blog\/2020\/10\/10\/die-eigene-sicherheit-sollte-immer-an-erster-stelle-stehen\/\" \/>\n<meta property=\"og:site_name\" content=\"TruckOnline.de\" \/>\n<meta property=\"article:publisher\" content=\"https:\/\/www.facebook.com\/truckblog\" \/>\n<meta property=\"article:author\" content=\"https:\/\/www.facebook.com\/truckblog\" \/>\n<meta property=\"article:published_time\" content=\"2020-10-10T17:12:51+00:00\" \/>\n<meta property=\"article:modified_time\" content=\"2020-10-11T08:21:51+00:00\" \/>\n<meta property=\"og:image\" content=\"https:\/\/truckonline.de\/blog\/wp-content\/uploads\/2019\/12\/IMG_20191229_225424-scaled.jpg\" \/>\n\t<meta property=\"og:image:width\" content=\"2560\" \/>\n\t<meta property=\"og:image:height\" content=\"1920\" \/>\n\t<meta property=\"og:image:type\" content=\"image\/jpeg\" \/>\n<meta name=\"author\" content=\"maik\" \/>\n<meta name=\"twitter:card\" content=\"summary_large_image\" \/>\n<meta name=\"twitter:creator\" content=\"@https:\/\/twitter.com\/truckblog\" \/>\n<meta name=\"twitter:site\" content=\"@truckblog\" \/>\n<meta name=\"twitter:label1\" content=\"Verfasst von\" \/>\n\t<meta name=\"twitter:data1\" content=\"maik\" \/>\n\t<meta name=\"twitter:label2\" content=\"Gesch\u00e4tzte Lesezeit\" \/>\n\t<meta name=\"twitter:data2\" content=\"2\u00a0Minuten\" \/>\n<script type=\"application\/ld+json\" class=\"yoast-schema-graph\">{\"@context\":\"https:\\\/\\\/schema.org\",\"@graph\":[{\"@type\":\"Article\",\"@id\":\"https:\\\/\\\/truckonline.de\\\/blog\\\/2020\\\/10\\\/10\\\/die-eigene-sicherheit-sollte-immer-an-erster-stelle-stehen\\\/#article\",\"isPartOf\":{\"@id\":\"https:\\\/\\\/truckonline.de\\\/blog\\\/2020\\\/10\\\/10\\\/die-eigene-sicherheit-sollte-immer-an-erster-stelle-stehen\\\/\"},\"author\":{\"name\":\"maik\",\"@id\":\"https:\\\/\\\/truckonline.de\\\/blog\\\/#\\\/schema\\\/person\\\/4cb59b86ffde81f882f56439688fda19\"},\"headline\":\"Die eigene Sicherheit sollte immer an erster Stelle stehen\",\"datePublished\":\"2020-10-10T17:12:51+00:00\",\"dateModified\":\"2020-10-11T08:21:51+00:00\",\"mainEntityOfPage\":{\"@id\":\"https:\\\/\\\/truckonline.de\\\/blog\\\/2020\\\/10\\\/10\\\/die-eigene-sicherheit-sollte-immer-an-erster-stelle-stehen\\\/\"},\"wordCount\":400,\"commentCount\":3,\"publisher\":{\"@id\":\"https:\\\/\\\/truckonline.de\\\/blog\\\/#\\\/schema\\\/person\\\/4cb59b86ffde81f882f56439688fda19\"},\"keywords\":[\"Gastbeitrag\",\"Radfahrer\"],\"articleSection\":[\"Gastbeitrag\",\"Gedanken\"],\"inLanguage\":\"de\",\"potentialAction\":[{\"@type\":\"CommentAction\",\"name\":\"Comment\",\"target\":[\"https:\\\/\\\/truckonline.de\\\/blog\\\/2020\\\/10\\\/10\\\/die-eigene-sicherheit-sollte-immer-an-erster-stelle-stehen\\\/#respond\"]}]},{\"@type\":\"WebPage\",\"@id\":\"https:\\\/\\\/truckonline.de\\\/blog\\\/2020\\\/10\\\/10\\\/die-eigene-sicherheit-sollte-immer-an-erster-stelle-stehen\\\/\",\"url\":\"https:\\\/\\\/truckonline.de\\\/blog\\\/2020\\\/10\\\/10\\\/die-eigene-sicherheit-sollte-immer-an-erster-stelle-stehen\\\/\",\"name\":\"Die eigene Sicherheit sollte immer an erster Stelle stehen | TruckOnline.de\",\"isPartOf\":{\"@id\":\"https:\\\/\\\/truckonline.de\\\/blog\\\/#website\"},\"datePublished\":\"2020-10-10T17:12:51+00:00\",\"dateModified\":\"2020-10-11T08:21:51+00:00\",\"description\":\"Die Gr\u00fcnen wollen Radfahrer und Fu\u00dfg\u00e4nger besser vor Unf\u00e4llen mit Lastwagen sch\u00fctzen. Die Bundestagsfraktion spricht sich f\u00fcr Verkehrssicherheitszonen in\",\"breadcrumb\":{\"@id\":\"https:\\\/\\\/truckonline.de\\\/blog\\\/2020\\\/10\\\/10\\\/die-eigene-sicherheit-sollte-immer-an-erster-stelle-stehen\\\/#breadcrumb\"},\"inLanguage\":\"de\",\"potentialAction\":[{\"@type\":\"ReadAction\",\"target\":[\"https:\\\/\\\/truckonline.de\\\/blog\\\/2020\\\/10\\\/10\\\/die-eigene-sicherheit-sollte-immer-an-erster-stelle-stehen\\\/\"]}]},{\"@type\":\"BreadcrumbList\",\"@id\":\"https:\\\/\\\/truckonline.de\\\/blog\\\/2020\\\/10\\\/10\\\/die-eigene-sicherheit-sollte-immer-an-erster-stelle-stehen\\\/#breadcrumb\",\"itemListElement\":[{\"@type\":\"ListItem\",\"position\":1,\"name\":\"Startseite\",\"item\":\"https:\\\/\\\/truckonline.de\\\/blog\\\/\"},{\"@type\":\"ListItem\",\"position\":2,\"name\":\"Die eigene Sicherheit sollte immer an erster Stelle stehen\"}]},{\"@type\":\"WebSite\",\"@id\":\"https:\\\/\\\/truckonline.de\\\/blog\\\/#website\",\"url\":\"https:\\\/\\\/truckonline.de\\\/blog\\\/\",\"name\":\"TruckOnline.de\",\"description\":\"\",\"publisher\":{\"@id\":\"https:\\\/\\\/truckonline.de\\\/blog\\\/#\\\/schema\\\/person\\\/4cb59b86ffde81f882f56439688fda19\"},\"potentialAction\":[{\"@type\":\"SearchAction\",\"target\":{\"@type\":\"EntryPoint\",\"urlTemplate\":\"https:\\\/\\\/truckonline.de\\\/blog\\\/?s={search_term_string}\"},\"query-input\":{\"@type\":\"PropertyValueSpecification\",\"valueRequired\":true,\"valueName\":\"search_term_string\"}}],\"inLanguage\":\"de\"},{\"@type\":[\"Person\",\"Organization\"],\"@id\":\"https:\\\/\\\/truckonline.de\\\/blog\\\/#\\\/schema\\\/person\\\/4cb59b86ffde81f882f56439688fda19\",\"name\":\"maik\",\"image\":{\"@type\":\"ImageObject\",\"inLanguage\":\"de\",\"@id\":\"https:\\\/\\\/truckonline.de\\\/blog\\\/wp-content\\\/uploads\\\/2019\\\/12\\\/logoinnenweiss.png\",\"url\":\"https:\\\/\\\/truckonline.de\\\/blog\\\/wp-content\\\/uploads\\\/2019\\\/12\\\/logoinnenweiss.png\",\"contentUrl\":\"https:\\\/\\\/truckonline.de\\\/blog\\\/wp-content\\\/uploads\\\/2019\\\/12\\\/logoinnenweiss.png\",\"width\":733,\"height\":125,\"caption\":\"maik\"},\"logo\":{\"@id\":\"https:\\\/\\\/truckonline.de\\\/blog\\\/wp-content\\\/uploads\\\/2019\\\/12\\\/logoinnenweiss.png\"},\"sameAs\":[\"https:\\\/\\\/www.facebook.com\\\/truckblog\",\"https:\\\/\\\/www.instagram.com\\\/truck_online\\\/\",\"https:\\\/\\\/x.com\\\/https:\\\/\\\/twitter.com\\\/truckblog\",\"https:\\\/\\\/www.youtube.com\\\/user\\\/truckonline\",\"https:\\\/\\\/www.tumblr.com\\\/truckonline\"]}]}<\/script>\n<!-- \/ Yoast SEO plugin. -->","yoast_head_json":{"title":"Die eigene Sicherheit sollte immer an erster Stelle stehen | TruckOnline.de","description":"Die Gr\u00fcnen wollen Radfahrer und Fu\u00dfg\u00e4nger besser vor Unf\u00e4llen mit Lastwagen sch\u00fctzen. Die Bundestagsfraktion spricht sich f\u00fcr Verkehrssicherheitszonen in","robots":{"index":"index","follow":"follow","max-snippet":"max-snippet:-1","max-image-preview":"max-image-preview:large","max-video-preview":"max-video-preview:-1"},"canonical":"https:\/\/truckonline.de\/blog\/2020\/10\/10\/die-eigene-sicherheit-sollte-immer-an-erster-stelle-stehen\/","og_locale":"de_DE","og_type":"article","og_title":"Die eigene Sicherheit sollte immer an erster Stelle stehen | TruckOnline.de","og_url":"https:\/\/truckonline.de\/blog\/2020\/10\/10\/die-eigene-sicherheit-sollte-immer-an-erster-stelle-stehen\/","og_site_name":"TruckOnline.de","article_publisher":"https:\/\/www.facebook.com\/truckblog","article_author":"https:\/\/www.facebook.com\/truckblog","article_published_time":"2020-10-10T17:12:51+00:00","article_modified_time":"2020-10-11T08:21:51+00:00","og_image":[{"width":2560,"height":1920,"url":"https:\/\/truckonline.de\/blog\/wp-content\/uploads\/2019\/12\/IMG_20191229_225424-scaled.jpg","type":"image\/jpeg"}],"author":"maik","twitter_card":"summary_large_image","twitter_creator":"@https:\/\/twitter.com\/truckblog","twitter_site":"@truckblog","twitter_misc":{"Verfasst von":"maik","Gesch\u00e4tzte Lesezeit":"2\u00a0Minuten"},"schema":{"@context":"https:\/\/schema.org","@graph":[{"@type":"Article","@id":"https:\/\/truckonline.de\/blog\/2020\/10\/10\/die-eigene-sicherheit-sollte-immer-an-erster-stelle-stehen\/#article","isPartOf":{"@id":"https:\/\/truckonline.de\/blog\/2020\/10\/10\/die-eigene-sicherheit-sollte-immer-an-erster-stelle-stehen\/"},"author":{"name":"maik","@id":"https:\/\/truckonline.de\/blog\/#\/schema\/person\/4cb59b86ffde81f882f56439688fda19"},"headline":"Die eigene Sicherheit sollte immer an erster Stelle stehen","datePublished":"2020-10-10T17:12:51+00:00","dateModified":"2020-10-11T08:21:51+00:00","mainEntityOfPage":{"@id":"https:\/\/truckonline.de\/blog\/2020\/10\/10\/die-eigene-sicherheit-sollte-immer-an-erster-stelle-stehen\/"},"wordCount":400,"commentCount":3,"publisher":{"@id":"https:\/\/truckonline.de\/blog\/#\/schema\/person\/4cb59b86ffde81f882f56439688fda19"},"keywords":["Gastbeitrag","Radfahrer"],"articleSection":["Gastbeitrag","Gedanken"],"inLanguage":"de","potentialAction":[{"@type":"CommentAction","name":"Comment","target":["https:\/\/truckonline.de\/blog\/2020\/10\/10\/die-eigene-sicherheit-sollte-immer-an-erster-stelle-stehen\/#respond"]}]},{"@type":"WebPage","@id":"https:\/\/truckonline.de\/blog\/2020\/10\/10\/die-eigene-sicherheit-sollte-immer-an-erster-stelle-stehen\/","url":"https:\/\/truckonline.de\/blog\/2020\/10\/10\/die-eigene-sicherheit-sollte-immer-an-erster-stelle-stehen\/","name":"Die eigene Sicherheit sollte immer an erster Stelle stehen | TruckOnline.de","isPartOf":{"@id":"https:\/\/truckonline.de\/blog\/#website"},"datePublished":"2020-10-10T17:12:51+00:00","dateModified":"2020-10-11T08:21:51+00:00","description":"Die Gr\u00fcnen wollen Radfahrer und Fu\u00dfg\u00e4nger besser vor Unf\u00e4llen mit Lastwagen sch\u00fctzen. Die Bundestagsfraktion spricht sich f\u00fcr Verkehrssicherheitszonen in","breadcrumb":{"@id":"https:\/\/truckonline.de\/blog\/2020\/10\/10\/die-eigene-sicherheit-sollte-immer-an-erster-stelle-stehen\/#breadcrumb"},"inLanguage":"de","potentialAction":[{"@type":"ReadAction","target":["https:\/\/truckonline.de\/blog\/2020\/10\/10\/die-eigene-sicherheit-sollte-immer-an-erster-stelle-stehen\/"]}]},{"@type":"BreadcrumbList","@id":"https:\/\/truckonline.de\/blog\/2020\/10\/10\/die-eigene-sicherheit-sollte-immer-an-erster-stelle-stehen\/#breadcrumb","itemListElement":[{"@type":"ListItem","position":1,"name":"Startseite","item":"https:\/\/truckonline.de\/blog\/"},{"@type":"ListItem","position":2,"name":"Die eigene Sicherheit sollte immer an erster Stelle stehen"}]},{"@type":"WebSite","@id":"https:\/\/truckonline.de\/blog\/#website","url":"https:\/\/truckonline.de\/blog\/","name":"TruckOnline.de","description":"","publisher":{"@id":"https:\/\/truckonline.de\/blog\/#\/schema\/person\/4cb59b86ffde81f882f56439688fda19"},"potentialAction":[{"@type":"SearchAction","target":{"@type":"EntryPoint","urlTemplate":"https:\/\/truckonline.de\/blog\/?s={search_term_string}"},"query-input":{"@type":"PropertyValueSpecification","valueRequired":true,"valueName":"search_term_string"}}],"inLanguage":"de"},{"@type":["Person","Organization"],"@id":"https:\/\/truckonline.de\/blog\/#\/schema\/person\/4cb59b86ffde81f882f56439688fda19","name":"maik","image":{"@type":"ImageObject","inLanguage":"de","@id":"https:\/\/truckonline.de\/blog\/wp-content\/uploads\/2019\/12\/logoinnenweiss.png","url":"https:\/\/truckonline.de\/blog\/wp-content\/uploads\/2019\/12\/logoinnenweiss.png","contentUrl":"https:\/\/truckonline.de\/blog\/wp-content\/uploads\/2019\/12\/logoinnenweiss.png","width":733,"height":125,"caption":"maik"},"logo":{"@id":"https:\/\/truckonline.de\/blog\/wp-content\/uploads\/2019\/12\/logoinnenweiss.png"},"sameAs":["https:\/\/www.facebook.com\/truckblog","https:\/\/www.instagram.com\/truck_online\/","https:\/\/x.com\/https:\/\/twitter.com\/truckblog","https:\/\/www.youtube.com\/user\/truckonline","https:\/\/www.tumblr.com\/truckonline"]}]}},"_links":{"self":[{"href":"https:\/\/truckonline.de\/blog\/wp-json\/wp\/v2\/posts\/9969","targetHints":{"allow":["GET"]}}],"collection":[{"href":"https:\/\/truckonline.de\/blog\/wp-json\/wp\/v2\/posts"}],"about":[{"href":"https:\/\/truckonline.de\/blog\/wp-json\/wp\/v2\/types\/post"}],"author":[{"embeddable":true,"href":"https:\/\/truckonline.de\/blog\/wp-json\/wp\/v2\/users\/3"}],"replies":[{"embeddable":true,"href":"https:\/\/truckonline.de\/blog\/wp-json\/wp\/v2\/comments?post=9969"}],"version-history":[{"count":5,"href":"https:\/\/truckonline.de\/blog\/wp-json\/wp\/v2\/posts\/9969\/revisions"}],"predecessor-version":[{"id":9979,"href":"https:\/\/truckonline.de\/blog\/wp-json\/wp\/v2\/posts\/9969\/revisions\/9979"}],"wp:attachment":[{"href":"https:\/\/truckonline.de\/blog\/wp-json\/wp\/v2\/media?parent=9969"}],"wp:term":[{"taxonomy":"category","embeddable":true,"href":"https:\/\/truckonline.de\/blog\/wp-json\/wp\/v2\/categories?post=9969"},{"taxonomy":"post_tag","embeddable":true,"href":"https:\/\/truckonline.de\/blog\/wp-json\/wp\/v2\/tags?post=9969"}],"curies":[{"name":"wp","href":"https:\/\/api.w.org\/{rel}","templated":true}]}}