{"id":986,"date":"2009-10-05T09:31:53","date_gmt":"2009-10-05T08:31:53","guid":{"rendered":"https:\/\/truckonline.de\/blog\/?p=986"},"modified":"2009-10-05T09:31:53","modified_gmt":"2009-10-05T08:31:53","slug":"links-und-rechts-der-daten-autobahn-20","status":"publish","type":"post","link":"https:\/\/truckonline.de\/blog\/2009\/10\/05\/links-und-rechts-der-daten-autobahn-20\/","title":{"rendered":"Links und rechts der (Daten-) autobahn"},"content":{"rendered":"<p><a href=\"https:\/\/www.handelsblatt.com\/unternehmen\/industrie\/lkw-bauer-fordern-mautnachlass;2464626\">MAN fordert Mautnachlass<\/a><br \/>\n<a href=\"https:\/\/www.nordsee-zeitung.de\/Home\/Region\/Bremerhaven\/Schleichfahrten-auf-der-Autobahn-_arid,238882_puid,1_pageid,16.html\">Bremerhaven &#8211; Gr\u00fcne fordern 60 km\/h f\u00fcr Lkw auf Autobahnen<\/a><br \/>\n<a href=\"https:\/\/www.abendblatt.de\/region\/harburg\/article1210898\/A-1-Mercedes-bremst-Lkw-aus-Auffahrunfall.html\">Dr\u00e4ngeln, Ausbremsen, gef\u00e4hrliche \u00dcberholman\u00f6ver &#8211; Autofahrer rasten aus<\/a><br \/>\n<a href=\"https:\/\/derstandard.at\/fs\/1254310540024\/Fracht-auf-Lkw-Ministerin-erinnert-Rail-Cargo-an-ihren-Auftrag\">\u00d6sterreich: Strasse statt Schiene<\/a><br \/>\n<a href=\"https:\/\/motorzeitung.de\/6591\/news\/volvo-untersuchte-verhalten-aelterer-autofahrer\/\"> Volvo untersuchte Verhalten \u00e4lterer Autofahrer<\/a><br \/>\n<a href=\"https:\/\/www.zeit.de\/wirtschaft\/unternehmen\/2009-10\/deutsche-bahn-krise\">Bahn streicht 4 000 Arbeitspl\u00e4tze in Deutschland<br \/>\n<\/a><br \/>\n<a href=\"https:\/\/www.shares-online.de\/2009\/09\/24\/mehdorn-als-transport-experte-zu-morgan-stanley\/\">Mehdorn als Transport-Experte zu Morgan Stanley<\/a><br \/>\n<a href=\"https:\/\/www.focus.de\/auto\/news\/geringere-umweltbelastung-tempolimit-100-km-h-fuer-lieferwagen_aid_439828.html\">Tempolimit 100 km\/h f\u00fcr Lieferwagen<\/a><\/p>\n","protected":false},"excerpt":{"rendered":"<p>MAN fordert Mautnachlass Bremerhaven &#8211; Gr\u00fcne fordern 60 km\/h f\u00fcr Lkw auf Autobahnen Dr\u00e4ngeln, Ausbremsen, gef\u00e4hrliche \u00dcberholman\u00f6ver &#8211; Autofahrer rasten aus \u00d6sterreich: Strasse statt Schiene&#8230;<\/p>\n<div class=\"more-link-wrapper\"><a class=\"more-link\" href=\"https:\/\/truckonline.de\/blog\/2009\/10\/05\/links-und-rechts-der-daten-autobahn-20\/\">Sie haben Ihr Ziel fast erreicht.<span class=\"screen-reader-text\">Links und rechts der (Daten-) autobahn<\/span><\/a><\/div>\n","protected":false},"author":3,"featured_media":0,"comment_status":"open","ping_status":"open","sticky":false,"template":"","format":"standard","meta":{"iawp_total_views":0,"_metis_text_type":"","_metis_text_length":0,"_post_count":0,"footnotes":""},"categories":[21],"tags":[8,1162],"class_list":["post-986","post","type-post","status-publish","format-standard","hentry","category-links-world-wide-web","tag-links","tag-verweis","ratio-2-1","entry"],"yoast_head":"<!-- This site is optimized with the Yoast SEO plugin v27.5 - https:\/\/yoast.com\/product\/yoast-seo-wordpress\/ -->\n<title>Links und rechts der (Daten-) autobahn | TruckOnline.de<\/title>\n<meta name=\"description\" content=\"MAN fordert Mautnachlass Bremerhaven - Gr\u00fcne fordern 60 km\/h f\u00fcr Lkw auf Autobahnen Dr\u00e4ngeln, Ausbremsen, gef\u00e4hrliche \u00dcberholman\u00f6ver - Autofahrer rasten\" \/>\n<meta name=\"robots\" content=\"index, follow, max-snippet:-1, max-image-preview:large, max-video-preview:-1\" \/>\n<link rel=\"canonical\" href=\"https:\/\/truckonline.de\/blog\/2009\/10\/05\/links-und-rechts-der-daten-autobahn-20\/\" \/>\n<meta property=\"og:locale\" content=\"de_DE\" \/>\n<meta property=\"og:type\" content=\"article\" \/>\n<meta property=\"og:title\" content=\"Links und rechts der (Daten-) autobahn | TruckOnline.de\" \/>\n<meta property=\"og:url\" content=\"https:\/\/truckonline.de\/blog\/2009\/10\/05\/links-und-rechts-der-daten-autobahn-20\/\" \/>\n<meta property=\"og:site_name\" content=\"TruckOnline.de\" \/>\n<meta property=\"article:publisher\" content=\"https:\/\/www.facebook.com\/truckblog\" \/>\n<meta property=\"article:author\" content=\"https:\/\/www.facebook.com\/truckblog\" \/>\n<meta property=\"article:published_time\" content=\"2009-10-05T08:31:53+00:00\" \/>\n<meta property=\"og:image\" content=\"https:\/\/truckonline.de\/blog\/wp-content\/uploads\/2019\/12\/IMG_20191229_225424-scaled.jpg\" \/>\n\t<meta property=\"og:image:width\" content=\"2560\" \/>\n\t<meta property=\"og:image:height\" content=\"1920\" \/>\n\t<meta property=\"og:image:type\" content=\"image\/jpeg\" \/>\n<meta name=\"author\" content=\"maik\" \/>\n<meta name=\"twitter:card\" content=\"summary_large_image\" \/>\n<meta name=\"twitter:creator\" content=\"@https:\/\/twitter.com\/truckblog\" \/>\n<meta name=\"twitter:site\" content=\"@truckblog\" \/>\n<meta name=\"twitter:label1\" content=\"Verfasst von\" \/>\n\t<meta name=\"twitter:data1\" content=\"maik\" \/>\n<script type=\"application\/ld+json\" class=\"yoast-schema-graph\">{\"@context\":\"https:\\\/\\\/schema.org\",\"@graph\":[{\"@type\":\"Article\",\"@id\":\"https:\\\/\\\/truckonline.de\\\/blog\\\/2009\\\/10\\\/05\\\/links-und-rechts-der-daten-autobahn-20\\\/#article\",\"isPartOf\":{\"@id\":\"https:\\\/\\\/truckonline.de\\\/blog\\\/2009\\\/10\\\/05\\\/links-und-rechts-der-daten-autobahn-20\\\/\"},\"author\":{\"name\":\"maik\",\"@id\":\"https:\\\/\\\/truckonline.de\\\/blog\\\/#\\\/schema\\\/person\\\/4cb59b86ffde81f882f56439688fda19\"},\"headline\":\"Links und rechts der (Daten-) autobahn\",\"datePublished\":\"2009-10-05T08:31:53+00:00\",\"mainEntityOfPage\":{\"@id\":\"https:\\\/\\\/truckonline.de\\\/blog\\\/2009\\\/10\\\/05\\\/links-und-rechts-der-daten-autobahn-20\\\/\"},\"wordCount\":59,\"commentCount\":1,\"publisher\":{\"@id\":\"https:\\\/\\\/truckonline.de\\\/blog\\\/#\\\/schema\\\/person\\\/4cb59b86ffde81f882f56439688fda19\"},\"keywords\":[\"Lieblinks\",\"Verweis\"],\"articleSection\":[\"Links\"],\"inLanguage\":\"de\",\"potentialAction\":[{\"@type\":\"CommentAction\",\"name\":\"Comment\",\"target\":[\"https:\\\/\\\/truckonline.de\\\/blog\\\/2009\\\/10\\\/05\\\/links-und-rechts-der-daten-autobahn-20\\\/#respond\"]}]},{\"@type\":\"WebPage\",\"@id\":\"https:\\\/\\\/truckonline.de\\\/blog\\\/2009\\\/10\\\/05\\\/links-und-rechts-der-daten-autobahn-20\\\/\",\"url\":\"https:\\\/\\\/truckonline.de\\\/blog\\\/2009\\\/10\\\/05\\\/links-und-rechts-der-daten-autobahn-20\\\/\",\"name\":\"Links und rechts der (Daten-) autobahn | TruckOnline.de\",\"isPartOf\":{\"@id\":\"https:\\\/\\\/truckonline.de\\\/blog\\\/#website\"},\"datePublished\":\"2009-10-05T08:31:53+00:00\",\"description\":\"MAN fordert Mautnachlass Bremerhaven - Gr\u00fcne fordern 60 km\\\/h f\u00fcr Lkw auf Autobahnen Dr\u00e4ngeln, Ausbremsen, gef\u00e4hrliche \u00dcberholman\u00f6ver - Autofahrer rasten\",\"breadcrumb\":{\"@id\":\"https:\\\/\\\/truckonline.de\\\/blog\\\/2009\\\/10\\\/05\\\/links-und-rechts-der-daten-autobahn-20\\\/#breadcrumb\"},\"inLanguage\":\"de\",\"potentialAction\":[{\"@type\":\"ReadAction\",\"target\":[\"https:\\\/\\\/truckonline.de\\\/blog\\\/2009\\\/10\\\/05\\\/links-und-rechts-der-daten-autobahn-20\\\/\"]}]},{\"@type\":\"BreadcrumbList\",\"@id\":\"https:\\\/\\\/truckonline.de\\\/blog\\\/2009\\\/10\\\/05\\\/links-und-rechts-der-daten-autobahn-20\\\/#breadcrumb\",\"itemListElement\":[{\"@type\":\"ListItem\",\"position\":1,\"name\":\"Startseite\",\"item\":\"https:\\\/\\\/truckonline.de\\\/blog\\\/\"},{\"@type\":\"ListItem\",\"position\":2,\"name\":\"Links und rechts der (Daten-) autobahn\"}]},{\"@type\":\"WebSite\",\"@id\":\"https:\\\/\\\/truckonline.de\\\/blog\\\/#website\",\"url\":\"https:\\\/\\\/truckonline.de\\\/blog\\\/\",\"name\":\"TruckOnline.de\",\"description\":\"\",\"publisher\":{\"@id\":\"https:\\\/\\\/truckonline.de\\\/blog\\\/#\\\/schema\\\/person\\\/4cb59b86ffde81f882f56439688fda19\"},\"potentialAction\":[{\"@type\":\"SearchAction\",\"target\":{\"@type\":\"EntryPoint\",\"urlTemplate\":\"https:\\\/\\\/truckonline.de\\\/blog\\\/?s={search_term_string}\"},\"query-input\":{\"@type\":\"PropertyValueSpecification\",\"valueRequired\":true,\"valueName\":\"search_term_string\"}}],\"inLanguage\":\"de\"},{\"@type\":[\"Person\",\"Organization\"],\"@id\":\"https:\\\/\\\/truckonline.de\\\/blog\\\/#\\\/schema\\\/person\\\/4cb59b86ffde81f882f56439688fda19\",\"name\":\"maik\",\"image\":{\"@type\":\"ImageObject\",\"inLanguage\":\"de\",\"@id\":\"https:\\\/\\\/truckonline.de\\\/blog\\\/wp-content\\\/uploads\\\/2019\\\/12\\\/logoinnenweiss.png\",\"url\":\"https:\\\/\\\/truckonline.de\\\/blog\\\/wp-content\\\/uploads\\\/2019\\\/12\\\/logoinnenweiss.png\",\"contentUrl\":\"https:\\\/\\\/truckonline.de\\\/blog\\\/wp-content\\\/uploads\\\/2019\\\/12\\\/logoinnenweiss.png\",\"width\":733,\"height\":125,\"caption\":\"maik\"},\"logo\":{\"@id\":\"https:\\\/\\\/truckonline.de\\\/blog\\\/wp-content\\\/uploads\\\/2019\\\/12\\\/logoinnenweiss.png\"},\"sameAs\":[\"https:\\\/\\\/www.facebook.com\\\/truckblog\",\"https:\\\/\\\/www.instagram.com\\\/truck_online\\\/\",\"https:\\\/\\\/x.com\\\/https:\\\/\\\/twitter.com\\\/truckblog\",\"https:\\\/\\\/www.youtube.com\\\/user\\\/truckonline\",\"https:\\\/\\\/www.tumblr.com\\\/truckonline\"]}]}<\/script>\n<!-- \/ Yoast SEO plugin. -->","yoast_head_json":{"title":"Links und rechts der (Daten-) autobahn | TruckOnline.de","description":"MAN fordert Mautnachlass Bremerhaven - Gr\u00fcne fordern 60 km\/h f\u00fcr Lkw auf Autobahnen Dr\u00e4ngeln, Ausbremsen, gef\u00e4hrliche \u00dcberholman\u00f6ver - Autofahrer rasten","robots":{"index":"index","follow":"follow","max-snippet":"max-snippet:-1","max-image-preview":"max-image-preview:large","max-video-preview":"max-video-preview:-1"},"canonical":"https:\/\/truckonline.de\/blog\/2009\/10\/05\/links-und-rechts-der-daten-autobahn-20\/","og_locale":"de_DE","og_type":"article","og_title":"Links und rechts der (Daten-) autobahn | TruckOnline.de","og_url":"https:\/\/truckonline.de\/blog\/2009\/10\/05\/links-und-rechts-der-daten-autobahn-20\/","og_site_name":"TruckOnline.de","article_publisher":"https:\/\/www.facebook.com\/truckblog","article_author":"https:\/\/www.facebook.com\/truckblog","article_published_time":"2009-10-05T08:31:53+00:00","og_image":[{"width":2560,"height":1920,"url":"https:\/\/truckonline.de\/blog\/wp-content\/uploads\/2019\/12\/IMG_20191229_225424-scaled.jpg","type":"image\/jpeg"}],"author":"maik","twitter_card":"summary_large_image","twitter_creator":"@https:\/\/twitter.com\/truckblog","twitter_site":"@truckblog","twitter_misc":{"Verfasst von":"maik"},"schema":{"@context":"https:\/\/schema.org","@graph":[{"@type":"Article","@id":"https:\/\/truckonline.de\/blog\/2009\/10\/05\/links-und-rechts-der-daten-autobahn-20\/#article","isPartOf":{"@id":"https:\/\/truckonline.de\/blog\/2009\/10\/05\/links-und-rechts-der-daten-autobahn-20\/"},"author":{"name":"maik","@id":"https:\/\/truckonline.de\/blog\/#\/schema\/person\/4cb59b86ffde81f882f56439688fda19"},"headline":"Links und rechts der (Daten-) autobahn","datePublished":"2009-10-05T08:31:53+00:00","mainEntityOfPage":{"@id":"https:\/\/truckonline.de\/blog\/2009\/10\/05\/links-und-rechts-der-daten-autobahn-20\/"},"wordCount":59,"commentCount":1,"publisher":{"@id":"https:\/\/truckonline.de\/blog\/#\/schema\/person\/4cb59b86ffde81f882f56439688fda19"},"keywords":["Lieblinks","Verweis"],"articleSection":["Links"],"inLanguage":"de","potentialAction":[{"@type":"CommentAction","name":"Comment","target":["https:\/\/truckonline.de\/blog\/2009\/10\/05\/links-und-rechts-der-daten-autobahn-20\/#respond"]}]},{"@type":"WebPage","@id":"https:\/\/truckonline.de\/blog\/2009\/10\/05\/links-und-rechts-der-daten-autobahn-20\/","url":"https:\/\/truckonline.de\/blog\/2009\/10\/05\/links-und-rechts-der-daten-autobahn-20\/","name":"Links und rechts der (Daten-) autobahn | TruckOnline.de","isPartOf":{"@id":"https:\/\/truckonline.de\/blog\/#website"},"datePublished":"2009-10-05T08:31:53+00:00","description":"MAN fordert Mautnachlass Bremerhaven - Gr\u00fcne fordern 60 km\/h f\u00fcr Lkw auf Autobahnen Dr\u00e4ngeln, Ausbremsen, gef\u00e4hrliche \u00dcberholman\u00f6ver - Autofahrer rasten","breadcrumb":{"@id":"https:\/\/truckonline.de\/blog\/2009\/10\/05\/links-und-rechts-der-daten-autobahn-20\/#breadcrumb"},"inLanguage":"de","potentialAction":[{"@type":"ReadAction","target":["https:\/\/truckonline.de\/blog\/2009\/10\/05\/links-und-rechts-der-daten-autobahn-20\/"]}]},{"@type":"BreadcrumbList","@id":"https:\/\/truckonline.de\/blog\/2009\/10\/05\/links-und-rechts-der-daten-autobahn-20\/#breadcrumb","itemListElement":[{"@type":"ListItem","position":1,"name":"Startseite","item":"https:\/\/truckonline.de\/blog\/"},{"@type":"ListItem","position":2,"name":"Links und rechts der (Daten-) autobahn"}]},{"@type":"WebSite","@id":"https:\/\/truckonline.de\/blog\/#website","url":"https:\/\/truckonline.de\/blog\/","name":"TruckOnline.de","description":"","publisher":{"@id":"https:\/\/truckonline.de\/blog\/#\/schema\/person\/4cb59b86ffde81f882f56439688fda19"},"potentialAction":[{"@type":"SearchAction","target":{"@type":"EntryPoint","urlTemplate":"https:\/\/truckonline.de\/blog\/?s={search_term_string}"},"query-input":{"@type":"PropertyValueSpecification","valueRequired":true,"valueName":"search_term_string"}}],"inLanguage":"de"},{"@type":["Person","Organization"],"@id":"https:\/\/truckonline.de\/blog\/#\/schema\/person\/4cb59b86ffde81f882f56439688fda19","name":"maik","image":{"@type":"ImageObject","inLanguage":"de","@id":"https:\/\/truckonline.de\/blog\/wp-content\/uploads\/2019\/12\/logoinnenweiss.png","url":"https:\/\/truckonline.de\/blog\/wp-content\/uploads\/2019\/12\/logoinnenweiss.png","contentUrl":"https:\/\/truckonline.de\/blog\/wp-content\/uploads\/2019\/12\/logoinnenweiss.png","width":733,"height":125,"caption":"maik"},"logo":{"@id":"https:\/\/truckonline.de\/blog\/wp-content\/uploads\/2019\/12\/logoinnenweiss.png"},"sameAs":["https:\/\/www.facebook.com\/truckblog","https:\/\/www.instagram.com\/truck_online\/","https:\/\/x.com\/https:\/\/twitter.com\/truckblog","https:\/\/www.youtube.com\/user\/truckonline","https:\/\/www.tumblr.com\/truckonline"]}]}},"_links":{"self":[{"href":"https:\/\/truckonline.de\/blog\/wp-json\/wp\/v2\/posts\/986","targetHints":{"allow":["GET"]}}],"collection":[{"href":"https:\/\/truckonline.de\/blog\/wp-json\/wp\/v2\/posts"}],"about":[{"href":"https:\/\/truckonline.de\/blog\/wp-json\/wp\/v2\/types\/post"}],"author":[{"embeddable":true,"href":"https:\/\/truckonline.de\/blog\/wp-json\/wp\/v2\/users\/3"}],"replies":[{"embeddable":true,"href":"https:\/\/truckonline.de\/blog\/wp-json\/wp\/v2\/comments?post=986"}],"version-history":[{"count":0,"href":"https:\/\/truckonline.de\/blog\/wp-json\/wp\/v2\/posts\/986\/revisions"}],"wp:attachment":[{"href":"https:\/\/truckonline.de\/blog\/wp-json\/wp\/v2\/media?parent=986"}],"wp:term":[{"taxonomy":"category","embeddable":true,"href":"https:\/\/truckonline.de\/blog\/wp-json\/wp\/v2\/categories?post=986"},{"taxonomy":"post_tag","embeddable":true,"href":"https:\/\/truckonline.de\/blog\/wp-json\/wp\/v2\/tags?post=986"}],"curies":[{"name":"wp","href":"https:\/\/api.w.org\/{rel}","templated":true}]}}