{"id":9804,"date":"2020-07-15T21:31:15","date_gmt":"2020-07-15T19:31:15","guid":{"rendered":"https:\/\/truckonline.de\/blog\/?p=9804"},"modified":"2020-07-15T21:40:33","modified_gmt":"2020-07-15T19:40:33","slug":"wechsel-mir-kohle-du-nazi","status":"publish","type":"post","link":"https:\/\/truckonline.de\/blog\/2020\/07\/15\/wechsel-mir-kohle-du-nazi\/","title":{"rendered":"Wechsel mir Kohle. Du Nazi."},"content":{"rendered":"\n<p>Heute Abend stehe ich auf einem Rasthof an der A 5 bei Offenburg. Mache mich gerade fertig f\u00fcr die Koje, beobachte dabei, wie ein Typ mit dem Fahrer eines anderen Lkw, der schr\u00e4g vor mir parkt, quatscht. Wohl ohne Erfolg, denn dann kommt er zu mir an das noch ge\u00f6ffnete Fahrerfenster:<\/p>\n\n\n\n<p>&#8222;<strong>Ey, verstehst Du deutsch?<\/strong>&#8220; <br>&#8222;<em>Ja, was willst Du<\/em>?&#8220;<\/p>\n\n\n\n<p>&#8222;<strong>Kannst Du mir zehn Franken in Euro wechseln?<\/strong>&#8220; <br>&#8222;<em>Nee, kann ich nicht<\/em>.&#8220;<\/p>\n\n\n\n<p>&#8222;<strong>Ach komm, Du wirst doch Euros dabei haben<\/strong>.&#8220;<br> &#8222;<em>Weder kann ich wechseln, noch will ich das. Was ist daran nicht zu verstehen?<\/em>&#8222;<\/p>\n\n\n\n<p>&#8222;<strong>Du bist ein dreckiger Nazi<\/strong>.&#8220; <br>&#8222;<em>H\u00e4, was bin ich<\/em>?&#8220;<\/p>\n\n\n\n<p>Keine Antwort, denn er verschwand wieder zwischen anderen Lkw.<br>Kurz danach brachte der andere Fahrer seinen Abfall zu einer M\u00fclltonne. Wir unterhielten uns kurz.<\/p>\n\n\n\n<p>&#8222;<em>Was wollte der von Dir<\/em>?&#8220; <br>&#8222;<strong>Ach, irgendwie ein komischer Kerl. Wollte Geld von mir oder gewechselt haben. Als ich nein sagte, hat der mich als Nazi beschimpft<\/strong>.&#8220; <br>&#8222;<em>Ah ja. Genau wie bei mir<\/em>.&#8220;<\/p>\n\n\n\n<p>Sonderbare Leute treiben sich wieder herum. Unglaublich. <\/p>\n\n\n\n<p><\/p>\n","protected":false},"excerpt":{"rendered":"<p>Heute Abend stehe ich auf einem Rasthof an der A 5 bei Offenburg. Mache mich gerade fertig f\u00fcr die Koje, beobachte dabei, wie ein Typ&#8230;<\/p>\n<div class=\"more-link-wrapper\"><a class=\"more-link\" href=\"https:\/\/truckonline.de\/blog\/2020\/07\/15\/wechsel-mir-kohle-du-nazi\/\">Sie haben Ihr Ziel fast erreicht.<span class=\"screen-reader-text\">Wechsel mir Kohle. Du Nazi.<\/span><\/a><\/div>\n","protected":false},"author":3,"featured_media":0,"comment_status":"open","ping_status":"open","sticky":false,"template":"","format":"standard","meta":{"iawp_total_views":0,"_metis_text_type":"","_metis_text_length":0,"_post_count":0,"footnotes":""},"categories":[17,24],"tags":[328,1071],"class_list":["post-9804","post","type-post","status-publish","format-standard","hentry","category-raststatten","category-unterwegs","tag-geld","tag-leute","ratio-2-1","entry"],"yoast_head":"<!-- This site is optimized with the Yoast SEO plugin v27.4 - https:\/\/yoast.com\/product\/yoast-seo-wordpress\/ -->\n<title>Wechsel mir Kohle. Du Nazi. | TruckOnline.de<\/title>\n<meta name=\"description\" content=\"Heute Abend stehe ich auf einem Rasthof an der A 5 bei Offenburg. Mache mich gerade fertig f\u00fcr die Koje, beobachte dabei, wie ein Typ mit dem Fahrer eines\" \/>\n<meta name=\"robots\" content=\"index, follow, max-snippet:-1, max-image-preview:large, max-video-preview:-1\" \/>\n<link rel=\"canonical\" href=\"https:\/\/truckonline.de\/blog\/2020\/07\/15\/wechsel-mir-kohle-du-nazi\/\" \/>\n<meta property=\"og:locale\" content=\"de_DE\" \/>\n<meta property=\"og:type\" content=\"article\" \/>\n<meta property=\"og:title\" content=\"Wechsel mir Kohle. Du Nazi. | TruckOnline.de\" \/>\n<meta property=\"og:url\" content=\"https:\/\/truckonline.de\/blog\/2020\/07\/15\/wechsel-mir-kohle-du-nazi\/\" \/>\n<meta property=\"og:site_name\" content=\"TruckOnline.de\" \/>\n<meta property=\"article:publisher\" content=\"https:\/\/www.facebook.com\/truckblog\" \/>\n<meta property=\"article:author\" content=\"https:\/\/www.facebook.com\/truckblog\" \/>\n<meta property=\"article:published_time\" content=\"2020-07-15T19:31:15+00:00\" \/>\n<meta property=\"article:modified_time\" content=\"2020-07-15T19:40:33+00:00\" \/>\n<meta property=\"og:image\" content=\"https:\/\/truckonline.de\/blog\/wp-content\/uploads\/2019\/12\/IMG_20191229_225424-scaled.jpg\" \/>\n\t<meta property=\"og:image:width\" content=\"2560\" \/>\n\t<meta property=\"og:image:height\" content=\"1920\" \/>\n\t<meta property=\"og:image:type\" content=\"image\/jpeg\" \/>\n<meta name=\"author\" content=\"maik\" \/>\n<meta name=\"twitter:card\" content=\"summary_large_image\" \/>\n<meta name=\"twitter:creator\" content=\"@https:\/\/twitter.com\/truckblog\" \/>\n<meta name=\"twitter:site\" content=\"@truckblog\" \/>\n<meta name=\"twitter:label1\" content=\"Verfasst von\" \/>\n\t<meta name=\"twitter:data1\" content=\"maik\" \/>\n\t<meta name=\"twitter:label2\" content=\"Gesch\u00e4tzte Lesezeit\" \/>\n\t<meta name=\"twitter:data2\" content=\"1\u00a0Minute\" \/>\n<script type=\"application\/ld+json\" class=\"yoast-schema-graph\">{\"@context\":\"https:\\\/\\\/schema.org\",\"@graph\":[{\"@type\":\"Article\",\"@id\":\"https:\\\/\\\/truckonline.de\\\/blog\\\/2020\\\/07\\\/15\\\/wechsel-mir-kohle-du-nazi\\\/#article\",\"isPartOf\":{\"@id\":\"https:\\\/\\\/truckonline.de\\\/blog\\\/2020\\\/07\\\/15\\\/wechsel-mir-kohle-du-nazi\\\/\"},\"author\":{\"name\":\"maik\",\"@id\":\"https:\\\/\\\/truckonline.de\\\/blog\\\/#\\\/schema\\\/person\\\/4cb59b86ffde81f882f56439688fda19\"},\"headline\":\"Wechsel mir Kohle. Du Nazi.\",\"datePublished\":\"2020-07-15T19:31:15+00:00\",\"dateModified\":\"2020-07-15T19:40:33+00:00\",\"mainEntityOfPage\":{\"@id\":\"https:\\\/\\\/truckonline.de\\\/blog\\\/2020\\\/07\\\/15\\\/wechsel-mir-kohle-du-nazi\\\/\"},\"wordCount\":174,\"commentCount\":3,\"publisher\":{\"@id\":\"https:\\\/\\\/truckonline.de\\\/blog\\\/#\\\/schema\\\/person\\\/4cb59b86ffde81f882f56439688fda19\"},\"keywords\":[\"Geld\",\"Leute\"],\"articleSection\":[\"Rastst\u00e4tten\",\"Unterwegs\"],\"inLanguage\":\"de\",\"potentialAction\":[{\"@type\":\"CommentAction\",\"name\":\"Comment\",\"target\":[\"https:\\\/\\\/truckonline.de\\\/blog\\\/2020\\\/07\\\/15\\\/wechsel-mir-kohle-du-nazi\\\/#respond\"]}]},{\"@type\":\"WebPage\",\"@id\":\"https:\\\/\\\/truckonline.de\\\/blog\\\/2020\\\/07\\\/15\\\/wechsel-mir-kohle-du-nazi\\\/\",\"url\":\"https:\\\/\\\/truckonline.de\\\/blog\\\/2020\\\/07\\\/15\\\/wechsel-mir-kohle-du-nazi\\\/\",\"name\":\"Wechsel mir Kohle. Du Nazi. | TruckOnline.de\",\"isPartOf\":{\"@id\":\"https:\\\/\\\/truckonline.de\\\/blog\\\/#website\"},\"datePublished\":\"2020-07-15T19:31:15+00:00\",\"dateModified\":\"2020-07-15T19:40:33+00:00\",\"description\":\"Heute Abend stehe ich auf einem Rasthof an der A 5 bei Offenburg. Mache mich gerade fertig f\u00fcr die Koje, beobachte dabei, wie ein Typ mit dem Fahrer eines\",\"breadcrumb\":{\"@id\":\"https:\\\/\\\/truckonline.de\\\/blog\\\/2020\\\/07\\\/15\\\/wechsel-mir-kohle-du-nazi\\\/#breadcrumb\"},\"inLanguage\":\"de\",\"potentialAction\":[{\"@type\":\"ReadAction\",\"target\":[\"https:\\\/\\\/truckonline.de\\\/blog\\\/2020\\\/07\\\/15\\\/wechsel-mir-kohle-du-nazi\\\/\"]}]},{\"@type\":\"BreadcrumbList\",\"@id\":\"https:\\\/\\\/truckonline.de\\\/blog\\\/2020\\\/07\\\/15\\\/wechsel-mir-kohle-du-nazi\\\/#breadcrumb\",\"itemListElement\":[{\"@type\":\"ListItem\",\"position\":1,\"name\":\"Startseite\",\"item\":\"https:\\\/\\\/truckonline.de\\\/blog\\\/\"},{\"@type\":\"ListItem\",\"position\":2,\"name\":\"Wechsel mir Kohle. Du Nazi.\"}]},{\"@type\":\"WebSite\",\"@id\":\"https:\\\/\\\/truckonline.de\\\/blog\\\/#website\",\"url\":\"https:\\\/\\\/truckonline.de\\\/blog\\\/\",\"name\":\"TruckOnline.de\",\"description\":\"\",\"publisher\":{\"@id\":\"https:\\\/\\\/truckonline.de\\\/blog\\\/#\\\/schema\\\/person\\\/4cb59b86ffde81f882f56439688fda19\"},\"potentialAction\":[{\"@type\":\"SearchAction\",\"target\":{\"@type\":\"EntryPoint\",\"urlTemplate\":\"https:\\\/\\\/truckonline.de\\\/blog\\\/?s={search_term_string}\"},\"query-input\":{\"@type\":\"PropertyValueSpecification\",\"valueRequired\":true,\"valueName\":\"search_term_string\"}}],\"inLanguage\":\"de\"},{\"@type\":[\"Person\",\"Organization\"],\"@id\":\"https:\\\/\\\/truckonline.de\\\/blog\\\/#\\\/schema\\\/person\\\/4cb59b86ffde81f882f56439688fda19\",\"name\":\"maik\",\"image\":{\"@type\":\"ImageObject\",\"inLanguage\":\"de\",\"@id\":\"https:\\\/\\\/truckonline.de\\\/blog\\\/wp-content\\\/uploads\\\/2019\\\/12\\\/logoinnenweiss.png\",\"url\":\"https:\\\/\\\/truckonline.de\\\/blog\\\/wp-content\\\/uploads\\\/2019\\\/12\\\/logoinnenweiss.png\",\"contentUrl\":\"https:\\\/\\\/truckonline.de\\\/blog\\\/wp-content\\\/uploads\\\/2019\\\/12\\\/logoinnenweiss.png\",\"width\":733,\"height\":125,\"caption\":\"maik\"},\"logo\":{\"@id\":\"https:\\\/\\\/truckonline.de\\\/blog\\\/wp-content\\\/uploads\\\/2019\\\/12\\\/logoinnenweiss.png\"},\"sameAs\":[\"https:\\\/\\\/www.facebook.com\\\/truckblog\",\"https:\\\/\\\/www.instagram.com\\\/truck_online\\\/\",\"https:\\\/\\\/x.com\\\/https:\\\/\\\/twitter.com\\\/truckblog\",\"https:\\\/\\\/www.youtube.com\\\/user\\\/truckonline\",\"https:\\\/\\\/www.tumblr.com\\\/truckonline\"]}]}<\/script>\n<!-- \/ Yoast SEO plugin. -->","yoast_head_json":{"title":"Wechsel mir Kohle. Du Nazi. | TruckOnline.de","description":"Heute Abend stehe ich auf einem Rasthof an der A 5 bei Offenburg. Mache mich gerade fertig f\u00fcr die Koje, beobachte dabei, wie ein Typ mit dem Fahrer eines","robots":{"index":"index","follow":"follow","max-snippet":"max-snippet:-1","max-image-preview":"max-image-preview:large","max-video-preview":"max-video-preview:-1"},"canonical":"https:\/\/truckonline.de\/blog\/2020\/07\/15\/wechsel-mir-kohle-du-nazi\/","og_locale":"de_DE","og_type":"article","og_title":"Wechsel mir Kohle. Du Nazi. | TruckOnline.de","og_url":"https:\/\/truckonline.de\/blog\/2020\/07\/15\/wechsel-mir-kohle-du-nazi\/","og_site_name":"TruckOnline.de","article_publisher":"https:\/\/www.facebook.com\/truckblog","article_author":"https:\/\/www.facebook.com\/truckblog","article_published_time":"2020-07-15T19:31:15+00:00","article_modified_time":"2020-07-15T19:40:33+00:00","og_image":[{"width":2560,"height":1920,"url":"https:\/\/truckonline.de\/blog\/wp-content\/uploads\/2019\/12\/IMG_20191229_225424-scaled.jpg","type":"image\/jpeg"}],"author":"maik","twitter_card":"summary_large_image","twitter_creator":"@https:\/\/twitter.com\/truckblog","twitter_site":"@truckblog","twitter_misc":{"Verfasst von":"maik","Gesch\u00e4tzte Lesezeit":"1\u00a0Minute"},"schema":{"@context":"https:\/\/schema.org","@graph":[{"@type":"Article","@id":"https:\/\/truckonline.de\/blog\/2020\/07\/15\/wechsel-mir-kohle-du-nazi\/#article","isPartOf":{"@id":"https:\/\/truckonline.de\/blog\/2020\/07\/15\/wechsel-mir-kohle-du-nazi\/"},"author":{"name":"maik","@id":"https:\/\/truckonline.de\/blog\/#\/schema\/person\/4cb59b86ffde81f882f56439688fda19"},"headline":"Wechsel mir Kohle. Du Nazi.","datePublished":"2020-07-15T19:31:15+00:00","dateModified":"2020-07-15T19:40:33+00:00","mainEntityOfPage":{"@id":"https:\/\/truckonline.de\/blog\/2020\/07\/15\/wechsel-mir-kohle-du-nazi\/"},"wordCount":174,"commentCount":3,"publisher":{"@id":"https:\/\/truckonline.de\/blog\/#\/schema\/person\/4cb59b86ffde81f882f56439688fda19"},"keywords":["Geld","Leute"],"articleSection":["Rastst\u00e4tten","Unterwegs"],"inLanguage":"de","potentialAction":[{"@type":"CommentAction","name":"Comment","target":["https:\/\/truckonline.de\/blog\/2020\/07\/15\/wechsel-mir-kohle-du-nazi\/#respond"]}]},{"@type":"WebPage","@id":"https:\/\/truckonline.de\/blog\/2020\/07\/15\/wechsel-mir-kohle-du-nazi\/","url":"https:\/\/truckonline.de\/blog\/2020\/07\/15\/wechsel-mir-kohle-du-nazi\/","name":"Wechsel mir Kohle. Du Nazi. | TruckOnline.de","isPartOf":{"@id":"https:\/\/truckonline.de\/blog\/#website"},"datePublished":"2020-07-15T19:31:15+00:00","dateModified":"2020-07-15T19:40:33+00:00","description":"Heute Abend stehe ich auf einem Rasthof an der A 5 bei Offenburg. Mache mich gerade fertig f\u00fcr die Koje, beobachte dabei, wie ein Typ mit dem Fahrer eines","breadcrumb":{"@id":"https:\/\/truckonline.de\/blog\/2020\/07\/15\/wechsel-mir-kohle-du-nazi\/#breadcrumb"},"inLanguage":"de","potentialAction":[{"@type":"ReadAction","target":["https:\/\/truckonline.de\/blog\/2020\/07\/15\/wechsel-mir-kohle-du-nazi\/"]}]},{"@type":"BreadcrumbList","@id":"https:\/\/truckonline.de\/blog\/2020\/07\/15\/wechsel-mir-kohle-du-nazi\/#breadcrumb","itemListElement":[{"@type":"ListItem","position":1,"name":"Startseite","item":"https:\/\/truckonline.de\/blog\/"},{"@type":"ListItem","position":2,"name":"Wechsel mir Kohle. Du Nazi."}]},{"@type":"WebSite","@id":"https:\/\/truckonline.de\/blog\/#website","url":"https:\/\/truckonline.de\/blog\/","name":"TruckOnline.de","description":"","publisher":{"@id":"https:\/\/truckonline.de\/blog\/#\/schema\/person\/4cb59b86ffde81f882f56439688fda19"},"potentialAction":[{"@type":"SearchAction","target":{"@type":"EntryPoint","urlTemplate":"https:\/\/truckonline.de\/blog\/?s={search_term_string}"},"query-input":{"@type":"PropertyValueSpecification","valueRequired":true,"valueName":"search_term_string"}}],"inLanguage":"de"},{"@type":["Person","Organization"],"@id":"https:\/\/truckonline.de\/blog\/#\/schema\/person\/4cb59b86ffde81f882f56439688fda19","name":"maik","image":{"@type":"ImageObject","inLanguage":"de","@id":"https:\/\/truckonline.de\/blog\/wp-content\/uploads\/2019\/12\/logoinnenweiss.png","url":"https:\/\/truckonline.de\/blog\/wp-content\/uploads\/2019\/12\/logoinnenweiss.png","contentUrl":"https:\/\/truckonline.de\/blog\/wp-content\/uploads\/2019\/12\/logoinnenweiss.png","width":733,"height":125,"caption":"maik"},"logo":{"@id":"https:\/\/truckonline.de\/blog\/wp-content\/uploads\/2019\/12\/logoinnenweiss.png"},"sameAs":["https:\/\/www.facebook.com\/truckblog","https:\/\/www.instagram.com\/truck_online\/","https:\/\/x.com\/https:\/\/twitter.com\/truckblog","https:\/\/www.youtube.com\/user\/truckonline","https:\/\/www.tumblr.com\/truckonline"]}]}},"_links":{"self":[{"href":"https:\/\/truckonline.de\/blog\/wp-json\/wp\/v2\/posts\/9804","targetHints":{"allow":["GET"]}}],"collection":[{"href":"https:\/\/truckonline.de\/blog\/wp-json\/wp\/v2\/posts"}],"about":[{"href":"https:\/\/truckonline.de\/blog\/wp-json\/wp\/v2\/types\/post"}],"author":[{"embeddable":true,"href":"https:\/\/truckonline.de\/blog\/wp-json\/wp\/v2\/users\/3"}],"replies":[{"embeddable":true,"href":"https:\/\/truckonline.de\/blog\/wp-json\/wp\/v2\/comments?post=9804"}],"version-history":[{"count":1,"href":"https:\/\/truckonline.de\/blog\/wp-json\/wp\/v2\/posts\/9804\/revisions"}],"predecessor-version":[{"id":9805,"href":"https:\/\/truckonline.de\/blog\/wp-json\/wp\/v2\/posts\/9804\/revisions\/9805"}],"wp:attachment":[{"href":"https:\/\/truckonline.de\/blog\/wp-json\/wp\/v2\/media?parent=9804"}],"wp:term":[{"taxonomy":"category","embeddable":true,"href":"https:\/\/truckonline.de\/blog\/wp-json\/wp\/v2\/categories?post=9804"},{"taxonomy":"post_tag","embeddable":true,"href":"https:\/\/truckonline.de\/blog\/wp-json\/wp\/v2\/tags?post=9804"}],"curies":[{"name":"wp","href":"https:\/\/api.w.org\/{rel}","templated":true}]}}