{"id":9774,"date":"2020-06-30T21:00:43","date_gmt":"2020-06-30T19:00:43","guid":{"rendered":"https:\/\/truckonline.de\/blog\/?p=9774"},"modified":"2020-07-12T20:31:19","modified_gmt":"2020-07-12T18:31:19","slug":"gibt-nix-von-mir-erst-recht-nicht-auf-die-krumme-tour","status":"publish","type":"post","link":"https:\/\/truckonline.de\/blog\/2020\/06\/30\/gibt-nix-von-mir-erst-recht-nicht-auf-die-krumme-tour\/","title":{"rendered":"Gibt nix von mir. Erst recht nicht auf die krumme Tour."},"content":{"rendered":"\n<p>Auf einer Rastst\u00e4tte bei Frankfurt. Ein etwas ungepflegt wirkender Mann mittleren Alters klopfte an die Fahrert\u00fcr. Erst dachte ich, er wollte nach dem Weg fragen oder ob ich Pfandflaschen f\u00fcr ihn h\u00e4tte. Aber nein, sein Begehren war etwas anderes.<\/p>\n\n\n\n<p><strong>&#8222;Hallo, ich stehe da hinten mit einem Transporter und mir ist der Diesel ausgegangen. Kannst Du mir so drei, vier Liter geben?<\/strong>&#8222;<br>&#8222;<em>Da hinten? Da ist eine Tankstelle, da gibt es auch Diesel<\/em>.&#8220;<\/p>\n\n\n\n<p>&#8222;<strong>Ja aber, ich brauche doch nur zwei, drei Liter.<\/strong>&#8220; <br>&#8222;<em>Ach ja, Kleinmengen verkaufen die ja nicht. Wie weit willst Du eigentlich mit drei Litern kommen?&#8220;<\/em><\/p>\n\n\n\n<p>&#8222;<strong>Na ja, Du kannst mir nat\u00fcrlich auch drei\u00dfig oder vierzig Liter geben. Bei dem gro\u00dfen Tank hier f\u00e4llt das doch \u00fcberhaupt nicht auf.<\/strong>&#8222;<br>&#8222;<em>Ach jetzt willst Du schon vierzig Liter? Komm, geh und lass mich in Ruhe<\/em>.&#8220;<\/p>\n\n\n\n<p>&#8222;<strong>Wie geh doch einfach? Darf ich Dir mal was erkl\u00e4ren? Wir sind ein kleines Puppentheater, wegen Corona haben wir keine Auftr\u00e4ge, uns geht es schlecht. Wenn jeder so ignorant ist wie Du, gibts bald keine Kunst mehr.<\/strong>&#8220; <br>&#8222;<em>Dann bau hier Deine B\u00fchne auf und gib eine Vorstellung. Vielleicht spenden ein paar Fahrer was. Von mir gibt es nix<\/em>.&#8220;<\/p>\n\n\n\n<p>Das wollte er aber auch nicht. Wohl weil er von K\u00fcnstler sein so weit entfernt ist, wie die Erde von der Sonne. Ich kenne doch meine Dieselschnorrer. Mal kommen die angeblich von einem notleidenden Zirkus, dieses mal war es ein Puppentheater. <br>Schlimm ist nur, dass die immer wieder einen finden, der nen  Schlauch in den Tank h\u00e4lt und sich Diesel abzapfen l\u00e4sst. Das es dabei nicht bei f\u00fcnfzig Litern bleibt, d\u00fcrfte auch klar sein. Ganz schnell wechseln mal hundert  Liter oder mehr den Besitzer. <\/p>\n\n\n\n<p>Aber wer seinen Chef beschei\u00dfen will, gerne. Bei mir gibt es nix. <a href=\"https:\/\/truckonline.de\/blog\/2013\/06\/06\/dieselklau\/\">Es sei denn, ich schlafe den Schlaf<\/a> der Gerechten. <\/p>\n\n\n\n<p><\/p>\n","protected":false},"excerpt":{"rendered":"<p>Auf einer Rastst\u00e4tte bei Frankfurt. Ein etwas ungepflegt wirkender Mann mittleren Alters klopfte an die Fahrert\u00fcr. Erst dachte ich, er wollte nach dem Weg fragen&#8230;<\/p>\n<div class=\"more-link-wrapper\"><a class=\"more-link\" href=\"https:\/\/truckonline.de\/blog\/2020\/06\/30\/gibt-nix-von-mir-erst-recht-nicht-auf-die-krumme-tour\/\">Sie haben Ihr Ziel fast erreicht.<span class=\"screen-reader-text\">Gibt nix von mir. Erst recht nicht auf die krumme Tour.<\/span><\/a><\/div>\n","protected":false},"author":3,"featured_media":0,"comment_status":"open","ping_status":"open","sticky":false,"template":"","format":"standard","meta":{"iawp_total_views":0,"_metis_text_type":"","_metis_text_length":0,"_post_count":0,"footnotes":""},"categories":[593,17,24],"tags":[274,2112],"class_list":["post-9774","post","type-post","status-publish","format-standard","hentry","category-aergerliches","category-raststatten","category-unterwegs","tag-dieselklau","tag-schnorrer","ratio-2-1","entry"],"yoast_head":"<!-- This site is optimized with the Yoast SEO plugin v27.5 - https:\/\/yoast.com\/product\/yoast-seo-wordpress\/ -->\n<title>Gibt nix von mir. Erst recht nicht auf die krumme Tour. | TruckOnline.de<\/title>\n<meta name=\"description\" content=\"Auf einer Rastst\u00e4tte bei Frankfurt. Ein etwas ungepflegt wirkender Mann mittleren Alters klopfte an die Fahrert\u00fcr. Erst dachte ich, er wollte nach dem Weg\" \/>\n<meta name=\"robots\" content=\"index, follow, max-snippet:-1, max-image-preview:large, max-video-preview:-1\" \/>\n<link rel=\"canonical\" href=\"https:\/\/truckonline.de\/blog\/2020\/06\/30\/gibt-nix-von-mir-erst-recht-nicht-auf-die-krumme-tour\/\" \/>\n<meta property=\"og:locale\" content=\"de_DE\" \/>\n<meta property=\"og:type\" content=\"article\" \/>\n<meta property=\"og:title\" content=\"Gibt nix von mir. Erst recht nicht auf die krumme Tour. | TruckOnline.de\" \/>\n<meta property=\"og:url\" content=\"https:\/\/truckonline.de\/blog\/2020\/06\/30\/gibt-nix-von-mir-erst-recht-nicht-auf-die-krumme-tour\/\" \/>\n<meta property=\"og:site_name\" content=\"TruckOnline.de\" \/>\n<meta property=\"article:publisher\" content=\"https:\/\/www.facebook.com\/truckblog\" \/>\n<meta property=\"article:author\" content=\"https:\/\/www.facebook.com\/truckblog\" \/>\n<meta property=\"article:published_time\" content=\"2020-06-30T19:00:43+00:00\" \/>\n<meta property=\"article:modified_time\" content=\"2020-07-12T18:31:19+00:00\" \/>\n<meta property=\"og:image\" content=\"https:\/\/truckonline.de\/blog\/wp-content\/uploads\/2019\/12\/IMG_20191229_225424-scaled.jpg\" \/>\n\t<meta property=\"og:image:width\" content=\"2560\" \/>\n\t<meta property=\"og:image:height\" content=\"1920\" \/>\n\t<meta property=\"og:image:type\" content=\"image\/jpeg\" \/>\n<meta name=\"author\" content=\"maik\" \/>\n<meta name=\"twitter:card\" content=\"summary_large_image\" \/>\n<meta name=\"twitter:creator\" content=\"@https:\/\/twitter.com\/truckblog\" \/>\n<meta name=\"twitter:site\" content=\"@truckblog\" \/>\n<meta name=\"twitter:label1\" content=\"Verfasst von\" \/>\n\t<meta name=\"twitter:data1\" content=\"maik\" \/>\n\t<meta name=\"twitter:label2\" content=\"Gesch\u00e4tzte Lesezeit\" \/>\n\t<meta name=\"twitter:data2\" content=\"2\u00a0Minuten\" \/>\n<script type=\"application\/ld+json\" class=\"yoast-schema-graph\">{\"@context\":\"https:\\\/\\\/schema.org\",\"@graph\":[{\"@type\":\"Article\",\"@id\":\"https:\\\/\\\/truckonline.de\\\/blog\\\/2020\\\/06\\\/30\\\/gibt-nix-von-mir-erst-recht-nicht-auf-die-krumme-tour\\\/#article\",\"isPartOf\":{\"@id\":\"https:\\\/\\\/truckonline.de\\\/blog\\\/2020\\\/06\\\/30\\\/gibt-nix-von-mir-erst-recht-nicht-auf-die-krumme-tour\\\/\"},\"author\":{\"name\":\"maik\",\"@id\":\"https:\\\/\\\/truckonline.de\\\/blog\\\/#\\\/schema\\\/person\\\/4cb59b86ffde81f882f56439688fda19\"},\"headline\":\"Gibt nix von mir. Erst recht nicht auf die krumme Tour.\",\"datePublished\":\"2020-06-30T19:00:43+00:00\",\"dateModified\":\"2020-07-12T18:31:19+00:00\",\"mainEntityOfPage\":{\"@id\":\"https:\\\/\\\/truckonline.de\\\/blog\\\/2020\\\/06\\\/30\\\/gibt-nix-von-mir-erst-recht-nicht-auf-die-krumme-tour\\\/\"},\"wordCount\":325,\"commentCount\":0,\"publisher\":{\"@id\":\"https:\\\/\\\/truckonline.de\\\/blog\\\/#\\\/schema\\\/person\\\/4cb59b86ffde81f882f56439688fda19\"},\"keywords\":[\"Dieselklau\",\"Schnorrer\"],\"articleSection\":[\"\u00c4rgerliches\",\"Rastst\u00e4tten\",\"Unterwegs\"],\"inLanguage\":\"de\",\"potentialAction\":[{\"@type\":\"CommentAction\",\"name\":\"Comment\",\"target\":[\"https:\\\/\\\/truckonline.de\\\/blog\\\/2020\\\/06\\\/30\\\/gibt-nix-von-mir-erst-recht-nicht-auf-die-krumme-tour\\\/#respond\"]}]},{\"@type\":\"WebPage\",\"@id\":\"https:\\\/\\\/truckonline.de\\\/blog\\\/2020\\\/06\\\/30\\\/gibt-nix-von-mir-erst-recht-nicht-auf-die-krumme-tour\\\/\",\"url\":\"https:\\\/\\\/truckonline.de\\\/blog\\\/2020\\\/06\\\/30\\\/gibt-nix-von-mir-erst-recht-nicht-auf-die-krumme-tour\\\/\",\"name\":\"Gibt nix von mir. Erst recht nicht auf die krumme Tour. | TruckOnline.de\",\"isPartOf\":{\"@id\":\"https:\\\/\\\/truckonline.de\\\/blog\\\/#website\"},\"datePublished\":\"2020-06-30T19:00:43+00:00\",\"dateModified\":\"2020-07-12T18:31:19+00:00\",\"description\":\"Auf einer Rastst\u00e4tte bei Frankfurt. Ein etwas ungepflegt wirkender Mann mittleren Alters klopfte an die Fahrert\u00fcr. Erst dachte ich, er wollte nach dem Weg\",\"breadcrumb\":{\"@id\":\"https:\\\/\\\/truckonline.de\\\/blog\\\/2020\\\/06\\\/30\\\/gibt-nix-von-mir-erst-recht-nicht-auf-die-krumme-tour\\\/#breadcrumb\"},\"inLanguage\":\"de\",\"potentialAction\":[{\"@type\":\"ReadAction\",\"target\":[\"https:\\\/\\\/truckonline.de\\\/blog\\\/2020\\\/06\\\/30\\\/gibt-nix-von-mir-erst-recht-nicht-auf-die-krumme-tour\\\/\"]}]},{\"@type\":\"BreadcrumbList\",\"@id\":\"https:\\\/\\\/truckonline.de\\\/blog\\\/2020\\\/06\\\/30\\\/gibt-nix-von-mir-erst-recht-nicht-auf-die-krumme-tour\\\/#breadcrumb\",\"itemListElement\":[{\"@type\":\"ListItem\",\"position\":1,\"name\":\"Startseite\",\"item\":\"https:\\\/\\\/truckonline.de\\\/blog\\\/\"},{\"@type\":\"ListItem\",\"position\":2,\"name\":\"Gibt nix von mir. Erst recht nicht auf die krumme Tour.\"}]},{\"@type\":\"WebSite\",\"@id\":\"https:\\\/\\\/truckonline.de\\\/blog\\\/#website\",\"url\":\"https:\\\/\\\/truckonline.de\\\/blog\\\/\",\"name\":\"TruckOnline.de\",\"description\":\"\",\"publisher\":{\"@id\":\"https:\\\/\\\/truckonline.de\\\/blog\\\/#\\\/schema\\\/person\\\/4cb59b86ffde81f882f56439688fda19\"},\"potentialAction\":[{\"@type\":\"SearchAction\",\"target\":{\"@type\":\"EntryPoint\",\"urlTemplate\":\"https:\\\/\\\/truckonline.de\\\/blog\\\/?s={search_term_string}\"},\"query-input\":{\"@type\":\"PropertyValueSpecification\",\"valueRequired\":true,\"valueName\":\"search_term_string\"}}],\"inLanguage\":\"de\"},{\"@type\":[\"Person\",\"Organization\"],\"@id\":\"https:\\\/\\\/truckonline.de\\\/blog\\\/#\\\/schema\\\/person\\\/4cb59b86ffde81f882f56439688fda19\",\"name\":\"maik\",\"image\":{\"@type\":\"ImageObject\",\"inLanguage\":\"de\",\"@id\":\"https:\\\/\\\/truckonline.de\\\/blog\\\/wp-content\\\/uploads\\\/2019\\\/12\\\/logoinnenweiss.png\",\"url\":\"https:\\\/\\\/truckonline.de\\\/blog\\\/wp-content\\\/uploads\\\/2019\\\/12\\\/logoinnenweiss.png\",\"contentUrl\":\"https:\\\/\\\/truckonline.de\\\/blog\\\/wp-content\\\/uploads\\\/2019\\\/12\\\/logoinnenweiss.png\",\"width\":733,\"height\":125,\"caption\":\"maik\"},\"logo\":{\"@id\":\"https:\\\/\\\/truckonline.de\\\/blog\\\/wp-content\\\/uploads\\\/2019\\\/12\\\/logoinnenweiss.png\"},\"sameAs\":[\"https:\\\/\\\/www.facebook.com\\\/truckblog\",\"https:\\\/\\\/www.instagram.com\\\/truck_online\\\/\",\"https:\\\/\\\/x.com\\\/https:\\\/\\\/twitter.com\\\/truckblog\",\"https:\\\/\\\/www.youtube.com\\\/user\\\/truckonline\",\"https:\\\/\\\/www.tumblr.com\\\/truckonline\"]}]}<\/script>\n<!-- \/ Yoast SEO plugin. -->","yoast_head_json":{"title":"Gibt nix von mir. Erst recht nicht auf die krumme Tour. | TruckOnline.de","description":"Auf einer Rastst\u00e4tte bei Frankfurt. Ein etwas ungepflegt wirkender Mann mittleren Alters klopfte an die Fahrert\u00fcr. Erst dachte ich, er wollte nach dem Weg","robots":{"index":"index","follow":"follow","max-snippet":"max-snippet:-1","max-image-preview":"max-image-preview:large","max-video-preview":"max-video-preview:-1"},"canonical":"https:\/\/truckonline.de\/blog\/2020\/06\/30\/gibt-nix-von-mir-erst-recht-nicht-auf-die-krumme-tour\/","og_locale":"de_DE","og_type":"article","og_title":"Gibt nix von mir. Erst recht nicht auf die krumme Tour. | TruckOnline.de","og_url":"https:\/\/truckonline.de\/blog\/2020\/06\/30\/gibt-nix-von-mir-erst-recht-nicht-auf-die-krumme-tour\/","og_site_name":"TruckOnline.de","article_publisher":"https:\/\/www.facebook.com\/truckblog","article_author":"https:\/\/www.facebook.com\/truckblog","article_published_time":"2020-06-30T19:00:43+00:00","article_modified_time":"2020-07-12T18:31:19+00:00","og_image":[{"width":2560,"height":1920,"url":"https:\/\/truckonline.de\/blog\/wp-content\/uploads\/2019\/12\/IMG_20191229_225424-scaled.jpg","type":"image\/jpeg"}],"author":"maik","twitter_card":"summary_large_image","twitter_creator":"@https:\/\/twitter.com\/truckblog","twitter_site":"@truckblog","twitter_misc":{"Verfasst von":"maik","Gesch\u00e4tzte Lesezeit":"2\u00a0Minuten"},"schema":{"@context":"https:\/\/schema.org","@graph":[{"@type":"Article","@id":"https:\/\/truckonline.de\/blog\/2020\/06\/30\/gibt-nix-von-mir-erst-recht-nicht-auf-die-krumme-tour\/#article","isPartOf":{"@id":"https:\/\/truckonline.de\/blog\/2020\/06\/30\/gibt-nix-von-mir-erst-recht-nicht-auf-die-krumme-tour\/"},"author":{"name":"maik","@id":"https:\/\/truckonline.de\/blog\/#\/schema\/person\/4cb59b86ffde81f882f56439688fda19"},"headline":"Gibt nix von mir. Erst recht nicht auf die krumme Tour.","datePublished":"2020-06-30T19:00:43+00:00","dateModified":"2020-07-12T18:31:19+00:00","mainEntityOfPage":{"@id":"https:\/\/truckonline.de\/blog\/2020\/06\/30\/gibt-nix-von-mir-erst-recht-nicht-auf-die-krumme-tour\/"},"wordCount":325,"commentCount":0,"publisher":{"@id":"https:\/\/truckonline.de\/blog\/#\/schema\/person\/4cb59b86ffde81f882f56439688fda19"},"keywords":["Dieselklau","Schnorrer"],"articleSection":["\u00c4rgerliches","Rastst\u00e4tten","Unterwegs"],"inLanguage":"de","potentialAction":[{"@type":"CommentAction","name":"Comment","target":["https:\/\/truckonline.de\/blog\/2020\/06\/30\/gibt-nix-von-mir-erst-recht-nicht-auf-die-krumme-tour\/#respond"]}]},{"@type":"WebPage","@id":"https:\/\/truckonline.de\/blog\/2020\/06\/30\/gibt-nix-von-mir-erst-recht-nicht-auf-die-krumme-tour\/","url":"https:\/\/truckonline.de\/blog\/2020\/06\/30\/gibt-nix-von-mir-erst-recht-nicht-auf-die-krumme-tour\/","name":"Gibt nix von mir. Erst recht nicht auf die krumme Tour. | TruckOnline.de","isPartOf":{"@id":"https:\/\/truckonline.de\/blog\/#website"},"datePublished":"2020-06-30T19:00:43+00:00","dateModified":"2020-07-12T18:31:19+00:00","description":"Auf einer Rastst\u00e4tte bei Frankfurt. Ein etwas ungepflegt wirkender Mann mittleren Alters klopfte an die Fahrert\u00fcr. Erst dachte ich, er wollte nach dem Weg","breadcrumb":{"@id":"https:\/\/truckonline.de\/blog\/2020\/06\/30\/gibt-nix-von-mir-erst-recht-nicht-auf-die-krumme-tour\/#breadcrumb"},"inLanguage":"de","potentialAction":[{"@type":"ReadAction","target":["https:\/\/truckonline.de\/blog\/2020\/06\/30\/gibt-nix-von-mir-erst-recht-nicht-auf-die-krumme-tour\/"]}]},{"@type":"BreadcrumbList","@id":"https:\/\/truckonline.de\/blog\/2020\/06\/30\/gibt-nix-von-mir-erst-recht-nicht-auf-die-krumme-tour\/#breadcrumb","itemListElement":[{"@type":"ListItem","position":1,"name":"Startseite","item":"https:\/\/truckonline.de\/blog\/"},{"@type":"ListItem","position":2,"name":"Gibt nix von mir. Erst recht nicht auf die krumme Tour."}]},{"@type":"WebSite","@id":"https:\/\/truckonline.de\/blog\/#website","url":"https:\/\/truckonline.de\/blog\/","name":"TruckOnline.de","description":"","publisher":{"@id":"https:\/\/truckonline.de\/blog\/#\/schema\/person\/4cb59b86ffde81f882f56439688fda19"},"potentialAction":[{"@type":"SearchAction","target":{"@type":"EntryPoint","urlTemplate":"https:\/\/truckonline.de\/blog\/?s={search_term_string}"},"query-input":{"@type":"PropertyValueSpecification","valueRequired":true,"valueName":"search_term_string"}}],"inLanguage":"de"},{"@type":["Person","Organization"],"@id":"https:\/\/truckonline.de\/blog\/#\/schema\/person\/4cb59b86ffde81f882f56439688fda19","name":"maik","image":{"@type":"ImageObject","inLanguage":"de","@id":"https:\/\/truckonline.de\/blog\/wp-content\/uploads\/2019\/12\/logoinnenweiss.png","url":"https:\/\/truckonline.de\/blog\/wp-content\/uploads\/2019\/12\/logoinnenweiss.png","contentUrl":"https:\/\/truckonline.de\/blog\/wp-content\/uploads\/2019\/12\/logoinnenweiss.png","width":733,"height":125,"caption":"maik"},"logo":{"@id":"https:\/\/truckonline.de\/blog\/wp-content\/uploads\/2019\/12\/logoinnenweiss.png"},"sameAs":["https:\/\/www.facebook.com\/truckblog","https:\/\/www.instagram.com\/truck_online\/","https:\/\/x.com\/https:\/\/twitter.com\/truckblog","https:\/\/www.youtube.com\/user\/truckonline","https:\/\/www.tumblr.com\/truckonline"]}]}},"_links":{"self":[{"href":"https:\/\/truckonline.de\/blog\/wp-json\/wp\/v2\/posts\/9774","targetHints":{"allow":["GET"]}}],"collection":[{"href":"https:\/\/truckonline.de\/blog\/wp-json\/wp\/v2\/posts"}],"about":[{"href":"https:\/\/truckonline.de\/blog\/wp-json\/wp\/v2\/types\/post"}],"author":[{"embeddable":true,"href":"https:\/\/truckonline.de\/blog\/wp-json\/wp\/v2\/users\/3"}],"replies":[{"embeddable":true,"href":"https:\/\/truckonline.de\/blog\/wp-json\/wp\/v2\/comments?post=9774"}],"version-history":[{"count":3,"href":"https:\/\/truckonline.de\/blog\/wp-json\/wp\/v2\/posts\/9774\/revisions"}],"predecessor-version":[{"id":9779,"href":"https:\/\/truckonline.de\/blog\/wp-json\/wp\/v2\/posts\/9774\/revisions\/9779"}],"wp:attachment":[{"href":"https:\/\/truckonline.de\/blog\/wp-json\/wp\/v2\/media?parent=9774"}],"wp:term":[{"taxonomy":"category","embeddable":true,"href":"https:\/\/truckonline.de\/blog\/wp-json\/wp\/v2\/categories?post=9774"},{"taxonomy":"post_tag","embeddable":true,"href":"https:\/\/truckonline.de\/blog\/wp-json\/wp\/v2\/tags?post=9774"}],"curies":[{"name":"wp","href":"https:\/\/api.w.org\/{rel}","templated":true}]}}