{"id":974,"date":"2009-09-28T12:05:31","date_gmt":"2009-09-28T11:05:31","guid":{"rendered":"https:\/\/truckonline.de\/blog\/?p=974"},"modified":"2009-09-28T12:05:31","modified_gmt":"2009-09-28T11:05:31","slug":"es-war-nicht-sein-montag","status":"publish","type":"post","link":"https:\/\/truckonline.de\/blog\/2009\/09\/28\/es-war-nicht-sein-montag\/","title":{"rendered":"Es war nicht sein Montag"},"content":{"rendered":"<p>Ungl\u00fccklich geparkt hatte am Wochenende der Fahrer eines iranischen Lkw. Er hatte seinen Sattelzug auf einen Firmenparkplatz im fr\u00e4nkischen Ebern abgestellt. Als er heute fr\u00fch weiterfahren wollte, war sein Gespann von parkenden Pkw eingekeilt.<\/p>\n<p>Er schaffte es zwar, den Parkplatz zu verlassen, das Heck des Aufliegers blieb aber an einem Gel\u00e4ndewagen h\u00e4ngen. Das Auto wurde dabei so besch\u00e4digt, dass es abgeschleppt werden musste. Am Sattelauflieger selber entstand nur geringer Sachschaden.<br \/>\nAuch die Schadensregulierung war laut Polizei unproblematisch.<\/p>\n<p>Der Brummifahrer regte sich \u00fcber den Vorfall jedoch so auf, dass er mit massiven Herzproblemen in ein Krankenhaus eingeliefert werden mu\u00dfte.<\/p>\n<p>Zur Meldung <a href=\"https:\/\/www.mainpost.de\/lokales\/hassberge\/Aufregung-auf-dem-Parkplatz-Lkw-Fahrer-muss-mit-Herzproblemen-ins-Krankenhaus;art1726,5306622\">>>><\/a><\/p>\n","protected":false},"excerpt":{"rendered":"<p>Ungl\u00fccklich geparkt hatte am Wochenende der Fahrer eines iranischen Lkw. Er hatte seinen Sattelzug auf einen Firmenparkplatz im fr\u00e4nkischen Ebern abgestellt. Als er heute fr\u00fch&#8230;<\/p>\n<div class=\"more-link-wrapper\"><a class=\"more-link\" href=\"https:\/\/truckonline.de\/blog\/2009\/09\/28\/es-war-nicht-sein-montag\/\">Sie haben Ihr Ziel fast erreicht.<span class=\"screen-reader-text\">Es war nicht sein Montag<\/span><\/a><\/div>\n","protected":false},"author":3,"featured_media":0,"comment_status":"open","ping_status":"open","sticky":false,"template":"","format":"standard","meta":{"iawp_total_views":0,"_metis_text_type":"","_metis_text_length":0,"_post_count":0,"footnotes":""},"categories":[11,52],"tags":[1016,1890],"class_list":["post-974","post","type-post","status-publish","format-standard","hentry","category-lkw","category-unfall","tag-probleme","tag-unfall","ratio-2-1","entry"],"yoast_head":"<!-- This site is optimized with the Yoast SEO plugin v27.4 - https:\/\/yoast.com\/product\/yoast-seo-wordpress\/ -->\n<title>Es war nicht sein Montag | TruckOnline.de<\/title>\n<meta name=\"description\" content=\"Ungl\u00fccklich geparkt hatte am Wochenende der Fahrer eines iranischen Lkw. Er hatte seinen Sattelzug auf einen Firmenparkplatz im fr\u00e4nkischen Ebern\" \/>\n<meta name=\"robots\" content=\"index, follow, max-snippet:-1, max-image-preview:large, max-video-preview:-1\" \/>\n<link rel=\"canonical\" href=\"https:\/\/truckonline.de\/blog\/2009\/09\/28\/es-war-nicht-sein-montag\/\" \/>\n<meta property=\"og:locale\" content=\"de_DE\" \/>\n<meta property=\"og:type\" content=\"article\" \/>\n<meta property=\"og:title\" content=\"Es war nicht sein Montag | TruckOnline.de\" \/>\n<meta property=\"og:url\" content=\"https:\/\/truckonline.de\/blog\/2009\/09\/28\/es-war-nicht-sein-montag\/\" \/>\n<meta property=\"og:site_name\" content=\"TruckOnline.de\" \/>\n<meta property=\"article:publisher\" content=\"https:\/\/www.facebook.com\/truckblog\" \/>\n<meta property=\"article:author\" content=\"https:\/\/www.facebook.com\/truckblog\" \/>\n<meta property=\"article:published_time\" content=\"2009-09-28T11:05:31+00:00\" \/>\n<meta property=\"og:image\" content=\"https:\/\/truckonline.de\/blog\/wp-content\/uploads\/2019\/12\/IMG_20191229_225424-scaled.jpg\" \/>\n\t<meta property=\"og:image:width\" content=\"2560\" \/>\n\t<meta property=\"og:image:height\" content=\"1920\" \/>\n\t<meta property=\"og:image:type\" content=\"image\/jpeg\" \/>\n<meta name=\"author\" content=\"maik\" \/>\n<meta name=\"twitter:card\" content=\"summary_large_image\" \/>\n<meta name=\"twitter:creator\" content=\"@https:\/\/twitter.com\/truckblog\" \/>\n<meta name=\"twitter:site\" content=\"@truckblog\" \/>\n<meta name=\"twitter:label1\" content=\"Verfasst von\" \/>\n\t<meta name=\"twitter:data1\" content=\"maik\" \/>\n\t<meta name=\"twitter:label2\" content=\"Gesch\u00e4tzte Lesezeit\" \/>\n\t<meta name=\"twitter:data2\" content=\"1\u00a0Minute\" \/>\n<script type=\"application\/ld+json\" class=\"yoast-schema-graph\">{\"@context\":\"https:\\\/\\\/schema.org\",\"@graph\":[{\"@type\":\"Article\",\"@id\":\"https:\\\/\\\/truckonline.de\\\/blog\\\/2009\\\/09\\\/28\\\/es-war-nicht-sein-montag\\\/#article\",\"isPartOf\":{\"@id\":\"https:\\\/\\\/truckonline.de\\\/blog\\\/2009\\\/09\\\/28\\\/es-war-nicht-sein-montag\\\/\"},\"author\":{\"name\":\"maik\",\"@id\":\"https:\\\/\\\/truckonline.de\\\/blog\\\/#\\\/schema\\\/person\\\/4cb59b86ffde81f882f56439688fda19\"},\"headline\":\"Es war nicht sein Montag\",\"datePublished\":\"2009-09-28T11:05:31+00:00\",\"mainEntityOfPage\":{\"@id\":\"https:\\\/\\\/truckonline.de\\\/blog\\\/2009\\\/09\\\/28\\\/es-war-nicht-sein-montag\\\/\"},\"wordCount\":112,\"commentCount\":0,\"publisher\":{\"@id\":\"https:\\\/\\\/truckonline.de\\\/blog\\\/#\\\/schema\\\/person\\\/4cb59b86ffde81f882f56439688fda19\"},\"keywords\":[\"Probleme\",\"Unfall\"],\"articleSection\":[\"Lkw\",\"Unfall\"],\"inLanguage\":\"de\",\"potentialAction\":[{\"@type\":\"CommentAction\",\"name\":\"Comment\",\"target\":[\"https:\\\/\\\/truckonline.de\\\/blog\\\/2009\\\/09\\\/28\\\/es-war-nicht-sein-montag\\\/#respond\"]}]},{\"@type\":\"WebPage\",\"@id\":\"https:\\\/\\\/truckonline.de\\\/blog\\\/2009\\\/09\\\/28\\\/es-war-nicht-sein-montag\\\/\",\"url\":\"https:\\\/\\\/truckonline.de\\\/blog\\\/2009\\\/09\\\/28\\\/es-war-nicht-sein-montag\\\/\",\"name\":\"Es war nicht sein Montag | TruckOnline.de\",\"isPartOf\":{\"@id\":\"https:\\\/\\\/truckonline.de\\\/blog\\\/#website\"},\"datePublished\":\"2009-09-28T11:05:31+00:00\",\"description\":\"Ungl\u00fccklich geparkt hatte am Wochenende der Fahrer eines iranischen Lkw. Er hatte seinen Sattelzug auf einen Firmenparkplatz im fr\u00e4nkischen Ebern\",\"breadcrumb\":{\"@id\":\"https:\\\/\\\/truckonline.de\\\/blog\\\/2009\\\/09\\\/28\\\/es-war-nicht-sein-montag\\\/#breadcrumb\"},\"inLanguage\":\"de\",\"potentialAction\":[{\"@type\":\"ReadAction\",\"target\":[\"https:\\\/\\\/truckonline.de\\\/blog\\\/2009\\\/09\\\/28\\\/es-war-nicht-sein-montag\\\/\"]}]},{\"@type\":\"BreadcrumbList\",\"@id\":\"https:\\\/\\\/truckonline.de\\\/blog\\\/2009\\\/09\\\/28\\\/es-war-nicht-sein-montag\\\/#breadcrumb\",\"itemListElement\":[{\"@type\":\"ListItem\",\"position\":1,\"name\":\"Startseite\",\"item\":\"https:\\\/\\\/truckonline.de\\\/blog\\\/\"},{\"@type\":\"ListItem\",\"position\":2,\"name\":\"Es war nicht sein Montag\"}]},{\"@type\":\"WebSite\",\"@id\":\"https:\\\/\\\/truckonline.de\\\/blog\\\/#website\",\"url\":\"https:\\\/\\\/truckonline.de\\\/blog\\\/\",\"name\":\"TruckOnline.de\",\"description\":\"\",\"publisher\":{\"@id\":\"https:\\\/\\\/truckonline.de\\\/blog\\\/#\\\/schema\\\/person\\\/4cb59b86ffde81f882f56439688fda19\"},\"potentialAction\":[{\"@type\":\"SearchAction\",\"target\":{\"@type\":\"EntryPoint\",\"urlTemplate\":\"https:\\\/\\\/truckonline.de\\\/blog\\\/?s={search_term_string}\"},\"query-input\":{\"@type\":\"PropertyValueSpecification\",\"valueRequired\":true,\"valueName\":\"search_term_string\"}}],\"inLanguage\":\"de\"},{\"@type\":[\"Person\",\"Organization\"],\"@id\":\"https:\\\/\\\/truckonline.de\\\/blog\\\/#\\\/schema\\\/person\\\/4cb59b86ffde81f882f56439688fda19\",\"name\":\"maik\",\"image\":{\"@type\":\"ImageObject\",\"inLanguage\":\"de\",\"@id\":\"https:\\\/\\\/truckonline.de\\\/blog\\\/wp-content\\\/uploads\\\/2019\\\/12\\\/logoinnenweiss.png\",\"url\":\"https:\\\/\\\/truckonline.de\\\/blog\\\/wp-content\\\/uploads\\\/2019\\\/12\\\/logoinnenweiss.png\",\"contentUrl\":\"https:\\\/\\\/truckonline.de\\\/blog\\\/wp-content\\\/uploads\\\/2019\\\/12\\\/logoinnenweiss.png\",\"width\":733,\"height\":125,\"caption\":\"maik\"},\"logo\":{\"@id\":\"https:\\\/\\\/truckonline.de\\\/blog\\\/wp-content\\\/uploads\\\/2019\\\/12\\\/logoinnenweiss.png\"},\"sameAs\":[\"https:\\\/\\\/www.facebook.com\\\/truckblog\",\"https:\\\/\\\/www.instagram.com\\\/truck_online\\\/\",\"https:\\\/\\\/x.com\\\/https:\\\/\\\/twitter.com\\\/truckblog\",\"https:\\\/\\\/www.youtube.com\\\/user\\\/truckonline\",\"https:\\\/\\\/www.tumblr.com\\\/truckonline\"]}]}<\/script>\n<!-- \/ Yoast SEO plugin. -->","yoast_head_json":{"title":"Es war nicht sein Montag | TruckOnline.de","description":"Ungl\u00fccklich geparkt hatte am Wochenende der Fahrer eines iranischen Lkw. Er hatte seinen Sattelzug auf einen Firmenparkplatz im fr\u00e4nkischen Ebern","robots":{"index":"index","follow":"follow","max-snippet":"max-snippet:-1","max-image-preview":"max-image-preview:large","max-video-preview":"max-video-preview:-1"},"canonical":"https:\/\/truckonline.de\/blog\/2009\/09\/28\/es-war-nicht-sein-montag\/","og_locale":"de_DE","og_type":"article","og_title":"Es war nicht sein Montag | TruckOnline.de","og_url":"https:\/\/truckonline.de\/blog\/2009\/09\/28\/es-war-nicht-sein-montag\/","og_site_name":"TruckOnline.de","article_publisher":"https:\/\/www.facebook.com\/truckblog","article_author":"https:\/\/www.facebook.com\/truckblog","article_published_time":"2009-09-28T11:05:31+00:00","og_image":[{"width":2560,"height":1920,"url":"https:\/\/truckonline.de\/blog\/wp-content\/uploads\/2019\/12\/IMG_20191229_225424-scaled.jpg","type":"image\/jpeg"}],"author":"maik","twitter_card":"summary_large_image","twitter_creator":"@https:\/\/twitter.com\/truckblog","twitter_site":"@truckblog","twitter_misc":{"Verfasst von":"maik","Gesch\u00e4tzte Lesezeit":"1\u00a0Minute"},"schema":{"@context":"https:\/\/schema.org","@graph":[{"@type":"Article","@id":"https:\/\/truckonline.de\/blog\/2009\/09\/28\/es-war-nicht-sein-montag\/#article","isPartOf":{"@id":"https:\/\/truckonline.de\/blog\/2009\/09\/28\/es-war-nicht-sein-montag\/"},"author":{"name":"maik","@id":"https:\/\/truckonline.de\/blog\/#\/schema\/person\/4cb59b86ffde81f882f56439688fda19"},"headline":"Es war nicht sein Montag","datePublished":"2009-09-28T11:05:31+00:00","mainEntityOfPage":{"@id":"https:\/\/truckonline.de\/blog\/2009\/09\/28\/es-war-nicht-sein-montag\/"},"wordCount":112,"commentCount":0,"publisher":{"@id":"https:\/\/truckonline.de\/blog\/#\/schema\/person\/4cb59b86ffde81f882f56439688fda19"},"keywords":["Probleme","Unfall"],"articleSection":["Lkw","Unfall"],"inLanguage":"de","potentialAction":[{"@type":"CommentAction","name":"Comment","target":["https:\/\/truckonline.de\/blog\/2009\/09\/28\/es-war-nicht-sein-montag\/#respond"]}]},{"@type":"WebPage","@id":"https:\/\/truckonline.de\/blog\/2009\/09\/28\/es-war-nicht-sein-montag\/","url":"https:\/\/truckonline.de\/blog\/2009\/09\/28\/es-war-nicht-sein-montag\/","name":"Es war nicht sein Montag | TruckOnline.de","isPartOf":{"@id":"https:\/\/truckonline.de\/blog\/#website"},"datePublished":"2009-09-28T11:05:31+00:00","description":"Ungl\u00fccklich geparkt hatte am Wochenende der Fahrer eines iranischen Lkw. Er hatte seinen Sattelzug auf einen Firmenparkplatz im fr\u00e4nkischen Ebern","breadcrumb":{"@id":"https:\/\/truckonline.de\/blog\/2009\/09\/28\/es-war-nicht-sein-montag\/#breadcrumb"},"inLanguage":"de","potentialAction":[{"@type":"ReadAction","target":["https:\/\/truckonline.de\/blog\/2009\/09\/28\/es-war-nicht-sein-montag\/"]}]},{"@type":"BreadcrumbList","@id":"https:\/\/truckonline.de\/blog\/2009\/09\/28\/es-war-nicht-sein-montag\/#breadcrumb","itemListElement":[{"@type":"ListItem","position":1,"name":"Startseite","item":"https:\/\/truckonline.de\/blog\/"},{"@type":"ListItem","position":2,"name":"Es war nicht sein Montag"}]},{"@type":"WebSite","@id":"https:\/\/truckonline.de\/blog\/#website","url":"https:\/\/truckonline.de\/blog\/","name":"TruckOnline.de","description":"","publisher":{"@id":"https:\/\/truckonline.de\/blog\/#\/schema\/person\/4cb59b86ffde81f882f56439688fda19"},"potentialAction":[{"@type":"SearchAction","target":{"@type":"EntryPoint","urlTemplate":"https:\/\/truckonline.de\/blog\/?s={search_term_string}"},"query-input":{"@type":"PropertyValueSpecification","valueRequired":true,"valueName":"search_term_string"}}],"inLanguage":"de"},{"@type":["Person","Organization"],"@id":"https:\/\/truckonline.de\/blog\/#\/schema\/person\/4cb59b86ffde81f882f56439688fda19","name":"maik","image":{"@type":"ImageObject","inLanguage":"de","@id":"https:\/\/truckonline.de\/blog\/wp-content\/uploads\/2019\/12\/logoinnenweiss.png","url":"https:\/\/truckonline.de\/blog\/wp-content\/uploads\/2019\/12\/logoinnenweiss.png","contentUrl":"https:\/\/truckonline.de\/blog\/wp-content\/uploads\/2019\/12\/logoinnenweiss.png","width":733,"height":125,"caption":"maik"},"logo":{"@id":"https:\/\/truckonline.de\/blog\/wp-content\/uploads\/2019\/12\/logoinnenweiss.png"},"sameAs":["https:\/\/www.facebook.com\/truckblog","https:\/\/www.instagram.com\/truck_online\/","https:\/\/x.com\/https:\/\/twitter.com\/truckblog","https:\/\/www.youtube.com\/user\/truckonline","https:\/\/www.tumblr.com\/truckonline"]}]}},"_links":{"self":[{"href":"https:\/\/truckonline.de\/blog\/wp-json\/wp\/v2\/posts\/974","targetHints":{"allow":["GET"]}}],"collection":[{"href":"https:\/\/truckonline.de\/blog\/wp-json\/wp\/v2\/posts"}],"about":[{"href":"https:\/\/truckonline.de\/blog\/wp-json\/wp\/v2\/types\/post"}],"author":[{"embeddable":true,"href":"https:\/\/truckonline.de\/blog\/wp-json\/wp\/v2\/users\/3"}],"replies":[{"embeddable":true,"href":"https:\/\/truckonline.de\/blog\/wp-json\/wp\/v2\/comments?post=974"}],"version-history":[{"count":0,"href":"https:\/\/truckonline.de\/blog\/wp-json\/wp\/v2\/posts\/974\/revisions"}],"wp:attachment":[{"href":"https:\/\/truckonline.de\/blog\/wp-json\/wp\/v2\/media?parent=974"}],"wp:term":[{"taxonomy":"category","embeddable":true,"href":"https:\/\/truckonline.de\/blog\/wp-json\/wp\/v2\/categories?post=974"},{"taxonomy":"post_tag","embeddable":true,"href":"https:\/\/truckonline.de\/blog\/wp-json\/wp\/v2\/tags?post=974"}],"curies":[{"name":"wp","href":"https:\/\/api.w.org\/{rel}","templated":true}]}}