{"id":9666,"date":"2020-05-17T11:56:00","date_gmt":"2020-05-17T09:56:00","guid":{"rendered":"https:\/\/truckonline.de\/blog\/?p=9666"},"modified":"2020-05-17T12:02:11","modified_gmt":"2020-05-17T10:02:11","slug":"links-und-rechts-der-daten-autobahn-127","status":"publish","type":"post","link":"https:\/\/truckonline.de\/blog\/2020\/05\/17\/links-und-rechts-der-daten-autobahn-127\/","title":{"rendered":"Links und rechts der (Daten-) autobahn"},"content":{"rendered":"\n<p>Soll ich Euch ein Geheimnis verraten? Vor viereinhalb Jahren musste ich meinen F\u00fchrerschein abgeben. F\u00fcr vier Wochen. Warum? Weil ich mit meinem Pkw mit knapp hundertf\u00fcnfundzwanzig statt der erlaubten achtzig durch eine Autobahnbaustelle <s>gerast<\/s> gefahren bin. Selbst Schuld? Ja. Selbst bl\u00f6d? Klar.<\/p>\n\n\n\n<p>Dr\u00fcber ge\u00e4rgert? Jep. Aber nicht haupts\u00e4chlich wegen der Geldstrafe oder den zwei Punkten, obwohl beides auch weh tat, sondern des Fahrverbotes wegen. Denn vier Wochen ohne F\u00fchrerschein ist kacke. Auch oder besonders f\u00fcr einen wie mich, der jobm\u00e4\u00dfig darauf angewiesen ist.<\/p>\n\n\n\n<p>Seitdem fahre ich vorsichtiger, defensiver, halte mich weitgehend an Vorschriften. Die vier Wochen ohne F\u00fchrerschein waren also durchaus heilsam f\u00fcr mich. Auch wenn ich diese Zeit noch etwas abmildern konnte. Das Fahrverbot durfte ich auf einen g\u00fcnstigen Zeitraum legen, n\u00e4mlich \u00fcber die Weihnachtsfeiertage und Neujahr. Diese M\u00f6glichkeit gibt es ja noch immer. <\/p>\n\n\n\n<p>Deshalb habe ich auch kein Problem mit den seit Ende April versch\u00e4rften \u00c4nderungen im Bu\u00dfgeldkatalog &#8211; etwa das drohende Fahrverbot ab 21 km\/h \u00fcber dem erlaubten Tempo, neben 80 Euro Strafe und einem Punkt in Flensburg.<br><a href=\"https:\/\/www.berliner-kurier.de\/politik-wirtschaft\/der-schnelle-minister-scheuer-wird-mal-wieder-ausgebremst-li.83712\" target=\"_blank\" rel=\"noreferrer noopener\">Nur diese \u00c4nderungen will Scheuer wieder r\u00fcckg\u00e4ng machen. In seinem Ministerium hei\u00dft es, diese Regelung sei &#8222;unverh\u00e4ltnism\u00e4\u00dfig&#8220;<\/a> und sorge f\u00fcr gro\u00dfe Aufregung bei den Autofahrern.<\/p>\n\n\n\n<p>Mit 74 km\/h durchs Dorf zu kurven, dabei geblitzt zu werden, mit der Gefahr seinen F\u00fchrerschein zu verlieren, ist also unverh\u00e4ltnism\u00e4\u00dfig? <a rel=\"noreferrer noopener\" href=\"https:\/\/www.bmvi.de\/DE\/Home\/home.html\" target=\"_blank\">Sorry, aber das ist beScheuerT<\/a>. Wer so schnell f\u00e4hrt, macht das nicht mal so einfach aus versehen &#8211; muss also mit den Konsequenzen und Strafen klarkommen. Wer also seinen F\u00fchrerschein behalten will, einfach an Regeln halten. Problem gel\u00f6st, sogar ohne Aufregung.<br>***<\/p>\n\n\n\n<p>Syrischer Fahrer <a href=\"https:\/\/www.um-tv.de\/mediathek\/23741\/Syrischer_Fahrer_kippt_mit_ueberladenem_Lkw_auf_der_A_20_fast_um.html\" target=\"_blank\" rel=\"noreferrer noopener\">kippt mit \u00fcberladenem Lkw auf der A 20 fast um<\/a>. Der Lkw hatte \u00fcbrigens eine deutsche Zulassung. <\/p>\n\n\n\n<blockquote class=\"wp-block-quote is-layout-flow wp-block-quote-is-layout-flow\"><p>W\u00e4hrend der \u00dcberpr\u00fcfung stellten die Beamten zudem fest, dass der Fahrer den Lkw ohne eingelegte Fahrerkarte gef\u00fchrt hat. Bei der Kontrolle fiel weiter auf, dass der Fahrer offenbar keinerlei Kenntnisse bez\u00fcglich der Lenk- und Ruhezeiten sowie arbeitszeitrechtlicher Regelungen hatte. Bei der anschlie\u00dfenden Begutachtung der Ladung wurde dann auch deutlich, warum das Fahrzeug so stark schwankte. Beim \u00d6ffnen der Ladefl\u00e4che fiel bereits ein Teil der Ladung herunter. Der Transporter war bis unter die Decke mit Lebensmitteln beladen, jedoch ohne dabei die geforderten Ladungssicherungsvorschriften einzuhalten.<\/p><cite><a href=\"https:\/\/www.um-tv.de\/mediathek\/23741\/Syrischer_Fahrer_kippt_mit_ueberladenem_Lkw_auf_der_A_20_fast_um.html\" target=\"_blank\" rel=\"noreferrer noopener\">um-tv.de<\/a><\/cite><\/blockquote>\n\n\n\n<p>Das Leute null Ahnung von der ihnen zugewiesenen Arbeit haben, soll ja vorkommen. Der Bu\u00dfgeldkatalog wird es schon richten. Auch hier. Es sei denn, Scheuer legt sein Veto ein. Aber gut jetzt.<br>***<\/p>\n\n\n\n<p>Ein Fahrer h\u00e4ngt bewustlos hinterm Lenkrad. <a rel=\"noreferrer noopener\" href=\"https:\/\/www.t-online.de\/nachrichten\/panorama\/buntes-kurioses\/id_87870926\/leipzig-lkw-fahrer-rettet-bewusstlosen-kollegen-mit-gewagtem-manoever.html\" target=\"_blank\">Laut dem Bericht auf &#8222;t-online&#8220; war er 58<\/a>. Tja, niemand kann sagen, ihm passiert das nicht. Seit Januar bin ich f\u00fcnfzig, ab wann sollte ich mich als &#8222;potenzielles Risiko&#8220; ansehen? <br>Ich kenne einen, der sagte mit knapp 80 Jahren: &#8222;So, jetzt ist Schlu\u00df mit der Fahrerei&#8220;. Der f\u00fchlt sich bisher fit und fahrf\u00e4hig, aber kann er das wirklich beurteilen?<br>***<\/p>\n\n\n\n<p>Noch so ein Gesch\u00e4digter, der mit <a rel=\"noreferrer noopener\" href=\"https:\/\/www.pnp.de\/lokales\/landkreis-deggendorf\/deggendorf\/Geisterfahrer-Unfall-Lkw-rund-20-Kilometer-falsch-auf-A3-unterwegs-3679299.html\" target=\"_blank\">einem Lkw rund 20 Kilometer falsch auf der A3<\/a> f\u00e4hrt.<\/p>\n\n\n\n<blockquote class=\"wp-block-quote is-layout-flow wp-block-quote-is-layout-flow\"><p>Der Fahrer wurde leicht verletzt festgenommen. Bei seiner Festnahme machte er laut Polizei einen verwirrten Eindruck. Ob der Mann alkoholisiert war, unter dem Einfluss von Drogen stand oder sich in einem sonstigen psychischen Ausnahmezustand befand, m\u00fcssen die weiteren Ermittlungen kl\u00e4ren.<\/p><cite><a href=\"https:\/\/www.pnp.de\/\" target=\"_blank\" rel=\"noreferrer noopener\">Passauer Neue Presse<\/a><\/cite><\/blockquote>\n\n\n\n<p>Was ein Wahnsinn. Scheuer \u00fcbernehmen Sie. Kurwa.<br>***<\/p>\n\n\n\n<p>Weil sie <a href=\"https:\/\/www.dvz.de\/suche.html?q=sichere+lkw+parkpl%C3%A4tze\" target=\"_blank\" rel=\"noreferrer noopener\">keine digital zu verarbeitenden Informationen bereitstellen<\/a>, wo entlang ihres Schnellstra\u00dfennetzes sichere LKW-Parkpl\u00e4tze zu finden sind, hat die EU-Komission ein Vertragsverletzungsverfahren gegen acht L\u00e4nder eingeleitet. Grund? Das w\u00e4re ein Versto\u00df gegen die EU-Verordnung 885\/2013.<\/p>\n\n\n\n<p>Tja, jeden Abend der gleiche Kampf, einen geeigneten Platz zum \u00fcbernachten zu finden. Kein Wunder, dass einige in einen <em>psychischen Ausnahmezustand<\/em> abdriften und irgendwo als Geisterfahrer enden.<br>***<\/p>\n\n\n\n<p><a rel=\"noreferrer noopener\" href=\"https:\/\/www.eurotransport.de\/artikel\/eu-weite-studie-wie-wirkt-sich-muedigkeit-auf-lkw-fahrer-aus-11161391.html\" target=\"_blank\">Wie wirkt sich M\u00fcdigkeit auf Lkw-Fahrer aus<\/a>?<br>***<\/p>\n","protected":false},"excerpt":{"rendered":"<p>Soll ich Euch ein Geheimnis verraten? Vor viereinhalb Jahren musste ich meinen F\u00fchrerschein abgeben. F\u00fcr vier Wochen. Warum? Weil ich mit meinem Pkw mit knapp&#8230;<\/p>\n<div class=\"more-link-wrapper\"><a class=\"more-link\" href=\"https:\/\/truckonline.de\/blog\/2020\/05\/17\/links-und-rechts-der-daten-autobahn-127\/\">Sie haben Ihr Ziel fast erreicht.<span class=\"screen-reader-text\">Links und rechts der (Daten-) autobahn<\/span><\/a><\/div>\n","protected":false},"author":3,"featured_media":0,"comment_status":"open","ping_status":"open","sticky":false,"template":"","format":"standard","meta":{"iawp_total_views":1,"_metis_text_type":"","_metis_text_length":0,"_post_count":0,"footnotes":""},"categories":[21,20],"tags":[36,2054],"class_list":["post-9666","post","type-post","status-publish","format-standard","hentry","category-links-world-wide-web","category-world-wide-web","tag-internet","tag-links-2","ratio-2-1","entry"],"yoast_head":"<!-- This site is optimized with the Yoast SEO plugin v27.4 - https:\/\/yoast.com\/product\/yoast-seo-wordpress\/ -->\n<title>Wenn die Parkplatzsuche in einer Ausnahmesituation end | TruckOnline.de<\/title>\n<meta name=\"description\" content=\"Soll ich Euch ein Geheimnis verraten? Vor viereinhalb Jahren musste ich meinen F\u00fchrerschein abgeben. F\u00fcr vier Wochen. Warum? Weil ich mit meinem Pkw mit\" \/>\n<meta name=\"robots\" content=\"index, follow, max-snippet:-1, max-image-preview:large, max-video-preview:-1\" \/>\n<link rel=\"canonical\" href=\"https:\/\/truckonline.de\/blog\/2020\/05\/17\/links-und-rechts-der-daten-autobahn-127\/\" \/>\n<meta property=\"og:locale\" content=\"de_DE\" \/>\n<meta property=\"og:type\" content=\"article\" \/>\n<meta property=\"og:title\" content=\"Wenn die Parkplatzsuche in einer Ausnahmesituation end | TruckOnline.de\" \/>\n<meta property=\"og:url\" content=\"https:\/\/truckonline.de\/blog\/2020\/05\/17\/links-und-rechts-der-daten-autobahn-127\/\" \/>\n<meta property=\"og:site_name\" content=\"TruckOnline.de\" \/>\n<meta property=\"article:publisher\" content=\"https:\/\/www.facebook.com\/truckblog\" \/>\n<meta property=\"article:author\" content=\"https:\/\/www.facebook.com\/truckblog\" \/>\n<meta property=\"article:published_time\" content=\"2020-05-17T09:56:00+00:00\" \/>\n<meta property=\"article:modified_time\" content=\"2020-05-17T10:02:11+00:00\" \/>\n<meta property=\"og:image\" content=\"https:\/\/truckonline.de\/blog\/wp-content\/uploads\/2019\/12\/IMG_20191229_225424-scaled.jpg\" \/>\n\t<meta property=\"og:image:width\" content=\"2560\" \/>\n\t<meta property=\"og:image:height\" content=\"1920\" \/>\n\t<meta property=\"og:image:type\" content=\"image\/jpeg\" \/>\n<meta name=\"author\" content=\"maik\" \/>\n<meta name=\"twitter:card\" content=\"summary_large_image\" \/>\n<meta name=\"twitter:creator\" content=\"@https:\/\/twitter.com\/truckblog\" \/>\n<meta name=\"twitter:site\" content=\"@truckblog\" \/>\n<meta name=\"twitter:label1\" content=\"Verfasst von\" \/>\n\t<meta name=\"twitter:data1\" content=\"maik\" \/>\n\t<meta name=\"twitter:label2\" content=\"Gesch\u00e4tzte Lesezeit\" \/>\n\t<meta name=\"twitter:data2\" content=\"3\u00a0Minuten\" \/>\n<script type=\"application\/ld+json\" class=\"yoast-schema-graph\">{\"@context\":\"https:\\\/\\\/schema.org\",\"@graph\":[{\"@type\":\"Article\",\"@id\":\"https:\\\/\\\/truckonline.de\\\/blog\\\/2020\\\/05\\\/17\\\/links-und-rechts-der-daten-autobahn-127\\\/#article\",\"isPartOf\":{\"@id\":\"https:\\\/\\\/truckonline.de\\\/blog\\\/2020\\\/05\\\/17\\\/links-und-rechts-der-daten-autobahn-127\\\/\"},\"author\":{\"name\":\"maik\",\"@id\":\"https:\\\/\\\/truckonline.de\\\/blog\\\/#\\\/schema\\\/person\\\/4cb59b86ffde81f882f56439688fda19\"},\"headline\":\"Links und rechts der (Daten-) autobahn\",\"datePublished\":\"2020-05-17T09:56:00+00:00\",\"dateModified\":\"2020-05-17T10:02:11+00:00\",\"mainEntityOfPage\":{\"@id\":\"https:\\\/\\\/truckonline.de\\\/blog\\\/2020\\\/05\\\/17\\\/links-und-rechts-der-daten-autobahn-127\\\/\"},\"wordCount\":644,\"commentCount\":0,\"publisher\":{\"@id\":\"https:\\\/\\\/truckonline.de\\\/blog\\\/#\\\/schema\\\/person\\\/4cb59b86ffde81f882f56439688fda19\"},\"keywords\":[\"Internet\",\"Links\"],\"articleSection\":[\"Links\",\"World Wide Web\"],\"inLanguage\":\"de\",\"potentialAction\":[{\"@type\":\"CommentAction\",\"name\":\"Comment\",\"target\":[\"https:\\\/\\\/truckonline.de\\\/blog\\\/2020\\\/05\\\/17\\\/links-und-rechts-der-daten-autobahn-127\\\/#respond\"]}]},{\"@type\":\"WebPage\",\"@id\":\"https:\\\/\\\/truckonline.de\\\/blog\\\/2020\\\/05\\\/17\\\/links-und-rechts-der-daten-autobahn-127\\\/\",\"url\":\"https:\\\/\\\/truckonline.de\\\/blog\\\/2020\\\/05\\\/17\\\/links-und-rechts-der-daten-autobahn-127\\\/\",\"name\":\"Wenn die Parkplatzsuche in einer Ausnahmesituation end | TruckOnline.de\",\"isPartOf\":{\"@id\":\"https:\\\/\\\/truckonline.de\\\/blog\\\/#website\"},\"datePublished\":\"2020-05-17T09:56:00+00:00\",\"dateModified\":\"2020-05-17T10:02:11+00:00\",\"description\":\"Soll ich Euch ein Geheimnis verraten? Vor viereinhalb Jahren musste ich meinen F\u00fchrerschein abgeben. F\u00fcr vier Wochen. Warum? Weil ich mit meinem Pkw mit\",\"breadcrumb\":{\"@id\":\"https:\\\/\\\/truckonline.de\\\/blog\\\/2020\\\/05\\\/17\\\/links-und-rechts-der-daten-autobahn-127\\\/#breadcrumb\"},\"inLanguage\":\"de\",\"potentialAction\":[{\"@type\":\"ReadAction\",\"target\":[\"https:\\\/\\\/truckonline.de\\\/blog\\\/2020\\\/05\\\/17\\\/links-und-rechts-der-daten-autobahn-127\\\/\"]}]},{\"@type\":\"BreadcrumbList\",\"@id\":\"https:\\\/\\\/truckonline.de\\\/blog\\\/2020\\\/05\\\/17\\\/links-und-rechts-der-daten-autobahn-127\\\/#breadcrumb\",\"itemListElement\":[{\"@type\":\"ListItem\",\"position\":1,\"name\":\"Startseite\",\"item\":\"https:\\\/\\\/truckonline.de\\\/blog\\\/\"},{\"@type\":\"ListItem\",\"position\":2,\"name\":\"Links und rechts der (Daten-) autobahn\"}]},{\"@type\":\"WebSite\",\"@id\":\"https:\\\/\\\/truckonline.de\\\/blog\\\/#website\",\"url\":\"https:\\\/\\\/truckonline.de\\\/blog\\\/\",\"name\":\"TruckOnline.de\",\"description\":\"\",\"publisher\":{\"@id\":\"https:\\\/\\\/truckonline.de\\\/blog\\\/#\\\/schema\\\/person\\\/4cb59b86ffde81f882f56439688fda19\"},\"potentialAction\":[{\"@type\":\"SearchAction\",\"target\":{\"@type\":\"EntryPoint\",\"urlTemplate\":\"https:\\\/\\\/truckonline.de\\\/blog\\\/?s={search_term_string}\"},\"query-input\":{\"@type\":\"PropertyValueSpecification\",\"valueRequired\":true,\"valueName\":\"search_term_string\"}}],\"inLanguage\":\"de\"},{\"@type\":[\"Person\",\"Organization\"],\"@id\":\"https:\\\/\\\/truckonline.de\\\/blog\\\/#\\\/schema\\\/person\\\/4cb59b86ffde81f882f56439688fda19\",\"name\":\"maik\",\"image\":{\"@type\":\"ImageObject\",\"inLanguage\":\"de\",\"@id\":\"https:\\\/\\\/truckonline.de\\\/blog\\\/wp-content\\\/uploads\\\/2019\\\/12\\\/logoinnenweiss.png\",\"url\":\"https:\\\/\\\/truckonline.de\\\/blog\\\/wp-content\\\/uploads\\\/2019\\\/12\\\/logoinnenweiss.png\",\"contentUrl\":\"https:\\\/\\\/truckonline.de\\\/blog\\\/wp-content\\\/uploads\\\/2019\\\/12\\\/logoinnenweiss.png\",\"width\":733,\"height\":125,\"caption\":\"maik\"},\"logo\":{\"@id\":\"https:\\\/\\\/truckonline.de\\\/blog\\\/wp-content\\\/uploads\\\/2019\\\/12\\\/logoinnenweiss.png\"},\"sameAs\":[\"https:\\\/\\\/www.facebook.com\\\/truckblog\",\"https:\\\/\\\/www.instagram.com\\\/truck_online\\\/\",\"https:\\\/\\\/x.com\\\/https:\\\/\\\/twitter.com\\\/truckblog\",\"https:\\\/\\\/www.youtube.com\\\/user\\\/truckonline\",\"https:\\\/\\\/www.tumblr.com\\\/truckonline\"]}]}<\/script>\n<!-- \/ Yoast SEO plugin. -->","yoast_head_json":{"title":"Wenn die Parkplatzsuche in einer Ausnahmesituation end | TruckOnline.de","description":"Soll ich Euch ein Geheimnis verraten? Vor viereinhalb Jahren musste ich meinen F\u00fchrerschein abgeben. F\u00fcr vier Wochen. Warum? Weil ich mit meinem Pkw mit","robots":{"index":"index","follow":"follow","max-snippet":"max-snippet:-1","max-image-preview":"max-image-preview:large","max-video-preview":"max-video-preview:-1"},"canonical":"https:\/\/truckonline.de\/blog\/2020\/05\/17\/links-und-rechts-der-daten-autobahn-127\/","og_locale":"de_DE","og_type":"article","og_title":"Wenn die Parkplatzsuche in einer Ausnahmesituation end | TruckOnline.de","og_url":"https:\/\/truckonline.de\/blog\/2020\/05\/17\/links-und-rechts-der-daten-autobahn-127\/","og_site_name":"TruckOnline.de","article_publisher":"https:\/\/www.facebook.com\/truckblog","article_author":"https:\/\/www.facebook.com\/truckblog","article_published_time":"2020-05-17T09:56:00+00:00","article_modified_time":"2020-05-17T10:02:11+00:00","og_image":[{"width":2560,"height":1920,"url":"https:\/\/truckonline.de\/blog\/wp-content\/uploads\/2019\/12\/IMG_20191229_225424-scaled.jpg","type":"image\/jpeg"}],"author":"maik","twitter_card":"summary_large_image","twitter_creator":"@https:\/\/twitter.com\/truckblog","twitter_site":"@truckblog","twitter_misc":{"Verfasst von":"maik","Gesch\u00e4tzte Lesezeit":"3\u00a0Minuten"},"schema":{"@context":"https:\/\/schema.org","@graph":[{"@type":"Article","@id":"https:\/\/truckonline.de\/blog\/2020\/05\/17\/links-und-rechts-der-daten-autobahn-127\/#article","isPartOf":{"@id":"https:\/\/truckonline.de\/blog\/2020\/05\/17\/links-und-rechts-der-daten-autobahn-127\/"},"author":{"name":"maik","@id":"https:\/\/truckonline.de\/blog\/#\/schema\/person\/4cb59b86ffde81f882f56439688fda19"},"headline":"Links und rechts der (Daten-) autobahn","datePublished":"2020-05-17T09:56:00+00:00","dateModified":"2020-05-17T10:02:11+00:00","mainEntityOfPage":{"@id":"https:\/\/truckonline.de\/blog\/2020\/05\/17\/links-und-rechts-der-daten-autobahn-127\/"},"wordCount":644,"commentCount":0,"publisher":{"@id":"https:\/\/truckonline.de\/blog\/#\/schema\/person\/4cb59b86ffde81f882f56439688fda19"},"keywords":["Internet","Links"],"articleSection":["Links","World Wide Web"],"inLanguage":"de","potentialAction":[{"@type":"CommentAction","name":"Comment","target":["https:\/\/truckonline.de\/blog\/2020\/05\/17\/links-und-rechts-der-daten-autobahn-127\/#respond"]}]},{"@type":"WebPage","@id":"https:\/\/truckonline.de\/blog\/2020\/05\/17\/links-und-rechts-der-daten-autobahn-127\/","url":"https:\/\/truckonline.de\/blog\/2020\/05\/17\/links-und-rechts-der-daten-autobahn-127\/","name":"Wenn die Parkplatzsuche in einer Ausnahmesituation end | TruckOnline.de","isPartOf":{"@id":"https:\/\/truckonline.de\/blog\/#website"},"datePublished":"2020-05-17T09:56:00+00:00","dateModified":"2020-05-17T10:02:11+00:00","description":"Soll ich Euch ein Geheimnis verraten? Vor viereinhalb Jahren musste ich meinen F\u00fchrerschein abgeben. F\u00fcr vier Wochen. Warum? Weil ich mit meinem Pkw mit","breadcrumb":{"@id":"https:\/\/truckonline.de\/blog\/2020\/05\/17\/links-und-rechts-der-daten-autobahn-127\/#breadcrumb"},"inLanguage":"de","potentialAction":[{"@type":"ReadAction","target":["https:\/\/truckonline.de\/blog\/2020\/05\/17\/links-und-rechts-der-daten-autobahn-127\/"]}]},{"@type":"BreadcrumbList","@id":"https:\/\/truckonline.de\/blog\/2020\/05\/17\/links-und-rechts-der-daten-autobahn-127\/#breadcrumb","itemListElement":[{"@type":"ListItem","position":1,"name":"Startseite","item":"https:\/\/truckonline.de\/blog\/"},{"@type":"ListItem","position":2,"name":"Links und rechts der (Daten-) autobahn"}]},{"@type":"WebSite","@id":"https:\/\/truckonline.de\/blog\/#website","url":"https:\/\/truckonline.de\/blog\/","name":"TruckOnline.de","description":"","publisher":{"@id":"https:\/\/truckonline.de\/blog\/#\/schema\/person\/4cb59b86ffde81f882f56439688fda19"},"potentialAction":[{"@type":"SearchAction","target":{"@type":"EntryPoint","urlTemplate":"https:\/\/truckonline.de\/blog\/?s={search_term_string}"},"query-input":{"@type":"PropertyValueSpecification","valueRequired":true,"valueName":"search_term_string"}}],"inLanguage":"de"},{"@type":["Person","Organization"],"@id":"https:\/\/truckonline.de\/blog\/#\/schema\/person\/4cb59b86ffde81f882f56439688fda19","name":"maik","image":{"@type":"ImageObject","inLanguage":"de","@id":"https:\/\/truckonline.de\/blog\/wp-content\/uploads\/2019\/12\/logoinnenweiss.png","url":"https:\/\/truckonline.de\/blog\/wp-content\/uploads\/2019\/12\/logoinnenweiss.png","contentUrl":"https:\/\/truckonline.de\/blog\/wp-content\/uploads\/2019\/12\/logoinnenweiss.png","width":733,"height":125,"caption":"maik"},"logo":{"@id":"https:\/\/truckonline.de\/blog\/wp-content\/uploads\/2019\/12\/logoinnenweiss.png"},"sameAs":["https:\/\/www.facebook.com\/truckblog","https:\/\/www.instagram.com\/truck_online\/","https:\/\/x.com\/https:\/\/twitter.com\/truckblog","https:\/\/www.youtube.com\/user\/truckonline","https:\/\/www.tumblr.com\/truckonline"]}]}},"_links":{"self":[{"href":"https:\/\/truckonline.de\/blog\/wp-json\/wp\/v2\/posts\/9666","targetHints":{"allow":["GET"]}}],"collection":[{"href":"https:\/\/truckonline.de\/blog\/wp-json\/wp\/v2\/posts"}],"about":[{"href":"https:\/\/truckonline.de\/blog\/wp-json\/wp\/v2\/types\/post"}],"author":[{"embeddable":true,"href":"https:\/\/truckonline.de\/blog\/wp-json\/wp\/v2\/users\/3"}],"replies":[{"embeddable":true,"href":"https:\/\/truckonline.de\/blog\/wp-json\/wp\/v2\/comments?post=9666"}],"version-history":[{"count":4,"href":"https:\/\/truckonline.de\/blog\/wp-json\/wp\/v2\/posts\/9666\/revisions"}],"predecessor-version":[{"id":9670,"href":"https:\/\/truckonline.de\/blog\/wp-json\/wp\/v2\/posts\/9666\/revisions\/9670"}],"wp:attachment":[{"href":"https:\/\/truckonline.de\/blog\/wp-json\/wp\/v2\/media?parent=9666"}],"wp:term":[{"taxonomy":"category","embeddable":true,"href":"https:\/\/truckonline.de\/blog\/wp-json\/wp\/v2\/categories?post=9666"},{"taxonomy":"post_tag","embeddable":true,"href":"https:\/\/truckonline.de\/blog\/wp-json\/wp\/v2\/tags?post=9666"}],"curies":[{"name":"wp","href":"https:\/\/api.w.org\/{rel}","templated":true}]}}