{"id":9484,"date":"2020-03-01T12:08:26","date_gmt":"2020-03-01T11:08:26","guid":{"rendered":"https:\/\/truckonline.de\/blog\/?p=9484"},"modified":"2020-03-01T12:10:57","modified_gmt":"2020-03-01T11:10:57","slug":"links-und-rechts-der-daten-autobahn-116","status":"publish","type":"post","link":"https:\/\/truckonline.de\/blog\/2020\/03\/01\/links-und-rechts-der-daten-autobahn-116\/","title":{"rendered":"Links und rechts der (Daten-) autobahn"},"content":{"rendered":"\n<p>Immer wenn ich jemanden sehe der irgendwie norditalienisch aussieht, halte ich gro\u00dfen Abstand und rufe: &#8222;Hinfort mit Dir, Du Aussetziger!&#8220; <a rel=\"noreferrer noopener\" aria-label=\"Bin zwar dauernd am Br\u00fcllen, aber alles nur  Selbstschutz (\u00f6ffnet in neuem Tab)\" href=\"https:\/\/www.eurotransport.de\/artikel\/zufall-reagiert-auf-coronavirus-keine-transporte-in-abgesperrte-gebiete-11152504.html\" target=\"_blank\">Bin zwar dauernd am Br\u00fcllen, aber alles nur  Selbstschutz<\/a>.<br>*** <\/p>\n\n\n\n<p>Alle f\u00fcnf Jahre  beauftragt <a href=\"https:\/\/www.bast.de\/BASt_2017\/DE\/Home\/home_node.html\" target=\"_blank\" rel=\"noreferrer noopener\" aria-label=\"die Bundesanstalt f\u00fcr Stra\u00dfenwesen (\u00f6ffnet in neuem Tab)\">die Bundesanstalt f\u00fcr Stra\u00dfenwesen<\/a> eine Studie, um die Situation auf den Bundesautobahnen zu erfassen. <a href=\"https:\/\/www.auto-motor-und-sport.de\/verkehr\/studie-an-autobahnen-fehlt-23500-lkw-stellplaetze\/\" target=\"_blank\" rel=\"noreferrer noopener\" aria-label=\"So wurde in der Erhebung f\u00fcr 2018 festgestellt, dass an deutschen Autobahnen 23 500 Stellfl\u00e4chen f\u00fcr Lkw fehlen (\u00f6ffnet in neuem Tab)\">So wurde in der Erhebung f\u00fcr 2018 festgestellt, dass an deutschen Autobahnen 23 500 Stellfl\u00e4chen f\u00fcr Lkw fehlen<\/a>. <br>Daf\u00fcr wurde an 2 179 Standorten mit insgesamt 70 800 Parkm\u00f6glichkeiten \u00fcber drei N\u00e4chte hinweg die Anzahl der abgestellten Lkw gez\u00e4hlt. <\/p>\n\n\n\n<p>Dar\u00fcber h\u00e4tte ich auch berichten k\u00f6nnen. Sogar ohne Studie. Sehe diese Not ja fast jede Nacht. Also Vorschlag: Zahlt mir einen kleinen Unkostenbeitrag, vielleicht nen Hunni, und ich z\u00e4hle Lkw auf dem Park- oder Rastplatz, auf dem ich gerade stehe. Ist doch ein guter Deal.<br>***<\/p>\n\n\n\n<p>Die Polizei will nach mehreren schweren Lkw-Unf\u00e4llen auf der A7 zwischen G\u00f6ttingen und Kassel mit Geschwindigkeitskontrollen f\u00fcr mehr Sicherheit sorgen. Bei einer ersten <a href=\"https:\/\/www.hna.de\/lokales\/hann-muenden\/a7-kassel-polizei-kontrolle-autobahn-erschreckenden-zahlen-zr-13561208.html\" target=\"_blank\" rel=\"noreferrer noopener\" aria-label=\"Blitzeraktion am vergangenen Montag zwischen Hann. M\u00fcnden\/Lutterberg und der hessischen Landesgrenze (\u00f6ffnet in neuem Tab)\">Blitzeraktion am vergangenen Montag zwischen Hann. M\u00fcnden\/Lutterberg und der hessischen Landesgrenze<\/a> wurden insgesamt 538 Geschwindigkeits\u00fcberschreitungen gemessen. In 73 F\u00e4llen seien es Lkw-Fahrer gewesen.<br>Am schnellsten war hier ein Lkw-Fahrer, der mit 99 Stundenkilometern fuhr &#8211; in einer 60er-Zone. Er muss nun mit einem  Bu\u00dfgeld von 200 Euro und einem einmonatigen Fahrverbot rechnen.<\/p>\n\n\n\n<p>Fast 40 km\/h zu schnell kostet 200 Euro und vier Wochen Netflix zu Hause. Ein Scherz. Zumal fraglich ist, ob f\u00e4llige Bu\u00dfgelder auch im Ausland vollstreckt werden. Also kein Scherz mehr, sondern schon ein Witz.<br>***<\/p>\n\n\n\n<p>Italienische Carabinieri haben einen LKW- Fahrer angehalten, der auf der Autobahn A16 in S\u00fcditalien unterwegs war. <a href=\"https:\/\/trans.info\/de\/corona-virus-erster-lkw-fahrer-in-quarantaene-174756#\" target=\"_blank\" rel=\"noreferrer noopener\" aria-label=\"W\u00e4hrend der Kontrolle stellte sich heraus, dass er aus der Lombardei kam, die als von der Coronavirus-Epidemie betroffen gilt und teilweise abgeriegelt wurde (\u00f6ffnet in neuem Tab)\">W\u00e4hrend der Kontrolle stellte sich heraus, dass er aus der Lombardei kam, die als von der Coronavirus-Epidemie betroffen gilt und teilweise abgeriegelt wurde<\/a>.<br>Die Beamten informierten den B\u00fcrgermeister der Stadt, in der der Trucker lebt, \u00fcber den Fall. Die Stadtverwaltung organisierte eine Quarant\u00e4ne f\u00fcr ihn und seine Familie, bis klar ist, ob er infiziert ist. <\/p>\n\n\n\n<p>Einfach so auf Verdacht. Irgendwie sind alle verr\u00fcckt geworden. Die Angst vor dem Virus l\u00e4sst schon seltsame Bl\u00fcten treiben. Gegenteiliges Beispiel. Gestern war ich beim Spiel &#8222;<em>BVB gegen Freiburg<\/em>&#8222;. <a href=\"https:\/\/www.ruhr24.de\/bvb\/bvb-sc-freiburg-live-ticker-bundesliga-borussia-dortmund-24-spieltag-13563294.html\" target=\"_blank\" rel=\"noreferrer noopener\" aria-label=\"Auf dem Hin- und R\u00fcckmarsch mit hunderten Leuten in der Stadtbahn eingepfercht (\u00f6ffnet in neuem Tab)\">Auf dem Hin- und R\u00fcckmarsch mit hunderten Leuten in der Stadtbahn eingepfercht<\/a>, dass Stadion ausverkauft. Es hingen zwar \u00fcberall Desinfektionsspender, aber ich habe keine Ahnung, wie oft die benutzt worden. <\/p>\n\n\n\n<p>Ach \u00fcbrigens. N\u00e4chste Woche bin ich im Gro\u00dfraum Mailand unterwegs und Samstag feier ich meinen Geburtstag nach. Werde Warnhinweise ausdr\u00fccken und meinen G\u00e4sten in die Hand dr\u00fccken, bevor ich sie begr\u00fc\u00dfe. Also der allgemeinen Hysterie folgend.<br>***<\/p>\n\n\n\n<p>Kontrolle eines niederl\u00e4ndischen Lkw bei Braunschweig. Dabei wurden auch unzul\u00e4ssige Scheinwerfer bem\u00e4ngelt, die der Fahrer sofort abbauen musste. <a href=\"https:\/\/youtu.be\/pelcWp3M_Rk\" target=\"_blank\" rel=\"noreferrer noopener\" aria-label=\"Da keine Leiter aufzutreiben war, sollte sich der Holl\u00e4nder auf eine M\u00fclltonne stellen, um die Lichtquelle zu entfernen (\u00f6ffnet in neuem Tab)\">Da keine Leiter aufzutreiben war, sollte sich der Holl\u00e4nder auf eine M\u00fclltonne stellen, um die Lichtquelle zu entfernen<\/a>.<br>Der kontrollierende Polizist macht sich dar\u00fcber deutlich h\u00f6rbar lustig: \u201e<em>W\u00e4re nat\u00fcrlich lustig, wenn er da  jetzt einbricht und im M\u00fcll liegt<\/em>.\u201c Und die Kollegin l\u00e4chelt dazu. Tja, ist ein TV-Team dabei, wird auch <a href=\"https:\/\/www.pd-bs.polizei-nds.de\/startseite\/dienststellen\/polizeiinspektion_braunschweig\/polizeikommissariate\/polizeikommissariat_bundesautobahn\/autobahnpolizeikommissariat-905.html\" target=\"_blank\" rel=\"noreferrer noopener\" aria-label=\"ein Polizist (\u00f6ffnet in neuem Tab)\">ein Polizist<\/a> zum Komiker.<br>***<\/p>\n","protected":false},"excerpt":{"rendered":"<p>Immer wenn ich jemanden sehe der irgendwie norditalienisch aussieht, halte ich gro\u00dfen Abstand und rufe: &#8222;Hinfort mit Dir, Du Aussetziger!&#8220; Bin zwar dauernd am Br\u00fcllen,&#8230;<\/p>\n<div class=\"more-link-wrapper\"><a class=\"more-link\" href=\"https:\/\/truckonline.de\/blog\/2020\/03\/01\/links-und-rechts-der-daten-autobahn-116\/\">Sie haben Ihr Ziel fast erreicht.<span class=\"screen-reader-text\">Links und rechts der (Daten-) autobahn<\/span><\/a><\/div>\n","protected":false},"author":3,"featured_media":0,"comment_status":"open","ping_status":"open","sticky":false,"template":"","format":"standard","meta":{"iawp_total_views":2,"_metis_text_type":"","_metis_text_length":0,"_post_count":0,"footnotes":""},"categories":[21,20],"tags":[36,380],"class_list":["post-9484","post","type-post","status-publish","format-standard","hentry","category-links-world-wide-web","category-world-wide-web","tag-internet","tag-lieblinks","ratio-2-1","entry"],"yoast_head":"<!-- This site is optimized with the Yoast SEO plugin v27.4 - https:\/\/yoast.com\/product\/yoast-seo-wordpress\/ -->\n<title>Links und rechts der (Daten-) autobahn | TruckOnline.de<\/title>\n<meta name=\"description\" content=\"Immer wenn ich jemanden sehe der irgendwie norditalienisch aussieht, halte ich gro\u00dfen Abstand und rufe: &quot;Hinfort mit Dir, Du Aussetziger!&quot; Bin zwar\" \/>\n<meta name=\"robots\" content=\"index, follow, max-snippet:-1, max-image-preview:large, max-video-preview:-1\" \/>\n<link rel=\"canonical\" href=\"https:\/\/truckonline.de\/blog\/2020\/03\/01\/links-und-rechts-der-daten-autobahn-116\/\" \/>\n<meta property=\"og:locale\" content=\"de_DE\" \/>\n<meta property=\"og:type\" content=\"article\" \/>\n<meta property=\"og:title\" content=\"Links und rechts der (Daten-) autobahn | TruckOnline.de\" \/>\n<meta property=\"og:url\" content=\"https:\/\/truckonline.de\/blog\/2020\/03\/01\/links-und-rechts-der-daten-autobahn-116\/\" \/>\n<meta property=\"og:site_name\" content=\"TruckOnline.de\" \/>\n<meta property=\"article:publisher\" content=\"https:\/\/www.facebook.com\/truckblog\" \/>\n<meta property=\"article:author\" content=\"https:\/\/www.facebook.com\/truckblog\" \/>\n<meta property=\"article:published_time\" content=\"2020-03-01T11:08:26+00:00\" \/>\n<meta property=\"article:modified_time\" content=\"2020-03-01T11:10:57+00:00\" \/>\n<meta property=\"og:image\" content=\"https:\/\/truckonline.de\/blog\/wp-content\/uploads\/2019\/12\/IMG_20191229_225424-scaled.jpg\" \/>\n\t<meta property=\"og:image:width\" content=\"2560\" \/>\n\t<meta property=\"og:image:height\" content=\"1920\" \/>\n\t<meta property=\"og:image:type\" content=\"image\/jpeg\" \/>\n<meta name=\"author\" content=\"maik\" \/>\n<meta name=\"twitter:card\" content=\"summary_large_image\" \/>\n<meta name=\"twitter:creator\" content=\"@https:\/\/twitter.com\/truckblog\" \/>\n<meta name=\"twitter:site\" content=\"@truckblog\" \/>\n<meta name=\"twitter:label1\" content=\"Verfasst von\" \/>\n\t<meta name=\"twitter:data1\" content=\"maik\" \/>\n\t<meta name=\"twitter:label2\" content=\"Gesch\u00e4tzte Lesezeit\" \/>\n\t<meta name=\"twitter:data2\" content=\"3\u00a0Minuten\" \/>\n<script type=\"application\/ld+json\" class=\"yoast-schema-graph\">{\"@context\":\"https:\\\/\\\/schema.org\",\"@graph\":[{\"@type\":\"Article\",\"@id\":\"https:\\\/\\\/truckonline.de\\\/blog\\\/2020\\\/03\\\/01\\\/links-und-rechts-der-daten-autobahn-116\\\/#article\",\"isPartOf\":{\"@id\":\"https:\\\/\\\/truckonline.de\\\/blog\\\/2020\\\/03\\\/01\\\/links-und-rechts-der-daten-autobahn-116\\\/\"},\"author\":{\"name\":\"maik\",\"@id\":\"https:\\\/\\\/truckonline.de\\\/blog\\\/#\\\/schema\\\/person\\\/4cb59b86ffde81f882f56439688fda19\"},\"headline\":\"Links und rechts der (Daten-) autobahn\",\"datePublished\":\"2020-03-01T11:08:26+00:00\",\"dateModified\":\"2020-03-01T11:10:57+00:00\",\"mainEntityOfPage\":{\"@id\":\"https:\\\/\\\/truckonline.de\\\/blog\\\/2020\\\/03\\\/01\\\/links-und-rechts-der-daten-autobahn-116\\\/\"},\"wordCount\":526,\"commentCount\":1,\"publisher\":{\"@id\":\"https:\\\/\\\/truckonline.de\\\/blog\\\/#\\\/schema\\\/person\\\/4cb59b86ffde81f882f56439688fda19\"},\"keywords\":[\"Internet\",\"LiebLinks\"],\"articleSection\":[\"Links\",\"World Wide Web\"],\"inLanguage\":\"de\",\"potentialAction\":[{\"@type\":\"CommentAction\",\"name\":\"Comment\",\"target\":[\"https:\\\/\\\/truckonline.de\\\/blog\\\/2020\\\/03\\\/01\\\/links-und-rechts-der-daten-autobahn-116\\\/#respond\"]}]},{\"@type\":\"WebPage\",\"@id\":\"https:\\\/\\\/truckonline.de\\\/blog\\\/2020\\\/03\\\/01\\\/links-und-rechts-der-daten-autobahn-116\\\/\",\"url\":\"https:\\\/\\\/truckonline.de\\\/blog\\\/2020\\\/03\\\/01\\\/links-und-rechts-der-daten-autobahn-116\\\/\",\"name\":\"Links und rechts der (Daten-) autobahn | TruckOnline.de\",\"isPartOf\":{\"@id\":\"https:\\\/\\\/truckonline.de\\\/blog\\\/#website\"},\"datePublished\":\"2020-03-01T11:08:26+00:00\",\"dateModified\":\"2020-03-01T11:10:57+00:00\",\"description\":\"Immer wenn ich jemanden sehe der irgendwie norditalienisch aussieht, halte ich gro\u00dfen Abstand und rufe: \\\"Hinfort mit Dir, Du Aussetziger!\\\" Bin zwar\",\"breadcrumb\":{\"@id\":\"https:\\\/\\\/truckonline.de\\\/blog\\\/2020\\\/03\\\/01\\\/links-und-rechts-der-daten-autobahn-116\\\/#breadcrumb\"},\"inLanguage\":\"de\",\"potentialAction\":[{\"@type\":\"ReadAction\",\"target\":[\"https:\\\/\\\/truckonline.de\\\/blog\\\/2020\\\/03\\\/01\\\/links-und-rechts-der-daten-autobahn-116\\\/\"]}]},{\"@type\":\"BreadcrumbList\",\"@id\":\"https:\\\/\\\/truckonline.de\\\/blog\\\/2020\\\/03\\\/01\\\/links-und-rechts-der-daten-autobahn-116\\\/#breadcrumb\",\"itemListElement\":[{\"@type\":\"ListItem\",\"position\":1,\"name\":\"Startseite\",\"item\":\"https:\\\/\\\/truckonline.de\\\/blog\\\/\"},{\"@type\":\"ListItem\",\"position\":2,\"name\":\"Links und rechts der (Daten-) autobahn\"}]},{\"@type\":\"WebSite\",\"@id\":\"https:\\\/\\\/truckonline.de\\\/blog\\\/#website\",\"url\":\"https:\\\/\\\/truckonline.de\\\/blog\\\/\",\"name\":\"TruckOnline.de\",\"description\":\"\",\"publisher\":{\"@id\":\"https:\\\/\\\/truckonline.de\\\/blog\\\/#\\\/schema\\\/person\\\/4cb59b86ffde81f882f56439688fda19\"},\"potentialAction\":[{\"@type\":\"SearchAction\",\"target\":{\"@type\":\"EntryPoint\",\"urlTemplate\":\"https:\\\/\\\/truckonline.de\\\/blog\\\/?s={search_term_string}\"},\"query-input\":{\"@type\":\"PropertyValueSpecification\",\"valueRequired\":true,\"valueName\":\"search_term_string\"}}],\"inLanguage\":\"de\"},{\"@type\":[\"Person\",\"Organization\"],\"@id\":\"https:\\\/\\\/truckonline.de\\\/blog\\\/#\\\/schema\\\/person\\\/4cb59b86ffde81f882f56439688fda19\",\"name\":\"maik\",\"image\":{\"@type\":\"ImageObject\",\"inLanguage\":\"de\",\"@id\":\"https:\\\/\\\/truckonline.de\\\/blog\\\/wp-content\\\/uploads\\\/2019\\\/12\\\/logoinnenweiss.png\",\"url\":\"https:\\\/\\\/truckonline.de\\\/blog\\\/wp-content\\\/uploads\\\/2019\\\/12\\\/logoinnenweiss.png\",\"contentUrl\":\"https:\\\/\\\/truckonline.de\\\/blog\\\/wp-content\\\/uploads\\\/2019\\\/12\\\/logoinnenweiss.png\",\"width\":733,\"height\":125,\"caption\":\"maik\"},\"logo\":{\"@id\":\"https:\\\/\\\/truckonline.de\\\/blog\\\/wp-content\\\/uploads\\\/2019\\\/12\\\/logoinnenweiss.png\"},\"sameAs\":[\"https:\\\/\\\/www.facebook.com\\\/truckblog\",\"https:\\\/\\\/www.instagram.com\\\/truck_online\\\/\",\"https:\\\/\\\/x.com\\\/https:\\\/\\\/twitter.com\\\/truckblog\",\"https:\\\/\\\/www.youtube.com\\\/user\\\/truckonline\",\"https:\\\/\\\/www.tumblr.com\\\/truckonline\"]}]}<\/script>\n<!-- \/ Yoast SEO plugin. -->","yoast_head_json":{"title":"Links und rechts der (Daten-) autobahn | TruckOnline.de","description":"Immer wenn ich jemanden sehe der irgendwie norditalienisch aussieht, halte ich gro\u00dfen Abstand und rufe: \"Hinfort mit Dir, Du Aussetziger!\" Bin zwar","robots":{"index":"index","follow":"follow","max-snippet":"max-snippet:-1","max-image-preview":"max-image-preview:large","max-video-preview":"max-video-preview:-1"},"canonical":"https:\/\/truckonline.de\/blog\/2020\/03\/01\/links-und-rechts-der-daten-autobahn-116\/","og_locale":"de_DE","og_type":"article","og_title":"Links und rechts der (Daten-) autobahn | TruckOnline.de","og_url":"https:\/\/truckonline.de\/blog\/2020\/03\/01\/links-und-rechts-der-daten-autobahn-116\/","og_site_name":"TruckOnline.de","article_publisher":"https:\/\/www.facebook.com\/truckblog","article_author":"https:\/\/www.facebook.com\/truckblog","article_published_time":"2020-03-01T11:08:26+00:00","article_modified_time":"2020-03-01T11:10:57+00:00","og_image":[{"width":2560,"height":1920,"url":"https:\/\/truckonline.de\/blog\/wp-content\/uploads\/2019\/12\/IMG_20191229_225424-scaled.jpg","type":"image\/jpeg"}],"author":"maik","twitter_card":"summary_large_image","twitter_creator":"@https:\/\/twitter.com\/truckblog","twitter_site":"@truckblog","twitter_misc":{"Verfasst von":"maik","Gesch\u00e4tzte Lesezeit":"3\u00a0Minuten"},"schema":{"@context":"https:\/\/schema.org","@graph":[{"@type":"Article","@id":"https:\/\/truckonline.de\/blog\/2020\/03\/01\/links-und-rechts-der-daten-autobahn-116\/#article","isPartOf":{"@id":"https:\/\/truckonline.de\/blog\/2020\/03\/01\/links-und-rechts-der-daten-autobahn-116\/"},"author":{"name":"maik","@id":"https:\/\/truckonline.de\/blog\/#\/schema\/person\/4cb59b86ffde81f882f56439688fda19"},"headline":"Links und rechts der (Daten-) autobahn","datePublished":"2020-03-01T11:08:26+00:00","dateModified":"2020-03-01T11:10:57+00:00","mainEntityOfPage":{"@id":"https:\/\/truckonline.de\/blog\/2020\/03\/01\/links-und-rechts-der-daten-autobahn-116\/"},"wordCount":526,"commentCount":1,"publisher":{"@id":"https:\/\/truckonline.de\/blog\/#\/schema\/person\/4cb59b86ffde81f882f56439688fda19"},"keywords":["Internet","LiebLinks"],"articleSection":["Links","World Wide Web"],"inLanguage":"de","potentialAction":[{"@type":"CommentAction","name":"Comment","target":["https:\/\/truckonline.de\/blog\/2020\/03\/01\/links-und-rechts-der-daten-autobahn-116\/#respond"]}]},{"@type":"WebPage","@id":"https:\/\/truckonline.de\/blog\/2020\/03\/01\/links-und-rechts-der-daten-autobahn-116\/","url":"https:\/\/truckonline.de\/blog\/2020\/03\/01\/links-und-rechts-der-daten-autobahn-116\/","name":"Links und rechts der (Daten-) autobahn | TruckOnline.de","isPartOf":{"@id":"https:\/\/truckonline.de\/blog\/#website"},"datePublished":"2020-03-01T11:08:26+00:00","dateModified":"2020-03-01T11:10:57+00:00","description":"Immer wenn ich jemanden sehe der irgendwie norditalienisch aussieht, halte ich gro\u00dfen Abstand und rufe: \"Hinfort mit Dir, Du Aussetziger!\" Bin zwar","breadcrumb":{"@id":"https:\/\/truckonline.de\/blog\/2020\/03\/01\/links-und-rechts-der-daten-autobahn-116\/#breadcrumb"},"inLanguage":"de","potentialAction":[{"@type":"ReadAction","target":["https:\/\/truckonline.de\/blog\/2020\/03\/01\/links-und-rechts-der-daten-autobahn-116\/"]}]},{"@type":"BreadcrumbList","@id":"https:\/\/truckonline.de\/blog\/2020\/03\/01\/links-und-rechts-der-daten-autobahn-116\/#breadcrumb","itemListElement":[{"@type":"ListItem","position":1,"name":"Startseite","item":"https:\/\/truckonline.de\/blog\/"},{"@type":"ListItem","position":2,"name":"Links und rechts der (Daten-) autobahn"}]},{"@type":"WebSite","@id":"https:\/\/truckonline.de\/blog\/#website","url":"https:\/\/truckonline.de\/blog\/","name":"TruckOnline.de","description":"","publisher":{"@id":"https:\/\/truckonline.de\/blog\/#\/schema\/person\/4cb59b86ffde81f882f56439688fda19"},"potentialAction":[{"@type":"SearchAction","target":{"@type":"EntryPoint","urlTemplate":"https:\/\/truckonline.de\/blog\/?s={search_term_string}"},"query-input":{"@type":"PropertyValueSpecification","valueRequired":true,"valueName":"search_term_string"}}],"inLanguage":"de"},{"@type":["Person","Organization"],"@id":"https:\/\/truckonline.de\/blog\/#\/schema\/person\/4cb59b86ffde81f882f56439688fda19","name":"maik","image":{"@type":"ImageObject","inLanguage":"de","@id":"https:\/\/truckonline.de\/blog\/wp-content\/uploads\/2019\/12\/logoinnenweiss.png","url":"https:\/\/truckonline.de\/blog\/wp-content\/uploads\/2019\/12\/logoinnenweiss.png","contentUrl":"https:\/\/truckonline.de\/blog\/wp-content\/uploads\/2019\/12\/logoinnenweiss.png","width":733,"height":125,"caption":"maik"},"logo":{"@id":"https:\/\/truckonline.de\/blog\/wp-content\/uploads\/2019\/12\/logoinnenweiss.png"},"sameAs":["https:\/\/www.facebook.com\/truckblog","https:\/\/www.instagram.com\/truck_online\/","https:\/\/x.com\/https:\/\/twitter.com\/truckblog","https:\/\/www.youtube.com\/user\/truckonline","https:\/\/www.tumblr.com\/truckonline"]}]}},"_links":{"self":[{"href":"https:\/\/truckonline.de\/blog\/wp-json\/wp\/v2\/posts\/9484","targetHints":{"allow":["GET"]}}],"collection":[{"href":"https:\/\/truckonline.de\/blog\/wp-json\/wp\/v2\/posts"}],"about":[{"href":"https:\/\/truckonline.de\/blog\/wp-json\/wp\/v2\/types\/post"}],"author":[{"embeddable":true,"href":"https:\/\/truckonline.de\/blog\/wp-json\/wp\/v2\/users\/3"}],"replies":[{"embeddable":true,"href":"https:\/\/truckonline.de\/blog\/wp-json\/wp\/v2\/comments?post=9484"}],"version-history":[{"count":1,"href":"https:\/\/truckonline.de\/blog\/wp-json\/wp\/v2\/posts\/9484\/revisions"}],"predecessor-version":[{"id":9485,"href":"https:\/\/truckonline.de\/blog\/wp-json\/wp\/v2\/posts\/9484\/revisions\/9485"}],"wp:attachment":[{"href":"https:\/\/truckonline.de\/blog\/wp-json\/wp\/v2\/media?parent=9484"}],"wp:term":[{"taxonomy":"category","embeddable":true,"href":"https:\/\/truckonline.de\/blog\/wp-json\/wp\/v2\/categories?post=9484"},{"taxonomy":"post_tag","embeddable":true,"href":"https:\/\/truckonline.de\/blog\/wp-json\/wp\/v2\/tags?post=9484"}],"curies":[{"name":"wp","href":"https:\/\/api.w.org\/{rel}","templated":true}]}}