{"id":9266,"date":"2019-12-22T20:09:46","date_gmt":"2019-12-22T19:09:46","guid":{"rendered":"https:\/\/truckonline.de\/blog\/?p=9266"},"modified":"2019-12-26T23:02:06","modified_gmt":"2019-12-26T22:02:06","slug":"links-und-rechts-der-daten-autobahn-107","status":"publish","type":"post","link":"https:\/\/truckonline.de\/blog\/2019\/12\/22\/links-und-rechts-der-daten-autobahn-107\/","title":{"rendered":"Links und rechts der (Daten-) autobahn"},"content":{"rendered":"\n<p>Das Verbringen der w\u00f6chentlichen Ruhezeit wird n\u00e4chstes Jahr in D\u00e4nemark teuer. <a rel=\"noreferrer noopener\" aria-label=\"Die Strafen f\u00fcr die, die sich nicht an das Verbot halten, sollen sich verzehnfachen (\u00f6ffnet in neuem Tab)\" href=\"https:\/\/trans.info\/de\/daenemark-deutlich-hoehere-strafen-fuer-die-verbringung-der-ruhepause-in-der-kabine-168905#\" target=\"_blank\">Die Strafen f\u00fcr die, die sich nicht an das Verbot halten, sollen sich verzehnfachen<\/a>. Dies betrifft sowohl Fahrer, als auch Frachtf\u00fchrer.<br>Der Sinn ist klar. Fahrer sollen nicht Wochen- oder Monatelang im Lkw hausen m\u00fcssen. Aber, nur die wenigsten machen das freiwillig. Und genau deshalb sind Fahrer die falschen Adressaten f\u00fcr solch hohe Strafen. Geht an die Firmen, und dabei nicht nur an den kleinen Transporteur, der f\u00fcr gro\u00dfe Logistiker als Sub- oder Subsubtransporteur f\u00e4hrt. Nee, eben auch an die gro\u00dfen Logistiker, denn gerade die verdienen am Nomadentum der Fahrer. <\/p>\n\n\n\n<p>Ach ja, der Gesetzgeber, der jetzt die Strafen f\u00fcr dieses Vergehen deutlich erh\u00f6ht. Genau der hat  doch jahrelang diese Ausw\u00fcchse toleriert. Eingeknickt vor der Wirtschaft und Unternehmerverb\u00e4nden. Die Arbeits- und Lebensbedingungen f\u00fcr den kleinen Arbeitnehmer, hier die Lkw-Fahrer, waren (und sind) kack egal. Jetzt wo westliche Branchenvertreter merken, oh, der Osten gr\u00e4bt uns wirklich langsam das Wasser ab, da wird der Ruf nach hohen Strafen auch bei denen laut. Jetzt wird also nach dem Sankt-Florian-Prinzip gehandelt. Potentielle Bedrohungen  nicht l\u00f6sen, sondern auf andere verschieben. Nicht sch\u00f6n. <br>*** <\/p>\n\n\n\n<p> Ein Seelsorger f\u00fcr Fernfahrer. <a rel=\"noreferrer noopener\" href=\"https:\/\/toll-collect-blog.de\/josef-krebs-ist-seelsorger-fuer-fernfahrer\/\" target=\"_blank\">Die Probleme sind immer die gleichen<\/a>.<br>*** <\/p>\n\n\n\n<p>Aber bald ist Weihnachten. Zeit sinnlich zu werden. Deshalb auch mal ein Lob an Transportverb\u00e4nde. Denn <a rel=\"noreferrer noopener\" aria-label=\"in einem gemeinsamen Schreiben an die Verkehrsminister und -senatoren  der Bundesl\u00e4nder haben sich die Verb\u00e4nde der Transport- und Logistikwirtschaft erneut f\u00fcr eine harmonisierte Fahrverbotsregelung (\u00f6ffnet in neuem Tab)\" href=\"https:\/\/www.verkehrsrundschau.de\/nachrichten\/verbaende-keine-lkw-fahrverbote-an-nicht-bundeseinheitlichen-feiertagen-2521388.html?fbclid=IwAR38TXu3CEUnfa7XbGjWW_1qOOxu3GMvydvA4j-2RCCzsEiedfDjSjJE06s\" target=\"_blank\">in einem gemeinsamen Schreiben an die Verkehrsminister und -senatoren  der Bundesl\u00e4nder haben sich die Verb\u00e4nde der Transport- und Logistikwirtschaft erneut f\u00fcr eine harmonisierte Fahrverbotsregelung<\/a> an nicht bundeseinheitlichen Feiertagen ausgesprochen. <\/p>\n\n\n\n<p>Finde ich prima. Nicht weil ich mehr arbeiten m\u00f6chte, sondern weil man an solchen Tagen sinnlos rumsteht. Am 6. Januar klappt es doch auch. Am Vormittag in Hessen oder Th\u00fcringen vorladen, dann durch Bayern fahren zu d\u00fcrfen, obwohl dort arbeitsfrei ist. Weil regionaler Feiertag. Erst ab M\u00fcnchen streitet man sich um die wenigen noch kommenden Parkpl\u00e4tze, weil vor \u00d6sterreich ist dann wirklich Schlu\u00df. Denn ich bin ja nicht der einzige, der das so macht.<br>*** <\/p>\n\n\n\n<p>Ukrainische Leiharbeiter bei DHL: <a href=\"https:\/\/www.dw.com\/de\/ukrainische-leiharbeiter-bei-dhl-die-schattenseite-des-weihnachtsgesch%C3%A4fts\/a-51717918\" target=\"_blank\" rel=\"noreferrer noopener\" aria-label=\"Die Schattenseite des Weihnachtsgesch\u00e4fts (\u00f6ffnet in neuem Tab)\">Die Schattenseite des Weihnachtsgesch\u00e4fts<\/a>.<br>***<\/p>\n\n\n\n<p>Wie gerne Lkw-Fahrer wochenlang unterwegs sind, zeigen regelm\u00e4\u00dfige Alkoholkontrollen der  Polizei an Wochenenden. <a rel=\"noreferrer noopener\" aria-label=\"Letztes Wochenende wurden 599 Lkw-Fahrer an den Rastst\u00e4tten Kraichgau, Hockenheim und Hardtwald kontrolliert (\u00f6ffnet in neuem Tab)\" href=\"https:\/\/www.rnz.de\/nachrichten\/metropolregion_artikel,-rhein-neckar-56-lkw-fahrer-waren-am-sonntagabend-alkoholisiert-_arid,486733.html\" target=\"_blank\">Letztes Wochenende wurden 599 Lkw-Fahrer an den Rastst\u00e4tten Kraichgau, Hockenheim und Hardtwald kontrolliert<\/a>. Von denen waren ungef\u00e4hr zehn Prozent alkoholisiert. Tja, irgendwie muss die Zeit ja verbracht werden.<br>***<\/p>\n\n\n\n<p> Waff? Warum faut ihr miff alle fo an? Ich warf nifft.<\/p>\n\n\n\n<p><a rel=\"noreferrer noopener\" aria-label=\"Diebe stahlen in Nieder\u00f6sterreich Lkw mit 160.000 Schwedenbomben (\u00f6ffnet in neuem Tab)\" href=\"https:\/\/www.derstandard.at\/story\/2000112519344\/diebe-stahlen-lkw-mit-160-000-schwedenbomben\" target=\"_blank\">Diebe stahlen in Nieder\u00f6sterreich Lkw mit 160.000 Schwedenbomben<\/a><br>***<\/p>\n\n\n\n<p>Diese Dinger hei\u00dfen wirklich Schwedenbombe. Also weder Negerkuss, noch Mohrenkopf. Und das auch nicht erst in der Neuzeit, sondern bereits seit 1926. <a rel=\"noreferrer noopener\" aria-label=\"Alles weitere wei\u00df Wikipedia (\u00f6ffnet in neuem Tab)\" href=\"https:\/\/de.m.wikipedia.org\/wiki\/Schwedenbombe\" target=\"_blank\">Alles weitere wei\u00df Wikipedia<\/a>.<br>***<\/p>\n\n\n\n<p>F\u00fcr viel \u00c4rger sorgte ein Zettel mit dem Spruch  \u201e<em>Diesen Bus steuert ein Deutscher Fahrer<\/em>\u201c, in einem Dresdner Omnibus.<br>Dieses nationalistische Getue mag ich auch nicht besonders. <a rel=\"noreferrer noopener\" aria-label=\"Aber das hineininterpretieren von irgendeiner Gesinnung in eigentlich simple Botschaften wie hier, ist mittlerweile so \u00fcbel und d\u00fcnnh\u00e4utig, dass es nur noch l\u00e4cherlich wirkt (\u00f6ffnet in neuem Tab)\" href=\"https:\/\/www.welt.de\/vermischtes\/article204391068\/Busfahrer-in-Dresden-Hinweisgeber-erhaelt-Drohungen.html?fbclid=IwAR16HZYFBBpcBidY9KT49kg5Fqgxaye78X0pTUWzWLUBPB0bv8EOx76IM6Q\" target=\"_blank\">Aber das hineininterpretieren von irgendeiner Gesinnung in eigentlich simple Botschaften wie hier, ist mittlerweile so \u00fcbel und d\u00fcnnh\u00e4utig, dass es nur noch l\u00e4cherlich wirkt<\/a>. <\/p>\n\n\n\n<p>Aufkleber mit &#8222;<em>Polish Driver<\/em>&#8220; sehe ich immer wieder mal auf polnischen Lkw. Sind deren Fahrer etwa polnische Nazis? Oder wollen die damit Ihrer Kundschaft zeigen, dass kein Belarusse, Ukrainer oder Moldawier am Steuer sitzt. Oder Franzosen finden es toll, wenn Ausl\u00e4nder zumindest einige W\u00f6rter ihrer Sprache sprechen. Ein Volk voller Nationalisten? <\/p>\n\n\n\n<p>In Italien sehe ich immer wieder Lkw, an denen L\u00e4mpchen in den Farben des Landes angebracht sind. Trauern die alle dem Duce nach? Bestimmt nicht. Solche Aussagen wie in dem Bus kann man kritisch sehen, klar. Und das der Busfahrer einen an der Murmel hat, vielleicht. Aber die Reaktionen darauf? Nun ja&#8230;<br>***<\/p>\n\n\n\n<p>Ein guter Junge. <a href=\"https:\/\/www.freiepresse.de\/erzgebirge\/marienberg\/17-jaehriger-gornauer-baut-schnelle-eingreiftruppe-auf-artikel10680211?fbclid=IwAR16HZYFBBpcBidY9KT49kg5Fqgxaye78X0pTUWzWLUBPB0bv8EOx76IM6Q\">Nicht quatschen, sondern handeln ist seine Devise. K\u00f6nnen sich viele ein Beispiel dran nehmen<\/a>.<br>*** <\/p>\n\n\n\n<p>Vor neun Wochen war ich da noch baden, jetzt kollidierte ein Schiff mit Felsen: <a href=\"https:\/\/www.t-online.de\/nachrichten\/panorama\/id_87042712\/unwetter-drei-tote-in-italien-venedig-wieder-unter-wasser.html\" target=\"_blank\" rel=\"noreferrer noopener\" aria-label=\"Vor Sant\u2019Antioco ist  bei Sturm ein Frachter auf einen Felsen gesto\u00dfen (\u00f6ffnet in neuem Tab)\">Vor Sant\u2019Antioco ist bei Sturm ein Frachter auf einen Felsen gesto\u00dfen<\/a>.<br>*** <\/p>\n","protected":false},"excerpt":{"rendered":"<p>Das Verbringen der w\u00f6chentlichen Ruhezeit wird n\u00e4chstes Jahr in D\u00e4nemark teuer. Die Strafen f\u00fcr die, die sich nicht an das Verbot halten, sollen sich verzehnfachen.&#8230;<\/p>\n<div class=\"more-link-wrapper\"><a class=\"more-link\" href=\"https:\/\/truckonline.de\/blog\/2019\/12\/22\/links-und-rechts-der-daten-autobahn-107\/\">Sie haben Ihr Ziel fast erreicht.<span class=\"screen-reader-text\">Links und rechts der (Daten-) autobahn<\/span><\/a><\/div>\n","protected":false},"author":3,"featured_media":0,"comment_status":"open","ping_status":"open","sticky":false,"template":"","format":"standard","meta":{"iawp_total_views":1,"_metis_text_type":"","_metis_text_length":0,"_post_count":0,"footnotes":""},"categories":[21,20],"tags":[36,380],"class_list":["post-9266","post","type-post","status-publish","format-standard","hentry","category-links-world-wide-web","category-world-wide-web","tag-internet","tag-lieblinks","ratio-2-1","entry"],"yoast_head":"<!-- This site is optimized with the Yoast SEO plugin v27.4 - https:\/\/yoast.com\/product\/yoast-seo-wordpress\/ -->\n<title>Viel \u00c4rger f\u00fcr einen Busfahrer aus Dresden | TruckOnline.de<\/title>\n<meta name=\"description\" content=\"Das Verbringen der w\u00f6chentlichen Ruhezeit wird n\u00e4chstes Jahr in D\u00e4nemark teuer. Die Strafen f\u00fcr die, die sich nicht an das Verbot halten, sollen sich verzehnfachen. Dies betrifft sowohl Fahrer, als auch Frachtf\u00fchrer.Der Sinn ist klar. Fahrer sollen nicht Wochen- oder Monatelang im Lkw hausen m\u00fcssen. Aber, nur die wenigsten machen das freiwillig.\" \/>\n<meta name=\"robots\" content=\"index, follow, max-snippet:-1, max-image-preview:large, max-video-preview:-1\" \/>\n<link rel=\"canonical\" href=\"https:\/\/truckonline.de\/blog\/2019\/12\/22\/links-und-rechts-der-daten-autobahn-107\/\" \/>\n<meta property=\"og:locale\" content=\"de_DE\" \/>\n<meta property=\"og:type\" content=\"article\" \/>\n<meta property=\"og:title\" content=\"Viel \u00c4rger f\u00fcr einen Busfahrer aus Dresden | TruckOnline.de\" \/>\n<meta property=\"og:url\" content=\"https:\/\/truckonline.de\/blog\/2019\/12\/22\/links-und-rechts-der-daten-autobahn-107\/\" \/>\n<meta property=\"og:site_name\" content=\"TruckOnline.de\" \/>\n<meta property=\"article:publisher\" content=\"https:\/\/www.facebook.com\/truckblog\" \/>\n<meta property=\"article:author\" content=\"https:\/\/www.facebook.com\/truckblog\" \/>\n<meta property=\"article:published_time\" content=\"2019-12-22T19:09:46+00:00\" \/>\n<meta property=\"article:modified_time\" content=\"2019-12-26T22:02:06+00:00\" \/>\n<meta property=\"og:image\" content=\"https:\/\/truckonline.de\/blog\/wp-content\/uploads\/2019\/12\/IMG_20191229_225424-scaled.jpg\" \/>\n\t<meta property=\"og:image:width\" content=\"2560\" \/>\n\t<meta property=\"og:image:height\" content=\"1920\" \/>\n\t<meta property=\"og:image:type\" content=\"image\/jpeg\" \/>\n<meta name=\"author\" content=\"maik\" \/>\n<meta name=\"twitter:card\" content=\"summary_large_image\" \/>\n<meta name=\"twitter:creator\" content=\"@https:\/\/twitter.com\/truckblog\" \/>\n<meta name=\"twitter:site\" content=\"@truckblog\" \/>\n<meta name=\"twitter:label1\" content=\"Verfasst von\" \/>\n\t<meta name=\"twitter:data1\" content=\"maik\" \/>\n\t<meta name=\"twitter:label2\" content=\"Gesch\u00e4tzte Lesezeit\" \/>\n\t<meta name=\"twitter:data2\" content=\"3\u00a0Minuten\" \/>\n<script type=\"application\/ld+json\" class=\"yoast-schema-graph\">{\"@context\":\"https:\\\/\\\/schema.org\",\"@graph\":[{\"@type\":\"Article\",\"@id\":\"https:\\\/\\\/truckonline.de\\\/blog\\\/2019\\\/12\\\/22\\\/links-und-rechts-der-daten-autobahn-107\\\/#article\",\"isPartOf\":{\"@id\":\"https:\\\/\\\/truckonline.de\\\/blog\\\/2019\\\/12\\\/22\\\/links-und-rechts-der-daten-autobahn-107\\\/\"},\"author\":{\"name\":\"maik\",\"@id\":\"https:\\\/\\\/truckonline.de\\\/blog\\\/#\\\/schema\\\/person\\\/4cb59b86ffde81f882f56439688fda19\"},\"headline\":\"Links und rechts der (Daten-) autobahn\",\"datePublished\":\"2019-12-22T19:09:46+00:00\",\"dateModified\":\"2019-12-26T22:02:06+00:00\",\"mainEntityOfPage\":{\"@id\":\"https:\\\/\\\/truckonline.de\\\/blog\\\/2019\\\/12\\\/22\\\/links-und-rechts-der-daten-autobahn-107\\\/\"},\"wordCount\":653,\"commentCount\":4,\"publisher\":{\"@id\":\"https:\\\/\\\/truckonline.de\\\/blog\\\/#\\\/schema\\\/person\\\/4cb59b86ffde81f882f56439688fda19\"},\"keywords\":[\"Internet\",\"LiebLinks\"],\"articleSection\":[\"Links\",\"World Wide Web\"],\"inLanguage\":\"de\",\"potentialAction\":[{\"@type\":\"CommentAction\",\"name\":\"Comment\",\"target\":[\"https:\\\/\\\/truckonline.de\\\/blog\\\/2019\\\/12\\\/22\\\/links-und-rechts-der-daten-autobahn-107\\\/#respond\"]}]},{\"@type\":\"WebPage\",\"@id\":\"https:\\\/\\\/truckonline.de\\\/blog\\\/2019\\\/12\\\/22\\\/links-und-rechts-der-daten-autobahn-107\\\/\",\"url\":\"https:\\\/\\\/truckonline.de\\\/blog\\\/2019\\\/12\\\/22\\\/links-und-rechts-der-daten-autobahn-107\\\/\",\"name\":\"Viel \u00c4rger f\u00fcr einen Busfahrer aus Dresden | TruckOnline.de\",\"isPartOf\":{\"@id\":\"https:\\\/\\\/truckonline.de\\\/blog\\\/#website\"},\"datePublished\":\"2019-12-22T19:09:46+00:00\",\"dateModified\":\"2019-12-26T22:02:06+00:00\",\"description\":\"Das Verbringen der w\u00f6chentlichen Ruhezeit wird n\u00e4chstes Jahr in D\u00e4nemark teuer. Die Strafen f\u00fcr die, die sich nicht an das Verbot halten, sollen sich verzehnfachen. Dies betrifft sowohl Fahrer, als auch Frachtf\u00fchrer.Der Sinn ist klar. Fahrer sollen nicht Wochen- oder Monatelang im Lkw hausen m\u00fcssen. Aber, nur die wenigsten machen das freiwillig.\",\"breadcrumb\":{\"@id\":\"https:\\\/\\\/truckonline.de\\\/blog\\\/2019\\\/12\\\/22\\\/links-und-rechts-der-daten-autobahn-107\\\/#breadcrumb\"},\"inLanguage\":\"de\",\"potentialAction\":[{\"@type\":\"ReadAction\",\"target\":[\"https:\\\/\\\/truckonline.de\\\/blog\\\/2019\\\/12\\\/22\\\/links-und-rechts-der-daten-autobahn-107\\\/\"]}]},{\"@type\":\"BreadcrumbList\",\"@id\":\"https:\\\/\\\/truckonline.de\\\/blog\\\/2019\\\/12\\\/22\\\/links-und-rechts-der-daten-autobahn-107\\\/#breadcrumb\",\"itemListElement\":[{\"@type\":\"ListItem\",\"position\":1,\"name\":\"Startseite\",\"item\":\"https:\\\/\\\/truckonline.de\\\/blog\\\/\"},{\"@type\":\"ListItem\",\"position\":2,\"name\":\"Links und rechts der (Daten-) autobahn\"}]},{\"@type\":\"WebSite\",\"@id\":\"https:\\\/\\\/truckonline.de\\\/blog\\\/#website\",\"url\":\"https:\\\/\\\/truckonline.de\\\/blog\\\/\",\"name\":\"TruckOnline.de\",\"description\":\"\",\"publisher\":{\"@id\":\"https:\\\/\\\/truckonline.de\\\/blog\\\/#\\\/schema\\\/person\\\/4cb59b86ffde81f882f56439688fda19\"},\"potentialAction\":[{\"@type\":\"SearchAction\",\"target\":{\"@type\":\"EntryPoint\",\"urlTemplate\":\"https:\\\/\\\/truckonline.de\\\/blog\\\/?s={search_term_string}\"},\"query-input\":{\"@type\":\"PropertyValueSpecification\",\"valueRequired\":true,\"valueName\":\"search_term_string\"}}],\"inLanguage\":\"de\"},{\"@type\":[\"Person\",\"Organization\"],\"@id\":\"https:\\\/\\\/truckonline.de\\\/blog\\\/#\\\/schema\\\/person\\\/4cb59b86ffde81f882f56439688fda19\",\"name\":\"maik\",\"image\":{\"@type\":\"ImageObject\",\"inLanguage\":\"de\",\"@id\":\"https:\\\/\\\/truckonline.de\\\/blog\\\/wp-content\\\/uploads\\\/2019\\\/12\\\/logoinnenweiss.png\",\"url\":\"https:\\\/\\\/truckonline.de\\\/blog\\\/wp-content\\\/uploads\\\/2019\\\/12\\\/logoinnenweiss.png\",\"contentUrl\":\"https:\\\/\\\/truckonline.de\\\/blog\\\/wp-content\\\/uploads\\\/2019\\\/12\\\/logoinnenweiss.png\",\"width\":733,\"height\":125,\"caption\":\"maik\"},\"logo\":{\"@id\":\"https:\\\/\\\/truckonline.de\\\/blog\\\/wp-content\\\/uploads\\\/2019\\\/12\\\/logoinnenweiss.png\"},\"sameAs\":[\"https:\\\/\\\/www.facebook.com\\\/truckblog\",\"https:\\\/\\\/www.instagram.com\\\/truck_online\\\/\",\"https:\\\/\\\/x.com\\\/https:\\\/\\\/twitter.com\\\/truckblog\",\"https:\\\/\\\/www.youtube.com\\\/user\\\/truckonline\",\"https:\\\/\\\/www.tumblr.com\\\/truckonline\"]}]}<\/script>\n<!-- \/ Yoast SEO plugin. -->","yoast_head_json":{"title":"Viel \u00c4rger f\u00fcr einen Busfahrer aus Dresden | TruckOnline.de","description":"Das Verbringen der w\u00f6chentlichen Ruhezeit wird n\u00e4chstes Jahr in D\u00e4nemark teuer. Die Strafen f\u00fcr die, die sich nicht an das Verbot halten, sollen sich verzehnfachen. Dies betrifft sowohl Fahrer, als auch Frachtf\u00fchrer.Der Sinn ist klar. Fahrer sollen nicht Wochen- oder Monatelang im Lkw hausen m\u00fcssen. Aber, nur die wenigsten machen das freiwillig.","robots":{"index":"index","follow":"follow","max-snippet":"max-snippet:-1","max-image-preview":"max-image-preview:large","max-video-preview":"max-video-preview:-1"},"canonical":"https:\/\/truckonline.de\/blog\/2019\/12\/22\/links-und-rechts-der-daten-autobahn-107\/","og_locale":"de_DE","og_type":"article","og_title":"Viel \u00c4rger f\u00fcr einen Busfahrer aus Dresden | TruckOnline.de","og_url":"https:\/\/truckonline.de\/blog\/2019\/12\/22\/links-und-rechts-der-daten-autobahn-107\/","og_site_name":"TruckOnline.de","article_publisher":"https:\/\/www.facebook.com\/truckblog","article_author":"https:\/\/www.facebook.com\/truckblog","article_published_time":"2019-12-22T19:09:46+00:00","article_modified_time":"2019-12-26T22:02:06+00:00","og_image":[{"width":2560,"height":1920,"url":"https:\/\/truckonline.de\/blog\/wp-content\/uploads\/2019\/12\/IMG_20191229_225424-scaled.jpg","type":"image\/jpeg"}],"author":"maik","twitter_card":"summary_large_image","twitter_creator":"@https:\/\/twitter.com\/truckblog","twitter_site":"@truckblog","twitter_misc":{"Verfasst von":"maik","Gesch\u00e4tzte Lesezeit":"3\u00a0Minuten"},"schema":{"@context":"https:\/\/schema.org","@graph":[{"@type":"Article","@id":"https:\/\/truckonline.de\/blog\/2019\/12\/22\/links-und-rechts-der-daten-autobahn-107\/#article","isPartOf":{"@id":"https:\/\/truckonline.de\/blog\/2019\/12\/22\/links-und-rechts-der-daten-autobahn-107\/"},"author":{"name":"maik","@id":"https:\/\/truckonline.de\/blog\/#\/schema\/person\/4cb59b86ffde81f882f56439688fda19"},"headline":"Links und rechts der (Daten-) autobahn","datePublished":"2019-12-22T19:09:46+00:00","dateModified":"2019-12-26T22:02:06+00:00","mainEntityOfPage":{"@id":"https:\/\/truckonline.de\/blog\/2019\/12\/22\/links-und-rechts-der-daten-autobahn-107\/"},"wordCount":653,"commentCount":4,"publisher":{"@id":"https:\/\/truckonline.de\/blog\/#\/schema\/person\/4cb59b86ffde81f882f56439688fda19"},"keywords":["Internet","LiebLinks"],"articleSection":["Links","World Wide Web"],"inLanguage":"de","potentialAction":[{"@type":"CommentAction","name":"Comment","target":["https:\/\/truckonline.de\/blog\/2019\/12\/22\/links-und-rechts-der-daten-autobahn-107\/#respond"]}]},{"@type":"WebPage","@id":"https:\/\/truckonline.de\/blog\/2019\/12\/22\/links-und-rechts-der-daten-autobahn-107\/","url":"https:\/\/truckonline.de\/blog\/2019\/12\/22\/links-und-rechts-der-daten-autobahn-107\/","name":"Viel \u00c4rger f\u00fcr einen Busfahrer aus Dresden | TruckOnline.de","isPartOf":{"@id":"https:\/\/truckonline.de\/blog\/#website"},"datePublished":"2019-12-22T19:09:46+00:00","dateModified":"2019-12-26T22:02:06+00:00","description":"Das Verbringen der w\u00f6chentlichen Ruhezeit wird n\u00e4chstes Jahr in D\u00e4nemark teuer. Die Strafen f\u00fcr die, die sich nicht an das Verbot halten, sollen sich verzehnfachen. Dies betrifft sowohl Fahrer, als auch Frachtf\u00fchrer.Der Sinn ist klar. Fahrer sollen nicht Wochen- oder Monatelang im Lkw hausen m\u00fcssen. Aber, nur die wenigsten machen das freiwillig.","breadcrumb":{"@id":"https:\/\/truckonline.de\/blog\/2019\/12\/22\/links-und-rechts-der-daten-autobahn-107\/#breadcrumb"},"inLanguage":"de","potentialAction":[{"@type":"ReadAction","target":["https:\/\/truckonline.de\/blog\/2019\/12\/22\/links-und-rechts-der-daten-autobahn-107\/"]}]},{"@type":"BreadcrumbList","@id":"https:\/\/truckonline.de\/blog\/2019\/12\/22\/links-und-rechts-der-daten-autobahn-107\/#breadcrumb","itemListElement":[{"@type":"ListItem","position":1,"name":"Startseite","item":"https:\/\/truckonline.de\/blog\/"},{"@type":"ListItem","position":2,"name":"Links und rechts der (Daten-) autobahn"}]},{"@type":"WebSite","@id":"https:\/\/truckonline.de\/blog\/#website","url":"https:\/\/truckonline.de\/blog\/","name":"TruckOnline.de","description":"","publisher":{"@id":"https:\/\/truckonline.de\/blog\/#\/schema\/person\/4cb59b86ffde81f882f56439688fda19"},"potentialAction":[{"@type":"SearchAction","target":{"@type":"EntryPoint","urlTemplate":"https:\/\/truckonline.de\/blog\/?s={search_term_string}"},"query-input":{"@type":"PropertyValueSpecification","valueRequired":true,"valueName":"search_term_string"}}],"inLanguage":"de"},{"@type":["Person","Organization"],"@id":"https:\/\/truckonline.de\/blog\/#\/schema\/person\/4cb59b86ffde81f882f56439688fda19","name":"maik","image":{"@type":"ImageObject","inLanguage":"de","@id":"https:\/\/truckonline.de\/blog\/wp-content\/uploads\/2019\/12\/logoinnenweiss.png","url":"https:\/\/truckonline.de\/blog\/wp-content\/uploads\/2019\/12\/logoinnenweiss.png","contentUrl":"https:\/\/truckonline.de\/blog\/wp-content\/uploads\/2019\/12\/logoinnenweiss.png","width":733,"height":125,"caption":"maik"},"logo":{"@id":"https:\/\/truckonline.de\/blog\/wp-content\/uploads\/2019\/12\/logoinnenweiss.png"},"sameAs":["https:\/\/www.facebook.com\/truckblog","https:\/\/www.instagram.com\/truck_online\/","https:\/\/x.com\/https:\/\/twitter.com\/truckblog","https:\/\/www.youtube.com\/user\/truckonline","https:\/\/www.tumblr.com\/truckonline"]}]}},"_links":{"self":[{"href":"https:\/\/truckonline.de\/blog\/wp-json\/wp\/v2\/posts\/9266","targetHints":{"allow":["GET"]}}],"collection":[{"href":"https:\/\/truckonline.de\/blog\/wp-json\/wp\/v2\/posts"}],"about":[{"href":"https:\/\/truckonline.de\/blog\/wp-json\/wp\/v2\/types\/post"}],"author":[{"embeddable":true,"href":"https:\/\/truckonline.de\/blog\/wp-json\/wp\/v2\/users\/3"}],"replies":[{"embeddable":true,"href":"https:\/\/truckonline.de\/blog\/wp-json\/wp\/v2\/comments?post=9266"}],"version-history":[{"count":7,"href":"https:\/\/truckonline.de\/blog\/wp-json\/wp\/v2\/posts\/9266\/revisions"}],"predecessor-version":[{"id":9342,"href":"https:\/\/truckonline.de\/blog\/wp-json\/wp\/v2\/posts\/9266\/revisions\/9342"}],"wp:attachment":[{"href":"https:\/\/truckonline.de\/blog\/wp-json\/wp\/v2\/media?parent=9266"}],"wp:term":[{"taxonomy":"category","embeddable":true,"href":"https:\/\/truckonline.de\/blog\/wp-json\/wp\/v2\/categories?post=9266"},{"taxonomy":"post_tag","embeddable":true,"href":"https:\/\/truckonline.de\/blog\/wp-json\/wp\/v2\/tags?post=9266"}],"curies":[{"name":"wp","href":"https:\/\/api.w.org\/{rel}","templated":true}]}}