{"id":9241,"date":"2019-12-15T22:18:51","date_gmt":"2019-12-15T21:18:51","guid":{"rendered":"https:\/\/truckonline.de\/blog\/?p=9241"},"modified":"2019-12-26T18:01:09","modified_gmt":"2019-12-26T17:01:09","slug":"links-und-rechts-der-daten-autobahn-106","status":"publish","type":"post","link":"https:\/\/truckonline.de\/blog\/2019\/12\/15\/links-und-rechts-der-daten-autobahn-106\/","title":{"rendered":"Links und rechts der (Daten-) autobahn"},"content":{"rendered":"\n<p>In Ostwestfalen haben Unbekannte<a href=\"https:\/\/web.de\/magazine\/regio\/nordrhein-westfalen\/lkw-fahrer-autobahn-gewunken-ausgeraubt-34254036\" target=\"_blank\" rel=\"noreferrer noopener\" aria-label=\" einen Lkw von der Autobahn gelotst, dessen Fahrer anschlie\u00dfend ausgeraubt und verletzt (\u00f6ffnet in neuem Tab)\"> einen Lkw von der Autobahn gelotst, dessen Fahrer anschlie\u00dfend ausgeraubt und verletzt<\/a>. Der dachte, es w\u00e4ren Polizisten, die ihn kontrollieren wollten. <\/p>\n\n\n\n<p> Eine Polizeikontrolle? In Deutschland? Mal ehrlich, dass kann doch nur eine Falle sein.<br> ***<\/p>\n\n\n\n<p>Neues aus der Innovationsrepublik Deutschland: <a rel=\"noreferrer noopener\" aria-label=\"Der E-Highway wurde lahm gelegt (\u00f6ffnet in neuem Tab)\" href=\"https:\/\/www.op-online.de\/region\/a5-weiterstadt-panne-e-highway-loest-chaos-stau-zr-13289558.html\" target=\"_blank\">Der E-Highway wurde lahm gelegt<\/a>. Von einem Spanngurt. Das macht uns keiner nach. <br>***<\/p>\n\n\n\n<p>Seine Ruhezeit nicht mehr im Lkw verbringen? <a href=\"https:\/\/www.faz.net\/aktuell\/wirtschaft\/fernfahrer-sollen-ruhezeit-nicht-mehr-im-lkw-verbringen-16532079.html\" target=\"_blank\" rel=\"noreferrer noopener\" aria-label=\"Yeah, jeden Abend zu Hause (\u00f6ffnet in neuem Tab)\">Yeah, jeden Abend zu Hause<\/a>. Hat dieses &#8222;heute hier&#8220; und &#8222;morgen da&#8220; endlich ein Ende?<\/p>\n\n\n\n<p> Nein, hat es nicht. Bei der &#8222;<em>FAZ<\/em>&#8220; blickt man nicht mehr durch.  Es geht eigentlich um die &#8222;w\u00f6chentliche Ruhezeit&#8220;, nicht um die  &#8222;t\u00e4gliche Ruhezeit&#8220;. F\u00fcr die in Frankfurt ist das aber alles eins. Die  machen daraus gleich ein komplettes Verbot daraus. Ein bissel  Genauigkeit werde ich ja wohl noch erwarten d\u00fcrfen. <br>*** <\/p>\n\n\n\n<p><a rel=\"noreferrer noopener\" aria-label=\"Riskant \u00fcberholt, ab in den Knast (\u00f6ffnet in neuem Tab)\" href=\"https:\/\/www.br.de\/nachrichten\/bayern\/prozess-um-riskantes-ueberholmanoever-haftstrafe-fuer-lkw-fahrer,RkRDlxI?UTM_Name=Web-Share&amp;fbclid=IwAR18gi6wBpi0Jxa2NEtDM39CaKejXsn5-kC5K6LXgkBEV5zeKk4uq3oHI28\" target=\"_blank\">Riskant \u00fcberholt, ab in den Knast<\/a>. <br>***<\/p>\n\n\n\n<p>Ein Lkw-Fahrer ist<a rel=\"noreferrer noopener\" aria-label=\" jeden Tag in M\u00fcnchen unterwegs und berichtet vom Verkehrsalltag (\u00f6ffnet in neuem Tab)\" href=\"https:\/\/www.abendzeitung-muenchen.de\/inhalt.zahlreiche-unfaelle-mit-radlern-muenchner-sicherheitsdebatte-jetzt-spricht-ein-lkw-fahrer.ca51094d-c5ed-4248-a372-fcd139bdba66.html?fbclid=IwAR3XILeZSZvsLHOvv7U6jiV8ccPbkUPfQUWRsu4J5JJsiVdkj58sKWWxwR4\" target=\"_blank\"> jeden Tag in M\u00fcnchen unterwegs und berichtet vom Verkehrsalltag<\/a> in dieser Stadt. Kann man auf jede Stadt ausweiten. M\u00fcnchen ist also \u00fcberall.<br>***<\/p>\n\n\n\n<p>Der Bundesrechnungshof moniert zu hohe staatliche Ausgaben. So werden <a rel=\"noreferrer noopener\" aria-label=\"\u00fcberdimensionierte WC-Anlagen auf unbewirtschafteten Rastpl\u00e4tzen an Bundesautobahnen in Niedersachsen (\u00f6ffnet in neuem Tab)\" href=\"https:\/\/www.spiegel.de\/politik\/deutschland\/bundesrechnungshof-wirft-bundesregierung-vielfaeltiges-missmanagement-vor-a-1300614-amp.html\" target=\"_blank\">\u00fcberdimensionierte WC-Anlagen auf unbewirtschafteten Rastpl\u00e4tzen an Bundesautobahnen in Niedersachsen<\/a> kritisiert.<br>Jetzt habe ich beim kacken schon ein schlechtes Gewissen.<br>***<\/p>\n\n\n\n<p>Irgendwie bleibt alles beim Alten:  Seit <a rel=\"noreferrer noopener\" aria-label=\"\u00fcber zwei Monaten war die Fahrerkabine eines Lkw das einzige Zuhause eines 23-J\u00e4hrigen (\u00f6ffnet in neuem Tab)\" href=\"https:\/\/www.otz.de\/regionen\/bad-lobenstein\/lkw-fahrer-lebt-seit-anfang-oktober-nur-im-fuehrerhaus-id227832921.html\" target=\"_blank\">\u00fcber zwei Monaten war die Fahrerkabine eines Lkw das einzige Zuhause eines 23-J\u00e4hrigen<\/a>, den die Polizei jetzt auf der Autobahn 9 aus dem Verkehr gezogen hat. <br>***<\/p>\n\n\n\n<p>Weil ja immer wieder die Bauern erw\u00e4hnt werden. Ist das Ansehen der Bauern durch deren Proteste in der Bev\u00f6lkerung gestiegen? Also bei mir nicht. Ich habe weder mehr, noch weniger Bezug zu denen. <a href=\"https:\/\/www.eurotransport.de\/artikel\/lkw-branche-protestiert-sternfahrt-nach-bruessel-geplant-11012774.html?fbclid=IwAR1B8aFlYz-CXwqqTRamwAS84AFOkj15CLbSF9HbVIbfDhB1CGWQf3VTc2Y\" target=\"_blank\" rel=\"noreferrer noopener\" aria-label=\"Ich finde ja, durch Respekt einfordern, wird nix erreicht. Nicht nur wir Fahrer, sondern die ganze Branche, hat nicht den besten Ru (\u00f6ffnet in neuem Tab)\">Ich finde ja, durch Respekt einfordern, wird nix erreicht. Nicht nur wir Fahrer, sondern die ganze Branche, hat nicht den besten Ru<\/a>f. Und ich denke, dass ist auch nicht mehr zu \u00e4ndern. Weder durch Sternfahrten, irgendwelche Aktionen und auch nicht durch offene Briefe an Politiker. Jedes unn\u00f6tige \u00dcberholman\u00f6ver, jeder zermatschte Lkw am Stauende, jeder umgenietete  Fahrradfahrer, auch jede Jogginghose oder riechender Rastplatz und auch endlose Reihen von Lastern auf der rechten Autobahnspur macht wieder alles zunichte. Denn das bleibt im Hirn der Leute h\u00e4ngen. Ist halt leider so.<br>*** <\/p>\n","protected":false},"excerpt":{"rendered":"<p>In Ostwestfalen haben Unbekannte einen Lkw von der Autobahn gelotst, dessen Fahrer anschlie\u00dfend ausgeraubt und verletzt. Der dachte, es w\u00e4ren Polizisten, die ihn kontrollieren wollten.&#8230;<\/p>\n<div class=\"more-link-wrapper\"><a class=\"more-link\" href=\"https:\/\/truckonline.de\/blog\/2019\/12\/15\/links-und-rechts-der-daten-autobahn-106\/\">Sie haben Ihr Ziel fast erreicht.<span class=\"screen-reader-text\">Links und rechts der (Daten-) autobahn<\/span><\/a><\/div>\n","protected":false},"author":3,"featured_media":0,"comment_status":"open","ping_status":"open","sticky":false,"template":"","format":"standard","meta":{"iawp_total_views":0,"_metis_text_type":"","_metis_text_length":0,"_post_count":0,"footnotes":""},"categories":[21,20],"tags":[36,1898],"class_list":["post-9241","post","type-post","status-publish","format-standard","hentry","category-links-world-wide-web","category-world-wide-web","tag-internet","tag-presse","ratio-2-1","entry"],"yoast_head":"<!-- This site is optimized with the Yoast SEO plugin v27.4 - https:\/\/yoast.com\/product\/yoast-seo-wordpress\/ -->\n<title>Polizeikontrolle in Deutschland? Das kann nur eine Falle | TruckOnline.de<\/title>\n<meta name=\"description\" content=\"In Ostwestfalen haben Unbekannte einen Lkw von der Autobahn gelotst, dessen Fahrer anschlie\u00dfend ausgeraubt und verletzt. Der dachte, es w\u00e4ren Polizisten,\" \/>\n<meta name=\"robots\" content=\"index, follow, max-snippet:-1, max-image-preview:large, max-video-preview:-1\" \/>\n<link rel=\"canonical\" href=\"https:\/\/truckonline.de\/blog\/2019\/12\/15\/links-und-rechts-der-daten-autobahn-106\/\" \/>\n<meta property=\"og:locale\" content=\"de_DE\" \/>\n<meta property=\"og:type\" content=\"article\" \/>\n<meta property=\"og:title\" content=\"Polizeikontrolle in Deutschland? Das kann nur eine Falle | TruckOnline.de\" \/>\n<meta property=\"og:url\" content=\"https:\/\/truckonline.de\/blog\/2019\/12\/15\/links-und-rechts-der-daten-autobahn-106\/\" \/>\n<meta property=\"og:site_name\" content=\"TruckOnline.de\" \/>\n<meta property=\"article:publisher\" content=\"https:\/\/www.facebook.com\/truckblog\" \/>\n<meta property=\"article:author\" content=\"https:\/\/www.facebook.com\/truckblog\" \/>\n<meta property=\"article:published_time\" content=\"2019-12-15T21:18:51+00:00\" \/>\n<meta property=\"article:modified_time\" content=\"2019-12-26T17:01:09+00:00\" \/>\n<meta property=\"og:image\" content=\"https:\/\/truckonline.de\/blog\/wp-content\/uploads\/2019\/12\/IMG_20191229_225424-scaled.jpg\" \/>\n\t<meta property=\"og:image:width\" content=\"2560\" \/>\n\t<meta property=\"og:image:height\" content=\"1920\" \/>\n\t<meta property=\"og:image:type\" content=\"image\/jpeg\" \/>\n<meta name=\"author\" content=\"maik\" \/>\n<meta name=\"twitter:card\" content=\"summary_large_image\" \/>\n<meta name=\"twitter:creator\" content=\"@https:\/\/twitter.com\/truckblog\" \/>\n<meta name=\"twitter:site\" content=\"@truckblog\" \/>\n<meta name=\"twitter:label1\" content=\"Verfasst von\" \/>\n\t<meta name=\"twitter:data1\" content=\"maik\" \/>\n\t<meta name=\"twitter:label2\" content=\"Gesch\u00e4tzte Lesezeit\" \/>\n\t<meta name=\"twitter:data2\" content=\"2\u00a0Minuten\" \/>\n<script type=\"application\/ld+json\" class=\"yoast-schema-graph\">{\"@context\":\"https:\\\/\\\/schema.org\",\"@graph\":[{\"@type\":\"Article\",\"@id\":\"https:\\\/\\\/truckonline.de\\\/blog\\\/2019\\\/12\\\/15\\\/links-und-rechts-der-daten-autobahn-106\\\/#article\",\"isPartOf\":{\"@id\":\"https:\\\/\\\/truckonline.de\\\/blog\\\/2019\\\/12\\\/15\\\/links-und-rechts-der-daten-autobahn-106\\\/\"},\"author\":{\"name\":\"maik\",\"@id\":\"https:\\\/\\\/truckonline.de\\\/blog\\\/#\\\/schema\\\/person\\\/4cb59b86ffde81f882f56439688fda19\"},\"headline\":\"Links und rechts der (Daten-) autobahn\",\"datePublished\":\"2019-12-15T21:18:51+00:00\",\"dateModified\":\"2019-12-26T17:01:09+00:00\",\"mainEntityOfPage\":{\"@id\":\"https:\\\/\\\/truckonline.de\\\/blog\\\/2019\\\/12\\\/15\\\/links-und-rechts-der-daten-autobahn-106\\\/\"},\"wordCount\":361,\"commentCount\":2,\"publisher\":{\"@id\":\"https:\\\/\\\/truckonline.de\\\/blog\\\/#\\\/schema\\\/person\\\/4cb59b86ffde81f882f56439688fda19\"},\"keywords\":[\"Internet\",\"Presse\"],\"articleSection\":[\"Links\",\"World Wide Web\"],\"inLanguage\":\"de\",\"potentialAction\":[{\"@type\":\"CommentAction\",\"name\":\"Comment\",\"target\":[\"https:\\\/\\\/truckonline.de\\\/blog\\\/2019\\\/12\\\/15\\\/links-und-rechts-der-daten-autobahn-106\\\/#respond\"]}]},{\"@type\":\"WebPage\",\"@id\":\"https:\\\/\\\/truckonline.de\\\/blog\\\/2019\\\/12\\\/15\\\/links-und-rechts-der-daten-autobahn-106\\\/\",\"url\":\"https:\\\/\\\/truckonline.de\\\/blog\\\/2019\\\/12\\\/15\\\/links-und-rechts-der-daten-autobahn-106\\\/\",\"name\":\"Polizeikontrolle in Deutschland? Das kann nur eine Falle | TruckOnline.de\",\"isPartOf\":{\"@id\":\"https:\\\/\\\/truckonline.de\\\/blog\\\/#website\"},\"datePublished\":\"2019-12-15T21:18:51+00:00\",\"dateModified\":\"2019-12-26T17:01:09+00:00\",\"description\":\"In Ostwestfalen haben Unbekannte einen Lkw von der Autobahn gelotst, dessen Fahrer anschlie\u00dfend ausgeraubt und verletzt. Der dachte, es w\u00e4ren Polizisten,\",\"breadcrumb\":{\"@id\":\"https:\\\/\\\/truckonline.de\\\/blog\\\/2019\\\/12\\\/15\\\/links-und-rechts-der-daten-autobahn-106\\\/#breadcrumb\"},\"inLanguage\":\"de\",\"potentialAction\":[{\"@type\":\"ReadAction\",\"target\":[\"https:\\\/\\\/truckonline.de\\\/blog\\\/2019\\\/12\\\/15\\\/links-und-rechts-der-daten-autobahn-106\\\/\"]}]},{\"@type\":\"BreadcrumbList\",\"@id\":\"https:\\\/\\\/truckonline.de\\\/blog\\\/2019\\\/12\\\/15\\\/links-und-rechts-der-daten-autobahn-106\\\/#breadcrumb\",\"itemListElement\":[{\"@type\":\"ListItem\",\"position\":1,\"name\":\"Startseite\",\"item\":\"https:\\\/\\\/truckonline.de\\\/blog\\\/\"},{\"@type\":\"ListItem\",\"position\":2,\"name\":\"Links und rechts der (Daten-) autobahn\"}]},{\"@type\":\"WebSite\",\"@id\":\"https:\\\/\\\/truckonline.de\\\/blog\\\/#website\",\"url\":\"https:\\\/\\\/truckonline.de\\\/blog\\\/\",\"name\":\"TruckOnline.de\",\"description\":\"\",\"publisher\":{\"@id\":\"https:\\\/\\\/truckonline.de\\\/blog\\\/#\\\/schema\\\/person\\\/4cb59b86ffde81f882f56439688fda19\"},\"potentialAction\":[{\"@type\":\"SearchAction\",\"target\":{\"@type\":\"EntryPoint\",\"urlTemplate\":\"https:\\\/\\\/truckonline.de\\\/blog\\\/?s={search_term_string}\"},\"query-input\":{\"@type\":\"PropertyValueSpecification\",\"valueRequired\":true,\"valueName\":\"search_term_string\"}}],\"inLanguage\":\"de\"},{\"@type\":[\"Person\",\"Organization\"],\"@id\":\"https:\\\/\\\/truckonline.de\\\/blog\\\/#\\\/schema\\\/person\\\/4cb59b86ffde81f882f56439688fda19\",\"name\":\"maik\",\"image\":{\"@type\":\"ImageObject\",\"inLanguage\":\"de\",\"@id\":\"https:\\\/\\\/truckonline.de\\\/blog\\\/wp-content\\\/uploads\\\/2019\\\/12\\\/logoinnenweiss.png\",\"url\":\"https:\\\/\\\/truckonline.de\\\/blog\\\/wp-content\\\/uploads\\\/2019\\\/12\\\/logoinnenweiss.png\",\"contentUrl\":\"https:\\\/\\\/truckonline.de\\\/blog\\\/wp-content\\\/uploads\\\/2019\\\/12\\\/logoinnenweiss.png\",\"width\":733,\"height\":125,\"caption\":\"maik\"},\"logo\":{\"@id\":\"https:\\\/\\\/truckonline.de\\\/blog\\\/wp-content\\\/uploads\\\/2019\\\/12\\\/logoinnenweiss.png\"},\"sameAs\":[\"https:\\\/\\\/www.facebook.com\\\/truckblog\",\"https:\\\/\\\/www.instagram.com\\\/truck_online\\\/\",\"https:\\\/\\\/x.com\\\/https:\\\/\\\/twitter.com\\\/truckblog\",\"https:\\\/\\\/www.youtube.com\\\/user\\\/truckonline\",\"https:\\\/\\\/www.tumblr.com\\\/truckonline\"]}]}<\/script>\n<!-- \/ Yoast SEO plugin. -->","yoast_head_json":{"title":"Polizeikontrolle in Deutschland? Das kann nur eine Falle | TruckOnline.de","description":"In Ostwestfalen haben Unbekannte einen Lkw von der Autobahn gelotst, dessen Fahrer anschlie\u00dfend ausgeraubt und verletzt. Der dachte, es w\u00e4ren Polizisten,","robots":{"index":"index","follow":"follow","max-snippet":"max-snippet:-1","max-image-preview":"max-image-preview:large","max-video-preview":"max-video-preview:-1"},"canonical":"https:\/\/truckonline.de\/blog\/2019\/12\/15\/links-und-rechts-der-daten-autobahn-106\/","og_locale":"de_DE","og_type":"article","og_title":"Polizeikontrolle in Deutschland? Das kann nur eine Falle | TruckOnline.de","og_url":"https:\/\/truckonline.de\/blog\/2019\/12\/15\/links-und-rechts-der-daten-autobahn-106\/","og_site_name":"TruckOnline.de","article_publisher":"https:\/\/www.facebook.com\/truckblog","article_author":"https:\/\/www.facebook.com\/truckblog","article_published_time":"2019-12-15T21:18:51+00:00","article_modified_time":"2019-12-26T17:01:09+00:00","og_image":[{"width":2560,"height":1920,"url":"https:\/\/truckonline.de\/blog\/wp-content\/uploads\/2019\/12\/IMG_20191229_225424-scaled.jpg","type":"image\/jpeg"}],"author":"maik","twitter_card":"summary_large_image","twitter_creator":"@https:\/\/twitter.com\/truckblog","twitter_site":"@truckblog","twitter_misc":{"Verfasst von":"maik","Gesch\u00e4tzte Lesezeit":"2\u00a0Minuten"},"schema":{"@context":"https:\/\/schema.org","@graph":[{"@type":"Article","@id":"https:\/\/truckonline.de\/blog\/2019\/12\/15\/links-und-rechts-der-daten-autobahn-106\/#article","isPartOf":{"@id":"https:\/\/truckonline.de\/blog\/2019\/12\/15\/links-und-rechts-der-daten-autobahn-106\/"},"author":{"name":"maik","@id":"https:\/\/truckonline.de\/blog\/#\/schema\/person\/4cb59b86ffde81f882f56439688fda19"},"headline":"Links und rechts der (Daten-) autobahn","datePublished":"2019-12-15T21:18:51+00:00","dateModified":"2019-12-26T17:01:09+00:00","mainEntityOfPage":{"@id":"https:\/\/truckonline.de\/blog\/2019\/12\/15\/links-und-rechts-der-daten-autobahn-106\/"},"wordCount":361,"commentCount":2,"publisher":{"@id":"https:\/\/truckonline.de\/blog\/#\/schema\/person\/4cb59b86ffde81f882f56439688fda19"},"keywords":["Internet","Presse"],"articleSection":["Links","World Wide Web"],"inLanguage":"de","potentialAction":[{"@type":"CommentAction","name":"Comment","target":["https:\/\/truckonline.de\/blog\/2019\/12\/15\/links-und-rechts-der-daten-autobahn-106\/#respond"]}]},{"@type":"WebPage","@id":"https:\/\/truckonline.de\/blog\/2019\/12\/15\/links-und-rechts-der-daten-autobahn-106\/","url":"https:\/\/truckonline.de\/blog\/2019\/12\/15\/links-und-rechts-der-daten-autobahn-106\/","name":"Polizeikontrolle in Deutschland? Das kann nur eine Falle | TruckOnline.de","isPartOf":{"@id":"https:\/\/truckonline.de\/blog\/#website"},"datePublished":"2019-12-15T21:18:51+00:00","dateModified":"2019-12-26T17:01:09+00:00","description":"In Ostwestfalen haben Unbekannte einen Lkw von der Autobahn gelotst, dessen Fahrer anschlie\u00dfend ausgeraubt und verletzt. Der dachte, es w\u00e4ren Polizisten,","breadcrumb":{"@id":"https:\/\/truckonline.de\/blog\/2019\/12\/15\/links-und-rechts-der-daten-autobahn-106\/#breadcrumb"},"inLanguage":"de","potentialAction":[{"@type":"ReadAction","target":["https:\/\/truckonline.de\/blog\/2019\/12\/15\/links-und-rechts-der-daten-autobahn-106\/"]}]},{"@type":"BreadcrumbList","@id":"https:\/\/truckonline.de\/blog\/2019\/12\/15\/links-und-rechts-der-daten-autobahn-106\/#breadcrumb","itemListElement":[{"@type":"ListItem","position":1,"name":"Startseite","item":"https:\/\/truckonline.de\/blog\/"},{"@type":"ListItem","position":2,"name":"Links und rechts der (Daten-) autobahn"}]},{"@type":"WebSite","@id":"https:\/\/truckonline.de\/blog\/#website","url":"https:\/\/truckonline.de\/blog\/","name":"TruckOnline.de","description":"","publisher":{"@id":"https:\/\/truckonline.de\/blog\/#\/schema\/person\/4cb59b86ffde81f882f56439688fda19"},"potentialAction":[{"@type":"SearchAction","target":{"@type":"EntryPoint","urlTemplate":"https:\/\/truckonline.de\/blog\/?s={search_term_string}"},"query-input":{"@type":"PropertyValueSpecification","valueRequired":true,"valueName":"search_term_string"}}],"inLanguage":"de"},{"@type":["Person","Organization"],"@id":"https:\/\/truckonline.de\/blog\/#\/schema\/person\/4cb59b86ffde81f882f56439688fda19","name":"maik","image":{"@type":"ImageObject","inLanguage":"de","@id":"https:\/\/truckonline.de\/blog\/wp-content\/uploads\/2019\/12\/logoinnenweiss.png","url":"https:\/\/truckonline.de\/blog\/wp-content\/uploads\/2019\/12\/logoinnenweiss.png","contentUrl":"https:\/\/truckonline.de\/blog\/wp-content\/uploads\/2019\/12\/logoinnenweiss.png","width":733,"height":125,"caption":"maik"},"logo":{"@id":"https:\/\/truckonline.de\/blog\/wp-content\/uploads\/2019\/12\/logoinnenweiss.png"},"sameAs":["https:\/\/www.facebook.com\/truckblog","https:\/\/www.instagram.com\/truck_online\/","https:\/\/x.com\/https:\/\/twitter.com\/truckblog","https:\/\/www.youtube.com\/user\/truckonline","https:\/\/www.tumblr.com\/truckonline"]}]}},"_links":{"self":[{"href":"https:\/\/truckonline.de\/blog\/wp-json\/wp\/v2\/posts\/9241","targetHints":{"allow":["GET"]}}],"collection":[{"href":"https:\/\/truckonline.de\/blog\/wp-json\/wp\/v2\/posts"}],"about":[{"href":"https:\/\/truckonline.de\/blog\/wp-json\/wp\/v2\/types\/post"}],"author":[{"embeddable":true,"href":"https:\/\/truckonline.de\/blog\/wp-json\/wp\/v2\/users\/3"}],"replies":[{"embeddable":true,"href":"https:\/\/truckonline.de\/blog\/wp-json\/wp\/v2\/comments?post=9241"}],"version-history":[{"count":2,"href":"https:\/\/truckonline.de\/blog\/wp-json\/wp\/v2\/posts\/9241\/revisions"}],"predecessor-version":[{"id":9244,"href":"https:\/\/truckonline.de\/blog\/wp-json\/wp\/v2\/posts\/9241\/revisions\/9244"}],"wp:attachment":[{"href":"https:\/\/truckonline.de\/blog\/wp-json\/wp\/v2\/media?parent=9241"}],"wp:term":[{"taxonomy":"category","embeddable":true,"href":"https:\/\/truckonline.de\/blog\/wp-json\/wp\/v2\/categories?post=9241"},{"taxonomy":"post_tag","embeddable":true,"href":"https:\/\/truckonline.de\/blog\/wp-json\/wp\/v2\/tags?post=9241"}],"curies":[{"name":"wp","href":"https:\/\/api.w.org\/{rel}","templated":true}]}}