{"id":903,"date":"2009-08-14T11:49:11","date_gmt":"2009-08-14T10:49:11","guid":{"rendered":"https:\/\/truckonline.de\/blog\/?p=903"},"modified":"2009-08-14T11:49:11","modified_gmt":"2009-08-14T10:49:11","slug":"es-ist-freitag-2","status":"publish","type":"post","link":"https:\/\/truckonline.de\/blog\/2009\/08\/14\/es-ist-freitag-2\/","title":{"rendered":"Es ist Freitag&#8230;"},"content":{"rendered":"<p>Ein schwarzer Opel Agila bewegte sich auf der A 45 bei Giessen relativ langsam vorw\u00e4rts. Als ich im R\u00fcckspiegel auftauchte, wechselte das Gef\u00e4hrt auf die linke Fahrspur und fuhr neben mir her. Das sich so langsam eine Kolonne weiterer Pkw hinter dem Linksfahrer aufbaute, schien dem\/der Fahrer(in) egal zu sein.<br \/>\nNun begann ein interessantes Schauspiel &#8211; bremste ich etwas ab, wurde der Pkw ebenfalls langsamer, gab ich anschlie\u00dfend Gas, tat der Pkw das gleiche. Leider wurde das ganze durch eine die linke Spur blockierende Tagesbaustelle unterbrochen.<br \/>\nAuf der anderen Seite dieser Baustelle \u00fcberholte mich der Opel, setzte sich vor mir und verminderte seine Fahrt pl\u00f6tzlich auf ca. 70 km\/h um kurze Zeit sp\u00e4ter einen Parkplatz anzusteuern. <\/p>\n<p>Das konnte ich mir nat\u00fcrlich nicht entgehen lassen und fuhr ebenfalls auf diesen Parkplatz. Dort wurde ich aber arg entt\u00e4uscht, denn der Wagen rollte langsam weiter, ohne in einer der Parkbuchten zu halten. Pl\u00f6tzlich aber, bereits wieder auf der Beschleunigungsspur hielt das Auto, eine Frau im mittleren Alter stieg aus und \u00f6ffnete seelenruhig den Kofferraum, holte etwas heraus und setzte sich wieder an das Steuer. Dann passierte nichts mehr.<\/p>\n<p>Nun stieg ich aus um nach vorne zu gehen. Die Frau sa\u00df am Steuer, eine Zeitschrift auf dem Lenkrad und verspeiste dabei ein belegtes Brot.<br \/>\nIch fragte Sie: &#8222;<em>Guten Morgen, was ist mit Ihnen?<\/em>&#8220; Sie antwortete: &#8222;<strong>Nichts, ich mache nur eine kleine Pause!<\/strong>&#8220;<br \/>\n&#8222;<em>Ja aber doch nicht hier, Sie stehen auf der Autobahn!<\/em>&#8220;<br \/>\n&#8222;<strong>Wieso Autobahn, dass ist doch ein Parkplatz!<\/strong>&#8220;<br \/>\n&#8222;<em>Nein, der Parkplatz ist da hinten, dass ist die Beschleunigungsspur!<\/em>&#8220;<br \/>\n&#8222;<strong>Dann fahren Sie doch vorbei!<\/strong>&#8220;<br \/>\n&#8222;<em>Wie soll ich an Ihnen vorbei fahren, wenn Sie hier stehen. Ich kann doch nicht einfach auf die Autobahn fahren&#8220;<\/em>!<\/p>\n<p>Die Frau schaute mich an und ich wu\u00dfte, dass Sie nichts begriff. Mit einem letzten &#8222;<em>Nun verschwinden Sie hier endlich<\/em>&#8222;, versuchte ich die Frau zum weiterfahren zu bewegen, ohne aber nicht wirklich auf die Wirkung meiner Worte zu hoffen.<br \/>\nIch wurde aber get\u00e4uscht. Mit einen &#8222;<strong>Ja, aber&#8230;<\/strong>&#8220; startete Sie den Motor und fuhr endlich weiter.<\/p>\n","protected":false},"excerpt":{"rendered":"<p>Ein schwarzer Opel Agila bewegte sich auf der A 45 bei Giessen relativ langsam vorw\u00e4rts. Als ich im R\u00fcckspiegel auftauchte, wechselte das Gef\u00e4hrt auf die&#8230;<\/p>\n<div class=\"more-link-wrapper\"><a class=\"more-link\" href=\"https:\/\/truckonline.de\/blog\/2009\/08\/14\/es-ist-freitag-2\/\">Sie haben Ihr Ziel fast erreicht.<span class=\"screen-reader-text\">Es ist Freitag&#8230;<\/span><\/a><\/div>\n","protected":false},"author":3,"featured_media":0,"comment_status":"open","ping_status":"open","sticky":false,"template":"","format":"standard","meta":{"iawp_total_views":1,"_metis_text_type":"","_metis_text_length":0,"_post_count":0,"footnotes":""},"categories":[24],"tags":[438,1120],"class_list":["post-903","post","type-post","status-publish","format-standard","hentry","category-unterwegs","tag-pkw","tag-pkw-fahrer","ratio-2-1","entry"],"yoast_head":"<!-- This site is optimized with the Yoast SEO plugin v27.5 - https:\/\/yoast.com\/product\/yoast-seo-wordpress\/ -->\n<title>Es ist Freitag... | TruckOnline.de<\/title>\n<meta name=\"description\" content=\"Ein schwarzer Opel Agila bewegte sich auf der A 45 bei Giessen relativ langsam vorw\u00e4rts. Als ich im R\u00fcckspiegel auftauchte, wechselte das Gef\u00e4hrt auf die\" \/>\n<meta name=\"robots\" content=\"index, follow, max-snippet:-1, max-image-preview:large, max-video-preview:-1\" \/>\n<link rel=\"canonical\" href=\"https:\/\/truckonline.de\/blog\/2009\/08\/14\/es-ist-freitag-2\/\" \/>\n<meta property=\"og:locale\" content=\"de_DE\" \/>\n<meta property=\"og:type\" content=\"article\" \/>\n<meta property=\"og:title\" content=\"Es ist Freitag... | TruckOnline.de\" \/>\n<meta property=\"og:url\" content=\"https:\/\/truckonline.de\/blog\/2009\/08\/14\/es-ist-freitag-2\/\" \/>\n<meta property=\"og:site_name\" content=\"TruckOnline.de\" \/>\n<meta property=\"article:publisher\" content=\"https:\/\/www.facebook.com\/truckblog\" \/>\n<meta property=\"article:author\" content=\"https:\/\/www.facebook.com\/truckblog\" \/>\n<meta property=\"article:published_time\" content=\"2009-08-14T10:49:11+00:00\" \/>\n<meta property=\"og:image\" content=\"https:\/\/truckonline.de\/blog\/wp-content\/uploads\/2019\/12\/IMG_20191229_225424-scaled.jpg\" \/>\n\t<meta property=\"og:image:width\" content=\"2560\" \/>\n\t<meta property=\"og:image:height\" content=\"1920\" \/>\n\t<meta property=\"og:image:type\" content=\"image\/jpeg\" \/>\n<meta name=\"author\" content=\"maik\" \/>\n<meta name=\"twitter:card\" content=\"summary_large_image\" \/>\n<meta name=\"twitter:creator\" content=\"@https:\/\/twitter.com\/truckblog\" \/>\n<meta name=\"twitter:site\" content=\"@truckblog\" \/>\n<meta name=\"twitter:label1\" content=\"Verfasst von\" \/>\n\t<meta name=\"twitter:data1\" content=\"maik\" \/>\n\t<meta name=\"twitter:label2\" content=\"Gesch\u00e4tzte Lesezeit\" \/>\n\t<meta name=\"twitter:data2\" content=\"2\u00a0Minuten\" \/>\n<script type=\"application\/ld+json\" class=\"yoast-schema-graph\">{\"@context\":\"https:\\\/\\\/schema.org\",\"@graph\":[{\"@type\":\"Article\",\"@id\":\"https:\\\/\\\/truckonline.de\\\/blog\\\/2009\\\/08\\\/14\\\/es-ist-freitag-2\\\/#article\",\"isPartOf\":{\"@id\":\"https:\\\/\\\/truckonline.de\\\/blog\\\/2009\\\/08\\\/14\\\/es-ist-freitag-2\\\/\"},\"author\":{\"name\":\"maik\",\"@id\":\"https:\\\/\\\/truckonline.de\\\/blog\\\/#\\\/schema\\\/person\\\/4cb59b86ffde81f882f56439688fda19\"},\"headline\":\"Es ist Freitag&#8230;\",\"datePublished\":\"2009-08-14T10:49:11+00:00\",\"mainEntityOfPage\":{\"@id\":\"https:\\\/\\\/truckonline.de\\\/blog\\\/2009\\\/08\\\/14\\\/es-ist-freitag-2\\\/\"},\"wordCount\":350,\"commentCount\":5,\"publisher\":{\"@id\":\"https:\\\/\\\/truckonline.de\\\/blog\\\/#\\\/schema\\\/person\\\/4cb59b86ffde81f882f56439688fda19\"},\"keywords\":[\"Pkw\",\"Pkw - Fahrer\"],\"articleSection\":[\"Unterwegs\"],\"inLanguage\":\"de\",\"potentialAction\":[{\"@type\":\"CommentAction\",\"name\":\"Comment\",\"target\":[\"https:\\\/\\\/truckonline.de\\\/blog\\\/2009\\\/08\\\/14\\\/es-ist-freitag-2\\\/#respond\"]}]},{\"@type\":\"WebPage\",\"@id\":\"https:\\\/\\\/truckonline.de\\\/blog\\\/2009\\\/08\\\/14\\\/es-ist-freitag-2\\\/\",\"url\":\"https:\\\/\\\/truckonline.de\\\/blog\\\/2009\\\/08\\\/14\\\/es-ist-freitag-2\\\/\",\"name\":\"Es ist Freitag... | TruckOnline.de\",\"isPartOf\":{\"@id\":\"https:\\\/\\\/truckonline.de\\\/blog\\\/#website\"},\"datePublished\":\"2009-08-14T10:49:11+00:00\",\"description\":\"Ein schwarzer Opel Agila bewegte sich auf der A 45 bei Giessen relativ langsam vorw\u00e4rts. Als ich im R\u00fcckspiegel auftauchte, wechselte das Gef\u00e4hrt auf die\",\"breadcrumb\":{\"@id\":\"https:\\\/\\\/truckonline.de\\\/blog\\\/2009\\\/08\\\/14\\\/es-ist-freitag-2\\\/#breadcrumb\"},\"inLanguage\":\"de\",\"potentialAction\":[{\"@type\":\"ReadAction\",\"target\":[\"https:\\\/\\\/truckonline.de\\\/blog\\\/2009\\\/08\\\/14\\\/es-ist-freitag-2\\\/\"]}]},{\"@type\":\"BreadcrumbList\",\"@id\":\"https:\\\/\\\/truckonline.de\\\/blog\\\/2009\\\/08\\\/14\\\/es-ist-freitag-2\\\/#breadcrumb\",\"itemListElement\":[{\"@type\":\"ListItem\",\"position\":1,\"name\":\"Startseite\",\"item\":\"https:\\\/\\\/truckonline.de\\\/blog\\\/\"},{\"@type\":\"ListItem\",\"position\":2,\"name\":\"Es ist Freitag&#8230;\"}]},{\"@type\":\"WebSite\",\"@id\":\"https:\\\/\\\/truckonline.de\\\/blog\\\/#website\",\"url\":\"https:\\\/\\\/truckonline.de\\\/blog\\\/\",\"name\":\"TruckOnline.de\",\"description\":\"\",\"publisher\":{\"@id\":\"https:\\\/\\\/truckonline.de\\\/blog\\\/#\\\/schema\\\/person\\\/4cb59b86ffde81f882f56439688fda19\"},\"potentialAction\":[{\"@type\":\"SearchAction\",\"target\":{\"@type\":\"EntryPoint\",\"urlTemplate\":\"https:\\\/\\\/truckonline.de\\\/blog\\\/?s={search_term_string}\"},\"query-input\":{\"@type\":\"PropertyValueSpecification\",\"valueRequired\":true,\"valueName\":\"search_term_string\"}}],\"inLanguage\":\"de\"},{\"@type\":[\"Person\",\"Organization\"],\"@id\":\"https:\\\/\\\/truckonline.de\\\/blog\\\/#\\\/schema\\\/person\\\/4cb59b86ffde81f882f56439688fda19\",\"name\":\"maik\",\"image\":{\"@type\":\"ImageObject\",\"inLanguage\":\"de\",\"@id\":\"https:\\\/\\\/truckonline.de\\\/blog\\\/wp-content\\\/uploads\\\/2019\\\/12\\\/logoinnenweiss.png\",\"url\":\"https:\\\/\\\/truckonline.de\\\/blog\\\/wp-content\\\/uploads\\\/2019\\\/12\\\/logoinnenweiss.png\",\"contentUrl\":\"https:\\\/\\\/truckonline.de\\\/blog\\\/wp-content\\\/uploads\\\/2019\\\/12\\\/logoinnenweiss.png\",\"width\":733,\"height\":125,\"caption\":\"maik\"},\"logo\":{\"@id\":\"https:\\\/\\\/truckonline.de\\\/blog\\\/wp-content\\\/uploads\\\/2019\\\/12\\\/logoinnenweiss.png\"},\"sameAs\":[\"https:\\\/\\\/www.facebook.com\\\/truckblog\",\"https:\\\/\\\/www.instagram.com\\\/truck_online\\\/\",\"https:\\\/\\\/x.com\\\/https:\\\/\\\/twitter.com\\\/truckblog\",\"https:\\\/\\\/www.youtube.com\\\/user\\\/truckonline\",\"https:\\\/\\\/www.tumblr.com\\\/truckonline\"]}]}<\/script>\n<!-- \/ Yoast SEO plugin. -->","yoast_head_json":{"title":"Es ist Freitag... | TruckOnline.de","description":"Ein schwarzer Opel Agila bewegte sich auf der A 45 bei Giessen relativ langsam vorw\u00e4rts. Als ich im R\u00fcckspiegel auftauchte, wechselte das Gef\u00e4hrt auf die","robots":{"index":"index","follow":"follow","max-snippet":"max-snippet:-1","max-image-preview":"max-image-preview:large","max-video-preview":"max-video-preview:-1"},"canonical":"https:\/\/truckonline.de\/blog\/2009\/08\/14\/es-ist-freitag-2\/","og_locale":"de_DE","og_type":"article","og_title":"Es ist Freitag... | TruckOnline.de","og_url":"https:\/\/truckonline.de\/blog\/2009\/08\/14\/es-ist-freitag-2\/","og_site_name":"TruckOnline.de","article_publisher":"https:\/\/www.facebook.com\/truckblog","article_author":"https:\/\/www.facebook.com\/truckblog","article_published_time":"2009-08-14T10:49:11+00:00","og_image":[{"width":2560,"height":1920,"url":"https:\/\/truckonline.de\/blog\/wp-content\/uploads\/2019\/12\/IMG_20191229_225424-scaled.jpg","type":"image\/jpeg"}],"author":"maik","twitter_card":"summary_large_image","twitter_creator":"@https:\/\/twitter.com\/truckblog","twitter_site":"@truckblog","twitter_misc":{"Verfasst von":"maik","Gesch\u00e4tzte Lesezeit":"2\u00a0Minuten"},"schema":{"@context":"https:\/\/schema.org","@graph":[{"@type":"Article","@id":"https:\/\/truckonline.de\/blog\/2009\/08\/14\/es-ist-freitag-2\/#article","isPartOf":{"@id":"https:\/\/truckonline.de\/blog\/2009\/08\/14\/es-ist-freitag-2\/"},"author":{"name":"maik","@id":"https:\/\/truckonline.de\/blog\/#\/schema\/person\/4cb59b86ffde81f882f56439688fda19"},"headline":"Es ist Freitag&#8230;","datePublished":"2009-08-14T10:49:11+00:00","mainEntityOfPage":{"@id":"https:\/\/truckonline.de\/blog\/2009\/08\/14\/es-ist-freitag-2\/"},"wordCount":350,"commentCount":5,"publisher":{"@id":"https:\/\/truckonline.de\/blog\/#\/schema\/person\/4cb59b86ffde81f882f56439688fda19"},"keywords":["Pkw","Pkw - Fahrer"],"articleSection":["Unterwegs"],"inLanguage":"de","potentialAction":[{"@type":"CommentAction","name":"Comment","target":["https:\/\/truckonline.de\/blog\/2009\/08\/14\/es-ist-freitag-2\/#respond"]}]},{"@type":"WebPage","@id":"https:\/\/truckonline.de\/blog\/2009\/08\/14\/es-ist-freitag-2\/","url":"https:\/\/truckonline.de\/blog\/2009\/08\/14\/es-ist-freitag-2\/","name":"Es ist Freitag... | TruckOnline.de","isPartOf":{"@id":"https:\/\/truckonline.de\/blog\/#website"},"datePublished":"2009-08-14T10:49:11+00:00","description":"Ein schwarzer Opel Agila bewegte sich auf der A 45 bei Giessen relativ langsam vorw\u00e4rts. Als ich im R\u00fcckspiegel auftauchte, wechselte das Gef\u00e4hrt auf die","breadcrumb":{"@id":"https:\/\/truckonline.de\/blog\/2009\/08\/14\/es-ist-freitag-2\/#breadcrumb"},"inLanguage":"de","potentialAction":[{"@type":"ReadAction","target":["https:\/\/truckonline.de\/blog\/2009\/08\/14\/es-ist-freitag-2\/"]}]},{"@type":"BreadcrumbList","@id":"https:\/\/truckonline.de\/blog\/2009\/08\/14\/es-ist-freitag-2\/#breadcrumb","itemListElement":[{"@type":"ListItem","position":1,"name":"Startseite","item":"https:\/\/truckonline.de\/blog\/"},{"@type":"ListItem","position":2,"name":"Es ist Freitag&#8230;"}]},{"@type":"WebSite","@id":"https:\/\/truckonline.de\/blog\/#website","url":"https:\/\/truckonline.de\/blog\/","name":"TruckOnline.de","description":"","publisher":{"@id":"https:\/\/truckonline.de\/blog\/#\/schema\/person\/4cb59b86ffde81f882f56439688fda19"},"potentialAction":[{"@type":"SearchAction","target":{"@type":"EntryPoint","urlTemplate":"https:\/\/truckonline.de\/blog\/?s={search_term_string}"},"query-input":{"@type":"PropertyValueSpecification","valueRequired":true,"valueName":"search_term_string"}}],"inLanguage":"de"},{"@type":["Person","Organization"],"@id":"https:\/\/truckonline.de\/blog\/#\/schema\/person\/4cb59b86ffde81f882f56439688fda19","name":"maik","image":{"@type":"ImageObject","inLanguage":"de","@id":"https:\/\/truckonline.de\/blog\/wp-content\/uploads\/2019\/12\/logoinnenweiss.png","url":"https:\/\/truckonline.de\/blog\/wp-content\/uploads\/2019\/12\/logoinnenweiss.png","contentUrl":"https:\/\/truckonline.de\/blog\/wp-content\/uploads\/2019\/12\/logoinnenweiss.png","width":733,"height":125,"caption":"maik"},"logo":{"@id":"https:\/\/truckonline.de\/blog\/wp-content\/uploads\/2019\/12\/logoinnenweiss.png"},"sameAs":["https:\/\/www.facebook.com\/truckblog","https:\/\/www.instagram.com\/truck_online\/","https:\/\/x.com\/https:\/\/twitter.com\/truckblog","https:\/\/www.youtube.com\/user\/truckonline","https:\/\/www.tumblr.com\/truckonline"]}]}},"_links":{"self":[{"href":"https:\/\/truckonline.de\/blog\/wp-json\/wp\/v2\/posts\/903","targetHints":{"allow":["GET"]}}],"collection":[{"href":"https:\/\/truckonline.de\/blog\/wp-json\/wp\/v2\/posts"}],"about":[{"href":"https:\/\/truckonline.de\/blog\/wp-json\/wp\/v2\/types\/post"}],"author":[{"embeddable":true,"href":"https:\/\/truckonline.de\/blog\/wp-json\/wp\/v2\/users\/3"}],"replies":[{"embeddable":true,"href":"https:\/\/truckonline.de\/blog\/wp-json\/wp\/v2\/comments?post=903"}],"version-history":[{"count":0,"href":"https:\/\/truckonline.de\/blog\/wp-json\/wp\/v2\/posts\/903\/revisions"}],"wp:attachment":[{"href":"https:\/\/truckonline.de\/blog\/wp-json\/wp\/v2\/media?parent=903"}],"wp:term":[{"taxonomy":"category","embeddable":true,"href":"https:\/\/truckonline.de\/blog\/wp-json\/wp\/v2\/categories?post=903"},{"taxonomy":"post_tag","embeddable":true,"href":"https:\/\/truckonline.de\/blog\/wp-json\/wp\/v2\/tags?post=903"}],"curies":[{"name":"wp","href":"https:\/\/api.w.org\/{rel}","templated":true}]}}