{"id":8921,"date":"2019-09-29T22:14:52","date_gmt":"2019-09-29T20:14:52","guid":{"rendered":"https:\/\/truckonline.de\/blog\/?p=8921"},"modified":"2019-09-30T02:14:16","modified_gmt":"2019-09-30T00:14:16","slug":"links-und-rechts-der-daten-autobahn-96","status":"publish","type":"post","link":"https:\/\/truckonline.de\/blog\/2019\/09\/29\/links-und-rechts-der-daten-autobahn-96\/","title":{"rendered":"Links und rechts der (Daten-) autobahn"},"content":{"rendered":"\n<p>Bei Leverkusen <a rel=\"noreferrer noopener\" aria-label=\"wollen Anwohner keine Rastst\u00e4tte (\u00f6ffnet in neuem Tab)\" href=\"https:\/\/www1.wdr.de\/nachrichten\/rheinland\/menschenkette-leverkusen-lkw-parkplaetze-100.html\" target=\"_blank\">wollen Anwohner keine Rastst\u00e4tte<\/a>, in der Wetterau auch nicht und <a rel=\"noreferrer noopener\" aria-label=\"auch Hockenheim will lieber Vettel, als ruhende Lkw-Fahrer (\u00f6ffnet in neuem Tab)\" href=\"https:\/\/www.rnz.de\/nachrichten\/metropolregion_artikel,-a6-bei-hockenheim-darum-ist-der-cdu-abgeordnete-gegen-die-erweiterung-der-raststaette-_arid,458558.html\" target=\"_blank\">auch Hockenheim will lieber Vettel, als ruhende Lkw-Fahrer<\/a>. Aber ich h\u00e4tte da eine Idee. Den eigenen Lebensstil \u00fcberdenken, der die Lkw-Transporte auf den Autobahnen erst verursacht. Gem\u00fcse und Obst aus der Region essen und nur, was saisonal gerade bei uns w\u00e4chst! Keine Billighandys aus China. Das w\u00fcrde den Bedarf an Stellpl\u00e4tzen erheblich verringern.<br>***<\/p>\n\n\n\n<p>Die Rum\u00e4nin Rovana Plump sollte neue EU-Verkehrskommissarin werden. Obwohl gegen sie wegen Amtsmissbrauchs ermittelt wird. <a rel=\"noreferrer noopener\" aria-label=\"Aber nun scheint die aus dem Rennen zu sein. Denn der Rechtsausschuss lehnte Plump ab (\u00f6ffnet in neuem Tab)\" href=\"https:\/\/www.spiegel.de\/politik\/ausland\/ursula-von-der-leyen-erster-warnschuss-fuer-kuenftige-eu-kommissionschefin-a-1288712.html\" target=\"_blank\">Aber nun scheint die aus dem Rennen zu sein. Denn der Rechtsausschuss lehnte Plump ab<\/a>.<br>***<\/p>\n\n\n\n<p>Eine <a rel=\"noreferrer noopener\" aria-label=\"d\u00e4nische Firma wirbt (\u00f6ffnet in neuem Tab)\" href=\"http:\/\/kurtbeier.dk\/\" target=\"_blank\">d\u00e4nische Firma wirbt<\/a> \u00fcber eine polnische Tochterfirma philippinische Fahrer an, damit diese in Westeuropa arbeiten. Nat\u00fcrlich unter miserablen Bedingungen.<br>Sie lebten in ihren Fahrzeugen, kochten provisorisch im Freien, wuschen  ihre W\u00e4sche auf Parkpl\u00e4tzen. <a rel=\"noreferrer noopener\" aria-label=\"Sowohl ihr Grundgehalt als auch Spesen  lagen weit unter dem, was die Gewerkschafter normalerweise aus  Lohnabrechnungen polnischer Vertr\u00e4ge kennen (\u00f6ffnet in neuem Tab)\" href=\"https:\/\/www.eurotransport.de\/artikel\/lohnnachzahlung-fuer-philippinische-lkw-fahrer-gewerkschafter-erreichen-mindestlohn-abrechnung-10906410.html?fbclid=IwAR3f2qXrtUxf0oZ9Mk-NtqmvB8AsrQEr4cFuqCZ9NvXNxick6p1HRmQkQZc\" target=\"_blank\">Sowohl ihr Grundgehalt als auch Spesen  lagen weit unter dem, was die Gewerkschafter normalerweise aus  Lohnabrechnungen polnischer Vertr\u00e4ge kennen<\/a>.<\/p>\n\n\n\n<p>Jetzt erreichten Gewerkschaftler <a href=\"https:\/\/www.faire-mobilitaet.de\/++co++e0775ffa-dbdb-11e9-b746-52540088cada?fbclid=IwAR19yVuVFItf10YwV0wfMGLqd_Dk4jBnKSQtOS0StTlewzLrDFRsbCu3xbo\" target=\"_blank\" rel=\"noreferrer noopener\" aria-label=\"eine Mindestlohn-Nachzahlung (\u00f6ffnet in neuem Tab)\">eine Mindestlohn-Nachzahlung<\/a>. Den Philipinos wird jetzt der ausstehende deutsche Mindestlohn nachgezahlt. <br>***<\/p>\n\n\n\n<p><a rel=\"noreferrer noopener\" aria-label=\"Was f\u00fcr ein d\u00e4mlicher Beitrag (\u00f6ffnet in neuem Tab)\" href=\"https:\/\/www.merkur.de\/leben\/karriere\/lkw-fahrer-klagen-viele-klischees-ueber-sind-falsch-zr-10099081.amp.html?fbclid=IwAR1tGt3KLQCJ4e8Ff28mivAT9iz50rCr1qp1irko8tf_CEkLqFowJcso6tQ#referrer=https%3A%2F%2Fwww.google.com&amp;amp_tf=Von%20%251%24s\" target=\"_blank\">Was f\u00fcr ein komischer Beitrag<\/a>:<\/p>\n\n\n\n<blockquote class=\"wp-block-quote is-layout-flow wp-block-quote-is-layout-flow\"><p>Nach einer mehr oder weniger langen Nacht  im LKW, vernachl\u00e4ssigen dann allerdings tats\u00e4chlich einige die K\u00f6rperpflege. Doch das hat eine eher traurige Ursache, meint die  Insiderin: &#8222;Dass manche Kollegen manchmal etwas ungepflegt wirken, hat auch einen finanziellen Grund. Es geht n\u00e4mlich auf Dauer ziemlich ins Geld, sich t\u00e4glich auf der Rastst\u00e4tte zu duschen.&#8220;<br>Ein anderer LKW-Fahrer best\u00e4tigt unserer Redaktion die hohen Preise &#8211; manche Rastst\u00e4tten sollen vier Euro f\u00fcrs Duschen verlangen. Doch das gr\u00f6\u00dfte Problem sind dabei nicht die Rastst\u00e4tten: &#8222;Wenn ein Fahrer seine t\u00e4gliche Fahrzeit von neun Stunden voll hat, muss er den n\u00e4chstbesten Parkplatz ansteuern, und dort gibt&#8217;s keine Duschen, geschweige denn ein WC. Und das passiert einem dann noch zwei- bis dreimal in der Woche hintereinander&#8220; <\/p><cite><a href=\"https:\/\/www.merkur.de\/leben\/karriere\/lkw-fahrer-klagen-viele-klischees-ueber-sind-falsch-zr-10099081.amp.html?fbclid=IwAR1tGt3KLQCJ4e8Ff28mivAT9iz50rCr1qp1irko8tf_CEkLqFowJcso6tQ#referrer=https%3A%2F%2Fwww.google.com&amp;amp_tf=Von%20%251%24s\" target=\"_blank\" rel=\"noreferrer noopener\" aria-label=\"Quelle (\u00f6ffnet in neuem Tab)\">Quelle<\/a><\/cite><\/blockquote>\n\n\n\n<p>K\u00f6rperpflege vernachl\u00e4ssigen die, die auch sonst nichts auf sich geben. Egal was f\u00fcr einen Job die ausf\u00fchren.<br>Jeden Tag versuche ich zu duschen. Klappt auch meistens. Oft in Firmen, die ich anfahren muss oder eben in Rastst\u00e4tten. Muss ja nicht unbedingt Abends sein. Mache ich tags\u00fcber 45 Minuten Pause, nutze ich die daf\u00fcr. Ausserdem habe ich einen Kanister mit Wasser dabei. Falls es mal nicht mit duschen klappt, kommt halt auch mal vor. Jeder kann was f\u00fcr seine Hygiene machen.<br>***<\/p>\n","protected":false},"excerpt":{"rendered":"<p>Bei Leverkusen wollen Anwohner keine Rastst\u00e4tte, in der Wetterau auch nicht und auch Hockenheim will lieber Vettel, als ruhende Lkw-Fahrer. Aber ich h\u00e4tte da eine&#8230;<\/p>\n<div class=\"more-link-wrapper\"><a class=\"more-link\" href=\"https:\/\/truckonline.de\/blog\/2019\/09\/29\/links-und-rechts-der-daten-autobahn-96\/\">Sie haben Ihr Ziel fast erreicht.<span class=\"screen-reader-text\">Links und rechts der (Daten-) autobahn<\/span><\/a><\/div>\n","protected":false},"author":3,"featured_media":0,"comment_status":"open","ping_status":"open","sticky":false,"template":"","format":"standard","meta":{"iawp_total_views":1,"_metis_text_type":"","_metis_text_length":0,"_post_count":0,"footnotes":""},"categories":[21,20],"tags":[36,380],"class_list":["post-8921","post","type-post","status-publish","format-standard","hentry","category-links-world-wide-web","category-world-wide-web","tag-internet","tag-lieblinks","ratio-2-1","entry"],"yoast_head":"<!-- This site is optimized with the Yoast SEO plugin v27.4 - https:\/\/yoast.com\/product\/yoast-seo-wordpress\/ -->\n<title>Links und rechts der (Daten-) autobahn | TruckOnline.de<\/title>\n<meta name=\"description\" content=\"Bei Leverkusen wollen Anwohner keine Rastst\u00e4tte, in der Wetterau auch nicht und auch Hockenheim will lieber Vettel, als ruhende Lkw-Fahrer. Aber ich h\u00e4tte\" \/>\n<meta name=\"robots\" content=\"index, follow, max-snippet:-1, max-image-preview:large, max-video-preview:-1\" \/>\n<link rel=\"canonical\" href=\"https:\/\/truckonline.de\/blog\/2019\/09\/29\/links-und-rechts-der-daten-autobahn-96\/\" \/>\n<meta property=\"og:locale\" content=\"de_DE\" \/>\n<meta property=\"og:type\" content=\"article\" \/>\n<meta property=\"og:title\" content=\"Links und rechts der (Daten-) autobahn | TruckOnline.de\" \/>\n<meta property=\"og:url\" content=\"https:\/\/truckonline.de\/blog\/2019\/09\/29\/links-und-rechts-der-daten-autobahn-96\/\" \/>\n<meta property=\"og:site_name\" content=\"TruckOnline.de\" \/>\n<meta property=\"article:publisher\" content=\"https:\/\/www.facebook.com\/truckblog\" \/>\n<meta property=\"article:author\" content=\"https:\/\/www.facebook.com\/truckblog\" \/>\n<meta property=\"article:published_time\" content=\"2019-09-29T20:14:52+00:00\" \/>\n<meta property=\"article:modified_time\" content=\"2019-09-30T00:14:16+00:00\" \/>\n<meta property=\"og:image\" content=\"https:\/\/truckonline.de\/blog\/wp-content\/uploads\/2019\/12\/IMG_20191229_225424-scaled.jpg\" \/>\n\t<meta property=\"og:image:width\" content=\"2560\" \/>\n\t<meta property=\"og:image:height\" content=\"1920\" \/>\n\t<meta property=\"og:image:type\" content=\"image\/jpeg\" \/>\n<meta name=\"author\" content=\"maik\" \/>\n<meta name=\"twitter:card\" content=\"summary_large_image\" \/>\n<meta name=\"twitter:creator\" content=\"@https:\/\/twitter.com\/truckblog\" \/>\n<meta name=\"twitter:site\" content=\"@truckblog\" \/>\n<meta name=\"twitter:label1\" content=\"Verfasst von\" \/>\n\t<meta name=\"twitter:data1\" content=\"maik\" \/>\n\t<meta name=\"twitter:label2\" content=\"Gesch\u00e4tzte Lesezeit\" \/>\n\t<meta name=\"twitter:data2\" content=\"2\u00a0Minuten\" \/>\n<script type=\"application\/ld+json\" class=\"yoast-schema-graph\">{\"@context\":\"https:\\\/\\\/schema.org\",\"@graph\":[{\"@type\":\"Article\",\"@id\":\"https:\\\/\\\/truckonline.de\\\/blog\\\/2019\\\/09\\\/29\\\/links-und-rechts-der-daten-autobahn-96\\\/#article\",\"isPartOf\":{\"@id\":\"https:\\\/\\\/truckonline.de\\\/blog\\\/2019\\\/09\\\/29\\\/links-und-rechts-der-daten-autobahn-96\\\/\"},\"author\":{\"name\":\"maik\",\"@id\":\"https:\\\/\\\/truckonline.de\\\/blog\\\/#\\\/schema\\\/person\\\/4cb59b86ffde81f882f56439688fda19\"},\"headline\":\"Links und rechts der (Daten-) autobahn\",\"datePublished\":\"2019-09-29T20:14:52+00:00\",\"dateModified\":\"2019-09-30T00:14:16+00:00\",\"mainEntityOfPage\":{\"@id\":\"https:\\\/\\\/truckonline.de\\\/blog\\\/2019\\\/09\\\/29\\\/links-und-rechts-der-daten-autobahn-96\\\/\"},\"wordCount\":407,\"commentCount\":0,\"publisher\":{\"@id\":\"https:\\\/\\\/truckonline.de\\\/blog\\\/#\\\/schema\\\/person\\\/4cb59b86ffde81f882f56439688fda19\"},\"keywords\":[\"Internet\",\"LiebLinks\"],\"articleSection\":[\"Links\",\"World Wide Web\"],\"inLanguage\":\"de\",\"potentialAction\":[{\"@type\":\"CommentAction\",\"name\":\"Comment\",\"target\":[\"https:\\\/\\\/truckonline.de\\\/blog\\\/2019\\\/09\\\/29\\\/links-und-rechts-der-daten-autobahn-96\\\/#respond\"]}]},{\"@type\":\"WebPage\",\"@id\":\"https:\\\/\\\/truckonline.de\\\/blog\\\/2019\\\/09\\\/29\\\/links-und-rechts-der-daten-autobahn-96\\\/\",\"url\":\"https:\\\/\\\/truckonline.de\\\/blog\\\/2019\\\/09\\\/29\\\/links-und-rechts-der-daten-autobahn-96\\\/\",\"name\":\"Links und rechts der (Daten-) autobahn | TruckOnline.de\",\"isPartOf\":{\"@id\":\"https:\\\/\\\/truckonline.de\\\/blog\\\/#website\"},\"datePublished\":\"2019-09-29T20:14:52+00:00\",\"dateModified\":\"2019-09-30T00:14:16+00:00\",\"description\":\"Bei Leverkusen wollen Anwohner keine Rastst\u00e4tte, in der Wetterau auch nicht und auch Hockenheim will lieber Vettel, als ruhende Lkw-Fahrer. Aber ich h\u00e4tte\",\"breadcrumb\":{\"@id\":\"https:\\\/\\\/truckonline.de\\\/blog\\\/2019\\\/09\\\/29\\\/links-und-rechts-der-daten-autobahn-96\\\/#breadcrumb\"},\"inLanguage\":\"de\",\"potentialAction\":[{\"@type\":\"ReadAction\",\"target\":[\"https:\\\/\\\/truckonline.de\\\/blog\\\/2019\\\/09\\\/29\\\/links-und-rechts-der-daten-autobahn-96\\\/\"]}]},{\"@type\":\"BreadcrumbList\",\"@id\":\"https:\\\/\\\/truckonline.de\\\/blog\\\/2019\\\/09\\\/29\\\/links-und-rechts-der-daten-autobahn-96\\\/#breadcrumb\",\"itemListElement\":[{\"@type\":\"ListItem\",\"position\":1,\"name\":\"Startseite\",\"item\":\"https:\\\/\\\/truckonline.de\\\/blog\\\/\"},{\"@type\":\"ListItem\",\"position\":2,\"name\":\"Links und rechts der (Daten-) autobahn\"}]},{\"@type\":\"WebSite\",\"@id\":\"https:\\\/\\\/truckonline.de\\\/blog\\\/#website\",\"url\":\"https:\\\/\\\/truckonline.de\\\/blog\\\/\",\"name\":\"TruckOnline.de\",\"description\":\"\",\"publisher\":{\"@id\":\"https:\\\/\\\/truckonline.de\\\/blog\\\/#\\\/schema\\\/person\\\/4cb59b86ffde81f882f56439688fda19\"},\"potentialAction\":[{\"@type\":\"SearchAction\",\"target\":{\"@type\":\"EntryPoint\",\"urlTemplate\":\"https:\\\/\\\/truckonline.de\\\/blog\\\/?s={search_term_string}\"},\"query-input\":{\"@type\":\"PropertyValueSpecification\",\"valueRequired\":true,\"valueName\":\"search_term_string\"}}],\"inLanguage\":\"de\"},{\"@type\":[\"Person\",\"Organization\"],\"@id\":\"https:\\\/\\\/truckonline.de\\\/blog\\\/#\\\/schema\\\/person\\\/4cb59b86ffde81f882f56439688fda19\",\"name\":\"maik\",\"image\":{\"@type\":\"ImageObject\",\"inLanguage\":\"de\",\"@id\":\"https:\\\/\\\/truckonline.de\\\/blog\\\/wp-content\\\/uploads\\\/2019\\\/12\\\/logoinnenweiss.png\",\"url\":\"https:\\\/\\\/truckonline.de\\\/blog\\\/wp-content\\\/uploads\\\/2019\\\/12\\\/logoinnenweiss.png\",\"contentUrl\":\"https:\\\/\\\/truckonline.de\\\/blog\\\/wp-content\\\/uploads\\\/2019\\\/12\\\/logoinnenweiss.png\",\"width\":733,\"height\":125,\"caption\":\"maik\"},\"logo\":{\"@id\":\"https:\\\/\\\/truckonline.de\\\/blog\\\/wp-content\\\/uploads\\\/2019\\\/12\\\/logoinnenweiss.png\"},\"sameAs\":[\"https:\\\/\\\/www.facebook.com\\\/truckblog\",\"https:\\\/\\\/www.instagram.com\\\/truck_online\\\/\",\"https:\\\/\\\/x.com\\\/https:\\\/\\\/twitter.com\\\/truckblog\",\"https:\\\/\\\/www.youtube.com\\\/user\\\/truckonline\",\"https:\\\/\\\/www.tumblr.com\\\/truckonline\"]}]}<\/script>\n<!-- \/ Yoast SEO plugin. -->","yoast_head_json":{"title":"Links und rechts der (Daten-) autobahn | TruckOnline.de","description":"Bei Leverkusen wollen Anwohner keine Rastst\u00e4tte, in der Wetterau auch nicht und auch Hockenheim will lieber Vettel, als ruhende Lkw-Fahrer. Aber ich h\u00e4tte","robots":{"index":"index","follow":"follow","max-snippet":"max-snippet:-1","max-image-preview":"max-image-preview:large","max-video-preview":"max-video-preview:-1"},"canonical":"https:\/\/truckonline.de\/blog\/2019\/09\/29\/links-und-rechts-der-daten-autobahn-96\/","og_locale":"de_DE","og_type":"article","og_title":"Links und rechts der (Daten-) autobahn | TruckOnline.de","og_url":"https:\/\/truckonline.de\/blog\/2019\/09\/29\/links-und-rechts-der-daten-autobahn-96\/","og_site_name":"TruckOnline.de","article_publisher":"https:\/\/www.facebook.com\/truckblog","article_author":"https:\/\/www.facebook.com\/truckblog","article_published_time":"2019-09-29T20:14:52+00:00","article_modified_time":"2019-09-30T00:14:16+00:00","og_image":[{"width":2560,"height":1920,"url":"https:\/\/truckonline.de\/blog\/wp-content\/uploads\/2019\/12\/IMG_20191229_225424-scaled.jpg","type":"image\/jpeg"}],"author":"maik","twitter_card":"summary_large_image","twitter_creator":"@https:\/\/twitter.com\/truckblog","twitter_site":"@truckblog","twitter_misc":{"Verfasst von":"maik","Gesch\u00e4tzte Lesezeit":"2\u00a0Minuten"},"schema":{"@context":"https:\/\/schema.org","@graph":[{"@type":"Article","@id":"https:\/\/truckonline.de\/blog\/2019\/09\/29\/links-und-rechts-der-daten-autobahn-96\/#article","isPartOf":{"@id":"https:\/\/truckonline.de\/blog\/2019\/09\/29\/links-und-rechts-der-daten-autobahn-96\/"},"author":{"name":"maik","@id":"https:\/\/truckonline.de\/blog\/#\/schema\/person\/4cb59b86ffde81f882f56439688fda19"},"headline":"Links und rechts der (Daten-) autobahn","datePublished":"2019-09-29T20:14:52+00:00","dateModified":"2019-09-30T00:14:16+00:00","mainEntityOfPage":{"@id":"https:\/\/truckonline.de\/blog\/2019\/09\/29\/links-und-rechts-der-daten-autobahn-96\/"},"wordCount":407,"commentCount":0,"publisher":{"@id":"https:\/\/truckonline.de\/blog\/#\/schema\/person\/4cb59b86ffde81f882f56439688fda19"},"keywords":["Internet","LiebLinks"],"articleSection":["Links","World Wide Web"],"inLanguage":"de","potentialAction":[{"@type":"CommentAction","name":"Comment","target":["https:\/\/truckonline.de\/blog\/2019\/09\/29\/links-und-rechts-der-daten-autobahn-96\/#respond"]}]},{"@type":"WebPage","@id":"https:\/\/truckonline.de\/blog\/2019\/09\/29\/links-und-rechts-der-daten-autobahn-96\/","url":"https:\/\/truckonline.de\/blog\/2019\/09\/29\/links-und-rechts-der-daten-autobahn-96\/","name":"Links und rechts der (Daten-) autobahn | TruckOnline.de","isPartOf":{"@id":"https:\/\/truckonline.de\/blog\/#website"},"datePublished":"2019-09-29T20:14:52+00:00","dateModified":"2019-09-30T00:14:16+00:00","description":"Bei Leverkusen wollen Anwohner keine Rastst\u00e4tte, in der Wetterau auch nicht und auch Hockenheim will lieber Vettel, als ruhende Lkw-Fahrer. Aber ich h\u00e4tte","breadcrumb":{"@id":"https:\/\/truckonline.de\/blog\/2019\/09\/29\/links-und-rechts-der-daten-autobahn-96\/#breadcrumb"},"inLanguage":"de","potentialAction":[{"@type":"ReadAction","target":["https:\/\/truckonline.de\/blog\/2019\/09\/29\/links-und-rechts-der-daten-autobahn-96\/"]}]},{"@type":"BreadcrumbList","@id":"https:\/\/truckonline.de\/blog\/2019\/09\/29\/links-und-rechts-der-daten-autobahn-96\/#breadcrumb","itemListElement":[{"@type":"ListItem","position":1,"name":"Startseite","item":"https:\/\/truckonline.de\/blog\/"},{"@type":"ListItem","position":2,"name":"Links und rechts der (Daten-) autobahn"}]},{"@type":"WebSite","@id":"https:\/\/truckonline.de\/blog\/#website","url":"https:\/\/truckonline.de\/blog\/","name":"TruckOnline.de","description":"","publisher":{"@id":"https:\/\/truckonline.de\/blog\/#\/schema\/person\/4cb59b86ffde81f882f56439688fda19"},"potentialAction":[{"@type":"SearchAction","target":{"@type":"EntryPoint","urlTemplate":"https:\/\/truckonline.de\/blog\/?s={search_term_string}"},"query-input":{"@type":"PropertyValueSpecification","valueRequired":true,"valueName":"search_term_string"}}],"inLanguage":"de"},{"@type":["Person","Organization"],"@id":"https:\/\/truckonline.de\/blog\/#\/schema\/person\/4cb59b86ffde81f882f56439688fda19","name":"maik","image":{"@type":"ImageObject","inLanguage":"de","@id":"https:\/\/truckonline.de\/blog\/wp-content\/uploads\/2019\/12\/logoinnenweiss.png","url":"https:\/\/truckonline.de\/blog\/wp-content\/uploads\/2019\/12\/logoinnenweiss.png","contentUrl":"https:\/\/truckonline.de\/blog\/wp-content\/uploads\/2019\/12\/logoinnenweiss.png","width":733,"height":125,"caption":"maik"},"logo":{"@id":"https:\/\/truckonline.de\/blog\/wp-content\/uploads\/2019\/12\/logoinnenweiss.png"},"sameAs":["https:\/\/www.facebook.com\/truckblog","https:\/\/www.instagram.com\/truck_online\/","https:\/\/x.com\/https:\/\/twitter.com\/truckblog","https:\/\/www.youtube.com\/user\/truckonline","https:\/\/www.tumblr.com\/truckonline"]}]}},"_links":{"self":[{"href":"https:\/\/truckonline.de\/blog\/wp-json\/wp\/v2\/posts\/8921","targetHints":{"allow":["GET"]}}],"collection":[{"href":"https:\/\/truckonline.de\/blog\/wp-json\/wp\/v2\/posts"}],"about":[{"href":"https:\/\/truckonline.de\/blog\/wp-json\/wp\/v2\/types\/post"}],"author":[{"embeddable":true,"href":"https:\/\/truckonline.de\/blog\/wp-json\/wp\/v2\/users\/3"}],"replies":[{"embeddable":true,"href":"https:\/\/truckonline.de\/blog\/wp-json\/wp\/v2\/comments?post=8921"}],"version-history":[{"count":2,"href":"https:\/\/truckonline.de\/blog\/wp-json\/wp\/v2\/posts\/8921\/revisions"}],"predecessor-version":[{"id":8932,"href":"https:\/\/truckonline.de\/blog\/wp-json\/wp\/v2\/posts\/8921\/revisions\/8932"}],"wp:attachment":[{"href":"https:\/\/truckonline.de\/blog\/wp-json\/wp\/v2\/media?parent=8921"}],"wp:term":[{"taxonomy":"category","embeddable":true,"href":"https:\/\/truckonline.de\/blog\/wp-json\/wp\/v2\/categories?post=8921"},{"taxonomy":"post_tag","embeddable":true,"href":"https:\/\/truckonline.de\/blog\/wp-json\/wp\/v2\/tags?post=8921"}],"curies":[{"name":"wp","href":"https:\/\/api.w.org\/{rel}","templated":true}]}}