{"id":8913,"date":"2019-09-23T20:24:12","date_gmt":"2019-09-23T18:24:12","guid":{"rendered":"https:\/\/truckonline.de\/blog\/?p=8913"},"modified":"2019-10-14T23:57:27","modified_gmt":"2019-10-14T21:57:27","slug":"geiz-ist-nicht-immer-geil","status":"publish","type":"post","link":"https:\/\/truckonline.de\/blog\/2019\/09\/23\/geiz-ist-nicht-immer-geil\/","title":{"rendered":"Geiz ist nicht immer geil"},"content":{"rendered":"\n<p>Ein Sperrschild vor meinem \u00f6sterreichischen Lieblingssparmarkt. War aber abzusehen. Wenn Fahrer Sch\u00e4den verursachen, ohne diese zu melden oder den Parkplatz als kostenlose Stellfl\u00e4che nutzen, um beim gegen\u00fcberliegenden Hofer (der \u00f6sterreichische Aldi) ihre Eink\u00e4ufe zu erledigen, ist es klar, dass der Platz f\u00fcr Lkw dicht gemacht wird. Lohnt halt nicht. <\/p>\n\n\n\n<figure class=\"wp-block-image is-resized\"><img loading=\"lazy\" decoding=\"async\" src=\"https:\/\/truckonline.de\/blog\/wp-content\/uploads\/2019\/09\/IMG_20190923_181505.jpg\" alt=\"\" class=\"wp-image-8914\" width=\"689\" height=\"517\" srcset=\"https:\/\/truckonline.de\/blog\/wp-content\/uploads\/2019\/09\/IMG_20190923_181505.jpg 550w, https:\/\/truckonline.de\/blog\/wp-content\/uploads\/2019\/09\/IMG_20190923_181505-549x412.jpg 549w\" sizes=\"auto, (max-width: 689px) 100vw, 689px\" \/><figcaption>Nix mehr parken in Brixlegg<\/figcaption><\/figure>\n\n\n\n<p>Tja nun. Ich finde es schade. Hab da immer gerne gehalten. Fix was einkaufen, danach ein T\u00e4sschen Kaffee und nen St\u00fcck Kuchen.<br>Selbst nachts konnte man da stehenbleiben. Hat keinen gest\u00f6rt. Und man stand ruhig. Aber vorbei. Danke Kollegen. <\/p>\n","protected":false},"excerpt":{"rendered":"<p>Ein Sperrschild vor meinem \u00f6sterreichischen Lieblingssparmarkt. War aber abzusehen. Wenn Fahrer Sch\u00e4den verursachen, ohne diese zu melden oder den Parkplatz als kostenlose Stellfl\u00e4che nutzen, um&#8230;<\/p>\n<div class=\"more-link-wrapper\"><a class=\"more-link\" href=\"https:\/\/truckonline.de\/blog\/2019\/09\/23\/geiz-ist-nicht-immer-geil\/\">Sie haben Ihr Ziel fast erreicht.<span class=\"screen-reader-text\">Geiz ist nicht immer geil<\/span><\/a><\/div>\n","protected":false},"author":3,"featured_media":0,"comment_status":"open","ping_status":"open","sticky":false,"template":"","format":"standard","meta":{"iawp_total_views":2,"_metis_text_type":"","_metis_text_length":0,"_post_count":0,"footnotes":""},"categories":[593,24],"tags":[2071,1367],"class_list":["post-8913","post","type-post","status-publish","format-standard","hentry","category-aergerliches","category-unterwegs","tag-parkverbot","tag-supermarkt","ratio-2-1","entry"],"yoast_head":"<!-- This site is optimized with the Yoast SEO plugin v27.4 - https:\/\/yoast.com\/product\/yoast-seo-wordpress\/ -->\n<title>Geiz ist nicht immer geil | TruckOnline.de<\/title>\n<meta name=\"description\" content=\"Ein Sperrschild vor meinem \u00f6sterreichischen Lieblingssparmarkt. War aber abzusehen. Wenn Fahrer Sch\u00e4den verursachen, ohne diese zu melden oder den\" \/>\n<meta name=\"robots\" content=\"index, follow, max-snippet:-1, max-image-preview:large, max-video-preview:-1\" \/>\n<link rel=\"canonical\" href=\"https:\/\/truckonline.de\/blog\/2019\/09\/23\/geiz-ist-nicht-immer-geil\/\" \/>\n<meta property=\"og:locale\" content=\"de_DE\" \/>\n<meta property=\"og:type\" content=\"article\" \/>\n<meta property=\"og:title\" content=\"Geiz ist nicht immer geil | TruckOnline.de\" \/>\n<meta property=\"og:url\" content=\"https:\/\/truckonline.de\/blog\/2019\/09\/23\/geiz-ist-nicht-immer-geil\/\" \/>\n<meta property=\"og:site_name\" content=\"TruckOnline.de\" \/>\n<meta property=\"article:publisher\" content=\"https:\/\/www.facebook.com\/truckblog\" \/>\n<meta property=\"article:author\" content=\"https:\/\/www.facebook.com\/truckblog\" \/>\n<meta property=\"article:published_time\" content=\"2019-09-23T18:24:12+00:00\" \/>\n<meta property=\"article:modified_time\" content=\"2019-10-14T21:57:27+00:00\" \/>\n<meta property=\"og:image\" content=\"https:\/\/truckonline.de\/blog\/wp-content\/uploads\/2019\/09\/IMG_20190923_181505.jpg\" \/>\n<meta name=\"author\" content=\"maik\" \/>\n<meta name=\"twitter:card\" content=\"summary_large_image\" \/>\n<meta name=\"twitter:creator\" content=\"@https:\/\/twitter.com\/truckblog\" \/>\n<meta name=\"twitter:site\" content=\"@truckblog\" \/>\n<meta name=\"twitter:label1\" content=\"Verfasst von\" \/>\n\t<meta name=\"twitter:data1\" content=\"maik\" \/>\n\t<meta name=\"twitter:label2\" content=\"Gesch\u00e4tzte Lesezeit\" \/>\n\t<meta name=\"twitter:data2\" content=\"1\u00a0Minute\" \/>\n<script type=\"application\/ld+json\" class=\"yoast-schema-graph\">{\"@context\":\"https:\\\/\\\/schema.org\",\"@graph\":[{\"@type\":\"Article\",\"@id\":\"https:\\\/\\\/truckonline.de\\\/blog\\\/2019\\\/09\\\/23\\\/geiz-ist-nicht-immer-geil\\\/#article\",\"isPartOf\":{\"@id\":\"https:\\\/\\\/truckonline.de\\\/blog\\\/2019\\\/09\\\/23\\\/geiz-ist-nicht-immer-geil\\\/\"},\"author\":{\"name\":\"maik\",\"@id\":\"https:\\\/\\\/truckonline.de\\\/blog\\\/#\\\/schema\\\/person\\\/4cb59b86ffde81f882f56439688fda19\"},\"headline\":\"Geiz ist nicht immer geil\",\"datePublished\":\"2019-09-23T18:24:12+00:00\",\"dateModified\":\"2019-10-14T21:57:27+00:00\",\"mainEntityOfPage\":{\"@id\":\"https:\\\/\\\/truckonline.de\\\/blog\\\/2019\\\/09\\\/23\\\/geiz-ist-nicht-immer-geil\\\/\"},\"wordCount\":106,\"commentCount\":3,\"publisher\":{\"@id\":\"https:\\\/\\\/truckonline.de\\\/blog\\\/#\\\/schema\\\/person\\\/4cb59b86ffde81f882f56439688fda19\"},\"image\":{\"@id\":\"https:\\\/\\\/truckonline.de\\\/blog\\\/2019\\\/09\\\/23\\\/geiz-ist-nicht-immer-geil\\\/#primaryimage\"},\"thumbnailUrl\":\"https:\\\/\\\/truckonline.de\\\/blog\\\/wp-content\\\/uploads\\\/2019\\\/09\\\/IMG_20190923_181505.jpg\",\"keywords\":[\"Parkverbot\",\"Supermarkt\"],\"articleSection\":[\"\u00c4rgerliches\",\"Unterwegs\"],\"inLanguage\":\"de\",\"potentialAction\":[{\"@type\":\"CommentAction\",\"name\":\"Comment\",\"target\":[\"https:\\\/\\\/truckonline.de\\\/blog\\\/2019\\\/09\\\/23\\\/geiz-ist-nicht-immer-geil\\\/#respond\"]}]},{\"@type\":\"WebPage\",\"@id\":\"https:\\\/\\\/truckonline.de\\\/blog\\\/2019\\\/09\\\/23\\\/geiz-ist-nicht-immer-geil\\\/\",\"url\":\"https:\\\/\\\/truckonline.de\\\/blog\\\/2019\\\/09\\\/23\\\/geiz-ist-nicht-immer-geil\\\/\",\"name\":\"Geiz ist nicht immer geil | TruckOnline.de\",\"isPartOf\":{\"@id\":\"https:\\\/\\\/truckonline.de\\\/blog\\\/#website\"},\"primaryImageOfPage\":{\"@id\":\"https:\\\/\\\/truckonline.de\\\/blog\\\/2019\\\/09\\\/23\\\/geiz-ist-nicht-immer-geil\\\/#primaryimage\"},\"image\":{\"@id\":\"https:\\\/\\\/truckonline.de\\\/blog\\\/2019\\\/09\\\/23\\\/geiz-ist-nicht-immer-geil\\\/#primaryimage\"},\"thumbnailUrl\":\"https:\\\/\\\/truckonline.de\\\/blog\\\/wp-content\\\/uploads\\\/2019\\\/09\\\/IMG_20190923_181505.jpg\",\"datePublished\":\"2019-09-23T18:24:12+00:00\",\"dateModified\":\"2019-10-14T21:57:27+00:00\",\"description\":\"Ein Sperrschild vor meinem \u00f6sterreichischen Lieblingssparmarkt. War aber abzusehen. Wenn Fahrer Sch\u00e4den verursachen, ohne diese zu melden oder den\",\"breadcrumb\":{\"@id\":\"https:\\\/\\\/truckonline.de\\\/blog\\\/2019\\\/09\\\/23\\\/geiz-ist-nicht-immer-geil\\\/#breadcrumb\"},\"inLanguage\":\"de\",\"potentialAction\":[{\"@type\":\"ReadAction\",\"target\":[\"https:\\\/\\\/truckonline.de\\\/blog\\\/2019\\\/09\\\/23\\\/geiz-ist-nicht-immer-geil\\\/\"]}]},{\"@type\":\"ImageObject\",\"inLanguage\":\"de\",\"@id\":\"https:\\\/\\\/truckonline.de\\\/blog\\\/2019\\\/09\\\/23\\\/geiz-ist-nicht-immer-geil\\\/#primaryimage\",\"url\":\"https:\\\/\\\/truckonline.de\\\/blog\\\/wp-content\\\/uploads\\\/2019\\\/09\\\/IMG_20190923_181505.jpg\",\"contentUrl\":\"https:\\\/\\\/truckonline.de\\\/blog\\\/wp-content\\\/uploads\\\/2019\\\/09\\\/IMG_20190923_181505.jpg\",\"width\":550,\"height\":413},{\"@type\":\"BreadcrumbList\",\"@id\":\"https:\\\/\\\/truckonline.de\\\/blog\\\/2019\\\/09\\\/23\\\/geiz-ist-nicht-immer-geil\\\/#breadcrumb\",\"itemListElement\":[{\"@type\":\"ListItem\",\"position\":1,\"name\":\"Startseite\",\"item\":\"https:\\\/\\\/truckonline.de\\\/blog\\\/\"},{\"@type\":\"ListItem\",\"position\":2,\"name\":\"Geiz ist nicht immer geil\"}]},{\"@type\":\"WebSite\",\"@id\":\"https:\\\/\\\/truckonline.de\\\/blog\\\/#website\",\"url\":\"https:\\\/\\\/truckonline.de\\\/blog\\\/\",\"name\":\"TruckOnline.de\",\"description\":\"\",\"publisher\":{\"@id\":\"https:\\\/\\\/truckonline.de\\\/blog\\\/#\\\/schema\\\/person\\\/4cb59b86ffde81f882f56439688fda19\"},\"potentialAction\":[{\"@type\":\"SearchAction\",\"target\":{\"@type\":\"EntryPoint\",\"urlTemplate\":\"https:\\\/\\\/truckonline.de\\\/blog\\\/?s={search_term_string}\"},\"query-input\":{\"@type\":\"PropertyValueSpecification\",\"valueRequired\":true,\"valueName\":\"search_term_string\"}}],\"inLanguage\":\"de\"},{\"@type\":[\"Person\",\"Organization\"],\"@id\":\"https:\\\/\\\/truckonline.de\\\/blog\\\/#\\\/schema\\\/person\\\/4cb59b86ffde81f882f56439688fda19\",\"name\":\"maik\",\"image\":{\"@type\":\"ImageObject\",\"inLanguage\":\"de\",\"@id\":\"https:\\\/\\\/truckonline.de\\\/blog\\\/wp-content\\\/uploads\\\/2019\\\/12\\\/logoinnenweiss.png\",\"url\":\"https:\\\/\\\/truckonline.de\\\/blog\\\/wp-content\\\/uploads\\\/2019\\\/12\\\/logoinnenweiss.png\",\"contentUrl\":\"https:\\\/\\\/truckonline.de\\\/blog\\\/wp-content\\\/uploads\\\/2019\\\/12\\\/logoinnenweiss.png\",\"width\":733,\"height\":125,\"caption\":\"maik\"},\"logo\":{\"@id\":\"https:\\\/\\\/truckonline.de\\\/blog\\\/wp-content\\\/uploads\\\/2019\\\/12\\\/logoinnenweiss.png\"},\"sameAs\":[\"https:\\\/\\\/www.facebook.com\\\/truckblog\",\"https:\\\/\\\/www.instagram.com\\\/truck_online\\\/\",\"https:\\\/\\\/x.com\\\/https:\\\/\\\/twitter.com\\\/truckblog\",\"https:\\\/\\\/www.youtube.com\\\/user\\\/truckonline\",\"https:\\\/\\\/www.tumblr.com\\\/truckonline\"]}]}<\/script>\n<!-- \/ Yoast SEO plugin. -->","yoast_head_json":{"title":"Geiz ist nicht immer geil | TruckOnline.de","description":"Ein Sperrschild vor meinem \u00f6sterreichischen Lieblingssparmarkt. War aber abzusehen. Wenn Fahrer Sch\u00e4den verursachen, ohne diese zu melden oder den","robots":{"index":"index","follow":"follow","max-snippet":"max-snippet:-1","max-image-preview":"max-image-preview:large","max-video-preview":"max-video-preview:-1"},"canonical":"https:\/\/truckonline.de\/blog\/2019\/09\/23\/geiz-ist-nicht-immer-geil\/","og_locale":"de_DE","og_type":"article","og_title":"Geiz ist nicht immer geil | TruckOnline.de","og_url":"https:\/\/truckonline.de\/blog\/2019\/09\/23\/geiz-ist-nicht-immer-geil\/","og_site_name":"TruckOnline.de","article_publisher":"https:\/\/www.facebook.com\/truckblog","article_author":"https:\/\/www.facebook.com\/truckblog","article_published_time":"2019-09-23T18:24:12+00:00","article_modified_time":"2019-10-14T21:57:27+00:00","og_image":[{"url":"https:\/\/truckonline.de\/blog\/wp-content\/uploads\/2019\/09\/IMG_20190923_181505.jpg","type":"","width":"","height":""}],"author":"maik","twitter_card":"summary_large_image","twitter_creator":"@https:\/\/twitter.com\/truckblog","twitter_site":"@truckblog","twitter_misc":{"Verfasst von":"maik","Gesch\u00e4tzte Lesezeit":"1\u00a0Minute"},"schema":{"@context":"https:\/\/schema.org","@graph":[{"@type":"Article","@id":"https:\/\/truckonline.de\/blog\/2019\/09\/23\/geiz-ist-nicht-immer-geil\/#article","isPartOf":{"@id":"https:\/\/truckonline.de\/blog\/2019\/09\/23\/geiz-ist-nicht-immer-geil\/"},"author":{"name":"maik","@id":"https:\/\/truckonline.de\/blog\/#\/schema\/person\/4cb59b86ffde81f882f56439688fda19"},"headline":"Geiz ist nicht immer geil","datePublished":"2019-09-23T18:24:12+00:00","dateModified":"2019-10-14T21:57:27+00:00","mainEntityOfPage":{"@id":"https:\/\/truckonline.de\/blog\/2019\/09\/23\/geiz-ist-nicht-immer-geil\/"},"wordCount":106,"commentCount":3,"publisher":{"@id":"https:\/\/truckonline.de\/blog\/#\/schema\/person\/4cb59b86ffde81f882f56439688fda19"},"image":{"@id":"https:\/\/truckonline.de\/blog\/2019\/09\/23\/geiz-ist-nicht-immer-geil\/#primaryimage"},"thumbnailUrl":"https:\/\/truckonline.de\/blog\/wp-content\/uploads\/2019\/09\/IMG_20190923_181505.jpg","keywords":["Parkverbot","Supermarkt"],"articleSection":["\u00c4rgerliches","Unterwegs"],"inLanguage":"de","potentialAction":[{"@type":"CommentAction","name":"Comment","target":["https:\/\/truckonline.de\/blog\/2019\/09\/23\/geiz-ist-nicht-immer-geil\/#respond"]}]},{"@type":"WebPage","@id":"https:\/\/truckonline.de\/blog\/2019\/09\/23\/geiz-ist-nicht-immer-geil\/","url":"https:\/\/truckonline.de\/blog\/2019\/09\/23\/geiz-ist-nicht-immer-geil\/","name":"Geiz ist nicht immer geil | TruckOnline.de","isPartOf":{"@id":"https:\/\/truckonline.de\/blog\/#website"},"primaryImageOfPage":{"@id":"https:\/\/truckonline.de\/blog\/2019\/09\/23\/geiz-ist-nicht-immer-geil\/#primaryimage"},"image":{"@id":"https:\/\/truckonline.de\/blog\/2019\/09\/23\/geiz-ist-nicht-immer-geil\/#primaryimage"},"thumbnailUrl":"https:\/\/truckonline.de\/blog\/wp-content\/uploads\/2019\/09\/IMG_20190923_181505.jpg","datePublished":"2019-09-23T18:24:12+00:00","dateModified":"2019-10-14T21:57:27+00:00","description":"Ein Sperrschild vor meinem \u00f6sterreichischen Lieblingssparmarkt. War aber abzusehen. Wenn Fahrer Sch\u00e4den verursachen, ohne diese zu melden oder den","breadcrumb":{"@id":"https:\/\/truckonline.de\/blog\/2019\/09\/23\/geiz-ist-nicht-immer-geil\/#breadcrumb"},"inLanguage":"de","potentialAction":[{"@type":"ReadAction","target":["https:\/\/truckonline.de\/blog\/2019\/09\/23\/geiz-ist-nicht-immer-geil\/"]}]},{"@type":"ImageObject","inLanguage":"de","@id":"https:\/\/truckonline.de\/blog\/2019\/09\/23\/geiz-ist-nicht-immer-geil\/#primaryimage","url":"https:\/\/truckonline.de\/blog\/wp-content\/uploads\/2019\/09\/IMG_20190923_181505.jpg","contentUrl":"https:\/\/truckonline.de\/blog\/wp-content\/uploads\/2019\/09\/IMG_20190923_181505.jpg","width":550,"height":413},{"@type":"BreadcrumbList","@id":"https:\/\/truckonline.de\/blog\/2019\/09\/23\/geiz-ist-nicht-immer-geil\/#breadcrumb","itemListElement":[{"@type":"ListItem","position":1,"name":"Startseite","item":"https:\/\/truckonline.de\/blog\/"},{"@type":"ListItem","position":2,"name":"Geiz ist nicht immer geil"}]},{"@type":"WebSite","@id":"https:\/\/truckonline.de\/blog\/#website","url":"https:\/\/truckonline.de\/blog\/","name":"TruckOnline.de","description":"","publisher":{"@id":"https:\/\/truckonline.de\/blog\/#\/schema\/person\/4cb59b86ffde81f882f56439688fda19"},"potentialAction":[{"@type":"SearchAction","target":{"@type":"EntryPoint","urlTemplate":"https:\/\/truckonline.de\/blog\/?s={search_term_string}"},"query-input":{"@type":"PropertyValueSpecification","valueRequired":true,"valueName":"search_term_string"}}],"inLanguage":"de"},{"@type":["Person","Organization"],"@id":"https:\/\/truckonline.de\/blog\/#\/schema\/person\/4cb59b86ffde81f882f56439688fda19","name":"maik","image":{"@type":"ImageObject","inLanguage":"de","@id":"https:\/\/truckonline.de\/blog\/wp-content\/uploads\/2019\/12\/logoinnenweiss.png","url":"https:\/\/truckonline.de\/blog\/wp-content\/uploads\/2019\/12\/logoinnenweiss.png","contentUrl":"https:\/\/truckonline.de\/blog\/wp-content\/uploads\/2019\/12\/logoinnenweiss.png","width":733,"height":125,"caption":"maik"},"logo":{"@id":"https:\/\/truckonline.de\/blog\/wp-content\/uploads\/2019\/12\/logoinnenweiss.png"},"sameAs":["https:\/\/www.facebook.com\/truckblog","https:\/\/www.instagram.com\/truck_online\/","https:\/\/x.com\/https:\/\/twitter.com\/truckblog","https:\/\/www.youtube.com\/user\/truckonline","https:\/\/www.tumblr.com\/truckonline"]}]}},"_links":{"self":[{"href":"https:\/\/truckonline.de\/blog\/wp-json\/wp\/v2\/posts\/8913","targetHints":{"allow":["GET"]}}],"collection":[{"href":"https:\/\/truckonline.de\/blog\/wp-json\/wp\/v2\/posts"}],"about":[{"href":"https:\/\/truckonline.de\/blog\/wp-json\/wp\/v2\/types\/post"}],"author":[{"embeddable":true,"href":"https:\/\/truckonline.de\/blog\/wp-json\/wp\/v2\/users\/3"}],"replies":[{"embeddable":true,"href":"https:\/\/truckonline.de\/blog\/wp-json\/wp\/v2\/comments?post=8913"}],"version-history":[{"count":2,"href":"https:\/\/truckonline.de\/blog\/wp-json\/wp\/v2\/posts\/8913\/revisions"}],"predecessor-version":[{"id":9022,"href":"https:\/\/truckonline.de\/blog\/wp-json\/wp\/v2\/posts\/8913\/revisions\/9022"}],"wp:attachment":[{"href":"https:\/\/truckonline.de\/blog\/wp-json\/wp\/v2\/media?parent=8913"}],"wp:term":[{"taxonomy":"category","embeddable":true,"href":"https:\/\/truckonline.de\/blog\/wp-json\/wp\/v2\/categories?post=8913"},{"taxonomy":"post_tag","embeddable":true,"href":"https:\/\/truckonline.de\/blog\/wp-json\/wp\/v2\/tags?post=8913"}],"curies":[{"name":"wp","href":"https:\/\/api.w.org\/{rel}","templated":true}]}}