{"id":8447,"date":"2019-02-11T07:15:23","date_gmt":"2019-02-11T06:15:23","guid":{"rendered":"https:\/\/truckonline.de\/blog\/?p=8447"},"modified":"2019-02-12T20:41:00","modified_gmt":"2019-02-12T19:41:00","slug":"unfreiwillige-ladung-2","status":"publish","type":"post","link":"https:\/\/truckonline.de\/blog\/2019\/02\/11\/unfreiwillige-ladung-2\/","title":{"rendered":"Unfreiwillige Ladung"},"content":{"rendered":"\n<p>Guten Morgen Sonnenschein. <\/p>\n\n\n\n<p>Ach, was f\u00fcr ein Quatsch. Es ist Montag, der Schnee vom Wochenende muss vom Auflieger runter.<\/p>\n\n\n\n<p>Was mich aber immer wieder wundert, wie viele <del>Assi  <\/del>Kollegen vom Nahverkehr losfahren, ohne sich darum zu k\u00fcmmern. <\/p>\n\n\n\n<p>Es gibt in der Firma f\u00fcr die ich fahre, so ein sch\u00f6nes Schneeger\u00fcst. Sogar ein Schneeschieber liegt da drauf. Das Zeug zu entfernen, dauert keine zehn Minuten. Aber selbst die Zeit nehmen sich die meisten nicht. <br>Aber vielleicht k\u00f6nnen die mit den eventuellen Folgen gut umgehen. Keine Ahnung. Muss letztlich jeder f\u00fcr sich selbst entscheiden. <\/p>\n","protected":false},"excerpt":{"rendered":"<p>Guten Morgen Sonnenschein. Ach, was f\u00fcr ein Quatsch. Es ist Montag, der Schnee vom Wochenende muss vom Auflieger runter. Was mich aber immer wieder wundert,&#8230;<\/p>\n<div class=\"more-link-wrapper\"><a class=\"more-link\" href=\"https:\/\/truckonline.de\/blog\/2019\/02\/11\/unfreiwillige-ladung-2\/\">Sie haben Ihr Ziel fast erreicht.<span class=\"screen-reader-text\">Unfreiwillige Ladung<\/span><\/a><\/div>\n","protected":false},"author":3,"featured_media":8448,"comment_status":"open","ping_status":"open","sticky":false,"template":"","format":"standard","meta":{"iawp_total_views":1,"_metis_text_type":"","_metis_text_length":0,"_post_count":0,"footnotes":""},"categories":[11],"tags":[988,127],"class_list":["post-8447","post","type-post","status-publish","format-standard","has-post-thumbnail","hentry","category-lkw","tag-montagmorgen","tag-schnee","ratio-2-1","entry"],"yoast_head":"<!-- This site is optimized with the Yoast SEO plugin v27.4 - https:\/\/yoast.com\/product\/yoast-seo-wordpress\/ -->\n<title>Unfreiwillige Ladung | TruckOnline.de<\/title>\n<meta name=\"description\" content=\"Guten Morgen Sonnenschein. Ach, was f\u00fcr ein Quatsch. Es ist Montag, der Schnee vom Wochenende muss vom Auflieger runter. Was mich aber immer wieder\" \/>\n<meta name=\"robots\" content=\"index, follow, max-snippet:-1, max-image-preview:large, max-video-preview:-1\" \/>\n<link rel=\"canonical\" href=\"https:\/\/truckonline.de\/blog\/2019\/02\/11\/unfreiwillige-ladung-2\/\" \/>\n<meta property=\"og:locale\" content=\"de_DE\" \/>\n<meta property=\"og:type\" content=\"article\" \/>\n<meta property=\"og:title\" content=\"Unfreiwillige Ladung | TruckOnline.de\" \/>\n<meta property=\"og:url\" content=\"https:\/\/truckonline.de\/blog\/2019\/02\/11\/unfreiwillige-ladung-2\/\" \/>\n<meta property=\"og:site_name\" content=\"TruckOnline.de\" \/>\n<meta property=\"article:publisher\" content=\"https:\/\/www.facebook.com\/truckblog\" \/>\n<meta property=\"article:author\" content=\"https:\/\/www.facebook.com\/truckblog\" \/>\n<meta property=\"article:published_time\" content=\"2019-02-11T06:15:23+00:00\" \/>\n<meta property=\"article:modified_time\" content=\"2019-02-12T19:41:00+00:00\" \/>\n<meta property=\"og:image\" content=\"https:\/\/truckonline.de\/blog\/wp-content\/uploads\/2019\/02\/IMG_20190212_201443.jpg\" \/>\n\t<meta property=\"og:image:width\" content=\"550\" \/>\n\t<meta property=\"og:image:height\" content=\"413\" \/>\n\t<meta property=\"og:image:type\" content=\"image\/jpeg\" \/>\n<meta name=\"author\" content=\"maik\" \/>\n<meta name=\"twitter:card\" content=\"summary_large_image\" \/>\n<meta name=\"twitter:creator\" content=\"@https:\/\/twitter.com\/truckblog\" \/>\n<meta name=\"twitter:site\" content=\"@truckblog\" \/>\n<meta name=\"twitter:label1\" content=\"Verfasst von\" \/>\n\t<meta name=\"twitter:data1\" content=\"maik\" \/>\n<script type=\"application\/ld+json\" class=\"yoast-schema-graph\">{\"@context\":\"https:\\\/\\\/schema.org\",\"@graph\":[{\"@type\":\"Article\",\"@id\":\"https:\\\/\\\/truckonline.de\\\/blog\\\/2019\\\/02\\\/11\\\/unfreiwillige-ladung-2\\\/#article\",\"isPartOf\":{\"@id\":\"https:\\\/\\\/truckonline.de\\\/blog\\\/2019\\\/02\\\/11\\\/unfreiwillige-ladung-2\\\/\"},\"author\":{\"name\":\"maik\",\"@id\":\"https:\\\/\\\/truckonline.de\\\/blog\\\/#\\\/schema\\\/person\\\/4cb59b86ffde81f882f56439688fda19\"},\"headline\":\"Unfreiwillige Ladung\",\"datePublished\":\"2019-02-11T06:15:23+00:00\",\"dateModified\":\"2019-02-12T19:41:00+00:00\",\"mainEntityOfPage\":{\"@id\":\"https:\\\/\\\/truckonline.de\\\/blog\\\/2019\\\/02\\\/11\\\/unfreiwillige-ladung-2\\\/\"},\"wordCount\":101,\"commentCount\":4,\"publisher\":{\"@id\":\"https:\\\/\\\/truckonline.de\\\/blog\\\/#\\\/schema\\\/person\\\/4cb59b86ffde81f882f56439688fda19\"},\"image\":{\"@id\":\"https:\\\/\\\/truckonline.de\\\/blog\\\/2019\\\/02\\\/11\\\/unfreiwillige-ladung-2\\\/#primaryimage\"},\"thumbnailUrl\":\"https:\\\/\\\/truckonline.de\\\/blog\\\/wp-content\\\/uploads\\\/2019\\\/02\\\/IMG_20190212_201443.jpg\",\"keywords\":[\"Montagmorgen\",\"Schnee\"],\"articleSection\":[\"Lkw\"],\"inLanguage\":\"de\",\"potentialAction\":[{\"@type\":\"CommentAction\",\"name\":\"Comment\",\"target\":[\"https:\\\/\\\/truckonline.de\\\/blog\\\/2019\\\/02\\\/11\\\/unfreiwillige-ladung-2\\\/#respond\"]}]},{\"@type\":\"WebPage\",\"@id\":\"https:\\\/\\\/truckonline.de\\\/blog\\\/2019\\\/02\\\/11\\\/unfreiwillige-ladung-2\\\/\",\"url\":\"https:\\\/\\\/truckonline.de\\\/blog\\\/2019\\\/02\\\/11\\\/unfreiwillige-ladung-2\\\/\",\"name\":\"Unfreiwillige Ladung | TruckOnline.de\",\"isPartOf\":{\"@id\":\"https:\\\/\\\/truckonline.de\\\/blog\\\/#website\"},\"primaryImageOfPage\":{\"@id\":\"https:\\\/\\\/truckonline.de\\\/blog\\\/2019\\\/02\\\/11\\\/unfreiwillige-ladung-2\\\/#primaryimage\"},\"image\":{\"@id\":\"https:\\\/\\\/truckonline.de\\\/blog\\\/2019\\\/02\\\/11\\\/unfreiwillige-ladung-2\\\/#primaryimage\"},\"thumbnailUrl\":\"https:\\\/\\\/truckonline.de\\\/blog\\\/wp-content\\\/uploads\\\/2019\\\/02\\\/IMG_20190212_201443.jpg\",\"datePublished\":\"2019-02-11T06:15:23+00:00\",\"dateModified\":\"2019-02-12T19:41:00+00:00\",\"description\":\"Guten Morgen Sonnenschein. Ach, was f\u00fcr ein Quatsch. Es ist Montag, der Schnee vom Wochenende muss vom Auflieger runter. Was mich aber immer wieder\",\"breadcrumb\":{\"@id\":\"https:\\\/\\\/truckonline.de\\\/blog\\\/2019\\\/02\\\/11\\\/unfreiwillige-ladung-2\\\/#breadcrumb\"},\"inLanguage\":\"de\",\"potentialAction\":[{\"@type\":\"ReadAction\",\"target\":[\"https:\\\/\\\/truckonline.de\\\/blog\\\/2019\\\/02\\\/11\\\/unfreiwillige-ladung-2\\\/\"]}]},{\"@type\":\"ImageObject\",\"inLanguage\":\"de\",\"@id\":\"https:\\\/\\\/truckonline.de\\\/blog\\\/2019\\\/02\\\/11\\\/unfreiwillige-ladung-2\\\/#primaryimage\",\"url\":\"https:\\\/\\\/truckonline.de\\\/blog\\\/wp-content\\\/uploads\\\/2019\\\/02\\\/IMG_20190212_201443.jpg\",\"contentUrl\":\"https:\\\/\\\/truckonline.de\\\/blog\\\/wp-content\\\/uploads\\\/2019\\\/02\\\/IMG_20190212_201443.jpg\",\"width\":550,\"height\":413},{\"@type\":\"BreadcrumbList\",\"@id\":\"https:\\\/\\\/truckonline.de\\\/blog\\\/2019\\\/02\\\/11\\\/unfreiwillige-ladung-2\\\/#breadcrumb\",\"itemListElement\":[{\"@type\":\"ListItem\",\"position\":1,\"name\":\"Startseite\",\"item\":\"https:\\\/\\\/truckonline.de\\\/blog\\\/\"},{\"@type\":\"ListItem\",\"position\":2,\"name\":\"Unfreiwillige Ladung\"}]},{\"@type\":\"WebSite\",\"@id\":\"https:\\\/\\\/truckonline.de\\\/blog\\\/#website\",\"url\":\"https:\\\/\\\/truckonline.de\\\/blog\\\/\",\"name\":\"TruckOnline.de\",\"description\":\"\",\"publisher\":{\"@id\":\"https:\\\/\\\/truckonline.de\\\/blog\\\/#\\\/schema\\\/person\\\/4cb59b86ffde81f882f56439688fda19\"},\"potentialAction\":[{\"@type\":\"SearchAction\",\"target\":{\"@type\":\"EntryPoint\",\"urlTemplate\":\"https:\\\/\\\/truckonline.de\\\/blog\\\/?s={search_term_string}\"},\"query-input\":{\"@type\":\"PropertyValueSpecification\",\"valueRequired\":true,\"valueName\":\"search_term_string\"}}],\"inLanguage\":\"de\"},{\"@type\":[\"Person\",\"Organization\"],\"@id\":\"https:\\\/\\\/truckonline.de\\\/blog\\\/#\\\/schema\\\/person\\\/4cb59b86ffde81f882f56439688fda19\",\"name\":\"maik\",\"image\":{\"@type\":\"ImageObject\",\"inLanguage\":\"de\",\"@id\":\"https:\\\/\\\/truckonline.de\\\/blog\\\/wp-content\\\/uploads\\\/2019\\\/12\\\/logoinnenweiss.png\",\"url\":\"https:\\\/\\\/truckonline.de\\\/blog\\\/wp-content\\\/uploads\\\/2019\\\/12\\\/logoinnenweiss.png\",\"contentUrl\":\"https:\\\/\\\/truckonline.de\\\/blog\\\/wp-content\\\/uploads\\\/2019\\\/12\\\/logoinnenweiss.png\",\"width\":733,\"height\":125,\"caption\":\"maik\"},\"logo\":{\"@id\":\"https:\\\/\\\/truckonline.de\\\/blog\\\/wp-content\\\/uploads\\\/2019\\\/12\\\/logoinnenweiss.png\"},\"sameAs\":[\"https:\\\/\\\/www.facebook.com\\\/truckblog\",\"https:\\\/\\\/www.instagram.com\\\/truck_online\\\/\",\"https:\\\/\\\/x.com\\\/https:\\\/\\\/twitter.com\\\/truckblog\",\"https:\\\/\\\/www.youtube.com\\\/user\\\/truckonline\",\"https:\\\/\\\/www.tumblr.com\\\/truckonline\"]}]}<\/script>\n<!-- \/ Yoast SEO plugin. -->","yoast_head_json":{"title":"Unfreiwillige Ladung | TruckOnline.de","description":"Guten Morgen Sonnenschein. Ach, was f\u00fcr ein Quatsch. Es ist Montag, der Schnee vom Wochenende muss vom Auflieger runter. Was mich aber immer wieder","robots":{"index":"index","follow":"follow","max-snippet":"max-snippet:-1","max-image-preview":"max-image-preview:large","max-video-preview":"max-video-preview:-1"},"canonical":"https:\/\/truckonline.de\/blog\/2019\/02\/11\/unfreiwillige-ladung-2\/","og_locale":"de_DE","og_type":"article","og_title":"Unfreiwillige Ladung | TruckOnline.de","og_url":"https:\/\/truckonline.de\/blog\/2019\/02\/11\/unfreiwillige-ladung-2\/","og_site_name":"TruckOnline.de","article_publisher":"https:\/\/www.facebook.com\/truckblog","article_author":"https:\/\/www.facebook.com\/truckblog","article_published_time":"2019-02-11T06:15:23+00:00","article_modified_time":"2019-02-12T19:41:00+00:00","og_image":[{"width":550,"height":413,"url":"https:\/\/truckonline.de\/blog\/wp-content\/uploads\/2019\/02\/IMG_20190212_201443.jpg","type":"image\/jpeg"}],"author":"maik","twitter_card":"summary_large_image","twitter_creator":"@https:\/\/twitter.com\/truckblog","twitter_site":"@truckblog","twitter_misc":{"Verfasst von":"maik"},"schema":{"@context":"https:\/\/schema.org","@graph":[{"@type":"Article","@id":"https:\/\/truckonline.de\/blog\/2019\/02\/11\/unfreiwillige-ladung-2\/#article","isPartOf":{"@id":"https:\/\/truckonline.de\/blog\/2019\/02\/11\/unfreiwillige-ladung-2\/"},"author":{"name":"maik","@id":"https:\/\/truckonline.de\/blog\/#\/schema\/person\/4cb59b86ffde81f882f56439688fda19"},"headline":"Unfreiwillige Ladung","datePublished":"2019-02-11T06:15:23+00:00","dateModified":"2019-02-12T19:41:00+00:00","mainEntityOfPage":{"@id":"https:\/\/truckonline.de\/blog\/2019\/02\/11\/unfreiwillige-ladung-2\/"},"wordCount":101,"commentCount":4,"publisher":{"@id":"https:\/\/truckonline.de\/blog\/#\/schema\/person\/4cb59b86ffde81f882f56439688fda19"},"image":{"@id":"https:\/\/truckonline.de\/blog\/2019\/02\/11\/unfreiwillige-ladung-2\/#primaryimage"},"thumbnailUrl":"https:\/\/truckonline.de\/blog\/wp-content\/uploads\/2019\/02\/IMG_20190212_201443.jpg","keywords":["Montagmorgen","Schnee"],"articleSection":["Lkw"],"inLanguage":"de","potentialAction":[{"@type":"CommentAction","name":"Comment","target":["https:\/\/truckonline.de\/blog\/2019\/02\/11\/unfreiwillige-ladung-2\/#respond"]}]},{"@type":"WebPage","@id":"https:\/\/truckonline.de\/blog\/2019\/02\/11\/unfreiwillige-ladung-2\/","url":"https:\/\/truckonline.de\/blog\/2019\/02\/11\/unfreiwillige-ladung-2\/","name":"Unfreiwillige Ladung | TruckOnline.de","isPartOf":{"@id":"https:\/\/truckonline.de\/blog\/#website"},"primaryImageOfPage":{"@id":"https:\/\/truckonline.de\/blog\/2019\/02\/11\/unfreiwillige-ladung-2\/#primaryimage"},"image":{"@id":"https:\/\/truckonline.de\/blog\/2019\/02\/11\/unfreiwillige-ladung-2\/#primaryimage"},"thumbnailUrl":"https:\/\/truckonline.de\/blog\/wp-content\/uploads\/2019\/02\/IMG_20190212_201443.jpg","datePublished":"2019-02-11T06:15:23+00:00","dateModified":"2019-02-12T19:41:00+00:00","description":"Guten Morgen Sonnenschein. Ach, was f\u00fcr ein Quatsch. Es ist Montag, der Schnee vom Wochenende muss vom Auflieger runter. Was mich aber immer wieder","breadcrumb":{"@id":"https:\/\/truckonline.de\/blog\/2019\/02\/11\/unfreiwillige-ladung-2\/#breadcrumb"},"inLanguage":"de","potentialAction":[{"@type":"ReadAction","target":["https:\/\/truckonline.de\/blog\/2019\/02\/11\/unfreiwillige-ladung-2\/"]}]},{"@type":"ImageObject","inLanguage":"de","@id":"https:\/\/truckonline.de\/blog\/2019\/02\/11\/unfreiwillige-ladung-2\/#primaryimage","url":"https:\/\/truckonline.de\/blog\/wp-content\/uploads\/2019\/02\/IMG_20190212_201443.jpg","contentUrl":"https:\/\/truckonline.de\/blog\/wp-content\/uploads\/2019\/02\/IMG_20190212_201443.jpg","width":550,"height":413},{"@type":"BreadcrumbList","@id":"https:\/\/truckonline.de\/blog\/2019\/02\/11\/unfreiwillige-ladung-2\/#breadcrumb","itemListElement":[{"@type":"ListItem","position":1,"name":"Startseite","item":"https:\/\/truckonline.de\/blog\/"},{"@type":"ListItem","position":2,"name":"Unfreiwillige Ladung"}]},{"@type":"WebSite","@id":"https:\/\/truckonline.de\/blog\/#website","url":"https:\/\/truckonline.de\/blog\/","name":"TruckOnline.de","description":"","publisher":{"@id":"https:\/\/truckonline.de\/blog\/#\/schema\/person\/4cb59b86ffde81f882f56439688fda19"},"potentialAction":[{"@type":"SearchAction","target":{"@type":"EntryPoint","urlTemplate":"https:\/\/truckonline.de\/blog\/?s={search_term_string}"},"query-input":{"@type":"PropertyValueSpecification","valueRequired":true,"valueName":"search_term_string"}}],"inLanguage":"de"},{"@type":["Person","Organization"],"@id":"https:\/\/truckonline.de\/blog\/#\/schema\/person\/4cb59b86ffde81f882f56439688fda19","name":"maik","image":{"@type":"ImageObject","inLanguage":"de","@id":"https:\/\/truckonline.de\/blog\/wp-content\/uploads\/2019\/12\/logoinnenweiss.png","url":"https:\/\/truckonline.de\/blog\/wp-content\/uploads\/2019\/12\/logoinnenweiss.png","contentUrl":"https:\/\/truckonline.de\/blog\/wp-content\/uploads\/2019\/12\/logoinnenweiss.png","width":733,"height":125,"caption":"maik"},"logo":{"@id":"https:\/\/truckonline.de\/blog\/wp-content\/uploads\/2019\/12\/logoinnenweiss.png"},"sameAs":["https:\/\/www.facebook.com\/truckblog","https:\/\/www.instagram.com\/truck_online\/","https:\/\/x.com\/https:\/\/twitter.com\/truckblog","https:\/\/www.youtube.com\/user\/truckonline","https:\/\/www.tumblr.com\/truckonline"]}]}},"_links":{"self":[{"href":"https:\/\/truckonline.de\/blog\/wp-json\/wp\/v2\/posts\/8447","targetHints":{"allow":["GET"]}}],"collection":[{"href":"https:\/\/truckonline.de\/blog\/wp-json\/wp\/v2\/posts"}],"about":[{"href":"https:\/\/truckonline.de\/blog\/wp-json\/wp\/v2\/types\/post"}],"author":[{"embeddable":true,"href":"https:\/\/truckonline.de\/blog\/wp-json\/wp\/v2\/users\/3"}],"replies":[{"embeddable":true,"href":"https:\/\/truckonline.de\/blog\/wp-json\/wp\/v2\/comments?post=8447"}],"version-history":[{"count":3,"href":"https:\/\/truckonline.de\/blog\/wp-json\/wp\/v2\/posts\/8447\/revisions"}],"predecessor-version":[{"id":8453,"href":"https:\/\/truckonline.de\/blog\/wp-json\/wp\/v2\/posts\/8447\/revisions\/8453"}],"wp:featuredmedia":[{"embeddable":true,"href":"https:\/\/truckonline.de\/blog\/wp-json\/wp\/v2\/media\/8448"}],"wp:attachment":[{"href":"https:\/\/truckonline.de\/blog\/wp-json\/wp\/v2\/media?parent=8447"}],"wp:term":[{"taxonomy":"category","embeddable":true,"href":"https:\/\/truckonline.de\/blog\/wp-json\/wp\/v2\/categories?post=8447"},{"taxonomy":"post_tag","embeddable":true,"href":"https:\/\/truckonline.de\/blog\/wp-json\/wp\/v2\/tags?post=8447"}],"curies":[{"name":"wp","href":"https:\/\/api.w.org\/{rel}","templated":true}]}}