{"id":838,"date":"2009-07-08T20:53:58","date_gmt":"2009-07-08T19:53:58","guid":{"rendered":"https:\/\/truckonline.de\/blog\/?p=838"},"modified":"2009-07-08T20:56:15","modified_gmt":"2009-07-08T19:56:15","slug":"sonntagsfahrverbot-fuer-lkw-soll-gelockert-werden","status":"publish","type":"post","link":"https:\/\/truckonline.de\/blog\/2009\/07\/08\/sonntagsfahrverbot-fuer-lkw-soll-gelockert-werden\/","title":{"rendered":"Sonntagsfahrverbot f\u00fcr Lkw soll gelockert werden"},"content":{"rendered":"<p>Geht es nach dem Willen des Bundesrats, k\u00f6nnte es auf deutschen Autobahnen k\u00fcnftig noch lebhafter zugehen. Wie AUTO BILD in der am Freitag erscheinenden Ausgabe (Heft 28) berichtet, m\u00f6chte die L\u00e4ndervertretung das Lkw-Sonntagsfahrverbot weiter aufweichen.<br \/>\nDie L\u00e4nderkammer plant, den Ausnahmenkatalog der Stra\u00dfenverkehrsordnung zu erg\u00e4nzen. Nach AUTO BILD-Informationen sollen k\u00fcnftig an Sonn- und Feiertagen auch Zugmaschinen, Schaustellerfahrzeuge, TV-Sendewagen, Arbeitsmaschinen \u2013 beispielsweise Kranwagen \u2013 und Lkw bis 3,5 Tonnen mit Wohnwagen oder Pferdeanh\u00e4nger ohne gesonderte Genehmigung auf deutschen Autobahnen fahren d\u00fcrfen. Schon heute gelten unter anderem Ausnahmen f\u00fcr Spediteure, die verderbliche Lebensmittel transportieren.<\/p>\n<p>Bundesverkehrsminister Wolfgang Tiefensee (SPD) sperrt sich bislang noch gegen die Pl\u00e4ne des Bundesrats. Doch nach der politischen Sommerpause k\u00f6nnte sich das \u00e4ndern, denn die L\u00e4nderkammer m\u00f6chte dem Parlament einen Handel anbieten: Laut AUTO BILD will der Bundesrat einigen geplanten Erleichterungen f\u00fcr Motorradfahrer \u2013 etwa der Einf\u00fchrung einer Staugasse auf Autobahnen \u2013 nur dann zustimmen, wenn der Bundestag im Gegenzug die neuen Ausnahmen beim Sonntagsfahrverbot durchwinkt. <\/p>\n","protected":false},"excerpt":{"rendered":"<p>Geht es nach dem Willen des Bundesrats, k\u00f6nnte es auf deutschen Autobahnen k\u00fcnftig noch lebhafter zugehen. Wie AUTO BILD in der am Freitag erscheinenden Ausgabe&#8230;<\/p>\n<div class=\"more-link-wrapper\"><a class=\"more-link\" href=\"https:\/\/truckonline.de\/blog\/2009\/07\/08\/sonntagsfahrverbot-fuer-lkw-soll-gelockert-werden\/\">Sie haben Ihr Ziel fast erreicht.<span class=\"screen-reader-text\">Sonntagsfahrverbot f\u00fcr Lkw soll gelockert werden<\/span><\/a><\/div>\n","protected":false},"author":3,"featured_media":0,"comment_status":"open","ping_status":"open","sticky":false,"template":"","format":"standard","meta":{"iawp_total_views":1,"_metis_text_type":"","_metis_text_length":0,"_post_count":0,"footnotes":""},"categories":[11,191],"tags":[1881,1082],"class_list":["post-838","post","type-post","status-publish","format-standard","hentry","category-lkw","category-presse","tag-lkw","tag-sonntagsfahrverbot","ratio-2-1","entry"],"yoast_head":"<!-- This site is optimized with the Yoast SEO plugin v27.5 - https:\/\/yoast.com\/product\/yoast-seo-wordpress\/ -->\n<title>Sonntagsfahrverbot f\u00fcr Lkw soll gelockert werden | TruckOnline.de<\/title>\n<meta name=\"description\" content=\"Geht es nach dem Willen des Bundesrats, k\u00f6nnte es auf deutschen Autobahnen k\u00fcnftig noch lebhafter zugehen. Wie AUTO BILD in der am Freitag erscheinenden\" \/>\n<meta name=\"robots\" content=\"index, follow, max-snippet:-1, max-image-preview:large, max-video-preview:-1\" \/>\n<link rel=\"canonical\" href=\"https:\/\/truckonline.de\/blog\/2009\/07\/08\/sonntagsfahrverbot-fuer-lkw-soll-gelockert-werden\/\" \/>\n<meta property=\"og:locale\" content=\"de_DE\" \/>\n<meta property=\"og:type\" content=\"article\" \/>\n<meta property=\"og:title\" content=\"Sonntagsfahrverbot f\u00fcr Lkw soll gelockert werden | TruckOnline.de\" \/>\n<meta property=\"og:url\" content=\"https:\/\/truckonline.de\/blog\/2009\/07\/08\/sonntagsfahrverbot-fuer-lkw-soll-gelockert-werden\/\" \/>\n<meta property=\"og:site_name\" content=\"TruckOnline.de\" \/>\n<meta property=\"article:publisher\" content=\"https:\/\/www.facebook.com\/truckblog\" \/>\n<meta property=\"article:author\" content=\"https:\/\/www.facebook.com\/truckblog\" \/>\n<meta property=\"article:published_time\" content=\"2009-07-08T19:53:58+00:00\" \/>\n<meta property=\"article:modified_time\" content=\"2009-07-08T19:56:15+00:00\" \/>\n<meta property=\"og:image\" content=\"https:\/\/truckonline.de\/blog\/wp-content\/uploads\/2019\/12\/IMG_20191229_225424-scaled.jpg\" \/>\n\t<meta property=\"og:image:width\" content=\"2560\" \/>\n\t<meta property=\"og:image:height\" content=\"1920\" \/>\n\t<meta property=\"og:image:type\" content=\"image\/jpeg\" \/>\n<meta name=\"author\" content=\"maik\" \/>\n<meta name=\"twitter:card\" content=\"summary_large_image\" \/>\n<meta name=\"twitter:creator\" content=\"@https:\/\/twitter.com\/truckblog\" \/>\n<meta name=\"twitter:site\" content=\"@truckblog\" \/>\n<meta name=\"twitter:label1\" content=\"Verfasst von\" \/>\n\t<meta name=\"twitter:data1\" content=\"maik\" \/>\n\t<meta name=\"twitter:label2\" content=\"Gesch\u00e4tzte Lesezeit\" \/>\n\t<meta name=\"twitter:data2\" content=\"1\u00a0Minute\" \/>\n<script type=\"application\/ld+json\" class=\"yoast-schema-graph\">{\"@context\":\"https:\\\/\\\/schema.org\",\"@graph\":[{\"@type\":\"Article\",\"@id\":\"https:\\\/\\\/truckonline.de\\\/blog\\\/2009\\\/07\\\/08\\\/sonntagsfahrverbot-fuer-lkw-soll-gelockert-werden\\\/#article\",\"isPartOf\":{\"@id\":\"https:\\\/\\\/truckonline.de\\\/blog\\\/2009\\\/07\\\/08\\\/sonntagsfahrverbot-fuer-lkw-soll-gelockert-werden\\\/\"},\"author\":{\"name\":\"maik\",\"@id\":\"https:\\\/\\\/truckonline.de\\\/blog\\\/#\\\/schema\\\/person\\\/4cb59b86ffde81f882f56439688fda19\"},\"headline\":\"Sonntagsfahrverbot f\u00fcr Lkw soll gelockert werden\",\"datePublished\":\"2009-07-08T19:53:58+00:00\",\"dateModified\":\"2009-07-08T19:56:15+00:00\",\"mainEntityOfPage\":{\"@id\":\"https:\\\/\\\/truckonline.de\\\/blog\\\/2009\\\/07\\\/08\\\/sonntagsfahrverbot-fuer-lkw-soll-gelockert-werden\\\/\"},\"wordCount\":174,\"commentCount\":2,\"publisher\":{\"@id\":\"https:\\\/\\\/truckonline.de\\\/blog\\\/#\\\/schema\\\/person\\\/4cb59b86ffde81f882f56439688fda19\"},\"keywords\":[\"Lkw\",\"Sonntagsfahrverbot\"],\"articleSection\":[\"Lkw\",\"Presse\"],\"inLanguage\":\"de\",\"potentialAction\":[{\"@type\":\"CommentAction\",\"name\":\"Comment\",\"target\":[\"https:\\\/\\\/truckonline.de\\\/blog\\\/2009\\\/07\\\/08\\\/sonntagsfahrverbot-fuer-lkw-soll-gelockert-werden\\\/#respond\"]}]},{\"@type\":\"WebPage\",\"@id\":\"https:\\\/\\\/truckonline.de\\\/blog\\\/2009\\\/07\\\/08\\\/sonntagsfahrverbot-fuer-lkw-soll-gelockert-werden\\\/\",\"url\":\"https:\\\/\\\/truckonline.de\\\/blog\\\/2009\\\/07\\\/08\\\/sonntagsfahrverbot-fuer-lkw-soll-gelockert-werden\\\/\",\"name\":\"Sonntagsfahrverbot f\u00fcr Lkw soll gelockert werden | TruckOnline.de\",\"isPartOf\":{\"@id\":\"https:\\\/\\\/truckonline.de\\\/blog\\\/#website\"},\"datePublished\":\"2009-07-08T19:53:58+00:00\",\"dateModified\":\"2009-07-08T19:56:15+00:00\",\"description\":\"Geht es nach dem Willen des Bundesrats, k\u00f6nnte es auf deutschen Autobahnen k\u00fcnftig noch lebhafter zugehen. Wie AUTO BILD in der am Freitag erscheinenden\",\"breadcrumb\":{\"@id\":\"https:\\\/\\\/truckonline.de\\\/blog\\\/2009\\\/07\\\/08\\\/sonntagsfahrverbot-fuer-lkw-soll-gelockert-werden\\\/#breadcrumb\"},\"inLanguage\":\"de\",\"potentialAction\":[{\"@type\":\"ReadAction\",\"target\":[\"https:\\\/\\\/truckonline.de\\\/blog\\\/2009\\\/07\\\/08\\\/sonntagsfahrverbot-fuer-lkw-soll-gelockert-werden\\\/\"]}]},{\"@type\":\"BreadcrumbList\",\"@id\":\"https:\\\/\\\/truckonline.de\\\/blog\\\/2009\\\/07\\\/08\\\/sonntagsfahrverbot-fuer-lkw-soll-gelockert-werden\\\/#breadcrumb\",\"itemListElement\":[{\"@type\":\"ListItem\",\"position\":1,\"name\":\"Startseite\",\"item\":\"https:\\\/\\\/truckonline.de\\\/blog\\\/\"},{\"@type\":\"ListItem\",\"position\":2,\"name\":\"Sonntagsfahrverbot f\u00fcr Lkw soll gelockert werden\"}]},{\"@type\":\"WebSite\",\"@id\":\"https:\\\/\\\/truckonline.de\\\/blog\\\/#website\",\"url\":\"https:\\\/\\\/truckonline.de\\\/blog\\\/\",\"name\":\"TruckOnline.de\",\"description\":\"\",\"publisher\":{\"@id\":\"https:\\\/\\\/truckonline.de\\\/blog\\\/#\\\/schema\\\/person\\\/4cb59b86ffde81f882f56439688fda19\"},\"potentialAction\":[{\"@type\":\"SearchAction\",\"target\":{\"@type\":\"EntryPoint\",\"urlTemplate\":\"https:\\\/\\\/truckonline.de\\\/blog\\\/?s={search_term_string}\"},\"query-input\":{\"@type\":\"PropertyValueSpecification\",\"valueRequired\":true,\"valueName\":\"search_term_string\"}}],\"inLanguage\":\"de\"},{\"@type\":[\"Person\",\"Organization\"],\"@id\":\"https:\\\/\\\/truckonline.de\\\/blog\\\/#\\\/schema\\\/person\\\/4cb59b86ffde81f882f56439688fda19\",\"name\":\"maik\",\"image\":{\"@type\":\"ImageObject\",\"inLanguage\":\"de\",\"@id\":\"https:\\\/\\\/truckonline.de\\\/blog\\\/wp-content\\\/uploads\\\/2019\\\/12\\\/logoinnenweiss.png\",\"url\":\"https:\\\/\\\/truckonline.de\\\/blog\\\/wp-content\\\/uploads\\\/2019\\\/12\\\/logoinnenweiss.png\",\"contentUrl\":\"https:\\\/\\\/truckonline.de\\\/blog\\\/wp-content\\\/uploads\\\/2019\\\/12\\\/logoinnenweiss.png\",\"width\":733,\"height\":125,\"caption\":\"maik\"},\"logo\":{\"@id\":\"https:\\\/\\\/truckonline.de\\\/blog\\\/wp-content\\\/uploads\\\/2019\\\/12\\\/logoinnenweiss.png\"},\"sameAs\":[\"https:\\\/\\\/www.facebook.com\\\/truckblog\",\"https:\\\/\\\/www.instagram.com\\\/truck_online\\\/\",\"https:\\\/\\\/x.com\\\/https:\\\/\\\/twitter.com\\\/truckblog\",\"https:\\\/\\\/www.youtube.com\\\/user\\\/truckonline\",\"https:\\\/\\\/www.tumblr.com\\\/truckonline\"]}]}<\/script>\n<!-- \/ Yoast SEO plugin. -->","yoast_head_json":{"title":"Sonntagsfahrverbot f\u00fcr Lkw soll gelockert werden | TruckOnline.de","description":"Geht es nach dem Willen des Bundesrats, k\u00f6nnte es auf deutschen Autobahnen k\u00fcnftig noch lebhafter zugehen. Wie AUTO BILD in der am Freitag erscheinenden","robots":{"index":"index","follow":"follow","max-snippet":"max-snippet:-1","max-image-preview":"max-image-preview:large","max-video-preview":"max-video-preview:-1"},"canonical":"https:\/\/truckonline.de\/blog\/2009\/07\/08\/sonntagsfahrverbot-fuer-lkw-soll-gelockert-werden\/","og_locale":"de_DE","og_type":"article","og_title":"Sonntagsfahrverbot f\u00fcr Lkw soll gelockert werden | TruckOnline.de","og_url":"https:\/\/truckonline.de\/blog\/2009\/07\/08\/sonntagsfahrverbot-fuer-lkw-soll-gelockert-werden\/","og_site_name":"TruckOnline.de","article_publisher":"https:\/\/www.facebook.com\/truckblog","article_author":"https:\/\/www.facebook.com\/truckblog","article_published_time":"2009-07-08T19:53:58+00:00","article_modified_time":"2009-07-08T19:56:15+00:00","og_image":[{"width":2560,"height":1920,"url":"https:\/\/truckonline.de\/blog\/wp-content\/uploads\/2019\/12\/IMG_20191229_225424-scaled.jpg","type":"image\/jpeg"}],"author":"maik","twitter_card":"summary_large_image","twitter_creator":"@https:\/\/twitter.com\/truckblog","twitter_site":"@truckblog","twitter_misc":{"Verfasst von":"maik","Gesch\u00e4tzte Lesezeit":"1\u00a0Minute"},"schema":{"@context":"https:\/\/schema.org","@graph":[{"@type":"Article","@id":"https:\/\/truckonline.de\/blog\/2009\/07\/08\/sonntagsfahrverbot-fuer-lkw-soll-gelockert-werden\/#article","isPartOf":{"@id":"https:\/\/truckonline.de\/blog\/2009\/07\/08\/sonntagsfahrverbot-fuer-lkw-soll-gelockert-werden\/"},"author":{"name":"maik","@id":"https:\/\/truckonline.de\/blog\/#\/schema\/person\/4cb59b86ffde81f882f56439688fda19"},"headline":"Sonntagsfahrverbot f\u00fcr Lkw soll gelockert werden","datePublished":"2009-07-08T19:53:58+00:00","dateModified":"2009-07-08T19:56:15+00:00","mainEntityOfPage":{"@id":"https:\/\/truckonline.de\/blog\/2009\/07\/08\/sonntagsfahrverbot-fuer-lkw-soll-gelockert-werden\/"},"wordCount":174,"commentCount":2,"publisher":{"@id":"https:\/\/truckonline.de\/blog\/#\/schema\/person\/4cb59b86ffde81f882f56439688fda19"},"keywords":["Lkw","Sonntagsfahrverbot"],"articleSection":["Lkw","Presse"],"inLanguage":"de","potentialAction":[{"@type":"CommentAction","name":"Comment","target":["https:\/\/truckonline.de\/blog\/2009\/07\/08\/sonntagsfahrverbot-fuer-lkw-soll-gelockert-werden\/#respond"]}]},{"@type":"WebPage","@id":"https:\/\/truckonline.de\/blog\/2009\/07\/08\/sonntagsfahrverbot-fuer-lkw-soll-gelockert-werden\/","url":"https:\/\/truckonline.de\/blog\/2009\/07\/08\/sonntagsfahrverbot-fuer-lkw-soll-gelockert-werden\/","name":"Sonntagsfahrverbot f\u00fcr Lkw soll gelockert werden | TruckOnline.de","isPartOf":{"@id":"https:\/\/truckonline.de\/blog\/#website"},"datePublished":"2009-07-08T19:53:58+00:00","dateModified":"2009-07-08T19:56:15+00:00","description":"Geht es nach dem Willen des Bundesrats, k\u00f6nnte es auf deutschen Autobahnen k\u00fcnftig noch lebhafter zugehen. Wie AUTO BILD in der am Freitag erscheinenden","breadcrumb":{"@id":"https:\/\/truckonline.de\/blog\/2009\/07\/08\/sonntagsfahrverbot-fuer-lkw-soll-gelockert-werden\/#breadcrumb"},"inLanguage":"de","potentialAction":[{"@type":"ReadAction","target":["https:\/\/truckonline.de\/blog\/2009\/07\/08\/sonntagsfahrverbot-fuer-lkw-soll-gelockert-werden\/"]}]},{"@type":"BreadcrumbList","@id":"https:\/\/truckonline.de\/blog\/2009\/07\/08\/sonntagsfahrverbot-fuer-lkw-soll-gelockert-werden\/#breadcrumb","itemListElement":[{"@type":"ListItem","position":1,"name":"Startseite","item":"https:\/\/truckonline.de\/blog\/"},{"@type":"ListItem","position":2,"name":"Sonntagsfahrverbot f\u00fcr Lkw soll gelockert werden"}]},{"@type":"WebSite","@id":"https:\/\/truckonline.de\/blog\/#website","url":"https:\/\/truckonline.de\/blog\/","name":"TruckOnline.de","description":"","publisher":{"@id":"https:\/\/truckonline.de\/blog\/#\/schema\/person\/4cb59b86ffde81f882f56439688fda19"},"potentialAction":[{"@type":"SearchAction","target":{"@type":"EntryPoint","urlTemplate":"https:\/\/truckonline.de\/blog\/?s={search_term_string}"},"query-input":{"@type":"PropertyValueSpecification","valueRequired":true,"valueName":"search_term_string"}}],"inLanguage":"de"},{"@type":["Person","Organization"],"@id":"https:\/\/truckonline.de\/blog\/#\/schema\/person\/4cb59b86ffde81f882f56439688fda19","name":"maik","image":{"@type":"ImageObject","inLanguage":"de","@id":"https:\/\/truckonline.de\/blog\/wp-content\/uploads\/2019\/12\/logoinnenweiss.png","url":"https:\/\/truckonline.de\/blog\/wp-content\/uploads\/2019\/12\/logoinnenweiss.png","contentUrl":"https:\/\/truckonline.de\/blog\/wp-content\/uploads\/2019\/12\/logoinnenweiss.png","width":733,"height":125,"caption":"maik"},"logo":{"@id":"https:\/\/truckonline.de\/blog\/wp-content\/uploads\/2019\/12\/logoinnenweiss.png"},"sameAs":["https:\/\/www.facebook.com\/truckblog","https:\/\/www.instagram.com\/truck_online\/","https:\/\/x.com\/https:\/\/twitter.com\/truckblog","https:\/\/www.youtube.com\/user\/truckonline","https:\/\/www.tumblr.com\/truckonline"]}]}},"_links":{"self":[{"href":"https:\/\/truckonline.de\/blog\/wp-json\/wp\/v2\/posts\/838","targetHints":{"allow":["GET"]}}],"collection":[{"href":"https:\/\/truckonline.de\/blog\/wp-json\/wp\/v2\/posts"}],"about":[{"href":"https:\/\/truckonline.de\/blog\/wp-json\/wp\/v2\/types\/post"}],"author":[{"embeddable":true,"href":"https:\/\/truckonline.de\/blog\/wp-json\/wp\/v2\/users\/3"}],"replies":[{"embeddable":true,"href":"https:\/\/truckonline.de\/blog\/wp-json\/wp\/v2\/comments?post=838"}],"version-history":[{"count":0,"href":"https:\/\/truckonline.de\/blog\/wp-json\/wp\/v2\/posts\/838\/revisions"}],"wp:attachment":[{"href":"https:\/\/truckonline.de\/blog\/wp-json\/wp\/v2\/media?parent=838"}],"wp:term":[{"taxonomy":"category","embeddable":true,"href":"https:\/\/truckonline.de\/blog\/wp-json\/wp\/v2\/categories?post=838"},{"taxonomy":"post_tag","embeddable":true,"href":"https:\/\/truckonline.de\/blog\/wp-json\/wp\/v2\/tags?post=838"}],"curies":[{"name":"wp","href":"https:\/\/api.w.org\/{rel}","templated":true}]}}