{"id":8323,"date":"2018-11-27T23:34:41","date_gmt":"2018-11-27T22:34:41","guid":{"rendered":"https:\/\/truckonline.de\/blog\/?p=8323"},"modified":"2018-11-28T01:30:50","modified_gmt":"2018-11-28T00:30:50","slug":"8323","status":"publish","type":"post","link":"https:\/\/truckonline.de\/blog\/2018\/11\/27\/8323\/","title":{"rendered":"Der Tag begann wei\u00df"},"content":{"rendered":"<p>Kunststoffrohre f\u00fcr eine Firma in Norditalien. Sch\u00f6ne Ladung. Auch wenn das Beladen am <strong>Freitag<\/strong>  ein wenig m\u00fchsam war. Denn die Spangurte wollten nicht so, wie ich es geplant hatte.<\/p>\n<p><img loading=\"lazy\" decoding=\"async\" src=\"https:\/\/truckonline.de\/blog\/wp-content\/uploads\/2018\/11\/IMG_20181127_211908.jpg\" alt=\"Ladung Rohre\" width=\"550\" height=\"413\" class=\"aligncenter size-full wp-image-8324\" srcset=\"https:\/\/truckonline.de\/blog\/wp-content\/uploads\/2018\/11\/IMG_20181127_211908.jpg 550w, https:\/\/truckonline.de\/blog\/wp-content\/uploads\/2018\/11\/IMG_20181127_211908-549x412.jpg 549w\" sizes=\"auto, (max-width: 550px) 100vw, 550px\" \/><\/p>\n<p>Das muss ich kurz erkl\u00e4ren. Bei so hohen Gestappel werfe ich die Enden der Gurte erst \u00fcber den Sattel und h\u00e4nge dann die Haken in die \u00d6sen des Aufliegers ein. Der <strong>Staplerfahrer<\/strong> kann seine Ware dann unter die Spangurte hindurch laden.<br \/>\nIst er fertig, ziehe ich jeden Gurt mit einer Querlatte nach unten und kann dann sichern. Klappt eigentlich meist ganz gut. Nur dieses Mal rutschten die Gurte immer wieder nach unten. Vielleicht war das Dach des <strong>Aufliegers<\/strong> zu nass? Keine Ahnung. <\/p>\n<p>So musste ich mich zwischen die Rohre stellen, der Staplerfahrer fuhr mit den Gestellen so nah wie m\u00f6glich ran, ich warf jeden Gurt dr\u00fcber, krabbelte wieder raus und der Verlader dr\u00fcckte die Gestelle rein. Ging auch, dauerte aber. <\/p>\n<p>Jetzt zur\u00fcck zu heute. Kleine Firma, der Hof voll gestellt mit Ware, die bereits geliefert oder noch abgeholt werden sollte. F\u00fcr einen Sattelzug, der zw\u00f6lf weitere <strong>Gestelle<\/strong> brachte, war eigentlich kein Platz mehr.<br \/>\nTrotzdem sollte ich rein fahren, an die Seite stellen und eine Seite des Aufliegers \u00f6ffnen. Machte ich nat\u00fcrlich. Die Gurte l\u00f6ste ich auch schon. Und wartete.<\/p>\n<p>In den folgenden zehn Minuten diskutierten der dortige Staplerfahrer umd ein Vorarbeiter miteinander, wo nun auch noch <em>meine<\/em> zw\u00f6lf Gestelle gelagert werden sollten.<br \/>\nDie L\u00f6sung war ganz einfach. Ladung wieder gurten, <strong>Plane<\/strong> schlie\u00dfen und in ein Aussenlager fahren. H\u00e4tten die mir auch vorher sagen k\u00f6nnen. <\/p>\n<p>Aber granteln bringt nix. Der Kunde ist K\u00f6nig.<br \/>\n***<br \/>\nDas erste, was ich heute fr\u00fch nach dem aufstehen sah. Zwar nicht viel, Lkw und Wiesen waren nur ein bissel wei\u00df \u00fcberzuckert, aber immerhin. F\u00fcr ein wenig morgendliche  Voradventsstimmung reichte es.<br \/>\nDas war \u00fcbrigens am Brenner.<\/p>\n<p><img loading=\"lazy\" decoding=\"async\" src=\"https:\/\/truckonline.de\/blog\/wp-content\/uploads\/2018\/11\/IMG_20181127_231629.jpg\" alt=\"Schnee auf lkw\" width=\"550\" height=\"413\" class=\"aligncenter size-full wp-image-8325\" srcset=\"https:\/\/truckonline.de\/blog\/wp-content\/uploads\/2018\/11\/IMG_20181127_231629.jpg 550w, https:\/\/truckonline.de\/blog\/wp-content\/uploads\/2018\/11\/IMG_20181127_231629-549x412.jpg 549w\" sizes=\"auto, (max-width: 550px) 100vw, 550px\" \/><br \/>\n***<br \/>\nAm Nachmittag dann <strong>Oberitalien<\/strong>. F\u00fcnfzehn Grad und blauer Himmel. Macht das arbeiten zwar angenehm, eine Jahresendstimmung kommt da aber nicht auf.<br \/>\nNa ja, vielleicht werde ich mich im Januar oder Februar an diese Zeilen erinnern. Voller Wehmut, mit dem Wunsch nach W\u00e4rme.<br \/>\n***<\/p>\n","protected":false},"excerpt":{"rendered":"<p>Kunststoffrohre f\u00fcr eine Firma in Norditalien. Sch\u00f6ne Ladung. Auch wenn das Beladen am Freitag ein wenig m\u00fchsam war. Denn die Spangurte wollten nicht so, wie&#8230;<\/p>\n<div class=\"more-link-wrapper\"><a class=\"more-link\" href=\"https:\/\/truckonline.de\/blog\/2018\/11\/27\/8323\/\">Sie haben Ihr Ziel fast erreicht.<span class=\"screen-reader-text\">Der Tag begann wei\u00df<\/span><\/a><\/div>\n","protected":false},"author":3,"featured_media":0,"comment_status":"open","ping_status":"open","sticky":false,"template":"","format":"standard","meta":{"iawp_total_views":1,"_metis_text_type":"","_metis_text_length":0,"_post_count":0,"footnotes":""},"categories":[13,134],"tags":[1882,27],"class_list":["post-8323","post","type-post","status-publish","format-standard","hentry","category-firmen","category-ladung-lkw","tag-firmen","tag-ladung","ratio-2-1","entry"],"yoast_head":"<!-- This site is optimized with the Yoast SEO plugin v27.4 - https:\/\/yoast.com\/product\/yoast-seo-wordpress\/ -->\n<title>Der Tag begann wei\u00df | TruckOnline.de<\/title>\n<meta name=\"description\" content=\"Kunststoffrohre f\u00fcr eine Firma in Norditalien. Sch\u00f6ne Ladung. Auch wenn das Beladen am Freitag ein wenig m\u00fchsam war. Denn die Spangurte wollten nicht so,\" \/>\n<meta name=\"robots\" content=\"index, follow, max-snippet:-1, max-image-preview:large, max-video-preview:-1\" \/>\n<link rel=\"canonical\" href=\"https:\/\/truckonline.de\/blog\/2018\/11\/27\/8323\/\" \/>\n<meta property=\"og:locale\" content=\"de_DE\" \/>\n<meta property=\"og:type\" content=\"article\" \/>\n<meta property=\"og:title\" content=\"Der Tag begann wei\u00df | TruckOnline.de\" \/>\n<meta property=\"og:url\" content=\"https:\/\/truckonline.de\/blog\/2018\/11\/27\/8323\/\" \/>\n<meta property=\"og:site_name\" content=\"TruckOnline.de\" \/>\n<meta property=\"article:publisher\" content=\"https:\/\/www.facebook.com\/truckblog\" \/>\n<meta property=\"article:author\" content=\"https:\/\/www.facebook.com\/truckblog\" \/>\n<meta property=\"article:published_time\" content=\"2018-11-27T22:34:41+00:00\" \/>\n<meta property=\"article:modified_time\" content=\"2018-11-28T00:30:50+00:00\" \/>\n<meta property=\"og:image\" content=\"https:\/\/truckonline.de\/blog\/wp-content\/uploads\/2018\/11\/IMG_20181127_211908.jpg\" \/>\n<meta name=\"author\" content=\"maik\" \/>\n<meta name=\"twitter:card\" content=\"summary_large_image\" \/>\n<meta name=\"twitter:creator\" content=\"@https:\/\/twitter.com\/truckblog\" \/>\n<meta name=\"twitter:site\" content=\"@truckblog\" \/>\n<meta name=\"twitter:label1\" content=\"Verfasst von\" \/>\n\t<meta name=\"twitter:data1\" content=\"maik\" \/>\n\t<meta name=\"twitter:label2\" content=\"Gesch\u00e4tzte Lesezeit\" \/>\n\t<meta name=\"twitter:data2\" content=\"2\u00a0Minuten\" \/>\n<script type=\"application\/ld+json\" class=\"yoast-schema-graph\">{\"@context\":\"https:\\\/\\\/schema.org\",\"@graph\":[{\"@type\":\"Article\",\"@id\":\"https:\\\/\\\/truckonline.de\\\/blog\\\/2018\\\/11\\\/27\\\/8323\\\/#article\",\"isPartOf\":{\"@id\":\"https:\\\/\\\/truckonline.de\\\/blog\\\/2018\\\/11\\\/27\\\/8323\\\/\"},\"author\":{\"name\":\"maik\",\"@id\":\"https:\\\/\\\/truckonline.de\\\/blog\\\/#\\\/schema\\\/person\\\/4cb59b86ffde81f882f56439688fda19\"},\"headline\":\"Der Tag begann wei\u00df\",\"datePublished\":\"2018-11-27T22:34:41+00:00\",\"dateModified\":\"2018-11-28T00:30:50+00:00\",\"mainEntityOfPage\":{\"@id\":\"https:\\\/\\\/truckonline.de\\\/blog\\\/2018\\\/11\\\/27\\\/8323\\\/\"},\"wordCount\":366,\"commentCount\":0,\"publisher\":{\"@id\":\"https:\\\/\\\/truckonline.de\\\/blog\\\/#\\\/schema\\\/person\\\/4cb59b86ffde81f882f56439688fda19\"},\"image\":{\"@id\":\"https:\\\/\\\/truckonline.de\\\/blog\\\/2018\\\/11\\\/27\\\/8323\\\/#primaryimage\"},\"thumbnailUrl\":\"https:\\\/\\\/truckonline.de\\\/blog\\\/wp-content\\\/uploads\\\/2018\\\/11\\\/IMG_20181127_211908.jpg\",\"keywords\":[\"Firmen\",\"Ladung\"],\"articleSection\":[\"Firmen\",\"Ladung\"],\"inLanguage\":\"de\",\"potentialAction\":[{\"@type\":\"CommentAction\",\"name\":\"Comment\",\"target\":[\"https:\\\/\\\/truckonline.de\\\/blog\\\/2018\\\/11\\\/27\\\/8323\\\/#respond\"]}]},{\"@type\":\"WebPage\",\"@id\":\"https:\\\/\\\/truckonline.de\\\/blog\\\/2018\\\/11\\\/27\\\/8323\\\/\",\"url\":\"https:\\\/\\\/truckonline.de\\\/blog\\\/2018\\\/11\\\/27\\\/8323\\\/\",\"name\":\"Der Tag begann wei\u00df | TruckOnline.de\",\"isPartOf\":{\"@id\":\"https:\\\/\\\/truckonline.de\\\/blog\\\/#website\"},\"primaryImageOfPage\":{\"@id\":\"https:\\\/\\\/truckonline.de\\\/blog\\\/2018\\\/11\\\/27\\\/8323\\\/#primaryimage\"},\"image\":{\"@id\":\"https:\\\/\\\/truckonline.de\\\/blog\\\/2018\\\/11\\\/27\\\/8323\\\/#primaryimage\"},\"thumbnailUrl\":\"https:\\\/\\\/truckonline.de\\\/blog\\\/wp-content\\\/uploads\\\/2018\\\/11\\\/IMG_20181127_211908.jpg\",\"datePublished\":\"2018-11-27T22:34:41+00:00\",\"dateModified\":\"2018-11-28T00:30:50+00:00\",\"description\":\"Kunststoffrohre f\u00fcr eine Firma in Norditalien. Sch\u00f6ne Ladung. Auch wenn das Beladen am Freitag ein wenig m\u00fchsam war. Denn die Spangurte wollten nicht so,\",\"breadcrumb\":{\"@id\":\"https:\\\/\\\/truckonline.de\\\/blog\\\/2018\\\/11\\\/27\\\/8323\\\/#breadcrumb\"},\"inLanguage\":\"de\",\"potentialAction\":[{\"@type\":\"ReadAction\",\"target\":[\"https:\\\/\\\/truckonline.de\\\/blog\\\/2018\\\/11\\\/27\\\/8323\\\/\"]}]},{\"@type\":\"ImageObject\",\"inLanguage\":\"de\",\"@id\":\"https:\\\/\\\/truckonline.de\\\/blog\\\/2018\\\/11\\\/27\\\/8323\\\/#primaryimage\",\"url\":\"https:\\\/\\\/truckonline.de\\\/blog\\\/wp-content\\\/uploads\\\/2018\\\/11\\\/IMG_20181127_211908.jpg\",\"contentUrl\":\"https:\\\/\\\/truckonline.de\\\/blog\\\/wp-content\\\/uploads\\\/2018\\\/11\\\/IMG_20181127_211908.jpg\",\"width\":550,\"height\":413,\"caption\":\"Ladung Rohre\"},{\"@type\":\"BreadcrumbList\",\"@id\":\"https:\\\/\\\/truckonline.de\\\/blog\\\/2018\\\/11\\\/27\\\/8323\\\/#breadcrumb\",\"itemListElement\":[{\"@type\":\"ListItem\",\"position\":1,\"name\":\"Startseite\",\"item\":\"https:\\\/\\\/truckonline.de\\\/blog\\\/\"},{\"@type\":\"ListItem\",\"position\":2,\"name\":\"Der Tag begann wei\u00df\"}]},{\"@type\":\"WebSite\",\"@id\":\"https:\\\/\\\/truckonline.de\\\/blog\\\/#website\",\"url\":\"https:\\\/\\\/truckonline.de\\\/blog\\\/\",\"name\":\"TruckOnline.de\",\"description\":\"\",\"publisher\":{\"@id\":\"https:\\\/\\\/truckonline.de\\\/blog\\\/#\\\/schema\\\/person\\\/4cb59b86ffde81f882f56439688fda19\"},\"potentialAction\":[{\"@type\":\"SearchAction\",\"target\":{\"@type\":\"EntryPoint\",\"urlTemplate\":\"https:\\\/\\\/truckonline.de\\\/blog\\\/?s={search_term_string}\"},\"query-input\":{\"@type\":\"PropertyValueSpecification\",\"valueRequired\":true,\"valueName\":\"search_term_string\"}}],\"inLanguage\":\"de\"},{\"@type\":[\"Person\",\"Organization\"],\"@id\":\"https:\\\/\\\/truckonline.de\\\/blog\\\/#\\\/schema\\\/person\\\/4cb59b86ffde81f882f56439688fda19\",\"name\":\"maik\",\"image\":{\"@type\":\"ImageObject\",\"inLanguage\":\"de\",\"@id\":\"https:\\\/\\\/truckonline.de\\\/blog\\\/wp-content\\\/uploads\\\/2019\\\/12\\\/logoinnenweiss.png\",\"url\":\"https:\\\/\\\/truckonline.de\\\/blog\\\/wp-content\\\/uploads\\\/2019\\\/12\\\/logoinnenweiss.png\",\"contentUrl\":\"https:\\\/\\\/truckonline.de\\\/blog\\\/wp-content\\\/uploads\\\/2019\\\/12\\\/logoinnenweiss.png\",\"width\":733,\"height\":125,\"caption\":\"maik\"},\"logo\":{\"@id\":\"https:\\\/\\\/truckonline.de\\\/blog\\\/wp-content\\\/uploads\\\/2019\\\/12\\\/logoinnenweiss.png\"},\"sameAs\":[\"https:\\\/\\\/www.facebook.com\\\/truckblog\",\"https:\\\/\\\/www.instagram.com\\\/truck_online\\\/\",\"https:\\\/\\\/x.com\\\/https:\\\/\\\/twitter.com\\\/truckblog\",\"https:\\\/\\\/www.youtube.com\\\/user\\\/truckonline\",\"https:\\\/\\\/www.tumblr.com\\\/truckonline\"]}]}<\/script>\n<!-- \/ Yoast SEO plugin. -->","yoast_head_json":{"title":"Der Tag begann wei\u00df | TruckOnline.de","description":"Kunststoffrohre f\u00fcr eine Firma in Norditalien. Sch\u00f6ne Ladung. Auch wenn das Beladen am Freitag ein wenig m\u00fchsam war. Denn die Spangurte wollten nicht so,","robots":{"index":"index","follow":"follow","max-snippet":"max-snippet:-1","max-image-preview":"max-image-preview:large","max-video-preview":"max-video-preview:-1"},"canonical":"https:\/\/truckonline.de\/blog\/2018\/11\/27\/8323\/","og_locale":"de_DE","og_type":"article","og_title":"Der Tag begann wei\u00df | TruckOnline.de","og_url":"https:\/\/truckonline.de\/blog\/2018\/11\/27\/8323\/","og_site_name":"TruckOnline.de","article_publisher":"https:\/\/www.facebook.com\/truckblog","article_author":"https:\/\/www.facebook.com\/truckblog","article_published_time":"2018-11-27T22:34:41+00:00","article_modified_time":"2018-11-28T00:30:50+00:00","og_image":[{"url":"https:\/\/truckonline.de\/blog\/wp-content\/uploads\/2018\/11\/IMG_20181127_211908.jpg","type":"","width":"","height":""}],"author":"maik","twitter_card":"summary_large_image","twitter_creator":"@https:\/\/twitter.com\/truckblog","twitter_site":"@truckblog","twitter_misc":{"Verfasst von":"maik","Gesch\u00e4tzte Lesezeit":"2\u00a0Minuten"},"schema":{"@context":"https:\/\/schema.org","@graph":[{"@type":"Article","@id":"https:\/\/truckonline.de\/blog\/2018\/11\/27\/8323\/#article","isPartOf":{"@id":"https:\/\/truckonline.de\/blog\/2018\/11\/27\/8323\/"},"author":{"name":"maik","@id":"https:\/\/truckonline.de\/blog\/#\/schema\/person\/4cb59b86ffde81f882f56439688fda19"},"headline":"Der Tag begann wei\u00df","datePublished":"2018-11-27T22:34:41+00:00","dateModified":"2018-11-28T00:30:50+00:00","mainEntityOfPage":{"@id":"https:\/\/truckonline.de\/blog\/2018\/11\/27\/8323\/"},"wordCount":366,"commentCount":0,"publisher":{"@id":"https:\/\/truckonline.de\/blog\/#\/schema\/person\/4cb59b86ffde81f882f56439688fda19"},"image":{"@id":"https:\/\/truckonline.de\/blog\/2018\/11\/27\/8323\/#primaryimage"},"thumbnailUrl":"https:\/\/truckonline.de\/blog\/wp-content\/uploads\/2018\/11\/IMG_20181127_211908.jpg","keywords":["Firmen","Ladung"],"articleSection":["Firmen","Ladung"],"inLanguage":"de","potentialAction":[{"@type":"CommentAction","name":"Comment","target":["https:\/\/truckonline.de\/blog\/2018\/11\/27\/8323\/#respond"]}]},{"@type":"WebPage","@id":"https:\/\/truckonline.de\/blog\/2018\/11\/27\/8323\/","url":"https:\/\/truckonline.de\/blog\/2018\/11\/27\/8323\/","name":"Der Tag begann wei\u00df | TruckOnline.de","isPartOf":{"@id":"https:\/\/truckonline.de\/blog\/#website"},"primaryImageOfPage":{"@id":"https:\/\/truckonline.de\/blog\/2018\/11\/27\/8323\/#primaryimage"},"image":{"@id":"https:\/\/truckonline.de\/blog\/2018\/11\/27\/8323\/#primaryimage"},"thumbnailUrl":"https:\/\/truckonline.de\/blog\/wp-content\/uploads\/2018\/11\/IMG_20181127_211908.jpg","datePublished":"2018-11-27T22:34:41+00:00","dateModified":"2018-11-28T00:30:50+00:00","description":"Kunststoffrohre f\u00fcr eine Firma in Norditalien. Sch\u00f6ne Ladung. Auch wenn das Beladen am Freitag ein wenig m\u00fchsam war. Denn die Spangurte wollten nicht so,","breadcrumb":{"@id":"https:\/\/truckonline.de\/blog\/2018\/11\/27\/8323\/#breadcrumb"},"inLanguage":"de","potentialAction":[{"@type":"ReadAction","target":["https:\/\/truckonline.de\/blog\/2018\/11\/27\/8323\/"]}]},{"@type":"ImageObject","inLanguage":"de","@id":"https:\/\/truckonline.de\/blog\/2018\/11\/27\/8323\/#primaryimage","url":"https:\/\/truckonline.de\/blog\/wp-content\/uploads\/2018\/11\/IMG_20181127_211908.jpg","contentUrl":"https:\/\/truckonline.de\/blog\/wp-content\/uploads\/2018\/11\/IMG_20181127_211908.jpg","width":550,"height":413,"caption":"Ladung Rohre"},{"@type":"BreadcrumbList","@id":"https:\/\/truckonline.de\/blog\/2018\/11\/27\/8323\/#breadcrumb","itemListElement":[{"@type":"ListItem","position":1,"name":"Startseite","item":"https:\/\/truckonline.de\/blog\/"},{"@type":"ListItem","position":2,"name":"Der Tag begann wei\u00df"}]},{"@type":"WebSite","@id":"https:\/\/truckonline.de\/blog\/#website","url":"https:\/\/truckonline.de\/blog\/","name":"TruckOnline.de","description":"","publisher":{"@id":"https:\/\/truckonline.de\/blog\/#\/schema\/person\/4cb59b86ffde81f882f56439688fda19"},"potentialAction":[{"@type":"SearchAction","target":{"@type":"EntryPoint","urlTemplate":"https:\/\/truckonline.de\/blog\/?s={search_term_string}"},"query-input":{"@type":"PropertyValueSpecification","valueRequired":true,"valueName":"search_term_string"}}],"inLanguage":"de"},{"@type":["Person","Organization"],"@id":"https:\/\/truckonline.de\/blog\/#\/schema\/person\/4cb59b86ffde81f882f56439688fda19","name":"maik","image":{"@type":"ImageObject","inLanguage":"de","@id":"https:\/\/truckonline.de\/blog\/wp-content\/uploads\/2019\/12\/logoinnenweiss.png","url":"https:\/\/truckonline.de\/blog\/wp-content\/uploads\/2019\/12\/logoinnenweiss.png","contentUrl":"https:\/\/truckonline.de\/blog\/wp-content\/uploads\/2019\/12\/logoinnenweiss.png","width":733,"height":125,"caption":"maik"},"logo":{"@id":"https:\/\/truckonline.de\/blog\/wp-content\/uploads\/2019\/12\/logoinnenweiss.png"},"sameAs":["https:\/\/www.facebook.com\/truckblog","https:\/\/www.instagram.com\/truck_online\/","https:\/\/x.com\/https:\/\/twitter.com\/truckblog","https:\/\/www.youtube.com\/user\/truckonline","https:\/\/www.tumblr.com\/truckonline"]}]}},"_links":{"self":[{"href":"https:\/\/truckonline.de\/blog\/wp-json\/wp\/v2\/posts\/8323","targetHints":{"allow":["GET"]}}],"collection":[{"href":"https:\/\/truckonline.de\/blog\/wp-json\/wp\/v2\/posts"}],"about":[{"href":"https:\/\/truckonline.de\/blog\/wp-json\/wp\/v2\/types\/post"}],"author":[{"embeddable":true,"href":"https:\/\/truckonline.de\/blog\/wp-json\/wp\/v2\/users\/3"}],"replies":[{"embeddable":true,"href":"https:\/\/truckonline.de\/blog\/wp-json\/wp\/v2\/comments?post=8323"}],"version-history":[{"count":7,"href":"https:\/\/truckonline.de\/blog\/wp-json\/wp\/v2\/posts\/8323\/revisions"}],"predecessor-version":[{"id":8332,"href":"https:\/\/truckonline.de\/blog\/wp-json\/wp\/v2\/posts\/8323\/revisions\/8332"}],"wp:attachment":[{"href":"https:\/\/truckonline.de\/blog\/wp-json\/wp\/v2\/media?parent=8323"}],"wp:term":[{"taxonomy":"category","embeddable":true,"href":"https:\/\/truckonline.de\/blog\/wp-json\/wp\/v2\/categories?post=8323"},{"taxonomy":"post_tag","embeddable":true,"href":"https:\/\/truckonline.de\/blog\/wp-json\/wp\/v2\/tags?post=8323"}],"curies":[{"name":"wp","href":"https:\/\/api.w.org\/{rel}","templated":true}]}}