{"id":8110,"date":"2018-08-12T23:26:10","date_gmt":"2018-08-12T21:26:10","guid":{"rendered":"https:\/\/truckonline.de\/blog\/?p=8110"},"modified":"2018-08-24T08:31:04","modified_gmt":"2018-08-24T06:31:04","slug":"miserable-parkplatzsituation","status":"publish","type":"post","link":"https:\/\/truckonline.de\/blog\/2018\/08\/12\/miserable-parkplatzsituation\/","title":{"rendered":"Miserable Parkplatzsituation"},"content":{"rendered":"<p>Die Parkplatzsituation in Deutschland ist noch immer miserabel, der Aus- oder Neubau vorhandener oder gar neuer Stellfl\u00e4chen geht nur schleppend voran.<\/h4>\n<p>Grund f\u00fcr Christian Rumpf von <a href=\"https:\/\/www.christiansblog.eu\/blog\/\" rel=\"noopener\" target=\"_blank\">Christians Blog<\/a> und mich, einen offenen Brief an das Bundesverkehrsministerium zu schreiben.<br \/>\n<!--more Hier gehts weiter !--><\/p>\n<p>Bundesministerium f\u00fcr Verkehr und digitale Infrastruktur<br \/>\nInvalidenstra\u00dfe 44<br \/>\n10155 Berlin<\/p>\n<p>Ausbau und Neubau von Parkpl\u00e4tzen Entlang der Deutschen Autobahnen<\/p>\n<p>Sehr geehrter Herr Andreas Scheuer,<br \/>\nSehr geehrte Damen und Herren,<\/p>\n<p>seit 2013 werden in Deutschland entlang unserer Autobahnen Stellfl\u00e4chen f\u00fcr Lkw eher schleppend ausgebaut. Nicht nur das, bereits vorhandene <strong>Parkfl\u00e4chen<\/strong> werden seitens der Verkehrsbetriebe immer wieder f\u00fcr mehrere Tage \/ Monate gesperrt, ohne das dort wirklich gearbeitet wird. Auch kann es vorkommen, dass diese oftmals f\u00fcr eine gewisse Zeit als Lagerfl\u00e4chen missbraucht werden und somit nicht f\u00fcr den ruhenden Verkehr zur Verf\u00fcgung stehen.<\/p>\n<h2>Ein Beispiel: Die Situation in NRW<\/h2>\n<p>Doch nicht nur das. So gibt es in NRW an einigen Autobahnabschnitten \u00fcberhaupt keine Parkpl\u00e4tze. Vor allem in Ballungszentren wie dem <strong>Ruhrgebiet<\/strong> mangelt es erheblich an Parkfl\u00e4chen f\u00fcr Lkw. Dabei k\u00f6nnte man ungenutze Fl\u00e4chen neben den Autobahnen als zus\u00e4tzliche Stellfl\u00e4chen nutzen.<br \/>\nSo sind z. B. neben zwei Parkpl\u00e4tzen an der A 40 von Venlo in Richtung Dortmund nur noch ein Autohof (in Duisburg) und ab dem Kreuz Moers bis Dortmund kein einziger Parkplatz mehr vorhanden und das auf einer Strecke von rund 65 Kilometer.<\/p>\n<p>Ebenso auf der A 42. Dort sind die einzigen beiden <strong>Rastanlagen<\/strong> ebenfalls erst bei Dortmund zu finden.<br \/>\nJe nach Verkehrsaufkommen auf beiden Autobahnen kann ein Fahrer Probleme mit seiner Lenkzeit bekommen. Morgens und am sp\u00e4ten Nachmittag, wenn der Berufsverkehr am Rollen ist, ben\u00f6tigt man von Duisburg bis Dortmund im Durchschnitt rund zweieinhalb<br \/>\nStunden. Dies sind lediglich ein paar Beispiele.<\/p>\n<h2>Einhaltung der gesetzlichen Vorgaben<\/h2>\n<p>Als Lkw-Fahrer sind wir verpflichtet, rechtzeitig einen geeigneten Stellplatz zu suchen und werden, wenn wir uns nicht an die <strong>Lenk- und Ruhezeiten<\/strong> halten, rechtlich belangt. Doch wie soll das funktionieren, wenn wir dazu kaum M\u00f6glichkeiten haben? Eben weil es an Parkpl\u00e4tzen fehlt?<br \/>\nSicherlich bietet die <a href=\"http:\/\/www.bgl-ev.de\/images\/downloads\/service\/gesetze\/vo_eg_561-2006.pdf\" rel=\"noopener\" target=\"_blank\">VO561\/2006\/EG<\/a> durch den Artikel 12 die M\u00f6glichkeit, etwaige Verst\u00f6\u00dfe nachzutragen. Doch dies ist auch eher nur ein Placebo, da keine Beh\u00f6rde diese Dokumentation akzeptieren muss. Was nicht selten dazu f\u00fchrt, dass ein Fahrer, der trotz durchgef\u00fchrten Nachtrag, dennoch ein Bu\u00dfgeld zahlen muss.<\/p>\n<h2>Die Rechtsprechung<\/h2>\n<p>Die Rechtsprechung in Deutschland besagt, dass ein Lkw-Fahrer verpflichtet ist, sich rechtzeitig einen geeigneten Stellplatz zu suchen. Dieses &#8222;rechtzeitige Suchen&#8220; ist aber ein sehr unbestimmter Begriff. Nat\u00fcrlich m\u00fcssen wir innerhalb unserer erlaubten <strong>Lenkzeit<\/strong> m\u00f6glichst nahe an unser Ziel kommen. Nur wie soll das funktionieren, wenn man bereits am fr\u00fchen Nachmittag Probleme bekommt, einen sicheren und geeigneten Parkplatz zu finden?<\/p>\n<p>Ein Beispiel: Beginnt ein Fahrer gegen 14 Uhr seine Schicht, kann er drei Stunden sp\u00e4ter nicht schon mit der Parkplatzsuche beginnen. Das funktioniert in den allermeisten F\u00e4llen nicht.<\/p>\n<p>Oder hier noch ein anderes Beispiel:<\/p>\n<p>Die Situation an den Verladerampen, machen dies aufgrund von Wartezeiten und\/oder zu langen Be und Entladezeiten ebenfalls nicht immer m\u00f6glich, dass wir uns rechtzeitig einen Parkplatz suchen k\u00f6nnen.<\/p>\n<p>Wie eingangs schon erw\u00e4hnt wurde, werden Deutschlandweit seit 2013 weitere Stellfl\u00e4chen geschaffen. Dies ist begr\u00fc\u00dfenswert. Nur leider reichen diese <strong>Bauma\u00dfnahmen<\/strong> bei weitem nicht aus. Die Anzahl der neu geschaffenen Parkm\u00f6glichkeiten hinkt dem stark anwachsenden Schwerverkehr auf unseren Stra\u00dfen weit hinterher.<\/p>\n<p>Die Folgen:<\/p>\n<ol>\n<li>Die Zahl der Unf\u00e4lle steigt<\/li>\n<li>Parken in den Zu- und Abfahrten zu Parkpl\u00e4tzen<\/li>\n<\/ol>\n<p>Man h\u00f6rt, sieht und liest es regelm\u00e4\u00dfig in den Nachrichten: T\u00e4glich passieren schwere <strong>Unf\u00e4lle<\/strong> mit Lkw. Nicht selten wird das Ende eines Staus \u00fcbersehen. Die Gr\u00fcnde daf\u00fcr sind vielf\u00e4ltig. Doch einer der Hauptgr\u00fcnde d\u00fcrften nicht ausgeruhte Fahrer sein, die keine geeigneten Parkm\u00f6glichkeiten finden.<br \/>\nDie bereits jetzt vorhandenen Parkfl\u00e4chen, laut Stra\u00dfen.NRW sind es alleine in NRW rund 6345, sind t\u00e4glich hoffnungslos \u00fcberf\u00fcllt. Oftmals wird schon in den Ein- und Ausfahrten zu den Parkpl\u00e4tzen gehalten. Meist notgedrungen. Bis 2025 sollen rund viertausend weitere fehlen (Stand August 2017). Ein Aus- und Neubau ist daher <strong>dringend<\/strong> notwendig.<\/p>\n<p>Im Jahr 2017 ist die Zahl der Gesamtunf\u00e4lle zwar gesunken, die Zahl derer mit Lkw Beteiligung jedoch gestiegen, das liegt auch an der nicht ausreichenden Zahl an Parkpl\u00e4tzen. Polizeibeamte schicken Lkw-Fahrer weiter, wenn diese nicht verkehrssicher stehen, <strong>Ordnungs\u00e4mter<\/strong> vertreiben uns aus Gewerbegebieten und Anwohner, die in der N\u00e4he von \u00f6ffentlichen Parkpl\u00e4tzen wohnen, starten Unterschriftenaktionen und gr\u00fcnden B\u00fcrgerinitiativen, um parkende Lkw zu verhindern.<\/p>\n<h2>Ein neues Gesch\u00e4ftsmodell<\/h2>\n<p>Mittlerweile gibt es Unternehmen, die mit den wenigen Stellfl\u00e4chen ein <strong>Gesch\u00e4ft<\/strong> machen wollen. Bei diesem sogenannten Systemparken kann man sich einen Stellplatz reservieren, wodurch allerdings nicht mehr Parkpl\u00e4tze geschaffen werden, sondern vorhandene Stellfl\u00e4chen f\u00fcr den, der daf\u00fcr bezahlt, blockiert werden. Auch das ist keine L\u00f6sung, dem Stellplatzmangel wirkungsvoll zu begegnen.<\/p>\n<h2>Frau Nahles war zu Besuch<\/h2>\n<p>Am Samstag, dem 29.07.2018, war die SPD-Parteivorsitzende Frau Andrea Nahles bei einem der regelm\u00e4\u00dfig stattfindenden Treffen des Kraftfahrerkreises D\u00fcren-Aachen und der DGB-Initiative \u201eFaire Mobilit\u00e4t\u201c zu Besuch. Dieses Treffen fand auf dem Rasthof \u201eAachener Land\u201c an der A 4 statt.<\/p>\n<p>Frau Nahles wurde bereits im Jahr 2015 ein Aktenordner mit den miserablen Zust\u00e4nden in der Transport und Logistikbranche \u00fcbergeben. Die Parkplatzsituation war dabei auch ein Thema.<br \/>\nAn diesem Samstag konnte Sie sich mit eigenen Augen \u00fcberzeugen, wie prek\u00e4r die Lage vor Ort ist. Wir hoffen, dass Frau Nahles mit Ihnen \u00fcber den Aus- bzw. Neubau von Rast und Parkanlagen sprechen wird.<br \/>\nEbenso was die <strong>Qualit\u00e4t<\/strong> von Rastanlagen anbelangt. \u00dcberteuerte Preise sind dabei nur ein Aspekt. Auch die sanit\u00e4ren Anlagen lassen oft zu w\u00fcnschen \u00fcbrig. Entweder sind diese alles andere als sauber oder defekt.<\/p>\n<h2>Abschlie\u00dfende Worte<\/h2>\n<p>Zum Abschluss m\u00f6chten wir noch einmal betonen: Die derzeitige Parkplatzsituation in Deutschland ist mehr als ungen\u00fcgend. Denn nur ein ausgeruhter Fahrer kann die t\u00e4gliche erforderliche <strong>Konzentration<\/strong> an den Tag legen, um Unf\u00e4lle zu verhindern. Wir fordern daher den Neu- und Ausbau von Park- und Rastanlagen zu beschleunigen. Ein z\u00f6gerliches Handeln oder gar Abwarten kostet nur weitere Menschenleben. Das gilt es zu verhindern.<\/p><\/p>\n","protected":false},"excerpt":{"rendered":"<p>Die Parkplatzsituation in Deutschland ist noch immer miserabel, der Aus- oder Neubau vorhandener oder gar neuer Stellfl\u00e4chen geht nur schleppend voran. Grund f\u00fcr Christian Rumpf&#8230;<\/p>\n<div class=\"more-link-wrapper\"><a class=\"more-link\" href=\"https:\/\/truckonline.de\/blog\/2018\/08\/12\/miserable-parkplatzsituation\/\">Sie haben Ihr Ziel fast erreicht.<span class=\"screen-reader-text\">Miserable Parkplatzsituation<\/span><\/a><\/div>\n","protected":false},"author":3,"featured_media":0,"comment_status":"closed","ping_status":"closed","sticky":false,"template":"","format":"standard","meta":{"iawp_total_views":2,"_metis_text_type":"","_metis_text_length":0,"_post_count":0,"footnotes":""},"categories":[593,18],"tags":[169,39],"class_list":["post-8110","post","type-post","status-publish","format-standard","hentry","category-aergerliches","category-parkplatznot","tag-parkplaetze","tag-politik","ratio-2-1","entry"],"yoast_head":"<!-- This site is optimized with the Yoast SEO plugin v27.5 - https:\/\/yoast.com\/product\/yoast-seo-wordpress\/ -->\n<title>Miserable Parkplatzsituation | TruckOnline.de<\/title>\n<meta name=\"description\" content=\"Die Parkplatzsituation in Deutschland ist noch immer miserabel, der Aus- oder Neubau vorhandener oder gar neuer Stellfl\u00e4chen geht nur schleppend voran.\" \/>\n<meta name=\"robots\" content=\"index, follow, max-snippet:-1, max-image-preview:large, max-video-preview:-1\" \/>\n<link rel=\"canonical\" href=\"https:\/\/truckonline.de\/blog\/2018\/08\/12\/miserable-parkplatzsituation\/\" \/>\n<meta property=\"og:locale\" content=\"de_DE\" \/>\n<meta property=\"og:type\" content=\"article\" \/>\n<meta property=\"og:title\" content=\"Miserable Parkplatzsituation | TruckOnline.de\" \/>\n<meta property=\"og:url\" content=\"https:\/\/truckonline.de\/blog\/2018\/08\/12\/miserable-parkplatzsituation\/\" \/>\n<meta property=\"og:site_name\" content=\"TruckOnline.de\" \/>\n<meta property=\"article:publisher\" content=\"https:\/\/www.facebook.com\/truckblog\" \/>\n<meta property=\"article:author\" content=\"https:\/\/www.facebook.com\/truckblog\" \/>\n<meta property=\"article:published_time\" content=\"2018-08-12T21:26:10+00:00\" \/>\n<meta property=\"article:modified_time\" content=\"2018-08-24T06:31:04+00:00\" \/>\n<meta property=\"og:image\" content=\"https:\/\/truckonline.de\/blog\/wp-content\/uploads\/2019\/12\/IMG_20191229_225424-scaled.jpg\" \/>\n\t<meta property=\"og:image:width\" content=\"2560\" \/>\n\t<meta property=\"og:image:height\" content=\"1920\" \/>\n\t<meta property=\"og:image:type\" content=\"image\/jpeg\" \/>\n<meta name=\"author\" content=\"maik\" \/>\n<meta name=\"twitter:card\" content=\"summary_large_image\" \/>\n<meta name=\"twitter:creator\" content=\"@https:\/\/twitter.com\/truckblog\" \/>\n<meta name=\"twitter:site\" content=\"@truckblog\" \/>\n<meta name=\"twitter:label1\" content=\"Verfasst von\" \/>\n\t<meta name=\"twitter:data1\" content=\"maik\" \/>\n\t<meta name=\"twitter:label2\" content=\"Gesch\u00e4tzte Lesezeit\" \/>\n\t<meta name=\"twitter:data2\" content=\"5\u00a0Minuten\" \/>\n<script type=\"application\/ld+json\" class=\"yoast-schema-graph\">{\"@context\":\"https:\\\/\\\/schema.org\",\"@graph\":[{\"@type\":\"Article\",\"@id\":\"https:\\\/\\\/truckonline.de\\\/blog\\\/2018\\\/08\\\/12\\\/miserable-parkplatzsituation\\\/#article\",\"isPartOf\":{\"@id\":\"https:\\\/\\\/truckonline.de\\\/blog\\\/2018\\\/08\\\/12\\\/miserable-parkplatzsituation\\\/\"},\"author\":{\"name\":\"maik\",\"@id\":\"https:\\\/\\\/truckonline.de\\\/blog\\\/#\\\/schema\\\/person\\\/4cb59b86ffde81f882f56439688fda19\"},\"headline\":\"Miserable Parkplatzsituation\",\"datePublished\":\"2018-08-12T21:26:10+00:00\",\"dateModified\":\"2018-08-24T06:31:04+00:00\",\"mainEntityOfPage\":{\"@id\":\"https:\\\/\\\/truckonline.de\\\/blog\\\/2018\\\/08\\\/12\\\/miserable-parkplatzsituation\\\/\"},\"wordCount\":1036,\"publisher\":{\"@id\":\"https:\\\/\\\/truckonline.de\\\/blog\\\/#\\\/schema\\\/person\\\/4cb59b86ffde81f882f56439688fda19\"},\"keywords\":[\"Parkpl\u00e4tze\",\"Politik\"],\"articleSection\":[\"\u00c4rgerliches\",\"Parkplatznot\"],\"inLanguage\":\"de\"},{\"@type\":\"WebPage\",\"@id\":\"https:\\\/\\\/truckonline.de\\\/blog\\\/2018\\\/08\\\/12\\\/miserable-parkplatzsituation\\\/\",\"url\":\"https:\\\/\\\/truckonline.de\\\/blog\\\/2018\\\/08\\\/12\\\/miserable-parkplatzsituation\\\/\",\"name\":\"Miserable Parkplatzsituation | TruckOnline.de\",\"isPartOf\":{\"@id\":\"https:\\\/\\\/truckonline.de\\\/blog\\\/#website\"},\"datePublished\":\"2018-08-12T21:26:10+00:00\",\"dateModified\":\"2018-08-24T06:31:04+00:00\",\"description\":\"Die Parkplatzsituation in Deutschland ist noch immer miserabel, der Aus- oder Neubau vorhandener oder gar neuer Stellfl\u00e4chen geht nur schleppend voran.\",\"breadcrumb\":{\"@id\":\"https:\\\/\\\/truckonline.de\\\/blog\\\/2018\\\/08\\\/12\\\/miserable-parkplatzsituation\\\/#breadcrumb\"},\"inLanguage\":\"de\",\"potentialAction\":[{\"@type\":\"ReadAction\",\"target\":[\"https:\\\/\\\/truckonline.de\\\/blog\\\/2018\\\/08\\\/12\\\/miserable-parkplatzsituation\\\/\"]}]},{\"@type\":\"BreadcrumbList\",\"@id\":\"https:\\\/\\\/truckonline.de\\\/blog\\\/2018\\\/08\\\/12\\\/miserable-parkplatzsituation\\\/#breadcrumb\",\"itemListElement\":[{\"@type\":\"ListItem\",\"position\":1,\"name\":\"Startseite\",\"item\":\"https:\\\/\\\/truckonline.de\\\/blog\\\/\"},{\"@type\":\"ListItem\",\"position\":2,\"name\":\"Miserable Parkplatzsituation\"}]},{\"@type\":\"WebSite\",\"@id\":\"https:\\\/\\\/truckonline.de\\\/blog\\\/#website\",\"url\":\"https:\\\/\\\/truckonline.de\\\/blog\\\/\",\"name\":\"TruckOnline.de\",\"description\":\"\",\"publisher\":{\"@id\":\"https:\\\/\\\/truckonline.de\\\/blog\\\/#\\\/schema\\\/person\\\/4cb59b86ffde81f882f56439688fda19\"},\"potentialAction\":[{\"@type\":\"SearchAction\",\"target\":{\"@type\":\"EntryPoint\",\"urlTemplate\":\"https:\\\/\\\/truckonline.de\\\/blog\\\/?s={search_term_string}\"},\"query-input\":{\"@type\":\"PropertyValueSpecification\",\"valueRequired\":true,\"valueName\":\"search_term_string\"}}],\"inLanguage\":\"de\"},{\"@type\":[\"Person\",\"Organization\"],\"@id\":\"https:\\\/\\\/truckonline.de\\\/blog\\\/#\\\/schema\\\/person\\\/4cb59b86ffde81f882f56439688fda19\",\"name\":\"maik\",\"image\":{\"@type\":\"ImageObject\",\"inLanguage\":\"de\",\"@id\":\"https:\\\/\\\/truckonline.de\\\/blog\\\/wp-content\\\/uploads\\\/2019\\\/12\\\/logoinnenweiss.png\",\"url\":\"https:\\\/\\\/truckonline.de\\\/blog\\\/wp-content\\\/uploads\\\/2019\\\/12\\\/logoinnenweiss.png\",\"contentUrl\":\"https:\\\/\\\/truckonline.de\\\/blog\\\/wp-content\\\/uploads\\\/2019\\\/12\\\/logoinnenweiss.png\",\"width\":733,\"height\":125,\"caption\":\"maik\"},\"logo\":{\"@id\":\"https:\\\/\\\/truckonline.de\\\/blog\\\/wp-content\\\/uploads\\\/2019\\\/12\\\/logoinnenweiss.png\"},\"sameAs\":[\"https:\\\/\\\/www.facebook.com\\\/truckblog\",\"https:\\\/\\\/www.instagram.com\\\/truck_online\\\/\",\"https:\\\/\\\/x.com\\\/https:\\\/\\\/twitter.com\\\/truckblog\",\"https:\\\/\\\/www.youtube.com\\\/user\\\/truckonline\",\"https:\\\/\\\/www.tumblr.com\\\/truckonline\"]}]}<\/script>\n<!-- \/ Yoast SEO plugin. -->","yoast_head_json":{"title":"Miserable Parkplatzsituation | TruckOnline.de","description":"Die Parkplatzsituation in Deutschland ist noch immer miserabel, der Aus- oder Neubau vorhandener oder gar neuer Stellfl\u00e4chen geht nur schleppend voran.","robots":{"index":"index","follow":"follow","max-snippet":"max-snippet:-1","max-image-preview":"max-image-preview:large","max-video-preview":"max-video-preview:-1"},"canonical":"https:\/\/truckonline.de\/blog\/2018\/08\/12\/miserable-parkplatzsituation\/","og_locale":"de_DE","og_type":"article","og_title":"Miserable Parkplatzsituation | TruckOnline.de","og_url":"https:\/\/truckonline.de\/blog\/2018\/08\/12\/miserable-parkplatzsituation\/","og_site_name":"TruckOnline.de","article_publisher":"https:\/\/www.facebook.com\/truckblog","article_author":"https:\/\/www.facebook.com\/truckblog","article_published_time":"2018-08-12T21:26:10+00:00","article_modified_time":"2018-08-24T06:31:04+00:00","og_image":[{"width":2560,"height":1920,"url":"https:\/\/truckonline.de\/blog\/wp-content\/uploads\/2019\/12\/IMG_20191229_225424-scaled.jpg","type":"image\/jpeg"}],"author":"maik","twitter_card":"summary_large_image","twitter_creator":"@https:\/\/twitter.com\/truckblog","twitter_site":"@truckblog","twitter_misc":{"Verfasst von":"maik","Gesch\u00e4tzte Lesezeit":"5\u00a0Minuten"},"schema":{"@context":"https:\/\/schema.org","@graph":[{"@type":"Article","@id":"https:\/\/truckonline.de\/blog\/2018\/08\/12\/miserable-parkplatzsituation\/#article","isPartOf":{"@id":"https:\/\/truckonline.de\/blog\/2018\/08\/12\/miserable-parkplatzsituation\/"},"author":{"name":"maik","@id":"https:\/\/truckonline.de\/blog\/#\/schema\/person\/4cb59b86ffde81f882f56439688fda19"},"headline":"Miserable Parkplatzsituation","datePublished":"2018-08-12T21:26:10+00:00","dateModified":"2018-08-24T06:31:04+00:00","mainEntityOfPage":{"@id":"https:\/\/truckonline.de\/blog\/2018\/08\/12\/miserable-parkplatzsituation\/"},"wordCount":1036,"publisher":{"@id":"https:\/\/truckonline.de\/blog\/#\/schema\/person\/4cb59b86ffde81f882f56439688fda19"},"keywords":["Parkpl\u00e4tze","Politik"],"articleSection":["\u00c4rgerliches","Parkplatznot"],"inLanguage":"de"},{"@type":"WebPage","@id":"https:\/\/truckonline.de\/blog\/2018\/08\/12\/miserable-parkplatzsituation\/","url":"https:\/\/truckonline.de\/blog\/2018\/08\/12\/miserable-parkplatzsituation\/","name":"Miserable Parkplatzsituation | TruckOnline.de","isPartOf":{"@id":"https:\/\/truckonline.de\/blog\/#website"},"datePublished":"2018-08-12T21:26:10+00:00","dateModified":"2018-08-24T06:31:04+00:00","description":"Die Parkplatzsituation in Deutschland ist noch immer miserabel, der Aus- oder Neubau vorhandener oder gar neuer Stellfl\u00e4chen geht nur schleppend voran.","breadcrumb":{"@id":"https:\/\/truckonline.de\/blog\/2018\/08\/12\/miserable-parkplatzsituation\/#breadcrumb"},"inLanguage":"de","potentialAction":[{"@type":"ReadAction","target":["https:\/\/truckonline.de\/blog\/2018\/08\/12\/miserable-parkplatzsituation\/"]}]},{"@type":"BreadcrumbList","@id":"https:\/\/truckonline.de\/blog\/2018\/08\/12\/miserable-parkplatzsituation\/#breadcrumb","itemListElement":[{"@type":"ListItem","position":1,"name":"Startseite","item":"https:\/\/truckonline.de\/blog\/"},{"@type":"ListItem","position":2,"name":"Miserable Parkplatzsituation"}]},{"@type":"WebSite","@id":"https:\/\/truckonline.de\/blog\/#website","url":"https:\/\/truckonline.de\/blog\/","name":"TruckOnline.de","description":"","publisher":{"@id":"https:\/\/truckonline.de\/blog\/#\/schema\/person\/4cb59b86ffde81f882f56439688fda19"},"potentialAction":[{"@type":"SearchAction","target":{"@type":"EntryPoint","urlTemplate":"https:\/\/truckonline.de\/blog\/?s={search_term_string}"},"query-input":{"@type":"PropertyValueSpecification","valueRequired":true,"valueName":"search_term_string"}}],"inLanguage":"de"},{"@type":["Person","Organization"],"@id":"https:\/\/truckonline.de\/blog\/#\/schema\/person\/4cb59b86ffde81f882f56439688fda19","name":"maik","image":{"@type":"ImageObject","inLanguage":"de","@id":"https:\/\/truckonline.de\/blog\/wp-content\/uploads\/2019\/12\/logoinnenweiss.png","url":"https:\/\/truckonline.de\/blog\/wp-content\/uploads\/2019\/12\/logoinnenweiss.png","contentUrl":"https:\/\/truckonline.de\/blog\/wp-content\/uploads\/2019\/12\/logoinnenweiss.png","width":733,"height":125,"caption":"maik"},"logo":{"@id":"https:\/\/truckonline.de\/blog\/wp-content\/uploads\/2019\/12\/logoinnenweiss.png"},"sameAs":["https:\/\/www.facebook.com\/truckblog","https:\/\/www.instagram.com\/truck_online\/","https:\/\/x.com\/https:\/\/twitter.com\/truckblog","https:\/\/www.youtube.com\/user\/truckonline","https:\/\/www.tumblr.com\/truckonline"]}]}},"_links":{"self":[{"href":"https:\/\/truckonline.de\/blog\/wp-json\/wp\/v2\/posts\/8110","targetHints":{"allow":["GET"]}}],"collection":[{"href":"https:\/\/truckonline.de\/blog\/wp-json\/wp\/v2\/posts"}],"about":[{"href":"https:\/\/truckonline.de\/blog\/wp-json\/wp\/v2\/types\/post"}],"author":[{"embeddable":true,"href":"https:\/\/truckonline.de\/blog\/wp-json\/wp\/v2\/users\/3"}],"replies":[{"embeddable":true,"href":"https:\/\/truckonline.de\/blog\/wp-json\/wp\/v2\/comments?post=8110"}],"version-history":[{"count":9,"href":"https:\/\/truckonline.de\/blog\/wp-json\/wp\/v2\/posts\/8110\/revisions"}],"predecessor-version":[{"id":8125,"href":"https:\/\/truckonline.de\/blog\/wp-json\/wp\/v2\/posts\/8110\/revisions\/8125"}],"wp:attachment":[{"href":"https:\/\/truckonline.de\/blog\/wp-json\/wp\/v2\/media?parent=8110"}],"wp:term":[{"taxonomy":"category","embeddable":true,"href":"https:\/\/truckonline.de\/blog\/wp-json\/wp\/v2\/categories?post=8110"},{"taxonomy":"post_tag","embeddable":true,"href":"https:\/\/truckonline.de\/blog\/wp-json\/wp\/v2\/tags?post=8110"}],"curies":[{"name":"wp","href":"https:\/\/api.w.org\/{rel}","templated":true}]}}