{"id":7730,"date":"2018-01-28T21:35:10","date_gmt":"2018-01-28T20:35:10","guid":{"rendered":"https:\/\/truckonline.de\/blog\/?p=7730"},"modified":"2018-01-29T10:18:39","modified_gmt":"2018-01-29T09:18:39","slug":"links-und-rechts-der-daten-autobahn-64","status":"publish","type":"post","link":"https:\/\/truckonline.de\/blog\/2018\/01\/28\/links-und-rechts-der-daten-autobahn-64\/","title":{"rendered":"Links und rechts der (Daten-) autobahn"},"content":{"rendered":"<p><strong>Diese<\/strong> Woche hatte es irgendwie in sich. Also in negativer Hinsicht. Da war z.B. diese Lkw-Irrfahrt durch Oberfranken. Im Drogenrausch <a href=\"https:\/\/www.np-coburg.de\/region\/oberfranken\/laenderspiegel\/Amok-Fahrt-mit-26-Tonner-Polizei-stoppt-Lkw-Fahrer-nach-1-5-Stunden;art2388,5946184\" rel=\"noopener\" target=\"_blank\">lieferte sich ein Lkw-Fahrer eine wilde Verfolgungsjagd<\/a> mit der Polizei. Erst mit dem gezielten Einsatz des Scheinwerfers eines Hubschraubers konnte der Lkw gestoppt werden.<\/p>\n<p>***<br \/>\n<strong>Auf<\/strong> der A 3 <a href=\"http:\/\/www.allgemeine-zeitung.de\/lokales\/polizei\/mit-326-promille-lkw-fahrer-verursacht-schweren-unfall-auf-a3-bei-wiesbaden_18484127.htm\" rel=\"noopener\" target=\"_blank\">bei Wiesbaden verursachte ein osteurop\u00e4ischer Lenker<\/a> einen schweren Unfall. Er fuhr unbeleuchtet von einer Rastst\u00e4tte auf die Autobahn, dr\u00e4ngte dabei einen anderen Lkw ab. Der widerum versuchte auszuweichen und kollidierte dabei jedoch mit einem Pkw. Gl\u00fccklicherweise gab es hier keine Verletzten. Allerdings wurde beim Unfallverursacher eine Atemalkoholkonzentration von 3,26 Promille festgestellt. <\/p>\n<p>***<br \/>\n<strong>In<\/strong> Brandenburg wird <a href=\"https:\/\/www.berliner-zeitung.de\/berlin\/brandenburg\/rechtsabbieger--zehnjaehriges-maedchen-stirbt-nach-unfall-mit-lkw-29555200\" rel=\"noopener\" target=\"_blank\">ein zehnj\u00e4hriges M\u00e4dchen durch einen rechtsabbiegenden Lkw erfasst<\/a> und \u00fcberrollt. Die kleine stirbt einige Stunden sp\u00e4ter im Krankenhaus.<br \/>\nDas Kind hat alles richtig gemacht. Bei rot gewartet, bei gr\u00fcn losgefahren. Wer hier einen Fehler gemacht hat, ist der Fahrer des Lkw &#8211; und genau das ist meine Urangst. N\u00e4mlich das ich auch mal einen Fu\u00dfg\u00e4nger oder Radfahrer \u00fcbersehe. Trotz Vorsicht und st\u00e4ndigen Schauen in alle Spiegel. Ich hoffe echt, dass ich niemals in solch eine Situation komme.<\/p>\n<p>Solange Lkw nicht serienm\u00e4\u00dfig mit <a href=\"https:\/\/www.zdf.de\/nachrichten\/heute\/toedliche-fahrradunfaelle-abbiegesysteme-fuer-lkw-als-pflicht-100.html\" rel=\"noopener\" target=\"_blank\">verf\u00fcgbaren Abbiegeassistenten ausger\u00fcstet sind<\/a>, sollten Ampelanlagen so geschaltet werden, dass der Abbiegeverkehr nicht zur gleichen Zeit gr\u00fcn hat, wie Radfahrer und Fu\u00dfg\u00e4nger. Schon m\u00f6glich, dass der Durchfluss des flie\u00dfenden Verkehrs an diesen Kreuzungen geringer wird. Aber wenn dadurch Leben gesch\u00fctzt werden, sollte das doch trotzdem m\u00f6glich sein.<\/p>\n<p>***<br \/>\n<strong>Den<\/strong> <a href=\"https:\/\/truckonline.de\/blog\/2018\/01\/05\/ich-bin-ein-gewinner\/\">Gewinn von DAF<\/a> habe ich auch verarbeitet. Also durchgelesen. Wer Interesse an dem Buch &#8222;<em>Spur der Laster<\/em>&#8220; hat, kann dies bis zum 2. Februar in den Kommentaren kundtun. Viel Gl\u00fcck.<\/p>\n","protected":false},"excerpt":{"rendered":"<p>Diese Woche hatte es irgendwie in sich. Also in negativer Hinsicht. Da war z.B. diese Lkw-Irrfahrt durch Oberfranken. Im Drogenrausch lieferte sich ein Lkw-Fahrer eine&#8230;<\/p>\n<div class=\"more-link-wrapper\"><a class=\"more-link\" href=\"https:\/\/truckonline.de\/blog\/2018\/01\/28\/links-und-rechts-der-daten-autobahn-64\/\">Sie haben Ihr Ziel fast erreicht.<span class=\"screen-reader-text\">Links und rechts der (Daten-) autobahn<\/span><\/a><\/div>\n","protected":false},"author":3,"featured_media":0,"comment_status":"open","ping_status":"open","sticky":false,"template":"","format":"standard","meta":{"iawp_total_views":1,"_metis_text_type":"","_metis_text_length":0,"_post_count":0,"footnotes":""},"categories":[21,191,52],"tags":[8,1898],"class_list":["post-7730","post","type-post","status-publish","format-standard","hentry","category-links-world-wide-web","category-presse","category-unfall","tag-links","tag-presse","ratio-2-1","entry"],"yoast_head":"<!-- This site is optimized with the Yoast SEO plugin v27.5 - https:\/\/yoast.com\/product\/yoast-seo-wordpress\/ -->\n<title>Links und rechts der (Daten-) autobahn | TruckOnline.de<\/title>\n<meta name=\"description\" content=\"Diese Woche hatte es irgendwie in sich. Also in negativer Hinsicht. Da war z.B. diese Lkw-Irrfahrt durch Oberfranken. Im Drogenrausch lieferte sich ein\" \/>\n<meta name=\"robots\" content=\"index, follow, max-snippet:-1, max-image-preview:large, max-video-preview:-1\" \/>\n<link rel=\"canonical\" href=\"https:\/\/truckonline.de\/blog\/2018\/01\/28\/links-und-rechts-der-daten-autobahn-64\/\" \/>\n<meta property=\"og:locale\" content=\"de_DE\" \/>\n<meta property=\"og:type\" content=\"article\" \/>\n<meta property=\"og:title\" content=\"Links und rechts der (Daten-) autobahn | TruckOnline.de\" \/>\n<meta property=\"og:url\" content=\"https:\/\/truckonline.de\/blog\/2018\/01\/28\/links-und-rechts-der-daten-autobahn-64\/\" \/>\n<meta property=\"og:site_name\" content=\"TruckOnline.de\" \/>\n<meta property=\"article:publisher\" content=\"https:\/\/www.facebook.com\/truckblog\" \/>\n<meta property=\"article:author\" content=\"https:\/\/www.facebook.com\/truckblog\" \/>\n<meta property=\"article:published_time\" content=\"2018-01-28T20:35:10+00:00\" \/>\n<meta property=\"article:modified_time\" content=\"2018-01-29T09:18:39+00:00\" \/>\n<meta property=\"og:image\" content=\"https:\/\/truckonline.de\/blog\/wp-content\/uploads\/2019\/12\/IMG_20191229_225424-scaled.jpg\" \/>\n\t<meta property=\"og:image:width\" content=\"2560\" \/>\n\t<meta property=\"og:image:height\" content=\"1920\" \/>\n\t<meta property=\"og:image:type\" content=\"image\/jpeg\" \/>\n<meta name=\"author\" content=\"maik\" \/>\n<meta name=\"twitter:card\" content=\"summary_large_image\" \/>\n<meta name=\"twitter:creator\" content=\"@https:\/\/twitter.com\/truckblog\" \/>\n<meta name=\"twitter:site\" content=\"@truckblog\" \/>\n<meta name=\"twitter:label1\" content=\"Verfasst von\" \/>\n\t<meta name=\"twitter:data1\" content=\"maik\" \/>\n\t<meta name=\"twitter:label2\" content=\"Gesch\u00e4tzte Lesezeit\" \/>\n\t<meta name=\"twitter:data2\" content=\"1\u00a0Minute\" \/>\n<script type=\"application\/ld+json\" class=\"yoast-schema-graph\">{\"@context\":\"https:\\\/\\\/schema.org\",\"@graph\":[{\"@type\":\"Article\",\"@id\":\"https:\\\/\\\/truckonline.de\\\/blog\\\/2018\\\/01\\\/28\\\/links-und-rechts-der-daten-autobahn-64\\\/#article\",\"isPartOf\":{\"@id\":\"https:\\\/\\\/truckonline.de\\\/blog\\\/2018\\\/01\\\/28\\\/links-und-rechts-der-daten-autobahn-64\\\/\"},\"author\":{\"name\":\"maik\",\"@id\":\"https:\\\/\\\/truckonline.de\\\/blog\\\/#\\\/schema\\\/person\\\/4cb59b86ffde81f882f56439688fda19\"},\"headline\":\"Links und rechts der (Daten-) autobahn\",\"datePublished\":\"2018-01-28T20:35:10+00:00\",\"dateModified\":\"2018-01-29T09:18:39+00:00\",\"mainEntityOfPage\":{\"@id\":\"https:\\\/\\\/truckonline.de\\\/blog\\\/2018\\\/01\\\/28\\\/links-und-rechts-der-daten-autobahn-64\\\/\"},\"wordCount\":289,\"commentCount\":7,\"publisher\":{\"@id\":\"https:\\\/\\\/truckonline.de\\\/blog\\\/#\\\/schema\\\/person\\\/4cb59b86ffde81f882f56439688fda19\"},\"keywords\":[\"Lieblinks\",\"Presse\"],\"articleSection\":[\"Links\",\"Presse\",\"Unfall\"],\"inLanguage\":\"de\",\"potentialAction\":[{\"@type\":\"CommentAction\",\"name\":\"Comment\",\"target\":[\"https:\\\/\\\/truckonline.de\\\/blog\\\/2018\\\/01\\\/28\\\/links-und-rechts-der-daten-autobahn-64\\\/#respond\"]}]},{\"@type\":\"WebPage\",\"@id\":\"https:\\\/\\\/truckonline.de\\\/blog\\\/2018\\\/01\\\/28\\\/links-und-rechts-der-daten-autobahn-64\\\/\",\"url\":\"https:\\\/\\\/truckonline.de\\\/blog\\\/2018\\\/01\\\/28\\\/links-und-rechts-der-daten-autobahn-64\\\/\",\"name\":\"Links und rechts der (Daten-) autobahn | TruckOnline.de\",\"isPartOf\":{\"@id\":\"https:\\\/\\\/truckonline.de\\\/blog\\\/#website\"},\"datePublished\":\"2018-01-28T20:35:10+00:00\",\"dateModified\":\"2018-01-29T09:18:39+00:00\",\"description\":\"Diese Woche hatte es irgendwie in sich. Also in negativer Hinsicht. Da war z.B. diese Lkw-Irrfahrt durch Oberfranken. Im Drogenrausch lieferte sich ein\",\"breadcrumb\":{\"@id\":\"https:\\\/\\\/truckonline.de\\\/blog\\\/2018\\\/01\\\/28\\\/links-und-rechts-der-daten-autobahn-64\\\/#breadcrumb\"},\"inLanguage\":\"de\",\"potentialAction\":[{\"@type\":\"ReadAction\",\"target\":[\"https:\\\/\\\/truckonline.de\\\/blog\\\/2018\\\/01\\\/28\\\/links-und-rechts-der-daten-autobahn-64\\\/\"]}]},{\"@type\":\"BreadcrumbList\",\"@id\":\"https:\\\/\\\/truckonline.de\\\/blog\\\/2018\\\/01\\\/28\\\/links-und-rechts-der-daten-autobahn-64\\\/#breadcrumb\",\"itemListElement\":[{\"@type\":\"ListItem\",\"position\":1,\"name\":\"Startseite\",\"item\":\"https:\\\/\\\/truckonline.de\\\/blog\\\/\"},{\"@type\":\"ListItem\",\"position\":2,\"name\":\"Links und rechts der (Daten-) autobahn\"}]},{\"@type\":\"WebSite\",\"@id\":\"https:\\\/\\\/truckonline.de\\\/blog\\\/#website\",\"url\":\"https:\\\/\\\/truckonline.de\\\/blog\\\/\",\"name\":\"TruckOnline.de\",\"description\":\"\",\"publisher\":{\"@id\":\"https:\\\/\\\/truckonline.de\\\/blog\\\/#\\\/schema\\\/person\\\/4cb59b86ffde81f882f56439688fda19\"},\"potentialAction\":[{\"@type\":\"SearchAction\",\"target\":{\"@type\":\"EntryPoint\",\"urlTemplate\":\"https:\\\/\\\/truckonline.de\\\/blog\\\/?s={search_term_string}\"},\"query-input\":{\"@type\":\"PropertyValueSpecification\",\"valueRequired\":true,\"valueName\":\"search_term_string\"}}],\"inLanguage\":\"de\"},{\"@type\":[\"Person\",\"Organization\"],\"@id\":\"https:\\\/\\\/truckonline.de\\\/blog\\\/#\\\/schema\\\/person\\\/4cb59b86ffde81f882f56439688fda19\",\"name\":\"maik\",\"image\":{\"@type\":\"ImageObject\",\"inLanguage\":\"de\",\"@id\":\"https:\\\/\\\/truckonline.de\\\/blog\\\/wp-content\\\/uploads\\\/2019\\\/12\\\/logoinnenweiss.png\",\"url\":\"https:\\\/\\\/truckonline.de\\\/blog\\\/wp-content\\\/uploads\\\/2019\\\/12\\\/logoinnenweiss.png\",\"contentUrl\":\"https:\\\/\\\/truckonline.de\\\/blog\\\/wp-content\\\/uploads\\\/2019\\\/12\\\/logoinnenweiss.png\",\"width\":733,\"height\":125,\"caption\":\"maik\"},\"logo\":{\"@id\":\"https:\\\/\\\/truckonline.de\\\/blog\\\/wp-content\\\/uploads\\\/2019\\\/12\\\/logoinnenweiss.png\"},\"sameAs\":[\"https:\\\/\\\/www.facebook.com\\\/truckblog\",\"https:\\\/\\\/www.instagram.com\\\/truck_online\\\/\",\"https:\\\/\\\/x.com\\\/https:\\\/\\\/twitter.com\\\/truckblog\",\"https:\\\/\\\/www.youtube.com\\\/user\\\/truckonline\",\"https:\\\/\\\/www.tumblr.com\\\/truckonline\"]}]}<\/script>\n<!-- \/ Yoast SEO plugin. -->","yoast_head_json":{"title":"Links und rechts der (Daten-) autobahn | TruckOnline.de","description":"Diese Woche hatte es irgendwie in sich. Also in negativer Hinsicht. Da war z.B. diese Lkw-Irrfahrt durch Oberfranken. Im Drogenrausch lieferte sich ein","robots":{"index":"index","follow":"follow","max-snippet":"max-snippet:-1","max-image-preview":"max-image-preview:large","max-video-preview":"max-video-preview:-1"},"canonical":"https:\/\/truckonline.de\/blog\/2018\/01\/28\/links-und-rechts-der-daten-autobahn-64\/","og_locale":"de_DE","og_type":"article","og_title":"Links und rechts der (Daten-) autobahn | TruckOnline.de","og_url":"https:\/\/truckonline.de\/blog\/2018\/01\/28\/links-und-rechts-der-daten-autobahn-64\/","og_site_name":"TruckOnline.de","article_publisher":"https:\/\/www.facebook.com\/truckblog","article_author":"https:\/\/www.facebook.com\/truckblog","article_published_time":"2018-01-28T20:35:10+00:00","article_modified_time":"2018-01-29T09:18:39+00:00","og_image":[{"width":2560,"height":1920,"url":"https:\/\/truckonline.de\/blog\/wp-content\/uploads\/2019\/12\/IMG_20191229_225424-scaled.jpg","type":"image\/jpeg"}],"author":"maik","twitter_card":"summary_large_image","twitter_creator":"@https:\/\/twitter.com\/truckblog","twitter_site":"@truckblog","twitter_misc":{"Verfasst von":"maik","Gesch\u00e4tzte Lesezeit":"1\u00a0Minute"},"schema":{"@context":"https:\/\/schema.org","@graph":[{"@type":"Article","@id":"https:\/\/truckonline.de\/blog\/2018\/01\/28\/links-und-rechts-der-daten-autobahn-64\/#article","isPartOf":{"@id":"https:\/\/truckonline.de\/blog\/2018\/01\/28\/links-und-rechts-der-daten-autobahn-64\/"},"author":{"name":"maik","@id":"https:\/\/truckonline.de\/blog\/#\/schema\/person\/4cb59b86ffde81f882f56439688fda19"},"headline":"Links und rechts der (Daten-) autobahn","datePublished":"2018-01-28T20:35:10+00:00","dateModified":"2018-01-29T09:18:39+00:00","mainEntityOfPage":{"@id":"https:\/\/truckonline.de\/blog\/2018\/01\/28\/links-und-rechts-der-daten-autobahn-64\/"},"wordCount":289,"commentCount":7,"publisher":{"@id":"https:\/\/truckonline.de\/blog\/#\/schema\/person\/4cb59b86ffde81f882f56439688fda19"},"keywords":["Lieblinks","Presse"],"articleSection":["Links","Presse","Unfall"],"inLanguage":"de","potentialAction":[{"@type":"CommentAction","name":"Comment","target":["https:\/\/truckonline.de\/blog\/2018\/01\/28\/links-und-rechts-der-daten-autobahn-64\/#respond"]}]},{"@type":"WebPage","@id":"https:\/\/truckonline.de\/blog\/2018\/01\/28\/links-und-rechts-der-daten-autobahn-64\/","url":"https:\/\/truckonline.de\/blog\/2018\/01\/28\/links-und-rechts-der-daten-autobahn-64\/","name":"Links und rechts der (Daten-) autobahn | TruckOnline.de","isPartOf":{"@id":"https:\/\/truckonline.de\/blog\/#website"},"datePublished":"2018-01-28T20:35:10+00:00","dateModified":"2018-01-29T09:18:39+00:00","description":"Diese Woche hatte es irgendwie in sich. Also in negativer Hinsicht. Da war z.B. diese Lkw-Irrfahrt durch Oberfranken. Im Drogenrausch lieferte sich ein","breadcrumb":{"@id":"https:\/\/truckonline.de\/blog\/2018\/01\/28\/links-und-rechts-der-daten-autobahn-64\/#breadcrumb"},"inLanguage":"de","potentialAction":[{"@type":"ReadAction","target":["https:\/\/truckonline.de\/blog\/2018\/01\/28\/links-und-rechts-der-daten-autobahn-64\/"]}]},{"@type":"BreadcrumbList","@id":"https:\/\/truckonline.de\/blog\/2018\/01\/28\/links-und-rechts-der-daten-autobahn-64\/#breadcrumb","itemListElement":[{"@type":"ListItem","position":1,"name":"Startseite","item":"https:\/\/truckonline.de\/blog\/"},{"@type":"ListItem","position":2,"name":"Links und rechts der (Daten-) autobahn"}]},{"@type":"WebSite","@id":"https:\/\/truckonline.de\/blog\/#website","url":"https:\/\/truckonline.de\/blog\/","name":"TruckOnline.de","description":"","publisher":{"@id":"https:\/\/truckonline.de\/blog\/#\/schema\/person\/4cb59b86ffde81f882f56439688fda19"},"potentialAction":[{"@type":"SearchAction","target":{"@type":"EntryPoint","urlTemplate":"https:\/\/truckonline.de\/blog\/?s={search_term_string}"},"query-input":{"@type":"PropertyValueSpecification","valueRequired":true,"valueName":"search_term_string"}}],"inLanguage":"de"},{"@type":["Person","Organization"],"@id":"https:\/\/truckonline.de\/blog\/#\/schema\/person\/4cb59b86ffde81f882f56439688fda19","name":"maik","image":{"@type":"ImageObject","inLanguage":"de","@id":"https:\/\/truckonline.de\/blog\/wp-content\/uploads\/2019\/12\/logoinnenweiss.png","url":"https:\/\/truckonline.de\/blog\/wp-content\/uploads\/2019\/12\/logoinnenweiss.png","contentUrl":"https:\/\/truckonline.de\/blog\/wp-content\/uploads\/2019\/12\/logoinnenweiss.png","width":733,"height":125,"caption":"maik"},"logo":{"@id":"https:\/\/truckonline.de\/blog\/wp-content\/uploads\/2019\/12\/logoinnenweiss.png"},"sameAs":["https:\/\/www.facebook.com\/truckblog","https:\/\/www.instagram.com\/truck_online\/","https:\/\/x.com\/https:\/\/twitter.com\/truckblog","https:\/\/www.youtube.com\/user\/truckonline","https:\/\/www.tumblr.com\/truckonline"]}]}},"_links":{"self":[{"href":"https:\/\/truckonline.de\/blog\/wp-json\/wp\/v2\/posts\/7730","targetHints":{"allow":["GET"]}}],"collection":[{"href":"https:\/\/truckonline.de\/blog\/wp-json\/wp\/v2\/posts"}],"about":[{"href":"https:\/\/truckonline.de\/blog\/wp-json\/wp\/v2\/types\/post"}],"author":[{"embeddable":true,"href":"https:\/\/truckonline.de\/blog\/wp-json\/wp\/v2\/users\/3"}],"replies":[{"embeddable":true,"href":"https:\/\/truckonline.de\/blog\/wp-json\/wp\/v2\/comments?post=7730"}],"version-history":[{"count":5,"href":"https:\/\/truckonline.de\/blog\/wp-json\/wp\/v2\/posts\/7730\/revisions"}],"predecessor-version":[{"id":7735,"href":"https:\/\/truckonline.de\/blog\/wp-json\/wp\/v2\/posts\/7730\/revisions\/7735"}],"wp:attachment":[{"href":"https:\/\/truckonline.de\/blog\/wp-json\/wp\/v2\/media?parent=7730"}],"wp:term":[{"taxonomy":"category","embeddable":true,"href":"https:\/\/truckonline.de\/blog\/wp-json\/wp\/v2\/categories?post=7730"},{"taxonomy":"post_tag","embeddable":true,"href":"https:\/\/truckonline.de\/blog\/wp-json\/wp\/v2\/tags?post=7730"}],"curies":[{"name":"wp","href":"https:\/\/api.w.org\/{rel}","templated":true}]}}