{"id":7367,"date":"2017-09-03T02:07:42","date_gmt":"2017-09-03T00:07:42","guid":{"rendered":"https:\/\/truckonline.de\/blog\/?p=7367"},"modified":"2017-09-03T02:17:03","modified_gmt":"2017-09-03T00:17:03","slug":"liebe-journalisten","status":"publish","type":"post","link":"https:\/\/truckonline.de\/blog\/2017\/09\/03\/liebe-journalisten\/","title":{"rendered":"Liebe Journalisten&#8230;"},"content":{"rendered":"<p>&#8230;ihr habt alle studiert, damit Ihr Euren wichtigen Beruf aus\u00fcben d\u00fcrft. Ihr wisst, worauf es bei einem Artikel ankommt, wie man Leser auch das entfernteste Szenario miterleben lassen kann. Ich habe da wirklich <strong>Respekt<\/strong> davor. <\/p>\n<p>Schon als Heranwachsender habe ich gerne die Lokalzeitung gelesen, welche meine Eltern aboniert hatten. Die hie\u00df &#8222;<em>Das Volk<\/em>&#8220; und war das &#8222;<em>Organ der Bezirksleitung Erfurt der Sozialistischen Einheitspartei Deutschlands<\/em>&#8222;. Die Politikseiten wurden meist ignoriert, wen interessierten schon die Beschl\u00fcsse des X. Parteitages.<br \/>\nInteressant waren haupts\u00e4chlich die Lokalseiten und der Sportteil. Wie fieberte ich jedesmal mit, wenn die olympischen Heldentaten unserer Sportler gefeiert wurden oder wie entt\u00e4uscht war ich \u00fcber den Spielbericht <em>meiner<\/em> Rot-Wei\u00dfen aus Erfurt, wenn es selbst gegen Stahl Brandenburg nur zu einem <strong>Unentschieden<\/strong> reichte. <\/p>\n<p>Aber das ist lange her. &#8222;<em>Das Volk<\/em>&#8220; nennt sich nun &#8222;<em><a href=\"http:\/\/www.thueringer-allgemeine.de\/\" target=\"_blank\">Th\u00fcringer Allgemeine<\/a><\/em>&#8222;, Rot-Wei\u00df Erfurt verliert jetzt gegen Paderborn und den politischen Teil? Den lese ich mittlerweile regelm\u00e4\u00dfig. Von der <strong>Pressevielfalt<\/strong> mal ganz abgesehen. Es gibt einige gro\u00dfe \u00fcberregionale Bl\u00e4tter und noch mehr kleine, lokale Zeitungen. Die lese ich noch lieber. Diesen Einblick in die Gegend in der ich gerade bin, mag ich. Man merkt, wie die Menschen in der Region ticken, was die umtreibt.<\/p>\n<p>Nat\u00fcrlich muss das auf Papier geschehen und nicht auf einem Tabletcomputer. Eine Zeitung vor mir hat etwas gem\u00fctliches. Die Augen \u00fcber die Beitr\u00e4ge wandern zu lassen ist viel entspannter, als von Artikel zu Artikel scrollen zu m\u00fcssen. Dazu das Gef\u00fchl, die Druckerschw\u00e4rze noch riechen zu k\u00f6nnen. Das ist kaum zu ersetzen.<\/p>\n<p>Trotzdem hat das digitale <strong>Zeitalter<\/strong> auch einen Vorteil. Man kann praktisch jede Zeitung lesen, egal wo man ist. So bringt mir die &#8222;<em>TA<\/em>&#8220; immer <a href=\"http:\/\/muehlhausen.thueringer-allgemeine.de\/\" target=\"_blank\">meine Heimat nahe<\/a>. Aufs Wochenende zu warten, um von <a href=\"http:\/\/www.thueringer-allgemeine.de\/web\/zgt\/leben\/blaulicht\/detail\/-\/specific\/Unfall-mit-sechs-Fahrzeugen-Frau-stirbt-bei-Kollision-in-Muehlhausen-1549929619\">einem Unfall vor meiner Haust\u00fcr<\/a> zu erfahren, geh\u00f6rt lange der Vergangenheit an.<br \/>\nEbenso andere schreckliche Berichte. Heute kann ich in Bologna lesen, wenn es auf der A2 bei G\u00fctersloh einen Auffahrunfall mit drei Lkw gegeben hat. Spannende neue Welt. <\/p>\n<p><a href=\"https:\/\/www.hna.de\/lokales\/rotenburg-bebra\/tickende-zeitbombe-polizei-holt-lastwagen-bei-friedewald-von-a4-8639515.html\" target=\"_blank\">Oder ich lese bei Verona<\/a>, dass auf der A4 bei Bad Hersfeld eine &#8222;<em>tickende Zeitbombe<\/em>&#8220; aus dem Verkehr gezogen wurde. Mit mangelnder Ladungssicherung, technisch miserablen Zustand und v\u00f6llig \u00fcberladen mit zwei riesigen Baumaschinen.<br \/>\nBei den zwei erstgenannten Vergehen stimme ich zu. Das funkioniert so nicht. Diese Art von Ladung geh\u00f6rt auf einen <strong>Tieflader<\/strong>, gesichert mit Ketten. Und das der Auflieger alles andere als verkehrssicher ist, d\u00fcrfte dem Bericht zufolge auch klar sein.<\/p>\n<p><img loading=\"lazy\" decoding=\"async\" src=\"https:\/\/truckonline.de\/blog\/wp-content\/uploads\/2017\/09\/hnabagger.jpg\" alt=\"Beitrag Bild HNA Bagger\" width=\"550\" height=\"363\" class=\"aligncenter size-full wp-image-7368\" \/><\/p>\n<p>Was aber auch nicht funktioniert, ist der Artikel an sich. Schon diese Art von \u00dcberschrift bin ich normal nur von der &#8222;<a href=\"https:\/\/bild.de\" target=\"_blank\">BILD<\/a>&#8220; gewohnt. Aber &#8222;<em>tickende Zeitbombe<\/em>&#8220; klingt halt spektakul\u00e4rer, als &#8222;<em>Lkw bei Kontrolle still gelegt<\/em>&#8222;. Der Leser muss halt gelockt werden.<br \/>\nAuch der Rest hat wenig mit seri\u00f6ser Berichterstattung zu tun:<\/p>\n<blockquote><p>Auf der Ladefl\u00e4che des Sattelaufliegers standen zwei riesige Baumaschinen (21 Tonnen), die nur mit Spanngurten und nicht mit Ketten gesichert waren.<\/p><\/blockquote>\n<p>Das mit Gurten und Ketten ist in Ordnung. Habe ich ja schon geschrieben. Nur wo sind die zwei riesigen Baumaschinen? Wenn \u00fcberhaupt, sehe ich nur eine. Den Bagger. <a href=\"https:\/\/www.hna.de\/lokales\/rotenburg-bebra\/tickende-zeitbombe-polizei-holt-lastwagen-bei-friedewald-von-a4-8639515.html\" target=\"_blank\">Auf dem Bild<\/a> in dem <strong>Bericht<\/strong> erkennt man an der Stirnwand ein kleineres Teil. Keine Ahnung was das ist. Auf jeden Fall nicht riesig. <\/p>\n<blockquote><p>Die Polizei hat bei Friedewald einen v\u00f6llig \u00fcberladenen Lastwagen von der A4 geholt. Der Druck auf die R\u00e4der war so gro\u00df, dass der Stra\u00dfenbelag eingedr\u00fcckt wurde.<\/p><\/blockquote>\n<p>V\u00f6llig \u00fcberladen mit 21 Tonnen? Der n\u00e4chste Quark. Da w\u00e4re der Lkw den ich fahre, dauernd zu schwer. Ist er aber nicht. Wenn die mittlere der drei Achsen des Aufliegers wirklich mit Spangurten unter dem Auflieger fest gezurrt wurde, war vermutlich die <strong>Achslast<\/strong> etwas \u00fcberschritten. Ist auch G\u00fclle, aber was ganz anderes.<br \/>\nDas der Stra\u00dfenbelag eingedr\u00fcckt wurde, liegt vermutlich an dessen schlechten Zustand auf dem Kontrollplatz und daran, dass der Lkw zu eng um die Kurve ziehen musste. <\/p>\n<p>Noch eine Anmerkung zum Schlu\u00df:<\/p>\n<blockquote><p>&#8230;und ein Teil der Befestigung der Bordwand entfernt werden<\/p><\/blockquote>\n<p>Was f\u00fcr eine Bordwand? Diese Auflieger haben keine Bordw\u00e4nde. Wenn doch, habe ich meine irgendwo verloren. Schei\u00dfe!<\/p>\n<p>Es ist mir klar, dass Redaktionen sparen m\u00fcssen und deshalb Beitr\u00e4ge gekauft werden. Das dabei nicht jede einzelne <strong>Meldung<\/strong> \u00fcberpr\u00fcft, sondern einfach \u00fcbernommen und ver\u00f6ffentlicht wird, ist aber nicht so toll. Da f\u00fchle ich mich als Leser ein wenig veralbert. <\/p>\n","protected":false},"excerpt":{"rendered":"<p>&#8230;ihr habt alle studiert, damit Ihr Euren wichtigen Beruf aus\u00fcben d\u00fcrft. Ihr wisst, worauf es bei einem Artikel ankommt, wie man Leser auch das entfernteste&#8230;<\/p>\n<div class=\"more-link-wrapper\"><a class=\"more-link\" href=\"https:\/\/truckonline.de\/blog\/2017\/09\/03\/liebe-journalisten\/\">Sie haben Ihr Ziel fast erreicht.<span class=\"screen-reader-text\">Liebe Journalisten&#8230;<\/span><\/a><\/div>\n","protected":false},"author":3,"featured_media":0,"comment_status":"open","ping_status":"open","sticky":false,"template":"","format":"standard","meta":{"iawp_total_views":1,"_metis_text_type":"","_metis_text_length":0,"_post_count":0,"footnotes":""},"categories":[593,185,134,191],"tags":[2015,2014,1898],"class_list":["post-7367","post","type-post","status-publish","format-standard","hentry","category-aergerliches","category-gedanken","category-ladung-lkw","category-presse","tag-hna","tag-lokal","tag-presse","ratio-2-1","entry"],"yoast_head":"<!-- This site is optimized with the Yoast SEO plugin v27.4 - https:\/\/yoast.com\/product\/yoast-seo-wordpress\/ -->\n<title>Liebe Journalisten... | TruckOnline.de<\/title>\n<meta name=\"description\" content=\"...ihr habt alle studiert, damit Ihr Euren wichtigen Beruf aus\u00fcben d\u00fcrft. Ihr wisst, worauf es bei einem Artikel ankommt, wie man Leser auch das\" \/>\n<meta name=\"robots\" content=\"index, follow, max-snippet:-1, max-image-preview:large, max-video-preview:-1\" \/>\n<link rel=\"canonical\" href=\"https:\/\/truckonline.de\/blog\/2017\/09\/03\/liebe-journalisten\/\" \/>\n<meta property=\"og:locale\" content=\"de_DE\" \/>\n<meta property=\"og:type\" content=\"article\" \/>\n<meta property=\"og:title\" content=\"Liebe Journalisten... | TruckOnline.de\" \/>\n<meta property=\"og:url\" content=\"https:\/\/truckonline.de\/blog\/2017\/09\/03\/liebe-journalisten\/\" \/>\n<meta property=\"og:site_name\" content=\"TruckOnline.de\" \/>\n<meta property=\"article:publisher\" content=\"https:\/\/www.facebook.com\/truckblog\" \/>\n<meta property=\"article:author\" content=\"https:\/\/www.facebook.com\/truckblog\" \/>\n<meta property=\"article:published_time\" content=\"2017-09-03T00:07:42+00:00\" \/>\n<meta property=\"article:modified_time\" content=\"2017-09-03T00:17:03+00:00\" \/>\n<meta property=\"og:image\" content=\"https:\/\/truckonline.de\/blog\/wp-content\/uploads\/2017\/09\/hnabagger.jpg\" \/>\n<meta name=\"author\" content=\"maik\" \/>\n<meta name=\"twitter:card\" content=\"summary_large_image\" \/>\n<meta name=\"twitter:creator\" content=\"@https:\/\/twitter.com\/truckblog\" \/>\n<meta name=\"twitter:site\" content=\"@truckblog\" \/>\n<meta name=\"twitter:label1\" content=\"Verfasst von\" \/>\n\t<meta name=\"twitter:data1\" content=\"maik\" \/>\n\t<meta name=\"twitter:label2\" content=\"Gesch\u00e4tzte Lesezeit\" \/>\n\t<meta name=\"twitter:data2\" content=\"4\u00a0Minuten\" \/>\n<script type=\"application\/ld+json\" class=\"yoast-schema-graph\">{\"@context\":\"https:\\\/\\\/schema.org\",\"@graph\":[{\"@type\":\"Article\",\"@id\":\"https:\\\/\\\/truckonline.de\\\/blog\\\/2017\\\/09\\\/03\\\/liebe-journalisten\\\/#article\",\"isPartOf\":{\"@id\":\"https:\\\/\\\/truckonline.de\\\/blog\\\/2017\\\/09\\\/03\\\/liebe-journalisten\\\/\"},\"author\":{\"name\":\"maik\",\"@id\":\"https:\\\/\\\/truckonline.de\\\/blog\\\/#\\\/schema\\\/person\\\/4cb59b86ffde81f882f56439688fda19\"},\"headline\":\"Liebe Journalisten&#8230;\",\"datePublished\":\"2017-09-03T00:07:42+00:00\",\"dateModified\":\"2017-09-03T00:17:03+00:00\",\"mainEntityOfPage\":{\"@id\":\"https:\\\/\\\/truckonline.de\\\/blog\\\/2017\\\/09\\\/03\\\/liebe-journalisten\\\/\"},\"wordCount\":733,\"commentCount\":9,\"publisher\":{\"@id\":\"https:\\\/\\\/truckonline.de\\\/blog\\\/#\\\/schema\\\/person\\\/4cb59b86ffde81f882f56439688fda19\"},\"image\":{\"@id\":\"https:\\\/\\\/truckonline.de\\\/blog\\\/2017\\\/09\\\/03\\\/liebe-journalisten\\\/#primaryimage\"},\"thumbnailUrl\":\"https:\\\/\\\/truckonline.de\\\/blog\\\/wp-content\\\/uploads\\\/2017\\\/09\\\/hnabagger.jpg\",\"keywords\":[\"HNA\",\"Lokal\",\"Presse\"],\"articleSection\":[\"\u00c4rgerliches\",\"Gedanken\",\"Ladung\",\"Presse\"],\"inLanguage\":\"de\",\"potentialAction\":[{\"@type\":\"CommentAction\",\"name\":\"Comment\",\"target\":[\"https:\\\/\\\/truckonline.de\\\/blog\\\/2017\\\/09\\\/03\\\/liebe-journalisten\\\/#respond\"]}]},{\"@type\":\"WebPage\",\"@id\":\"https:\\\/\\\/truckonline.de\\\/blog\\\/2017\\\/09\\\/03\\\/liebe-journalisten\\\/\",\"url\":\"https:\\\/\\\/truckonline.de\\\/blog\\\/2017\\\/09\\\/03\\\/liebe-journalisten\\\/\",\"name\":\"Liebe Journalisten... | TruckOnline.de\",\"isPartOf\":{\"@id\":\"https:\\\/\\\/truckonline.de\\\/blog\\\/#website\"},\"primaryImageOfPage\":{\"@id\":\"https:\\\/\\\/truckonline.de\\\/blog\\\/2017\\\/09\\\/03\\\/liebe-journalisten\\\/#primaryimage\"},\"image\":{\"@id\":\"https:\\\/\\\/truckonline.de\\\/blog\\\/2017\\\/09\\\/03\\\/liebe-journalisten\\\/#primaryimage\"},\"thumbnailUrl\":\"https:\\\/\\\/truckonline.de\\\/blog\\\/wp-content\\\/uploads\\\/2017\\\/09\\\/hnabagger.jpg\",\"datePublished\":\"2017-09-03T00:07:42+00:00\",\"dateModified\":\"2017-09-03T00:17:03+00:00\",\"description\":\"...ihr habt alle studiert, damit Ihr Euren wichtigen Beruf aus\u00fcben d\u00fcrft. Ihr wisst, worauf es bei einem Artikel ankommt, wie man Leser auch das\",\"breadcrumb\":{\"@id\":\"https:\\\/\\\/truckonline.de\\\/blog\\\/2017\\\/09\\\/03\\\/liebe-journalisten\\\/#breadcrumb\"},\"inLanguage\":\"de\",\"potentialAction\":[{\"@type\":\"ReadAction\",\"target\":[\"https:\\\/\\\/truckonline.de\\\/blog\\\/2017\\\/09\\\/03\\\/liebe-journalisten\\\/\"]}]},{\"@type\":\"ImageObject\",\"inLanguage\":\"de\",\"@id\":\"https:\\\/\\\/truckonline.de\\\/blog\\\/2017\\\/09\\\/03\\\/liebe-journalisten\\\/#primaryimage\",\"url\":\"\",\"contentUrl\":\"\"},{\"@type\":\"BreadcrumbList\",\"@id\":\"https:\\\/\\\/truckonline.de\\\/blog\\\/2017\\\/09\\\/03\\\/liebe-journalisten\\\/#breadcrumb\",\"itemListElement\":[{\"@type\":\"ListItem\",\"position\":1,\"name\":\"Startseite\",\"item\":\"https:\\\/\\\/truckonline.de\\\/blog\\\/\"},{\"@type\":\"ListItem\",\"position\":2,\"name\":\"Liebe Journalisten&#8230;\"}]},{\"@type\":\"WebSite\",\"@id\":\"https:\\\/\\\/truckonline.de\\\/blog\\\/#website\",\"url\":\"https:\\\/\\\/truckonline.de\\\/blog\\\/\",\"name\":\"TruckOnline.de\",\"description\":\"\",\"publisher\":{\"@id\":\"https:\\\/\\\/truckonline.de\\\/blog\\\/#\\\/schema\\\/person\\\/4cb59b86ffde81f882f56439688fda19\"},\"potentialAction\":[{\"@type\":\"SearchAction\",\"target\":{\"@type\":\"EntryPoint\",\"urlTemplate\":\"https:\\\/\\\/truckonline.de\\\/blog\\\/?s={search_term_string}\"},\"query-input\":{\"@type\":\"PropertyValueSpecification\",\"valueRequired\":true,\"valueName\":\"search_term_string\"}}],\"inLanguage\":\"de\"},{\"@type\":[\"Person\",\"Organization\"],\"@id\":\"https:\\\/\\\/truckonline.de\\\/blog\\\/#\\\/schema\\\/person\\\/4cb59b86ffde81f882f56439688fda19\",\"name\":\"maik\",\"image\":{\"@type\":\"ImageObject\",\"inLanguage\":\"de\",\"@id\":\"https:\\\/\\\/truckonline.de\\\/blog\\\/wp-content\\\/uploads\\\/2019\\\/12\\\/logoinnenweiss.png\",\"url\":\"https:\\\/\\\/truckonline.de\\\/blog\\\/wp-content\\\/uploads\\\/2019\\\/12\\\/logoinnenweiss.png\",\"contentUrl\":\"https:\\\/\\\/truckonline.de\\\/blog\\\/wp-content\\\/uploads\\\/2019\\\/12\\\/logoinnenweiss.png\",\"width\":733,\"height\":125,\"caption\":\"maik\"},\"logo\":{\"@id\":\"https:\\\/\\\/truckonline.de\\\/blog\\\/wp-content\\\/uploads\\\/2019\\\/12\\\/logoinnenweiss.png\"},\"sameAs\":[\"https:\\\/\\\/www.facebook.com\\\/truckblog\",\"https:\\\/\\\/www.instagram.com\\\/truck_online\\\/\",\"https:\\\/\\\/x.com\\\/https:\\\/\\\/twitter.com\\\/truckblog\",\"https:\\\/\\\/www.youtube.com\\\/user\\\/truckonline\",\"https:\\\/\\\/www.tumblr.com\\\/truckonline\"]}]}<\/script>\n<!-- \/ Yoast SEO plugin. -->","yoast_head_json":{"title":"Liebe Journalisten... | TruckOnline.de","description":"...ihr habt alle studiert, damit Ihr Euren wichtigen Beruf aus\u00fcben d\u00fcrft. Ihr wisst, worauf es bei einem Artikel ankommt, wie man Leser auch das","robots":{"index":"index","follow":"follow","max-snippet":"max-snippet:-1","max-image-preview":"max-image-preview:large","max-video-preview":"max-video-preview:-1"},"canonical":"https:\/\/truckonline.de\/blog\/2017\/09\/03\/liebe-journalisten\/","og_locale":"de_DE","og_type":"article","og_title":"Liebe Journalisten... | TruckOnline.de","og_url":"https:\/\/truckonline.de\/blog\/2017\/09\/03\/liebe-journalisten\/","og_site_name":"TruckOnline.de","article_publisher":"https:\/\/www.facebook.com\/truckblog","article_author":"https:\/\/www.facebook.com\/truckblog","article_published_time":"2017-09-03T00:07:42+00:00","article_modified_time":"2017-09-03T00:17:03+00:00","og_image":[{"url":"https:\/\/truckonline.de\/blog\/wp-content\/uploads\/2017\/09\/hnabagger.jpg","type":"","width":"","height":""}],"author":"maik","twitter_card":"summary_large_image","twitter_creator":"@https:\/\/twitter.com\/truckblog","twitter_site":"@truckblog","twitter_misc":{"Verfasst von":"maik","Gesch\u00e4tzte Lesezeit":"4\u00a0Minuten"},"schema":{"@context":"https:\/\/schema.org","@graph":[{"@type":"Article","@id":"https:\/\/truckonline.de\/blog\/2017\/09\/03\/liebe-journalisten\/#article","isPartOf":{"@id":"https:\/\/truckonline.de\/blog\/2017\/09\/03\/liebe-journalisten\/"},"author":{"name":"maik","@id":"https:\/\/truckonline.de\/blog\/#\/schema\/person\/4cb59b86ffde81f882f56439688fda19"},"headline":"Liebe Journalisten&#8230;","datePublished":"2017-09-03T00:07:42+00:00","dateModified":"2017-09-03T00:17:03+00:00","mainEntityOfPage":{"@id":"https:\/\/truckonline.de\/blog\/2017\/09\/03\/liebe-journalisten\/"},"wordCount":733,"commentCount":9,"publisher":{"@id":"https:\/\/truckonline.de\/blog\/#\/schema\/person\/4cb59b86ffde81f882f56439688fda19"},"image":{"@id":"https:\/\/truckonline.de\/blog\/2017\/09\/03\/liebe-journalisten\/#primaryimage"},"thumbnailUrl":"https:\/\/truckonline.de\/blog\/wp-content\/uploads\/2017\/09\/hnabagger.jpg","keywords":["HNA","Lokal","Presse"],"articleSection":["\u00c4rgerliches","Gedanken","Ladung","Presse"],"inLanguage":"de","potentialAction":[{"@type":"CommentAction","name":"Comment","target":["https:\/\/truckonline.de\/blog\/2017\/09\/03\/liebe-journalisten\/#respond"]}]},{"@type":"WebPage","@id":"https:\/\/truckonline.de\/blog\/2017\/09\/03\/liebe-journalisten\/","url":"https:\/\/truckonline.de\/blog\/2017\/09\/03\/liebe-journalisten\/","name":"Liebe Journalisten... | TruckOnline.de","isPartOf":{"@id":"https:\/\/truckonline.de\/blog\/#website"},"primaryImageOfPage":{"@id":"https:\/\/truckonline.de\/blog\/2017\/09\/03\/liebe-journalisten\/#primaryimage"},"image":{"@id":"https:\/\/truckonline.de\/blog\/2017\/09\/03\/liebe-journalisten\/#primaryimage"},"thumbnailUrl":"https:\/\/truckonline.de\/blog\/wp-content\/uploads\/2017\/09\/hnabagger.jpg","datePublished":"2017-09-03T00:07:42+00:00","dateModified":"2017-09-03T00:17:03+00:00","description":"...ihr habt alle studiert, damit Ihr Euren wichtigen Beruf aus\u00fcben d\u00fcrft. Ihr wisst, worauf es bei einem Artikel ankommt, wie man Leser auch das","breadcrumb":{"@id":"https:\/\/truckonline.de\/blog\/2017\/09\/03\/liebe-journalisten\/#breadcrumb"},"inLanguage":"de","potentialAction":[{"@type":"ReadAction","target":["https:\/\/truckonline.de\/blog\/2017\/09\/03\/liebe-journalisten\/"]}]},{"@type":"ImageObject","inLanguage":"de","@id":"https:\/\/truckonline.de\/blog\/2017\/09\/03\/liebe-journalisten\/#primaryimage","url":"","contentUrl":""},{"@type":"BreadcrumbList","@id":"https:\/\/truckonline.de\/blog\/2017\/09\/03\/liebe-journalisten\/#breadcrumb","itemListElement":[{"@type":"ListItem","position":1,"name":"Startseite","item":"https:\/\/truckonline.de\/blog\/"},{"@type":"ListItem","position":2,"name":"Liebe Journalisten&#8230;"}]},{"@type":"WebSite","@id":"https:\/\/truckonline.de\/blog\/#website","url":"https:\/\/truckonline.de\/blog\/","name":"TruckOnline.de","description":"","publisher":{"@id":"https:\/\/truckonline.de\/blog\/#\/schema\/person\/4cb59b86ffde81f882f56439688fda19"},"potentialAction":[{"@type":"SearchAction","target":{"@type":"EntryPoint","urlTemplate":"https:\/\/truckonline.de\/blog\/?s={search_term_string}"},"query-input":{"@type":"PropertyValueSpecification","valueRequired":true,"valueName":"search_term_string"}}],"inLanguage":"de"},{"@type":["Person","Organization"],"@id":"https:\/\/truckonline.de\/blog\/#\/schema\/person\/4cb59b86ffde81f882f56439688fda19","name":"maik","image":{"@type":"ImageObject","inLanguage":"de","@id":"https:\/\/truckonline.de\/blog\/wp-content\/uploads\/2019\/12\/logoinnenweiss.png","url":"https:\/\/truckonline.de\/blog\/wp-content\/uploads\/2019\/12\/logoinnenweiss.png","contentUrl":"https:\/\/truckonline.de\/blog\/wp-content\/uploads\/2019\/12\/logoinnenweiss.png","width":733,"height":125,"caption":"maik"},"logo":{"@id":"https:\/\/truckonline.de\/blog\/wp-content\/uploads\/2019\/12\/logoinnenweiss.png"},"sameAs":["https:\/\/www.facebook.com\/truckblog","https:\/\/www.instagram.com\/truck_online\/","https:\/\/x.com\/https:\/\/twitter.com\/truckblog","https:\/\/www.youtube.com\/user\/truckonline","https:\/\/www.tumblr.com\/truckonline"]}]}},"_links":{"self":[{"href":"https:\/\/truckonline.de\/blog\/wp-json\/wp\/v2\/posts\/7367","targetHints":{"allow":["GET"]}}],"collection":[{"href":"https:\/\/truckonline.de\/blog\/wp-json\/wp\/v2\/posts"}],"about":[{"href":"https:\/\/truckonline.de\/blog\/wp-json\/wp\/v2\/types\/post"}],"author":[{"embeddable":true,"href":"https:\/\/truckonline.de\/blog\/wp-json\/wp\/v2\/users\/3"}],"replies":[{"embeddable":true,"href":"https:\/\/truckonline.de\/blog\/wp-json\/wp\/v2\/comments?post=7367"}],"version-history":[{"count":4,"href":"https:\/\/truckonline.de\/blog\/wp-json\/wp\/v2\/posts\/7367\/revisions"}],"predecessor-version":[{"id":7372,"href":"https:\/\/truckonline.de\/blog\/wp-json\/wp\/v2\/posts\/7367\/revisions\/7372"}],"wp:attachment":[{"href":"https:\/\/truckonline.de\/blog\/wp-json\/wp\/v2\/media?parent=7367"}],"wp:term":[{"taxonomy":"category","embeddable":true,"href":"https:\/\/truckonline.de\/blog\/wp-json\/wp\/v2\/categories?post=7367"},{"taxonomy":"post_tag","embeddable":true,"href":"https:\/\/truckonline.de\/blog\/wp-json\/wp\/v2\/tags?post=7367"}],"curies":[{"name":"wp","href":"https:\/\/api.w.org\/{rel}","templated":true}]}}