{"id":7033,"date":"2017-04-18T01:02:38","date_gmt":"2017-04-17T23:02:38","guid":{"rendered":"https:\/\/truckonline.de\/blog\/?p=7033"},"modified":"2017-04-18T01:02:38","modified_gmt":"2017-04-17T23:02:38","slug":"wo-ist-der-fruhling-hin","status":"publish","type":"post","link":"https:\/\/truckonline.de\/blog\/2017\/04\/18\/wo-ist-der-fruhling-hin\/","title":{"rendered":"Wo ist der Fr\u00fchling hin?"},"content":{"rendered":"<p>Moin. Ostern vorbei und schon wird es wieder wei\u00df. Dabei will ich das Zeug nicht mehr. Na ja, die <strong>Stra\u00dfen<\/strong> sind frei. Da kann ich nachher in Ruhe losfahren. <\/p>\n<p>Freitag und Samstag habe ich <strong>Gefahrgutschulung<\/strong>. Mal sehn, ob mein Disponent dran gedacht hat. Wenn der mir f\u00fcnf, sechs Abladestellen auf den Auflieger geknallt hat, wird es eng. Aber das werde ich in f\u00fcnf, sechs Stunden sehen. Bis dahin geruht Euch gut. <\/p>\n<p><img loading=\"lazy\" decoding=\"async\" src=\"https:\/\/truckonline.de\/blog\/wp-content\/uploads\/2017\/04\/IMG_20170418_004632.jpg\" alt=\"Schnee im April\" width=\"550\" height=\"308\" class=\"aligncenter size-full wp-image-7034\" \/><\/p>\n","protected":false},"excerpt":{"rendered":"<p>Moin. Ostern vorbei und schon wird es wieder wei\u00df. Dabei will ich das Zeug nicht mehr. Na ja, die Stra\u00dfen sind frei. Da kann ich&#8230;<\/p>\n<div class=\"more-link-wrapper\"><a class=\"more-link\" href=\"https:\/\/truckonline.de\/blog\/2017\/04\/18\/wo-ist-der-fruhling-hin\/\">Sie haben Ihr Ziel fast erreicht.<span class=\"screen-reader-text\">Wo ist der Fr\u00fchling hin?<\/span><\/a><\/div>\n","protected":false},"author":3,"featured_media":0,"comment_status":"open","ping_status":"open","sticky":false,"template":"","format":"standard","meta":{"iawp_total_views":2,"_metis_text_type":"","_metis_text_length":0,"_post_count":0,"footnotes":""},"categories":[185,134],"tags":[27,127],"class_list":["post-7033","post","type-post","status-publish","format-standard","hentry","category-gedanken","category-ladung-lkw","tag-ladung","tag-schnee","ratio-2-1","entry"],"yoast_head":"<!-- This site is optimized with the Yoast SEO plugin v27.5 - https:\/\/yoast.com\/product\/yoast-seo-wordpress\/ -->\n<title>Wo ist der Fr\u00fchling hin? | TruckOnline.de<\/title>\n<meta name=\"description\" content=\"Moin. Ostern vorbei und schon wird es wieder wei\u00df. Dabei will ich das Zeug nicht mehr. Na ja, die Stra\u00dfen sind frei. Da kann ich nachher in Ruhe\" \/>\n<meta name=\"robots\" content=\"index, follow, max-snippet:-1, max-image-preview:large, max-video-preview:-1\" \/>\n<link rel=\"canonical\" href=\"https:\/\/truckonline.de\/blog\/2017\/04\/18\/wo-ist-der-fruhling-hin\/\" \/>\n<meta property=\"og:locale\" content=\"de_DE\" \/>\n<meta property=\"og:type\" content=\"article\" \/>\n<meta property=\"og:title\" content=\"Wo ist der Fr\u00fchling hin? | TruckOnline.de\" \/>\n<meta property=\"og:url\" content=\"https:\/\/truckonline.de\/blog\/2017\/04\/18\/wo-ist-der-fruhling-hin\/\" \/>\n<meta property=\"og:site_name\" content=\"TruckOnline.de\" \/>\n<meta property=\"article:publisher\" content=\"https:\/\/www.facebook.com\/truckblog\" \/>\n<meta property=\"article:author\" content=\"https:\/\/www.facebook.com\/truckblog\" \/>\n<meta property=\"article:published_time\" content=\"2017-04-17T23:02:38+00:00\" \/>\n<meta property=\"og:image\" content=\"https:\/\/truckonline.de\/blog\/wp-content\/uploads\/2017\/04\/IMG_20170418_004632.jpg\" \/>\n<meta name=\"author\" content=\"maik\" \/>\n<meta name=\"twitter:card\" content=\"summary_large_image\" \/>\n<meta name=\"twitter:creator\" content=\"@https:\/\/twitter.com\/truckblog\" \/>\n<meta name=\"twitter:site\" content=\"@truckblog\" \/>\n<meta name=\"twitter:label1\" content=\"Verfasst von\" \/>\n\t<meta name=\"twitter:data1\" content=\"maik\" \/>\n<script type=\"application\/ld+json\" class=\"yoast-schema-graph\">{\"@context\":\"https:\\\/\\\/schema.org\",\"@graph\":[{\"@type\":\"Article\",\"@id\":\"https:\\\/\\\/truckonline.de\\\/blog\\\/2017\\\/04\\\/18\\\/wo-ist-der-fruhling-hin\\\/#article\",\"isPartOf\":{\"@id\":\"https:\\\/\\\/truckonline.de\\\/blog\\\/2017\\\/04\\\/18\\\/wo-ist-der-fruhling-hin\\\/\"},\"author\":{\"name\":\"maik\",\"@id\":\"https:\\\/\\\/truckonline.de\\\/blog\\\/#\\\/schema\\\/person\\\/4cb59b86ffde81f882f56439688fda19\"},\"headline\":\"Wo ist der Fr\u00fchling hin?\",\"datePublished\":\"2017-04-17T23:02:38+00:00\",\"mainEntityOfPage\":{\"@id\":\"https:\\\/\\\/truckonline.de\\\/blog\\\/2017\\\/04\\\/18\\\/wo-ist-der-fruhling-hin\\\/\"},\"wordCount\":80,\"commentCount\":3,\"publisher\":{\"@id\":\"https:\\\/\\\/truckonline.de\\\/blog\\\/#\\\/schema\\\/person\\\/4cb59b86ffde81f882f56439688fda19\"},\"image\":{\"@id\":\"https:\\\/\\\/truckonline.de\\\/blog\\\/2017\\\/04\\\/18\\\/wo-ist-der-fruhling-hin\\\/#primaryimage\"},\"thumbnailUrl\":\"https:\\\/\\\/truckonline.de\\\/blog\\\/wp-content\\\/uploads\\\/2017\\\/04\\\/IMG_20170418_004632.jpg\",\"keywords\":[\"Ladung\",\"Schnee\"],\"articleSection\":[\"Gedanken\",\"Ladung\"],\"inLanguage\":\"de\",\"potentialAction\":[{\"@type\":\"CommentAction\",\"name\":\"Comment\",\"target\":[\"https:\\\/\\\/truckonline.de\\\/blog\\\/2017\\\/04\\\/18\\\/wo-ist-der-fruhling-hin\\\/#respond\"]}]},{\"@type\":\"WebPage\",\"@id\":\"https:\\\/\\\/truckonline.de\\\/blog\\\/2017\\\/04\\\/18\\\/wo-ist-der-fruhling-hin\\\/\",\"url\":\"https:\\\/\\\/truckonline.de\\\/blog\\\/2017\\\/04\\\/18\\\/wo-ist-der-fruhling-hin\\\/\",\"name\":\"Wo ist der Fr\u00fchling hin? | TruckOnline.de\",\"isPartOf\":{\"@id\":\"https:\\\/\\\/truckonline.de\\\/blog\\\/#website\"},\"primaryImageOfPage\":{\"@id\":\"https:\\\/\\\/truckonline.de\\\/blog\\\/2017\\\/04\\\/18\\\/wo-ist-der-fruhling-hin\\\/#primaryimage\"},\"image\":{\"@id\":\"https:\\\/\\\/truckonline.de\\\/blog\\\/2017\\\/04\\\/18\\\/wo-ist-der-fruhling-hin\\\/#primaryimage\"},\"thumbnailUrl\":\"https:\\\/\\\/truckonline.de\\\/blog\\\/wp-content\\\/uploads\\\/2017\\\/04\\\/IMG_20170418_004632.jpg\",\"datePublished\":\"2017-04-17T23:02:38+00:00\",\"description\":\"Moin. Ostern vorbei und schon wird es wieder wei\u00df. Dabei will ich das Zeug nicht mehr. Na ja, die Stra\u00dfen sind frei. Da kann ich nachher in Ruhe\",\"breadcrumb\":{\"@id\":\"https:\\\/\\\/truckonline.de\\\/blog\\\/2017\\\/04\\\/18\\\/wo-ist-der-fruhling-hin\\\/#breadcrumb\"},\"inLanguage\":\"de\",\"potentialAction\":[{\"@type\":\"ReadAction\",\"target\":[\"https:\\\/\\\/truckonline.de\\\/blog\\\/2017\\\/04\\\/18\\\/wo-ist-der-fruhling-hin\\\/\"]}]},{\"@type\":\"ImageObject\",\"inLanguage\":\"de\",\"@id\":\"https:\\\/\\\/truckonline.de\\\/blog\\\/2017\\\/04\\\/18\\\/wo-ist-der-fruhling-hin\\\/#primaryimage\",\"url\":\"https:\\\/\\\/truckonline.de\\\/blog\\\/wp-content\\\/uploads\\\/2017\\\/04\\\/IMG_20170418_004632.jpg\",\"contentUrl\":\"https:\\\/\\\/truckonline.de\\\/blog\\\/wp-content\\\/uploads\\\/2017\\\/04\\\/IMG_20170418_004632.jpg\",\"width\":550,\"height\":412,\"caption\":\"Schnee im April\"},{\"@type\":\"BreadcrumbList\",\"@id\":\"https:\\\/\\\/truckonline.de\\\/blog\\\/2017\\\/04\\\/18\\\/wo-ist-der-fruhling-hin\\\/#breadcrumb\",\"itemListElement\":[{\"@type\":\"ListItem\",\"position\":1,\"name\":\"Startseite\",\"item\":\"https:\\\/\\\/truckonline.de\\\/blog\\\/\"},{\"@type\":\"ListItem\",\"position\":2,\"name\":\"Wo ist der Fr\u00fchling hin?\"}]},{\"@type\":\"WebSite\",\"@id\":\"https:\\\/\\\/truckonline.de\\\/blog\\\/#website\",\"url\":\"https:\\\/\\\/truckonline.de\\\/blog\\\/\",\"name\":\"TruckOnline.de\",\"description\":\"\",\"publisher\":{\"@id\":\"https:\\\/\\\/truckonline.de\\\/blog\\\/#\\\/schema\\\/person\\\/4cb59b86ffde81f882f56439688fda19\"},\"potentialAction\":[{\"@type\":\"SearchAction\",\"target\":{\"@type\":\"EntryPoint\",\"urlTemplate\":\"https:\\\/\\\/truckonline.de\\\/blog\\\/?s={search_term_string}\"},\"query-input\":{\"@type\":\"PropertyValueSpecification\",\"valueRequired\":true,\"valueName\":\"search_term_string\"}}],\"inLanguage\":\"de\"},{\"@type\":[\"Person\",\"Organization\"],\"@id\":\"https:\\\/\\\/truckonline.de\\\/blog\\\/#\\\/schema\\\/person\\\/4cb59b86ffde81f882f56439688fda19\",\"name\":\"maik\",\"image\":{\"@type\":\"ImageObject\",\"inLanguage\":\"de\",\"@id\":\"https:\\\/\\\/truckonline.de\\\/blog\\\/wp-content\\\/uploads\\\/2019\\\/12\\\/logoinnenweiss.png\",\"url\":\"https:\\\/\\\/truckonline.de\\\/blog\\\/wp-content\\\/uploads\\\/2019\\\/12\\\/logoinnenweiss.png\",\"contentUrl\":\"https:\\\/\\\/truckonline.de\\\/blog\\\/wp-content\\\/uploads\\\/2019\\\/12\\\/logoinnenweiss.png\",\"width\":733,\"height\":125,\"caption\":\"maik\"},\"logo\":{\"@id\":\"https:\\\/\\\/truckonline.de\\\/blog\\\/wp-content\\\/uploads\\\/2019\\\/12\\\/logoinnenweiss.png\"},\"sameAs\":[\"https:\\\/\\\/www.facebook.com\\\/truckblog\",\"https:\\\/\\\/www.instagram.com\\\/truck_online\\\/\",\"https:\\\/\\\/x.com\\\/https:\\\/\\\/twitter.com\\\/truckblog\",\"https:\\\/\\\/www.youtube.com\\\/user\\\/truckonline\",\"https:\\\/\\\/www.tumblr.com\\\/truckonline\"]}]}<\/script>\n<!-- \/ Yoast SEO plugin. -->","yoast_head_json":{"title":"Wo ist der Fr\u00fchling hin? | TruckOnline.de","description":"Moin. Ostern vorbei und schon wird es wieder wei\u00df. Dabei will ich das Zeug nicht mehr. Na ja, die Stra\u00dfen sind frei. Da kann ich nachher in Ruhe","robots":{"index":"index","follow":"follow","max-snippet":"max-snippet:-1","max-image-preview":"max-image-preview:large","max-video-preview":"max-video-preview:-1"},"canonical":"https:\/\/truckonline.de\/blog\/2017\/04\/18\/wo-ist-der-fruhling-hin\/","og_locale":"de_DE","og_type":"article","og_title":"Wo ist der Fr\u00fchling hin? | TruckOnline.de","og_url":"https:\/\/truckonline.de\/blog\/2017\/04\/18\/wo-ist-der-fruhling-hin\/","og_site_name":"TruckOnline.de","article_publisher":"https:\/\/www.facebook.com\/truckblog","article_author":"https:\/\/www.facebook.com\/truckblog","article_published_time":"2017-04-17T23:02:38+00:00","og_image":[{"url":"https:\/\/truckonline.de\/blog\/wp-content\/uploads\/2017\/04\/IMG_20170418_004632.jpg","type":"","width":"","height":""}],"author":"maik","twitter_card":"summary_large_image","twitter_creator":"@https:\/\/twitter.com\/truckblog","twitter_site":"@truckblog","twitter_misc":{"Verfasst von":"maik"},"schema":{"@context":"https:\/\/schema.org","@graph":[{"@type":"Article","@id":"https:\/\/truckonline.de\/blog\/2017\/04\/18\/wo-ist-der-fruhling-hin\/#article","isPartOf":{"@id":"https:\/\/truckonline.de\/blog\/2017\/04\/18\/wo-ist-der-fruhling-hin\/"},"author":{"name":"maik","@id":"https:\/\/truckonline.de\/blog\/#\/schema\/person\/4cb59b86ffde81f882f56439688fda19"},"headline":"Wo ist der Fr\u00fchling hin?","datePublished":"2017-04-17T23:02:38+00:00","mainEntityOfPage":{"@id":"https:\/\/truckonline.de\/blog\/2017\/04\/18\/wo-ist-der-fruhling-hin\/"},"wordCount":80,"commentCount":3,"publisher":{"@id":"https:\/\/truckonline.de\/blog\/#\/schema\/person\/4cb59b86ffde81f882f56439688fda19"},"image":{"@id":"https:\/\/truckonline.de\/blog\/2017\/04\/18\/wo-ist-der-fruhling-hin\/#primaryimage"},"thumbnailUrl":"https:\/\/truckonline.de\/blog\/wp-content\/uploads\/2017\/04\/IMG_20170418_004632.jpg","keywords":["Ladung","Schnee"],"articleSection":["Gedanken","Ladung"],"inLanguage":"de","potentialAction":[{"@type":"CommentAction","name":"Comment","target":["https:\/\/truckonline.de\/blog\/2017\/04\/18\/wo-ist-der-fruhling-hin\/#respond"]}]},{"@type":"WebPage","@id":"https:\/\/truckonline.de\/blog\/2017\/04\/18\/wo-ist-der-fruhling-hin\/","url":"https:\/\/truckonline.de\/blog\/2017\/04\/18\/wo-ist-der-fruhling-hin\/","name":"Wo ist der Fr\u00fchling hin? | TruckOnline.de","isPartOf":{"@id":"https:\/\/truckonline.de\/blog\/#website"},"primaryImageOfPage":{"@id":"https:\/\/truckonline.de\/blog\/2017\/04\/18\/wo-ist-der-fruhling-hin\/#primaryimage"},"image":{"@id":"https:\/\/truckonline.de\/blog\/2017\/04\/18\/wo-ist-der-fruhling-hin\/#primaryimage"},"thumbnailUrl":"https:\/\/truckonline.de\/blog\/wp-content\/uploads\/2017\/04\/IMG_20170418_004632.jpg","datePublished":"2017-04-17T23:02:38+00:00","description":"Moin. Ostern vorbei und schon wird es wieder wei\u00df. Dabei will ich das Zeug nicht mehr. Na ja, die Stra\u00dfen sind frei. Da kann ich nachher in Ruhe","breadcrumb":{"@id":"https:\/\/truckonline.de\/blog\/2017\/04\/18\/wo-ist-der-fruhling-hin\/#breadcrumb"},"inLanguage":"de","potentialAction":[{"@type":"ReadAction","target":["https:\/\/truckonline.de\/blog\/2017\/04\/18\/wo-ist-der-fruhling-hin\/"]}]},{"@type":"ImageObject","inLanguage":"de","@id":"https:\/\/truckonline.de\/blog\/2017\/04\/18\/wo-ist-der-fruhling-hin\/#primaryimage","url":"https:\/\/truckonline.de\/blog\/wp-content\/uploads\/2017\/04\/IMG_20170418_004632.jpg","contentUrl":"https:\/\/truckonline.de\/blog\/wp-content\/uploads\/2017\/04\/IMG_20170418_004632.jpg","width":550,"height":412,"caption":"Schnee im April"},{"@type":"BreadcrumbList","@id":"https:\/\/truckonline.de\/blog\/2017\/04\/18\/wo-ist-der-fruhling-hin\/#breadcrumb","itemListElement":[{"@type":"ListItem","position":1,"name":"Startseite","item":"https:\/\/truckonline.de\/blog\/"},{"@type":"ListItem","position":2,"name":"Wo ist der Fr\u00fchling hin?"}]},{"@type":"WebSite","@id":"https:\/\/truckonline.de\/blog\/#website","url":"https:\/\/truckonline.de\/blog\/","name":"TruckOnline.de","description":"","publisher":{"@id":"https:\/\/truckonline.de\/blog\/#\/schema\/person\/4cb59b86ffde81f882f56439688fda19"},"potentialAction":[{"@type":"SearchAction","target":{"@type":"EntryPoint","urlTemplate":"https:\/\/truckonline.de\/blog\/?s={search_term_string}"},"query-input":{"@type":"PropertyValueSpecification","valueRequired":true,"valueName":"search_term_string"}}],"inLanguage":"de"},{"@type":["Person","Organization"],"@id":"https:\/\/truckonline.de\/blog\/#\/schema\/person\/4cb59b86ffde81f882f56439688fda19","name":"maik","image":{"@type":"ImageObject","inLanguage":"de","@id":"https:\/\/truckonline.de\/blog\/wp-content\/uploads\/2019\/12\/logoinnenweiss.png","url":"https:\/\/truckonline.de\/blog\/wp-content\/uploads\/2019\/12\/logoinnenweiss.png","contentUrl":"https:\/\/truckonline.de\/blog\/wp-content\/uploads\/2019\/12\/logoinnenweiss.png","width":733,"height":125,"caption":"maik"},"logo":{"@id":"https:\/\/truckonline.de\/blog\/wp-content\/uploads\/2019\/12\/logoinnenweiss.png"},"sameAs":["https:\/\/www.facebook.com\/truckblog","https:\/\/www.instagram.com\/truck_online\/","https:\/\/x.com\/https:\/\/twitter.com\/truckblog","https:\/\/www.youtube.com\/user\/truckonline","https:\/\/www.tumblr.com\/truckonline"]}]}},"_links":{"self":[{"href":"https:\/\/truckonline.de\/blog\/wp-json\/wp\/v2\/posts\/7033","targetHints":{"allow":["GET"]}}],"collection":[{"href":"https:\/\/truckonline.de\/blog\/wp-json\/wp\/v2\/posts"}],"about":[{"href":"https:\/\/truckonline.de\/blog\/wp-json\/wp\/v2\/types\/post"}],"author":[{"embeddable":true,"href":"https:\/\/truckonline.de\/blog\/wp-json\/wp\/v2\/users\/3"}],"replies":[{"embeddable":true,"href":"https:\/\/truckonline.de\/blog\/wp-json\/wp\/v2\/comments?post=7033"}],"version-history":[{"count":1,"href":"https:\/\/truckonline.de\/blog\/wp-json\/wp\/v2\/posts\/7033\/revisions"}],"predecessor-version":[{"id":7035,"href":"https:\/\/truckonline.de\/blog\/wp-json\/wp\/v2\/posts\/7033\/revisions\/7035"}],"wp:attachment":[{"href":"https:\/\/truckonline.de\/blog\/wp-json\/wp\/v2\/media?parent=7033"}],"wp:term":[{"taxonomy":"category","embeddable":true,"href":"https:\/\/truckonline.de\/blog\/wp-json\/wp\/v2\/categories?post=7033"},{"taxonomy":"post_tag","embeddable":true,"href":"https:\/\/truckonline.de\/blog\/wp-json\/wp\/v2\/tags?post=7033"}],"curies":[{"name":"wp","href":"https:\/\/api.w.org\/{rel}","templated":true}]}}