{"id":6732,"date":"2016-11-19T01:28:02","date_gmt":"2016-11-19T00:28:02","guid":{"rendered":"https:\/\/truckonline.de\/blog\/?p=6732"},"modified":"2016-11-19T01:28:02","modified_gmt":"2016-11-19T00:28:02","slug":"sie-haben-post-111","status":"publish","type":"post","link":"https:\/\/truckonline.de\/blog\/2016\/11\/19\/sie-haben-post-111\/","title":{"rendered":"Sie haben Post"},"content":{"rendered":"<p>Blogleser Jonathan hat mir eine nette Nachricht geschickt:<\/p>\n<blockquote><p>Servus Maik,<\/p>\n<p>ich arbeite seit inzwischen ca. zweieinhalb Jahren in der Logistikbranche und habe seit kurzem eine betriebsinterne Ausbildung bekommen, damit ich bei uns auf dem Betriebshof die Sattelauflieger rangieren kann\/darf. Finde das durchaus sehr interessant und merke das es dann doch noch einiges an \u00dcbung braucht, dass ich das richtig fl\u00fcssig hinbekomme mit dem einparken.<\/p>\n<p>Daher m\u00f6chte ich dir stellvertretend f\u00fcr alle BKFs hiermit meinen Respekt aussprechen, f\u00fcr den Job den ihr macht! Und da ich zumindest in Ans\u00e4tzen weiss wie schwer das Leben als BKF ist \ud83d\ude09 probiere ich es den LKW soweit entgegenzukommen, wie es mir m\u00f6glich ist (bei Engstellen anhalten und warten, mich bedanken usw das \u00fcbliche halt wovon man eig ausgehen sollte das es jeder macht ;)). Dir bzw euch allzeit Gute Fahrt.<\/p>\n<p>Gru\u00df aus Frankreich<br \/>\nmuetze aka Jonathan<\/p>\n<p>PS Arbeite derzeit f\u00fcr <em>xxx<\/em> und helfe immer wieder mal beim LKW beladen. Das ist auch ne ziemliche Arbeit ca 800-1000 Kartons lose in den H\u00e4nger zu stapeln. Falls du das ver\u00f6ffentlichen willst, erw\u00e4hne bitte nicht wo ich arbeite \ud83d\ude09<\/p><\/blockquote>\n<p>Hallo Jonathan, danke f\u00fcr Deine aufbauenden W\u00f6rter. In gr\u00f6\u00dferen St\u00fcckgutspeditionen sehe ich immer wieder Leute, die meist Container mit loser Ware entladen. Meist sind ein oder zwei Mitarbeiter im Container und einer bringt mit einem Stapler leere Paletten heran und f\u00e4hrt die bepackten wieder weg. Der hat eigentlich einen easy Job.<br \/>\nDie im Container dagegen sind am schuften. Besonders im Sommer, wenn die Hitze in der Blechkiste h\u00e4ngt, ist das keine tolle Arbeit. Da tun mir tun die Leute schon manchmal leid.<\/p>\n","protected":false},"excerpt":{"rendered":"<p>Blogleser Jonathan hat mir eine nette Nachricht geschickt: Servus Maik, ich arbeite seit inzwischen ca. zweieinhalb Jahren in der Logistikbranche und habe seit kurzem eine&#8230;<\/p>\n<div class=\"more-link-wrapper\"><a class=\"more-link\" href=\"https:\/\/truckonline.de\/blog\/2016\/11\/19\/sie-haben-post-111\/\">Sie haben Ihr Ziel fast erreicht.<span class=\"screen-reader-text\">Sie haben Post<\/span><\/a><\/div>\n","protected":false},"author":3,"featured_media":0,"comment_status":"open","ping_status":"open","sticky":false,"template":"","format":"standard","meta":{"iawp_total_views":1,"_metis_text_type":"","_metis_text_length":0,"_post_count":0,"footnotes":""},"categories":[633,134],"tags":[1978,25],"class_list":["post-6732","post","type-post","status-publish","format-standard","hentry","category-email-world-wide-web","category-ladung-lkw","tag-container","tag-entladen","ratio-2-1","entry"],"yoast_head":"<!-- This site is optimized with the Yoast SEO plugin v27.4 - https:\/\/yoast.com\/product\/yoast-seo-wordpress\/ -->\n<title>Sie haben Post | TruckOnline.de<\/title>\n<meta name=\"description\" content=\"Blogleser Jonathan hat mir eine nette Nachricht geschickt: Servus Maik, ich arbeite seit inzwischen ca. zweieinhalb Jahren in der Logistikbranche und habe\" \/>\n<meta name=\"robots\" content=\"index, follow, max-snippet:-1, max-image-preview:large, max-video-preview:-1\" \/>\n<link rel=\"canonical\" href=\"https:\/\/truckonline.de\/blog\/2016\/11\/19\/sie-haben-post-111\/\" \/>\n<meta property=\"og:locale\" content=\"de_DE\" \/>\n<meta property=\"og:type\" content=\"article\" \/>\n<meta property=\"og:title\" content=\"Sie haben Post | TruckOnline.de\" \/>\n<meta property=\"og:url\" content=\"https:\/\/truckonline.de\/blog\/2016\/11\/19\/sie-haben-post-111\/\" \/>\n<meta property=\"og:site_name\" content=\"TruckOnline.de\" \/>\n<meta property=\"article:publisher\" content=\"https:\/\/www.facebook.com\/truckblog\" \/>\n<meta property=\"article:author\" content=\"https:\/\/www.facebook.com\/truckblog\" \/>\n<meta property=\"article:published_time\" content=\"2016-11-19T00:28:02+00:00\" \/>\n<meta property=\"og:image\" content=\"https:\/\/truckonline.de\/blog\/wp-content\/uploads\/2019\/12\/IMG_20191229_225424-scaled.jpg\" \/>\n\t<meta property=\"og:image:width\" content=\"2560\" \/>\n\t<meta property=\"og:image:height\" content=\"1920\" \/>\n\t<meta property=\"og:image:type\" content=\"image\/jpeg\" \/>\n<meta name=\"author\" content=\"maik\" \/>\n<meta name=\"twitter:card\" content=\"summary_large_image\" \/>\n<meta name=\"twitter:creator\" content=\"@https:\/\/twitter.com\/truckblog\" \/>\n<meta name=\"twitter:site\" content=\"@truckblog\" \/>\n<meta name=\"twitter:label1\" content=\"Verfasst von\" \/>\n\t<meta name=\"twitter:data1\" content=\"maik\" \/>\n\t<meta name=\"twitter:label2\" content=\"Gesch\u00e4tzte Lesezeit\" \/>\n\t<meta name=\"twitter:data2\" content=\"1\u00a0Minute\" \/>\n<script type=\"application\/ld+json\" class=\"yoast-schema-graph\">{\"@context\":\"https:\\\/\\\/schema.org\",\"@graph\":[{\"@type\":\"Article\",\"@id\":\"https:\\\/\\\/truckonline.de\\\/blog\\\/2016\\\/11\\\/19\\\/sie-haben-post-111\\\/#article\",\"isPartOf\":{\"@id\":\"https:\\\/\\\/truckonline.de\\\/blog\\\/2016\\\/11\\\/19\\\/sie-haben-post-111\\\/\"},\"author\":{\"name\":\"maik\",\"@id\":\"https:\\\/\\\/truckonline.de\\\/blog\\\/#\\\/schema\\\/person\\\/4cb59b86ffde81f882f56439688fda19\"},\"headline\":\"Sie haben Post\",\"datePublished\":\"2016-11-19T00:28:02+00:00\",\"mainEntityOfPage\":{\"@id\":\"https:\\\/\\\/truckonline.de\\\/blog\\\/2016\\\/11\\\/19\\\/sie-haben-post-111\\\/\"},\"wordCount\":282,\"commentCount\":2,\"publisher\":{\"@id\":\"https:\\\/\\\/truckonline.de\\\/blog\\\/#\\\/schema\\\/person\\\/4cb59b86ffde81f882f56439688fda19\"},\"keywords\":[\"Container\",\"entladen\"],\"articleSection\":[\"eMail\",\"Ladung\"],\"inLanguage\":\"de\",\"potentialAction\":[{\"@type\":\"CommentAction\",\"name\":\"Comment\",\"target\":[\"https:\\\/\\\/truckonline.de\\\/blog\\\/2016\\\/11\\\/19\\\/sie-haben-post-111\\\/#respond\"]}]},{\"@type\":\"WebPage\",\"@id\":\"https:\\\/\\\/truckonline.de\\\/blog\\\/2016\\\/11\\\/19\\\/sie-haben-post-111\\\/\",\"url\":\"https:\\\/\\\/truckonline.de\\\/blog\\\/2016\\\/11\\\/19\\\/sie-haben-post-111\\\/\",\"name\":\"Sie haben Post | TruckOnline.de\",\"isPartOf\":{\"@id\":\"https:\\\/\\\/truckonline.de\\\/blog\\\/#website\"},\"datePublished\":\"2016-11-19T00:28:02+00:00\",\"description\":\"Blogleser Jonathan hat mir eine nette Nachricht geschickt: Servus Maik, ich arbeite seit inzwischen ca. zweieinhalb Jahren in der Logistikbranche und habe\",\"breadcrumb\":{\"@id\":\"https:\\\/\\\/truckonline.de\\\/blog\\\/2016\\\/11\\\/19\\\/sie-haben-post-111\\\/#breadcrumb\"},\"inLanguage\":\"de\",\"potentialAction\":[{\"@type\":\"ReadAction\",\"target\":[\"https:\\\/\\\/truckonline.de\\\/blog\\\/2016\\\/11\\\/19\\\/sie-haben-post-111\\\/\"]}]},{\"@type\":\"BreadcrumbList\",\"@id\":\"https:\\\/\\\/truckonline.de\\\/blog\\\/2016\\\/11\\\/19\\\/sie-haben-post-111\\\/#breadcrumb\",\"itemListElement\":[{\"@type\":\"ListItem\",\"position\":1,\"name\":\"Startseite\",\"item\":\"https:\\\/\\\/truckonline.de\\\/blog\\\/\"},{\"@type\":\"ListItem\",\"position\":2,\"name\":\"Sie haben Post\"}]},{\"@type\":\"WebSite\",\"@id\":\"https:\\\/\\\/truckonline.de\\\/blog\\\/#website\",\"url\":\"https:\\\/\\\/truckonline.de\\\/blog\\\/\",\"name\":\"TruckOnline.de\",\"description\":\"\",\"publisher\":{\"@id\":\"https:\\\/\\\/truckonline.de\\\/blog\\\/#\\\/schema\\\/person\\\/4cb59b86ffde81f882f56439688fda19\"},\"potentialAction\":[{\"@type\":\"SearchAction\",\"target\":{\"@type\":\"EntryPoint\",\"urlTemplate\":\"https:\\\/\\\/truckonline.de\\\/blog\\\/?s={search_term_string}\"},\"query-input\":{\"@type\":\"PropertyValueSpecification\",\"valueRequired\":true,\"valueName\":\"search_term_string\"}}],\"inLanguage\":\"de\"},{\"@type\":[\"Person\",\"Organization\"],\"@id\":\"https:\\\/\\\/truckonline.de\\\/blog\\\/#\\\/schema\\\/person\\\/4cb59b86ffde81f882f56439688fda19\",\"name\":\"maik\",\"image\":{\"@type\":\"ImageObject\",\"inLanguage\":\"de\",\"@id\":\"https:\\\/\\\/truckonline.de\\\/blog\\\/wp-content\\\/uploads\\\/2019\\\/12\\\/logoinnenweiss.png\",\"url\":\"https:\\\/\\\/truckonline.de\\\/blog\\\/wp-content\\\/uploads\\\/2019\\\/12\\\/logoinnenweiss.png\",\"contentUrl\":\"https:\\\/\\\/truckonline.de\\\/blog\\\/wp-content\\\/uploads\\\/2019\\\/12\\\/logoinnenweiss.png\",\"width\":733,\"height\":125,\"caption\":\"maik\"},\"logo\":{\"@id\":\"https:\\\/\\\/truckonline.de\\\/blog\\\/wp-content\\\/uploads\\\/2019\\\/12\\\/logoinnenweiss.png\"},\"sameAs\":[\"https:\\\/\\\/www.facebook.com\\\/truckblog\",\"https:\\\/\\\/www.instagram.com\\\/truck_online\\\/\",\"https:\\\/\\\/x.com\\\/https:\\\/\\\/twitter.com\\\/truckblog\",\"https:\\\/\\\/www.youtube.com\\\/user\\\/truckonline\",\"https:\\\/\\\/www.tumblr.com\\\/truckonline\"]}]}<\/script>\n<!-- \/ Yoast SEO plugin. -->","yoast_head_json":{"title":"Sie haben Post | TruckOnline.de","description":"Blogleser Jonathan hat mir eine nette Nachricht geschickt: Servus Maik, ich arbeite seit inzwischen ca. zweieinhalb Jahren in der Logistikbranche und habe","robots":{"index":"index","follow":"follow","max-snippet":"max-snippet:-1","max-image-preview":"max-image-preview:large","max-video-preview":"max-video-preview:-1"},"canonical":"https:\/\/truckonline.de\/blog\/2016\/11\/19\/sie-haben-post-111\/","og_locale":"de_DE","og_type":"article","og_title":"Sie haben Post | TruckOnline.de","og_url":"https:\/\/truckonline.de\/blog\/2016\/11\/19\/sie-haben-post-111\/","og_site_name":"TruckOnline.de","article_publisher":"https:\/\/www.facebook.com\/truckblog","article_author":"https:\/\/www.facebook.com\/truckblog","article_published_time":"2016-11-19T00:28:02+00:00","og_image":[{"width":2560,"height":1920,"url":"https:\/\/truckonline.de\/blog\/wp-content\/uploads\/2019\/12\/IMG_20191229_225424-scaled.jpg","type":"image\/jpeg"}],"author":"maik","twitter_card":"summary_large_image","twitter_creator":"@https:\/\/twitter.com\/truckblog","twitter_site":"@truckblog","twitter_misc":{"Verfasst von":"maik","Gesch\u00e4tzte Lesezeit":"1\u00a0Minute"},"schema":{"@context":"https:\/\/schema.org","@graph":[{"@type":"Article","@id":"https:\/\/truckonline.de\/blog\/2016\/11\/19\/sie-haben-post-111\/#article","isPartOf":{"@id":"https:\/\/truckonline.de\/blog\/2016\/11\/19\/sie-haben-post-111\/"},"author":{"name":"maik","@id":"https:\/\/truckonline.de\/blog\/#\/schema\/person\/4cb59b86ffde81f882f56439688fda19"},"headline":"Sie haben Post","datePublished":"2016-11-19T00:28:02+00:00","mainEntityOfPage":{"@id":"https:\/\/truckonline.de\/blog\/2016\/11\/19\/sie-haben-post-111\/"},"wordCount":282,"commentCount":2,"publisher":{"@id":"https:\/\/truckonline.de\/blog\/#\/schema\/person\/4cb59b86ffde81f882f56439688fda19"},"keywords":["Container","entladen"],"articleSection":["eMail","Ladung"],"inLanguage":"de","potentialAction":[{"@type":"CommentAction","name":"Comment","target":["https:\/\/truckonline.de\/blog\/2016\/11\/19\/sie-haben-post-111\/#respond"]}]},{"@type":"WebPage","@id":"https:\/\/truckonline.de\/blog\/2016\/11\/19\/sie-haben-post-111\/","url":"https:\/\/truckonline.de\/blog\/2016\/11\/19\/sie-haben-post-111\/","name":"Sie haben Post | TruckOnline.de","isPartOf":{"@id":"https:\/\/truckonline.de\/blog\/#website"},"datePublished":"2016-11-19T00:28:02+00:00","description":"Blogleser Jonathan hat mir eine nette Nachricht geschickt: Servus Maik, ich arbeite seit inzwischen ca. zweieinhalb Jahren in der Logistikbranche und habe","breadcrumb":{"@id":"https:\/\/truckonline.de\/blog\/2016\/11\/19\/sie-haben-post-111\/#breadcrumb"},"inLanguage":"de","potentialAction":[{"@type":"ReadAction","target":["https:\/\/truckonline.de\/blog\/2016\/11\/19\/sie-haben-post-111\/"]}]},{"@type":"BreadcrumbList","@id":"https:\/\/truckonline.de\/blog\/2016\/11\/19\/sie-haben-post-111\/#breadcrumb","itemListElement":[{"@type":"ListItem","position":1,"name":"Startseite","item":"https:\/\/truckonline.de\/blog\/"},{"@type":"ListItem","position":2,"name":"Sie haben Post"}]},{"@type":"WebSite","@id":"https:\/\/truckonline.de\/blog\/#website","url":"https:\/\/truckonline.de\/blog\/","name":"TruckOnline.de","description":"","publisher":{"@id":"https:\/\/truckonline.de\/blog\/#\/schema\/person\/4cb59b86ffde81f882f56439688fda19"},"potentialAction":[{"@type":"SearchAction","target":{"@type":"EntryPoint","urlTemplate":"https:\/\/truckonline.de\/blog\/?s={search_term_string}"},"query-input":{"@type":"PropertyValueSpecification","valueRequired":true,"valueName":"search_term_string"}}],"inLanguage":"de"},{"@type":["Person","Organization"],"@id":"https:\/\/truckonline.de\/blog\/#\/schema\/person\/4cb59b86ffde81f882f56439688fda19","name":"maik","image":{"@type":"ImageObject","inLanguage":"de","@id":"https:\/\/truckonline.de\/blog\/wp-content\/uploads\/2019\/12\/logoinnenweiss.png","url":"https:\/\/truckonline.de\/blog\/wp-content\/uploads\/2019\/12\/logoinnenweiss.png","contentUrl":"https:\/\/truckonline.de\/blog\/wp-content\/uploads\/2019\/12\/logoinnenweiss.png","width":733,"height":125,"caption":"maik"},"logo":{"@id":"https:\/\/truckonline.de\/blog\/wp-content\/uploads\/2019\/12\/logoinnenweiss.png"},"sameAs":["https:\/\/www.facebook.com\/truckblog","https:\/\/www.instagram.com\/truck_online\/","https:\/\/x.com\/https:\/\/twitter.com\/truckblog","https:\/\/www.youtube.com\/user\/truckonline","https:\/\/www.tumblr.com\/truckonline"]}]}},"_links":{"self":[{"href":"https:\/\/truckonline.de\/blog\/wp-json\/wp\/v2\/posts\/6732","targetHints":{"allow":["GET"]}}],"collection":[{"href":"https:\/\/truckonline.de\/blog\/wp-json\/wp\/v2\/posts"}],"about":[{"href":"https:\/\/truckonline.de\/blog\/wp-json\/wp\/v2\/types\/post"}],"author":[{"embeddable":true,"href":"https:\/\/truckonline.de\/blog\/wp-json\/wp\/v2\/users\/3"}],"replies":[{"embeddable":true,"href":"https:\/\/truckonline.de\/blog\/wp-json\/wp\/v2\/comments?post=6732"}],"version-history":[{"count":1,"href":"https:\/\/truckonline.de\/blog\/wp-json\/wp\/v2\/posts\/6732\/revisions"}],"predecessor-version":[{"id":6733,"href":"https:\/\/truckonline.de\/blog\/wp-json\/wp\/v2\/posts\/6732\/revisions\/6733"}],"wp:attachment":[{"href":"https:\/\/truckonline.de\/blog\/wp-json\/wp\/v2\/media?parent=6732"}],"wp:term":[{"taxonomy":"category","embeddable":true,"href":"https:\/\/truckonline.de\/blog\/wp-json\/wp\/v2\/categories?post=6732"},{"taxonomy":"post_tag","embeddable":true,"href":"https:\/\/truckonline.de\/blog\/wp-json\/wp\/v2\/tags?post=6732"}],"curies":[{"name":"wp","href":"https:\/\/api.w.org\/{rel}","templated":true}]}}