{"id":672,"date":"2009-04-24T23:06:11","date_gmt":"2009-04-24T22:06:11","guid":{"rendered":"https:\/\/truckonline.de\/blog\/?p=672"},"modified":"2009-04-24T23:06:11","modified_gmt":"2009-04-24T22:06:11","slug":"mit-haengen-und-wuergen","status":"publish","type":"post","link":"https:\/\/truckonline.de\/blog\/2009\/04\/24\/mit-haengen-und-wuergen\/","title":{"rendered":"Mit h\u00e4ngen und w\u00fcrgen"},"content":{"rendered":"<p>Zwei mal stand ich vor dieser Unterf\u00fchrung und jedes mal war ich der Meinung, dass es zu eng wird. Also drehte ich wieder und fuhr zur\u00fcck in das dazugeh\u00f6rige Dorf in der N\u00e4he von Verona.<br \/>\nBeim dritten mal lie\u00df ich mich von einem Dorfbewohner \u00fcberzeugen: Nun ja, es passte tats\u00e4chlich &#8211; wenn auch nur mit &#8222;h\u00e4ngen und w\u00fcrgen&#8220; \ud83d\ude42 .<\/p>\n<p><center><a href='https:\/\/truckonline.de\/blog\/wp-content\/uploads\/2009\/04\/lkw.jpg'><img loading=\"lazy\" decoding=\"async\" src=\"https:\/\/truckonline.de\/blog\/wp-content\/uploads\/2009\/04\/lkw.jpg\" alt=\"enge Durchfahrt\" title=\"lkw\" width=\"500\" height=\"334\" class=\"aligncenter size-full wp-image-673\" \/><\/a><\/center><\/p>\n","protected":false},"excerpt":{"rendered":"<p>Zwei mal stand ich vor dieser Unterf\u00fchrung und jedes mal war ich der Meinung, dass es zu eng wird. Also drehte ich wieder und fuhr&#8230;<\/p>\n<div class=\"more-link-wrapper\"><a class=\"more-link\" href=\"https:\/\/truckonline.de\/blog\/2009\/04\/24\/mit-haengen-und-wuergen\/\">Sie haben Ihr Ziel fast erreicht.<span class=\"screen-reader-text\">Mit h\u00e4ngen und w\u00fcrgen<\/span><\/a><\/div>\n","protected":false},"author":3,"featured_media":0,"comment_status":"open","ping_status":"open","sticky":false,"template":"","format":"standard","meta":{"iawp_total_views":1,"_metis_text_type":"","_metis_text_length":0,"_post_count":0,"footnotes":""},"categories":[11,37],"tags":[937,883,26],"class_list":["post-672","post","type-post","status-publish","format-standard","hentry","category-lkw","category-strassen","tag-bruecke","tag-eng","tag-italien","ratio-2-1","entry"],"yoast_head":"<!-- This site is optimized with the Yoast SEO plugin v27.5 - https:\/\/yoast.com\/product\/yoast-seo-wordpress\/ -->\n<title>Mit h\u00e4ngen und w\u00fcrgen | TruckOnline.de<\/title>\n<meta name=\"description\" content=\"Zwei mal stand ich vor dieser Unterf\u00fchrung und jedes mal war ich der Meinung, dass es zu eng wird. Also drehte ich wieder und fuhr zur\u00fcck in das\" \/>\n<meta name=\"robots\" content=\"index, follow, max-snippet:-1, max-image-preview:large, max-video-preview:-1\" \/>\n<link rel=\"canonical\" href=\"https:\/\/truckonline.de\/blog\/2009\/04\/24\/mit-haengen-und-wuergen\/\" \/>\n<meta property=\"og:locale\" content=\"de_DE\" \/>\n<meta property=\"og:type\" content=\"article\" \/>\n<meta property=\"og:title\" content=\"Mit h\u00e4ngen und w\u00fcrgen | TruckOnline.de\" \/>\n<meta property=\"og:url\" content=\"https:\/\/truckonline.de\/blog\/2009\/04\/24\/mit-haengen-und-wuergen\/\" \/>\n<meta property=\"og:site_name\" content=\"TruckOnline.de\" \/>\n<meta property=\"article:publisher\" content=\"https:\/\/www.facebook.com\/truckblog\" \/>\n<meta property=\"article:author\" content=\"https:\/\/www.facebook.com\/truckblog\" \/>\n<meta property=\"article:published_time\" content=\"2009-04-24T22:06:11+00:00\" \/>\n<meta property=\"og:image\" content=\"https:\/\/truckonline.de\/blog\/wp-content\/uploads\/2009\/04\/lkw.jpg\" \/>\n<meta name=\"author\" content=\"maik\" \/>\n<meta name=\"twitter:card\" content=\"summary_large_image\" \/>\n<meta name=\"twitter:creator\" content=\"@https:\/\/twitter.com\/truckblog\" \/>\n<meta name=\"twitter:site\" content=\"@truckblog\" \/>\n<meta name=\"twitter:label1\" content=\"Verfasst von\" \/>\n\t<meta name=\"twitter:data1\" content=\"maik\" \/>\n<script type=\"application\/ld+json\" class=\"yoast-schema-graph\">{\"@context\":\"https:\\\/\\\/schema.org\",\"@graph\":[{\"@type\":\"Article\",\"@id\":\"https:\\\/\\\/truckonline.de\\\/blog\\\/2009\\\/04\\\/24\\\/mit-haengen-und-wuergen\\\/#article\",\"isPartOf\":{\"@id\":\"https:\\\/\\\/truckonline.de\\\/blog\\\/2009\\\/04\\\/24\\\/mit-haengen-und-wuergen\\\/\"},\"author\":{\"name\":\"maik\",\"@id\":\"https:\\\/\\\/truckonline.de\\\/blog\\\/#\\\/schema\\\/person\\\/4cb59b86ffde81f882f56439688fda19\"},\"headline\":\"Mit h\u00e4ngen und w\u00fcrgen\",\"datePublished\":\"2009-04-24T22:06:11+00:00\",\"mainEntityOfPage\":{\"@id\":\"https:\\\/\\\/truckonline.de\\\/blog\\\/2009\\\/04\\\/24\\\/mit-haengen-und-wuergen\\\/\"},\"wordCount\":72,\"commentCount\":9,\"publisher\":{\"@id\":\"https:\\\/\\\/truckonline.de\\\/blog\\\/#\\\/schema\\\/person\\\/4cb59b86ffde81f882f56439688fda19\"},\"image\":{\"@id\":\"https:\\\/\\\/truckonline.de\\\/blog\\\/2009\\\/04\\\/24\\\/mit-haengen-und-wuergen\\\/#primaryimage\"},\"thumbnailUrl\":\"https:\\\/\\\/truckonline.de\\\/blog\\\/wp-content\\\/uploads\\\/2009\\\/04\\\/lkw.jpg\",\"keywords\":[\"Br\u00fccke\",\"eng\",\"Italien\"],\"articleSection\":[\"Lkw\",\"Strassen\"],\"inLanguage\":\"de\",\"potentialAction\":[{\"@type\":\"CommentAction\",\"name\":\"Comment\",\"target\":[\"https:\\\/\\\/truckonline.de\\\/blog\\\/2009\\\/04\\\/24\\\/mit-haengen-und-wuergen\\\/#respond\"]}]},{\"@type\":\"WebPage\",\"@id\":\"https:\\\/\\\/truckonline.de\\\/blog\\\/2009\\\/04\\\/24\\\/mit-haengen-und-wuergen\\\/\",\"url\":\"https:\\\/\\\/truckonline.de\\\/blog\\\/2009\\\/04\\\/24\\\/mit-haengen-und-wuergen\\\/\",\"name\":\"Mit h\u00e4ngen und w\u00fcrgen | TruckOnline.de\",\"isPartOf\":{\"@id\":\"https:\\\/\\\/truckonline.de\\\/blog\\\/#website\"},\"primaryImageOfPage\":{\"@id\":\"https:\\\/\\\/truckonline.de\\\/blog\\\/2009\\\/04\\\/24\\\/mit-haengen-und-wuergen\\\/#primaryimage\"},\"image\":{\"@id\":\"https:\\\/\\\/truckonline.de\\\/blog\\\/2009\\\/04\\\/24\\\/mit-haengen-und-wuergen\\\/#primaryimage\"},\"thumbnailUrl\":\"https:\\\/\\\/truckonline.de\\\/blog\\\/wp-content\\\/uploads\\\/2009\\\/04\\\/lkw.jpg\",\"datePublished\":\"2009-04-24T22:06:11+00:00\",\"description\":\"Zwei mal stand ich vor dieser Unterf\u00fchrung und jedes mal war ich der Meinung, dass es zu eng wird. Also drehte ich wieder und fuhr zur\u00fcck in das\",\"breadcrumb\":{\"@id\":\"https:\\\/\\\/truckonline.de\\\/blog\\\/2009\\\/04\\\/24\\\/mit-haengen-und-wuergen\\\/#breadcrumb\"},\"inLanguage\":\"de\",\"potentialAction\":[{\"@type\":\"ReadAction\",\"target\":[\"https:\\\/\\\/truckonline.de\\\/blog\\\/2009\\\/04\\\/24\\\/mit-haengen-und-wuergen\\\/\"]}]},{\"@type\":\"ImageObject\",\"inLanguage\":\"de\",\"@id\":\"https:\\\/\\\/truckonline.de\\\/blog\\\/2009\\\/04\\\/24\\\/mit-haengen-und-wuergen\\\/#primaryimage\",\"url\":\"https:\\\/\\\/truckonline.de\\\/blog\\\/wp-content\\\/uploads\\\/2009\\\/04\\\/lkw.jpg\",\"contentUrl\":\"https:\\\/\\\/truckonline.de\\\/blog\\\/wp-content\\\/uploads\\\/2009\\\/04\\\/lkw.jpg\",\"width\":550,\"height\":368},{\"@type\":\"BreadcrumbList\",\"@id\":\"https:\\\/\\\/truckonline.de\\\/blog\\\/2009\\\/04\\\/24\\\/mit-haengen-und-wuergen\\\/#breadcrumb\",\"itemListElement\":[{\"@type\":\"ListItem\",\"position\":1,\"name\":\"Startseite\",\"item\":\"https:\\\/\\\/truckonline.de\\\/blog\\\/\"},{\"@type\":\"ListItem\",\"position\":2,\"name\":\"Mit h\u00e4ngen und w\u00fcrgen\"}]},{\"@type\":\"WebSite\",\"@id\":\"https:\\\/\\\/truckonline.de\\\/blog\\\/#website\",\"url\":\"https:\\\/\\\/truckonline.de\\\/blog\\\/\",\"name\":\"TruckOnline.de\",\"description\":\"\",\"publisher\":{\"@id\":\"https:\\\/\\\/truckonline.de\\\/blog\\\/#\\\/schema\\\/person\\\/4cb59b86ffde81f882f56439688fda19\"},\"potentialAction\":[{\"@type\":\"SearchAction\",\"target\":{\"@type\":\"EntryPoint\",\"urlTemplate\":\"https:\\\/\\\/truckonline.de\\\/blog\\\/?s={search_term_string}\"},\"query-input\":{\"@type\":\"PropertyValueSpecification\",\"valueRequired\":true,\"valueName\":\"search_term_string\"}}],\"inLanguage\":\"de\"},{\"@type\":[\"Person\",\"Organization\"],\"@id\":\"https:\\\/\\\/truckonline.de\\\/blog\\\/#\\\/schema\\\/person\\\/4cb59b86ffde81f882f56439688fda19\",\"name\":\"maik\",\"image\":{\"@type\":\"ImageObject\",\"inLanguage\":\"de\",\"@id\":\"https:\\\/\\\/truckonline.de\\\/blog\\\/wp-content\\\/uploads\\\/2019\\\/12\\\/logoinnenweiss.png\",\"url\":\"https:\\\/\\\/truckonline.de\\\/blog\\\/wp-content\\\/uploads\\\/2019\\\/12\\\/logoinnenweiss.png\",\"contentUrl\":\"https:\\\/\\\/truckonline.de\\\/blog\\\/wp-content\\\/uploads\\\/2019\\\/12\\\/logoinnenweiss.png\",\"width\":733,\"height\":125,\"caption\":\"maik\"},\"logo\":{\"@id\":\"https:\\\/\\\/truckonline.de\\\/blog\\\/wp-content\\\/uploads\\\/2019\\\/12\\\/logoinnenweiss.png\"},\"sameAs\":[\"https:\\\/\\\/www.facebook.com\\\/truckblog\",\"https:\\\/\\\/www.instagram.com\\\/truck_online\\\/\",\"https:\\\/\\\/x.com\\\/https:\\\/\\\/twitter.com\\\/truckblog\",\"https:\\\/\\\/www.youtube.com\\\/user\\\/truckonline\",\"https:\\\/\\\/www.tumblr.com\\\/truckonline\"]}]}<\/script>\n<!-- \/ Yoast SEO plugin. -->","yoast_head_json":{"title":"Mit h\u00e4ngen und w\u00fcrgen | TruckOnline.de","description":"Zwei mal stand ich vor dieser Unterf\u00fchrung und jedes mal war ich der Meinung, dass es zu eng wird. Also drehte ich wieder und fuhr zur\u00fcck in das","robots":{"index":"index","follow":"follow","max-snippet":"max-snippet:-1","max-image-preview":"max-image-preview:large","max-video-preview":"max-video-preview:-1"},"canonical":"https:\/\/truckonline.de\/blog\/2009\/04\/24\/mit-haengen-und-wuergen\/","og_locale":"de_DE","og_type":"article","og_title":"Mit h\u00e4ngen und w\u00fcrgen | TruckOnline.de","og_url":"https:\/\/truckonline.de\/blog\/2009\/04\/24\/mit-haengen-und-wuergen\/","og_site_name":"TruckOnline.de","article_publisher":"https:\/\/www.facebook.com\/truckblog","article_author":"https:\/\/www.facebook.com\/truckblog","article_published_time":"2009-04-24T22:06:11+00:00","og_image":[{"url":"https:\/\/truckonline.de\/blog\/wp-content\/uploads\/2009\/04\/lkw.jpg","type":"","width":"","height":""}],"author":"maik","twitter_card":"summary_large_image","twitter_creator":"@https:\/\/twitter.com\/truckblog","twitter_site":"@truckblog","twitter_misc":{"Verfasst von":"maik"},"schema":{"@context":"https:\/\/schema.org","@graph":[{"@type":"Article","@id":"https:\/\/truckonline.de\/blog\/2009\/04\/24\/mit-haengen-und-wuergen\/#article","isPartOf":{"@id":"https:\/\/truckonline.de\/blog\/2009\/04\/24\/mit-haengen-und-wuergen\/"},"author":{"name":"maik","@id":"https:\/\/truckonline.de\/blog\/#\/schema\/person\/4cb59b86ffde81f882f56439688fda19"},"headline":"Mit h\u00e4ngen und w\u00fcrgen","datePublished":"2009-04-24T22:06:11+00:00","mainEntityOfPage":{"@id":"https:\/\/truckonline.de\/blog\/2009\/04\/24\/mit-haengen-und-wuergen\/"},"wordCount":72,"commentCount":9,"publisher":{"@id":"https:\/\/truckonline.de\/blog\/#\/schema\/person\/4cb59b86ffde81f882f56439688fda19"},"image":{"@id":"https:\/\/truckonline.de\/blog\/2009\/04\/24\/mit-haengen-und-wuergen\/#primaryimage"},"thumbnailUrl":"https:\/\/truckonline.de\/blog\/wp-content\/uploads\/2009\/04\/lkw.jpg","keywords":["Br\u00fccke","eng","Italien"],"articleSection":["Lkw","Strassen"],"inLanguage":"de","potentialAction":[{"@type":"CommentAction","name":"Comment","target":["https:\/\/truckonline.de\/blog\/2009\/04\/24\/mit-haengen-und-wuergen\/#respond"]}]},{"@type":"WebPage","@id":"https:\/\/truckonline.de\/blog\/2009\/04\/24\/mit-haengen-und-wuergen\/","url":"https:\/\/truckonline.de\/blog\/2009\/04\/24\/mit-haengen-und-wuergen\/","name":"Mit h\u00e4ngen und w\u00fcrgen | TruckOnline.de","isPartOf":{"@id":"https:\/\/truckonline.de\/blog\/#website"},"primaryImageOfPage":{"@id":"https:\/\/truckonline.de\/blog\/2009\/04\/24\/mit-haengen-und-wuergen\/#primaryimage"},"image":{"@id":"https:\/\/truckonline.de\/blog\/2009\/04\/24\/mit-haengen-und-wuergen\/#primaryimage"},"thumbnailUrl":"https:\/\/truckonline.de\/blog\/wp-content\/uploads\/2009\/04\/lkw.jpg","datePublished":"2009-04-24T22:06:11+00:00","description":"Zwei mal stand ich vor dieser Unterf\u00fchrung und jedes mal war ich der Meinung, dass es zu eng wird. Also drehte ich wieder und fuhr zur\u00fcck in das","breadcrumb":{"@id":"https:\/\/truckonline.de\/blog\/2009\/04\/24\/mit-haengen-und-wuergen\/#breadcrumb"},"inLanguage":"de","potentialAction":[{"@type":"ReadAction","target":["https:\/\/truckonline.de\/blog\/2009\/04\/24\/mit-haengen-und-wuergen\/"]}]},{"@type":"ImageObject","inLanguage":"de","@id":"https:\/\/truckonline.de\/blog\/2009\/04\/24\/mit-haengen-und-wuergen\/#primaryimage","url":"https:\/\/truckonline.de\/blog\/wp-content\/uploads\/2009\/04\/lkw.jpg","contentUrl":"https:\/\/truckonline.de\/blog\/wp-content\/uploads\/2009\/04\/lkw.jpg","width":550,"height":368},{"@type":"BreadcrumbList","@id":"https:\/\/truckonline.de\/blog\/2009\/04\/24\/mit-haengen-und-wuergen\/#breadcrumb","itemListElement":[{"@type":"ListItem","position":1,"name":"Startseite","item":"https:\/\/truckonline.de\/blog\/"},{"@type":"ListItem","position":2,"name":"Mit h\u00e4ngen und w\u00fcrgen"}]},{"@type":"WebSite","@id":"https:\/\/truckonline.de\/blog\/#website","url":"https:\/\/truckonline.de\/blog\/","name":"TruckOnline.de","description":"","publisher":{"@id":"https:\/\/truckonline.de\/blog\/#\/schema\/person\/4cb59b86ffde81f882f56439688fda19"},"potentialAction":[{"@type":"SearchAction","target":{"@type":"EntryPoint","urlTemplate":"https:\/\/truckonline.de\/blog\/?s={search_term_string}"},"query-input":{"@type":"PropertyValueSpecification","valueRequired":true,"valueName":"search_term_string"}}],"inLanguage":"de"},{"@type":["Person","Organization"],"@id":"https:\/\/truckonline.de\/blog\/#\/schema\/person\/4cb59b86ffde81f882f56439688fda19","name":"maik","image":{"@type":"ImageObject","inLanguage":"de","@id":"https:\/\/truckonline.de\/blog\/wp-content\/uploads\/2019\/12\/logoinnenweiss.png","url":"https:\/\/truckonline.de\/blog\/wp-content\/uploads\/2019\/12\/logoinnenweiss.png","contentUrl":"https:\/\/truckonline.de\/blog\/wp-content\/uploads\/2019\/12\/logoinnenweiss.png","width":733,"height":125,"caption":"maik"},"logo":{"@id":"https:\/\/truckonline.de\/blog\/wp-content\/uploads\/2019\/12\/logoinnenweiss.png"},"sameAs":["https:\/\/www.facebook.com\/truckblog","https:\/\/www.instagram.com\/truck_online\/","https:\/\/x.com\/https:\/\/twitter.com\/truckblog","https:\/\/www.youtube.com\/user\/truckonline","https:\/\/www.tumblr.com\/truckonline"]}]}},"_links":{"self":[{"href":"https:\/\/truckonline.de\/blog\/wp-json\/wp\/v2\/posts\/672","targetHints":{"allow":["GET"]}}],"collection":[{"href":"https:\/\/truckonline.de\/blog\/wp-json\/wp\/v2\/posts"}],"about":[{"href":"https:\/\/truckonline.de\/blog\/wp-json\/wp\/v2\/types\/post"}],"author":[{"embeddable":true,"href":"https:\/\/truckonline.de\/blog\/wp-json\/wp\/v2\/users\/3"}],"replies":[{"embeddable":true,"href":"https:\/\/truckonline.de\/blog\/wp-json\/wp\/v2\/comments?post=672"}],"version-history":[{"count":0,"href":"https:\/\/truckonline.de\/blog\/wp-json\/wp\/v2\/posts\/672\/revisions"}],"wp:attachment":[{"href":"https:\/\/truckonline.de\/blog\/wp-json\/wp\/v2\/media?parent=672"}],"wp:term":[{"taxonomy":"category","embeddable":true,"href":"https:\/\/truckonline.de\/blog\/wp-json\/wp\/v2\/categories?post=672"},{"taxonomy":"post_tag","embeddable":true,"href":"https:\/\/truckonline.de\/blog\/wp-json\/wp\/v2\/tags?post=672"}],"curies":[{"name":"wp","href":"https:\/\/api.w.org\/{rel}","templated":true}]}}