{"id":6681,"date":"2016-10-16T01:39:56","date_gmt":"2016-10-15T23:39:56","guid":{"rendered":"https:\/\/truckonline.de\/blog\/?p=6681"},"modified":"2016-10-16T01:45:08","modified_gmt":"2016-10-15T23:45:08","slug":"firmen-ohne-fahrer","status":"publish","type":"post","link":"https:\/\/truckonline.de\/blog\/2016\/10\/16\/firmen-ohne-fahrer\/","title":{"rendered":"Firmen ohne Fahrer"},"content":{"rendered":"<p>Es ist gerade sehr ruhig hier in meinem Blog. Einer der Gr\u00fcnde ist, ich mache gerade Urlaub. Drei Wochen, davon eine Woche in <strong>Italien<\/strong>. Klar, wo auch sonst.<br \/>\nEinige sagen, ich h\u00e4tte sie nicht mehr alle. Ich w\u00e4re eh so gut die H\u00e4lfte meines Lebens da unten und dann auch noch in meiner freien Zeit dahin? Klar, logo. Mir gef\u00e4llt das Land und \u00fcberhaupt. Mich verschlug es nach Sardinien. Also dahin, wo ich viel zu selten hinkomme. <\/p>\n<p><img loading=\"lazy\" decoding=\"async\" src=\"https:\/\/truckonline.de\/blog\/wp-content\/uploads\/2016\/10\/DSC01183.jpg\" alt=\"Sardegna Grotte di Nettuno\" width=\"550\" height=\"310\" class=\"aligncenter size-full wp-image-6682\" \/><\/p>\n<p>Aber das nur am Rande. Jetzt bin ich wieder daheim in Th\u00fcringen. Und da <a href=\"https:\/\/www.thueringer-allgemeine.de\/startseite\/detail\/-\/specific\/Thueringer-Transportbranche-sucht-haenderingend-Fahrer-188508662#.V_yHfKAPjuR.facebook\" target=\"_blank\">las ich in der hiesigen Lokalpresse einen Artikel<\/a>, in dem beschrieben wird, wie und warum die Th\u00fcringer Transportbranche  h\u00e4nderingend Fahrer sucht.<br \/>\nSo versuchen Arbeitgeber, unter anderem mit Zuschl\u00e4gen oder Sonderzahlungen, Mitarbeiter zu halten. Auch w\u00fcrde man kaum Lehrlinge finden. Ja, letzteres ist wirklich ein Problem. Aber nicht nur in Th\u00fcringen.<\/p>\n<p>So sind in der Logistikfirma f\u00fcr die ich fahre, <em>mit Hauptsitz in Niedersachsen<\/em>, in diesem Jahr <strong>51 Azubis<\/strong> ins Berufsleben gestartet. So auch Fachkr\u00e4fte f\u00fcr Lagerlogistik.<br \/>\nNur angehende Berufskraftfahrer wurden nicht gefunden. Es hat sich einfach keiner f\u00fcr diese Ausbildung entschieden. Tja, dass negative Image dieses Berufes erschwert halt die Suche nach willigen Bewerbern.<\/p>\n<p>Aber auch \u00e4ltere Fahrer versp\u00fcren immer <strong>weniger Lust<\/strong>, f\u00fcr teilweise nicht einmal 2 000 Euro Brutto im Monat, zig Stunden zu arbeiten, auf ein Privatleben zu verzichten oder beim Kunden sich wie ein Hilfsarbeiter behandeln zu lassen.<br \/>\nKlar, Firmen k\u00f6nnen <strong>Osteurop\u00e4er<\/strong> anstellen. Wird ja auch immer h\u00e4ufiger gemacht. Die sind noch willig und arbeiten auch f\u00fcr 1 500 Euro. Zumindest bis die merken, dass sie auch nur verarscht werden.<\/p>\n","protected":false},"excerpt":{"rendered":"<p>Es ist gerade sehr ruhig hier in meinem Blog. Einer der Gr\u00fcnde ist, ich mache gerade Urlaub. Drei Wochen, davon eine Woche in Italien. Klar,&#8230;<\/p>\n<div class=\"more-link-wrapper\"><a class=\"more-link\" href=\"https:\/\/truckonline.de\/blog\/2016\/10\/16\/firmen-ohne-fahrer\/\">Sie haben Ihr Ziel fast erreicht.<span class=\"screen-reader-text\">Firmen ohne Fahrer<\/span><\/a><\/div>\n","protected":false},"author":3,"featured_media":0,"comment_status":"open","ping_status":"open","sticky":false,"template":"","format":"standard","meta":{"iawp_total_views":0,"_metis_text_type":"","_metis_text_length":0,"_post_count":0,"footnotes":""},"categories":[13,185],"tags":[294,1882],"class_list":["post-6681","post","type-post","status-publish","format-standard","hentry","category-firmen","category-gedanken","tag-fahrermangel","tag-firmen","ratio-2-1","entry"],"yoast_head":"<!-- This site is optimized with the Yoast SEO plugin v27.4 - https:\/\/yoast.com\/product\/yoast-seo-wordpress\/ -->\n<title>Firmen ohne Fahrer | TruckOnline.de<\/title>\n<meta name=\"description\" content=\"Es ist gerade sehr ruhig hier in meinem Blog. Einer der Gr\u00fcnde ist, ich mache gerade Urlaub. Drei Wochen, davon eine Woche in Italien. Klar, wo auch\" \/>\n<meta name=\"robots\" content=\"index, follow, max-snippet:-1, max-image-preview:large, max-video-preview:-1\" \/>\n<link rel=\"canonical\" href=\"https:\/\/truckonline.de\/blog\/2016\/10\/16\/firmen-ohne-fahrer\/\" \/>\n<meta property=\"og:locale\" content=\"de_DE\" \/>\n<meta property=\"og:type\" content=\"article\" \/>\n<meta property=\"og:title\" content=\"Firmen ohne Fahrer | TruckOnline.de\" \/>\n<meta property=\"og:url\" content=\"https:\/\/truckonline.de\/blog\/2016\/10\/16\/firmen-ohne-fahrer\/\" \/>\n<meta property=\"og:site_name\" content=\"TruckOnline.de\" \/>\n<meta property=\"article:publisher\" content=\"https:\/\/www.facebook.com\/truckblog\" \/>\n<meta property=\"article:author\" content=\"https:\/\/www.facebook.com\/truckblog\" \/>\n<meta property=\"article:published_time\" content=\"2016-10-15T23:39:56+00:00\" \/>\n<meta property=\"article:modified_time\" content=\"2016-10-15T23:45:08+00:00\" \/>\n<meta property=\"og:image\" content=\"https:\/\/truckonline.de\/blog\/wp-content\/uploads\/2016\/10\/DSC01183.jpg\" \/>\n<meta name=\"author\" content=\"maik\" \/>\n<meta name=\"twitter:card\" content=\"summary_large_image\" \/>\n<meta name=\"twitter:creator\" content=\"@https:\/\/twitter.com\/truckblog\" \/>\n<meta name=\"twitter:site\" content=\"@truckblog\" \/>\n<meta name=\"twitter:label1\" content=\"Verfasst von\" \/>\n\t<meta name=\"twitter:data1\" content=\"maik\" \/>\n\t<meta name=\"twitter:label2\" content=\"Gesch\u00e4tzte Lesezeit\" \/>\n\t<meta name=\"twitter:data2\" content=\"1\u00a0Minute\" \/>\n<script type=\"application\/ld+json\" class=\"yoast-schema-graph\">{\"@context\":\"https:\\\/\\\/schema.org\",\"@graph\":[{\"@type\":\"Article\",\"@id\":\"https:\\\/\\\/truckonline.de\\\/blog\\\/2016\\\/10\\\/16\\\/firmen-ohne-fahrer\\\/#article\",\"isPartOf\":{\"@id\":\"https:\\\/\\\/truckonline.de\\\/blog\\\/2016\\\/10\\\/16\\\/firmen-ohne-fahrer\\\/\"},\"author\":{\"name\":\"maik\",\"@id\":\"https:\\\/\\\/truckonline.de\\\/blog\\\/#\\\/schema\\\/person\\\/4cb59b86ffde81f882f56439688fda19\"},\"headline\":\"Firmen ohne Fahrer\",\"datePublished\":\"2016-10-15T23:39:56+00:00\",\"dateModified\":\"2016-10-15T23:45:08+00:00\",\"mainEntityOfPage\":{\"@id\":\"https:\\\/\\\/truckonline.de\\\/blog\\\/2016\\\/10\\\/16\\\/firmen-ohne-fahrer\\\/\"},\"wordCount\":283,\"commentCount\":3,\"publisher\":{\"@id\":\"https:\\\/\\\/truckonline.de\\\/blog\\\/#\\\/schema\\\/person\\\/4cb59b86ffde81f882f56439688fda19\"},\"image\":{\"@id\":\"https:\\\/\\\/truckonline.de\\\/blog\\\/2016\\\/10\\\/16\\\/firmen-ohne-fahrer\\\/#primaryimage\"},\"thumbnailUrl\":\"https:\\\/\\\/truckonline.de\\\/blog\\\/wp-content\\\/uploads\\\/2016\\\/10\\\/DSC01183.jpg\",\"keywords\":[\"Fahrermangel\",\"Firmen\"],\"articleSection\":[\"Firmen\",\"Gedanken\"],\"inLanguage\":\"de\",\"potentialAction\":[{\"@type\":\"CommentAction\",\"name\":\"Comment\",\"target\":[\"https:\\\/\\\/truckonline.de\\\/blog\\\/2016\\\/10\\\/16\\\/firmen-ohne-fahrer\\\/#respond\"]}]},{\"@type\":\"WebPage\",\"@id\":\"https:\\\/\\\/truckonline.de\\\/blog\\\/2016\\\/10\\\/16\\\/firmen-ohne-fahrer\\\/\",\"url\":\"https:\\\/\\\/truckonline.de\\\/blog\\\/2016\\\/10\\\/16\\\/firmen-ohne-fahrer\\\/\",\"name\":\"Firmen ohne Fahrer | TruckOnline.de\",\"isPartOf\":{\"@id\":\"https:\\\/\\\/truckonline.de\\\/blog\\\/#website\"},\"primaryImageOfPage\":{\"@id\":\"https:\\\/\\\/truckonline.de\\\/blog\\\/2016\\\/10\\\/16\\\/firmen-ohne-fahrer\\\/#primaryimage\"},\"image\":{\"@id\":\"https:\\\/\\\/truckonline.de\\\/blog\\\/2016\\\/10\\\/16\\\/firmen-ohne-fahrer\\\/#primaryimage\"},\"thumbnailUrl\":\"https:\\\/\\\/truckonline.de\\\/blog\\\/wp-content\\\/uploads\\\/2016\\\/10\\\/DSC01183.jpg\",\"datePublished\":\"2016-10-15T23:39:56+00:00\",\"dateModified\":\"2016-10-15T23:45:08+00:00\",\"description\":\"Es ist gerade sehr ruhig hier in meinem Blog. Einer der Gr\u00fcnde ist, ich mache gerade Urlaub. Drei Wochen, davon eine Woche in Italien. Klar, wo auch\",\"breadcrumb\":{\"@id\":\"https:\\\/\\\/truckonline.de\\\/blog\\\/2016\\\/10\\\/16\\\/firmen-ohne-fahrer\\\/#breadcrumb\"},\"inLanguage\":\"de\",\"potentialAction\":[{\"@type\":\"ReadAction\",\"target\":[\"https:\\\/\\\/truckonline.de\\\/blog\\\/2016\\\/10\\\/16\\\/firmen-ohne-fahrer\\\/\"]}]},{\"@type\":\"ImageObject\",\"inLanguage\":\"de\",\"@id\":\"https:\\\/\\\/truckonline.de\\\/blog\\\/2016\\\/10\\\/16\\\/firmen-ohne-fahrer\\\/#primaryimage\",\"url\":\"https:\\\/\\\/truckonline.de\\\/blog\\\/wp-content\\\/uploads\\\/2016\\\/10\\\/DSC01183.jpg\",\"contentUrl\":\"https:\\\/\\\/truckonline.de\\\/blog\\\/wp-content\\\/uploads\\\/2016\\\/10\\\/DSC01183.jpg\",\"width\":550,\"height\":310,\"caption\":\"Sardegna\"},{\"@type\":\"BreadcrumbList\",\"@id\":\"https:\\\/\\\/truckonline.de\\\/blog\\\/2016\\\/10\\\/16\\\/firmen-ohne-fahrer\\\/#breadcrumb\",\"itemListElement\":[{\"@type\":\"ListItem\",\"position\":1,\"name\":\"Startseite\",\"item\":\"https:\\\/\\\/truckonline.de\\\/blog\\\/\"},{\"@type\":\"ListItem\",\"position\":2,\"name\":\"Firmen ohne Fahrer\"}]},{\"@type\":\"WebSite\",\"@id\":\"https:\\\/\\\/truckonline.de\\\/blog\\\/#website\",\"url\":\"https:\\\/\\\/truckonline.de\\\/blog\\\/\",\"name\":\"TruckOnline.de\",\"description\":\"\",\"publisher\":{\"@id\":\"https:\\\/\\\/truckonline.de\\\/blog\\\/#\\\/schema\\\/person\\\/4cb59b86ffde81f882f56439688fda19\"},\"potentialAction\":[{\"@type\":\"SearchAction\",\"target\":{\"@type\":\"EntryPoint\",\"urlTemplate\":\"https:\\\/\\\/truckonline.de\\\/blog\\\/?s={search_term_string}\"},\"query-input\":{\"@type\":\"PropertyValueSpecification\",\"valueRequired\":true,\"valueName\":\"search_term_string\"}}],\"inLanguage\":\"de\"},{\"@type\":[\"Person\",\"Organization\"],\"@id\":\"https:\\\/\\\/truckonline.de\\\/blog\\\/#\\\/schema\\\/person\\\/4cb59b86ffde81f882f56439688fda19\",\"name\":\"maik\",\"image\":{\"@type\":\"ImageObject\",\"inLanguage\":\"de\",\"@id\":\"https:\\\/\\\/truckonline.de\\\/blog\\\/wp-content\\\/uploads\\\/2019\\\/12\\\/logoinnenweiss.png\",\"url\":\"https:\\\/\\\/truckonline.de\\\/blog\\\/wp-content\\\/uploads\\\/2019\\\/12\\\/logoinnenweiss.png\",\"contentUrl\":\"https:\\\/\\\/truckonline.de\\\/blog\\\/wp-content\\\/uploads\\\/2019\\\/12\\\/logoinnenweiss.png\",\"width\":733,\"height\":125,\"caption\":\"maik\"},\"logo\":{\"@id\":\"https:\\\/\\\/truckonline.de\\\/blog\\\/wp-content\\\/uploads\\\/2019\\\/12\\\/logoinnenweiss.png\"},\"sameAs\":[\"https:\\\/\\\/www.facebook.com\\\/truckblog\",\"https:\\\/\\\/www.instagram.com\\\/truck_online\\\/\",\"https:\\\/\\\/x.com\\\/https:\\\/\\\/twitter.com\\\/truckblog\",\"https:\\\/\\\/www.youtube.com\\\/user\\\/truckonline\",\"https:\\\/\\\/www.tumblr.com\\\/truckonline\"]}]}<\/script>\n<!-- \/ Yoast SEO plugin. -->","yoast_head_json":{"title":"Firmen ohne Fahrer | TruckOnline.de","description":"Es ist gerade sehr ruhig hier in meinem Blog. Einer der Gr\u00fcnde ist, ich mache gerade Urlaub. Drei Wochen, davon eine Woche in Italien. Klar, wo auch","robots":{"index":"index","follow":"follow","max-snippet":"max-snippet:-1","max-image-preview":"max-image-preview:large","max-video-preview":"max-video-preview:-1"},"canonical":"https:\/\/truckonline.de\/blog\/2016\/10\/16\/firmen-ohne-fahrer\/","og_locale":"de_DE","og_type":"article","og_title":"Firmen ohne Fahrer | TruckOnline.de","og_url":"https:\/\/truckonline.de\/blog\/2016\/10\/16\/firmen-ohne-fahrer\/","og_site_name":"TruckOnline.de","article_publisher":"https:\/\/www.facebook.com\/truckblog","article_author":"https:\/\/www.facebook.com\/truckblog","article_published_time":"2016-10-15T23:39:56+00:00","article_modified_time":"2016-10-15T23:45:08+00:00","og_image":[{"url":"https:\/\/truckonline.de\/blog\/wp-content\/uploads\/2016\/10\/DSC01183.jpg","type":"","width":"","height":""}],"author":"maik","twitter_card":"summary_large_image","twitter_creator":"@https:\/\/twitter.com\/truckblog","twitter_site":"@truckblog","twitter_misc":{"Verfasst von":"maik","Gesch\u00e4tzte Lesezeit":"1\u00a0Minute"},"schema":{"@context":"https:\/\/schema.org","@graph":[{"@type":"Article","@id":"https:\/\/truckonline.de\/blog\/2016\/10\/16\/firmen-ohne-fahrer\/#article","isPartOf":{"@id":"https:\/\/truckonline.de\/blog\/2016\/10\/16\/firmen-ohne-fahrer\/"},"author":{"name":"maik","@id":"https:\/\/truckonline.de\/blog\/#\/schema\/person\/4cb59b86ffde81f882f56439688fda19"},"headline":"Firmen ohne Fahrer","datePublished":"2016-10-15T23:39:56+00:00","dateModified":"2016-10-15T23:45:08+00:00","mainEntityOfPage":{"@id":"https:\/\/truckonline.de\/blog\/2016\/10\/16\/firmen-ohne-fahrer\/"},"wordCount":283,"commentCount":3,"publisher":{"@id":"https:\/\/truckonline.de\/blog\/#\/schema\/person\/4cb59b86ffde81f882f56439688fda19"},"image":{"@id":"https:\/\/truckonline.de\/blog\/2016\/10\/16\/firmen-ohne-fahrer\/#primaryimage"},"thumbnailUrl":"https:\/\/truckonline.de\/blog\/wp-content\/uploads\/2016\/10\/DSC01183.jpg","keywords":["Fahrermangel","Firmen"],"articleSection":["Firmen","Gedanken"],"inLanguage":"de","potentialAction":[{"@type":"CommentAction","name":"Comment","target":["https:\/\/truckonline.de\/blog\/2016\/10\/16\/firmen-ohne-fahrer\/#respond"]}]},{"@type":"WebPage","@id":"https:\/\/truckonline.de\/blog\/2016\/10\/16\/firmen-ohne-fahrer\/","url":"https:\/\/truckonline.de\/blog\/2016\/10\/16\/firmen-ohne-fahrer\/","name":"Firmen ohne Fahrer | TruckOnline.de","isPartOf":{"@id":"https:\/\/truckonline.de\/blog\/#website"},"primaryImageOfPage":{"@id":"https:\/\/truckonline.de\/blog\/2016\/10\/16\/firmen-ohne-fahrer\/#primaryimage"},"image":{"@id":"https:\/\/truckonline.de\/blog\/2016\/10\/16\/firmen-ohne-fahrer\/#primaryimage"},"thumbnailUrl":"https:\/\/truckonline.de\/blog\/wp-content\/uploads\/2016\/10\/DSC01183.jpg","datePublished":"2016-10-15T23:39:56+00:00","dateModified":"2016-10-15T23:45:08+00:00","description":"Es ist gerade sehr ruhig hier in meinem Blog. Einer der Gr\u00fcnde ist, ich mache gerade Urlaub. Drei Wochen, davon eine Woche in Italien. Klar, wo auch","breadcrumb":{"@id":"https:\/\/truckonline.de\/blog\/2016\/10\/16\/firmen-ohne-fahrer\/#breadcrumb"},"inLanguage":"de","potentialAction":[{"@type":"ReadAction","target":["https:\/\/truckonline.de\/blog\/2016\/10\/16\/firmen-ohne-fahrer\/"]}]},{"@type":"ImageObject","inLanguage":"de","@id":"https:\/\/truckonline.de\/blog\/2016\/10\/16\/firmen-ohne-fahrer\/#primaryimage","url":"https:\/\/truckonline.de\/blog\/wp-content\/uploads\/2016\/10\/DSC01183.jpg","contentUrl":"https:\/\/truckonline.de\/blog\/wp-content\/uploads\/2016\/10\/DSC01183.jpg","width":550,"height":310,"caption":"Sardegna"},{"@type":"BreadcrumbList","@id":"https:\/\/truckonline.de\/blog\/2016\/10\/16\/firmen-ohne-fahrer\/#breadcrumb","itemListElement":[{"@type":"ListItem","position":1,"name":"Startseite","item":"https:\/\/truckonline.de\/blog\/"},{"@type":"ListItem","position":2,"name":"Firmen ohne Fahrer"}]},{"@type":"WebSite","@id":"https:\/\/truckonline.de\/blog\/#website","url":"https:\/\/truckonline.de\/blog\/","name":"TruckOnline.de","description":"","publisher":{"@id":"https:\/\/truckonline.de\/blog\/#\/schema\/person\/4cb59b86ffde81f882f56439688fda19"},"potentialAction":[{"@type":"SearchAction","target":{"@type":"EntryPoint","urlTemplate":"https:\/\/truckonline.de\/blog\/?s={search_term_string}"},"query-input":{"@type":"PropertyValueSpecification","valueRequired":true,"valueName":"search_term_string"}}],"inLanguage":"de"},{"@type":["Person","Organization"],"@id":"https:\/\/truckonline.de\/blog\/#\/schema\/person\/4cb59b86ffde81f882f56439688fda19","name":"maik","image":{"@type":"ImageObject","inLanguage":"de","@id":"https:\/\/truckonline.de\/blog\/wp-content\/uploads\/2019\/12\/logoinnenweiss.png","url":"https:\/\/truckonline.de\/blog\/wp-content\/uploads\/2019\/12\/logoinnenweiss.png","contentUrl":"https:\/\/truckonline.de\/blog\/wp-content\/uploads\/2019\/12\/logoinnenweiss.png","width":733,"height":125,"caption":"maik"},"logo":{"@id":"https:\/\/truckonline.de\/blog\/wp-content\/uploads\/2019\/12\/logoinnenweiss.png"},"sameAs":["https:\/\/www.facebook.com\/truckblog","https:\/\/www.instagram.com\/truck_online\/","https:\/\/x.com\/https:\/\/twitter.com\/truckblog","https:\/\/www.youtube.com\/user\/truckonline","https:\/\/www.tumblr.com\/truckonline"]}]}},"_links":{"self":[{"href":"https:\/\/truckonline.de\/blog\/wp-json\/wp\/v2\/posts\/6681","targetHints":{"allow":["GET"]}}],"collection":[{"href":"https:\/\/truckonline.de\/blog\/wp-json\/wp\/v2\/posts"}],"about":[{"href":"https:\/\/truckonline.de\/blog\/wp-json\/wp\/v2\/types\/post"}],"author":[{"embeddable":true,"href":"https:\/\/truckonline.de\/blog\/wp-json\/wp\/v2\/users\/3"}],"replies":[{"embeddable":true,"href":"https:\/\/truckonline.de\/blog\/wp-json\/wp\/v2\/comments?post=6681"}],"version-history":[{"count":6,"href":"https:\/\/truckonline.de\/blog\/wp-json\/wp\/v2\/posts\/6681\/revisions"}],"predecessor-version":[{"id":6688,"href":"https:\/\/truckonline.de\/blog\/wp-json\/wp\/v2\/posts\/6681\/revisions\/6688"}],"wp:attachment":[{"href":"https:\/\/truckonline.de\/blog\/wp-json\/wp\/v2\/media?parent=6681"}],"wp:term":[{"taxonomy":"category","embeddable":true,"href":"https:\/\/truckonline.de\/blog\/wp-json\/wp\/v2\/categories?post=6681"},{"taxonomy":"post_tag","embeddable":true,"href":"https:\/\/truckonline.de\/blog\/wp-json\/wp\/v2\/tags?post=6681"}],"curies":[{"name":"wp","href":"https:\/\/api.w.org\/{rel}","templated":true}]}}