{"id":6643,"date":"2016-09-04T11:32:49","date_gmt":"2016-09-04T09:32:49","guid":{"rendered":"https:\/\/truckonline.de\/blog\/?p=6643"},"modified":"2016-09-04T11:32:49","modified_gmt":"2016-09-04T09:32:49","slug":"sie-haben-post-109","status":"publish","type":"post","link":"https:\/\/truckonline.de\/blog\/2016\/09\/04\/sie-haben-post-109\/","title":{"rendered":"Sie haben Post"},"content":{"rendered":"<p>Vor den T\u00fccken des Winters hat Andr\u00e9 ein wenig Bammel: <\/p>\n<blockquote><p>Hallo&#8230; Es ist ja noch ein zeitchen hin mit dem Winter&#8230; Aber ich bin jetzt auch im Fernverkehr und m\u00f6chte gerne wissen wie ich den Winter heile \u00fcberstehe.. Gibt es eine oder mehrere Grundregeln die ich beachten muss?? Das ich nicht auf Glatteis wegrutsche oder im gef\u00e4lle&#8230; Gib mir bitte soviel Tipps wie m\u00f6glich.. Dankesch\u00f6n <\/p><\/blockquote>\n<p>Hallo Andr\u00e9,<\/p>\n<p>dass brauchst Du eigentlich nicht. Was Du aber haben solltest, ist Respekt vor der Masse die Du bewegst. Fahre bei Schnee und Eis langsam und lass Dich nicht stressen. Erst recht nicht von anderen Kollegen, die meinen, es ginge auch schneller und Dich \u00fcberholen wollen. Bewege den Lkw so, wie Du es f\u00fcr vertretbar h\u00e4lst. Denn wenn das Teil im Graben liegt, hilft Dir keiner von denen.<\/p>\n<p>Wenn Du den Eindruck hast, es geht nichts mehr, fahre auf einen Parkplatz. Der Winterdienst kommt irgendwann. Was Du immer im Kopf haben musst: Benutze bei glatter Fahrbahn nur die Betriebsbremse. Also nie den Retarder oder die Motorbremse. Letztere wirken nur auf die Antriebsachse, dass Gespann kann sich dadurch quer stellen.<\/p>\n<p>Also. Immer ruhig bleiben. Ein guter Fahrer zeichnet sich nicht nur dadurch aus, dass er schnell von A nach B kommt, sondern auch sicher. Ach \u00fcbrigens. Dieser Artikel ist zwar schon einige Jahre alt, beinhaltet aber trotzdem gute Tipps: <a href=\"https:\/\/www.eurotransport.de\/news\/lkw-fahren-im-winter-so-meistert-man-brenzlige-situationen-461474.html\" target=\"_blank\">So meistert man brenzlige Situationen<\/a><\/p>\n<p>Stammleser Hajo hat in der <em><a href=\"https:\/\/www.fr-online.de\/\" target=\"_blank\">Frankfurter Rundschau<\/a><\/em> einen Artikel \u00fcber den ersten \u00f6ffentlichen E-Highway der Welt gelesen:<\/p>\n<blockquote><p>Hallo Maik,<\/p>\n<p>soeben habe ich diesen Artikel glesen, vielleicht etwas f\u00fcr Deinen Blog:<\/p>\n<p><a href=\"https:\/\/www.fr-online.de\/wirtschaft\/schweden-e-highways-fuer-den-lkw-verkehr,1472780,34674580.html\" target=\"_blank\">fr-online.de\/wirtschaft\/schweden-e-highways<\/a><\/p>\n<p>Herzliche Gr\u00fcsse<br \/>\nHajo<\/p><\/blockquote>\n<p>Das System kommt von Siemens und funktioniert \u00e4hnlich wie bei der Eisenbahn. Im Dach des Lkw befinden sich Sensoren die erkennen, ob sich \u00fcber dem Fahrzeug eine Oberleitung befindet. Ist das der Fall, werden die im Dach eingebauten Abnehmer ausgefahren und so der Strom zum Elektromotor und den Batterien des Lkw geleitet.<br \/>\n\u00c4hnlich nur deshalb, weil diese Lastwagen mit einer Hybridtechnik ausgestattet sind. Die k\u00f6nnen also sowohl elektrisch als auch mit Diesel fahren.<\/p>\n<p>Ich kann mir aber nicht vorstellen, ob das wirklich die Zukunft ist. So m\u00fcssten die daf\u00fcr vorgesehenen Autobahnen mit den Oberleitungen ausgestattet werden. Und das in einer solchen H\u00f6he, dass auch Lkw durch passen. F\u00fcr Pkw ist dieses System also nicht geeignet.<br \/>\nDazu kommen Witterungseinfl\u00fcsse. Im Winter vereisen Leitungen oft. Gerade die Bahn hat ja damit ihre Schwierigkeiten. <\/p>\n<p>Sarina hat eine Petition gestartet:<\/p>\n<blockquote><p>Ich habe eine Petition gestartet und suche nun Unterst\u00fctzer, bzw Helfer, die mir bei der Verbreitung und Bekanntmachung helfen.<br \/>\nDaher wende ich mich an Sie. Lesen Sie sich alles in Ruhe durch und schauen Sie sich die Seite in Ruhe an: <\/p>\n<p>Openpetion.de<br \/>\nAuf Suche gehen und Sarina Schulz eingeben.<\/p>\n<p>Vielen Dank<\/p><\/blockquote>\n<p>Ihr braucht nicht zu suchen. Hier ist der Link: <a href=\"https:\/\/www.openpetition.de\/petition\/online\/rente-mit-60-fuer-lkw-fahrer\" target=\"_blank\">Rente mit 60 f\u00fcr Lkw-Fahrer ohne Abz\u00fcge<\/a><\/p>\n<p>Rente mit 60? Mein Traum. Vielleicht gibt es bis dahin auch Treppenlifte f\u00fcr Lkw. Aber Spass beiseite. Ich unterzeichne diese Petition nicht. Die Begr\u00fcndung ist \u00fcberhaupt nicht durchdacht. S\u00e4tze wie<\/p>\n<blockquote><p>Ebenso wird gar nicht die Fahrt zum Betriebshof oder nach Hause ber\u00fccksichtigt. Manche Fahrer sind schon eine Stunde und mehr privat unterwegs, bevor sie mit dem Lkw starten.<\/p><\/blockquote>\n<p>wirken schon komisch. Einen Anfahrtsweg zum Arbeitsplatz haben viele Arbeitnehmer. Also wenn schon, dann Rente mit 60 f\u00fcr alle. Das das nicht geht, ist klar. Es gibt sinnvollere Forderungen.<\/p>\n","protected":false},"excerpt":{"rendered":"<p>Vor den T\u00fccken des Winters hat Andr\u00e9 ein wenig Bammel: Hallo&#8230; Es ist ja noch ein zeitchen hin mit dem Winter&#8230; Aber ich bin jetzt&#8230;<\/p>\n<div class=\"more-link-wrapper\"><a class=\"more-link\" href=\"https:\/\/truckonline.de\/blog\/2016\/09\/04\/sie-haben-post-109\/\">Sie haben Ihr Ziel fast erreicht.<span class=\"screen-reader-text\">Sie haben Post<\/span><\/a><\/div>\n","protected":false},"author":3,"featured_media":0,"comment_status":"open","ping_status":"open","sticky":false,"template":"","format":"standard","meta":{"iawp_total_views":1,"_metis_text_type":"","_metis_text_length":0,"_post_count":0,"footnotes":""},"categories":[633,37,49],"tags":[144,445],"class_list":["post-6643","post","type-post","status-publish","format-standard","hentry","category-email-world-wide-web","category-strassen","category-technik","tag-email","tag-post","ratio-2-1","entry"],"yoast_head":"<!-- This site is optimized with the Yoast SEO plugin v27.5 - https:\/\/yoast.com\/product\/yoast-seo-wordpress\/ -->\n<title>Sie haben Post | TruckOnline.de<\/title>\n<meta name=\"description\" content=\"Vor den T\u00fccken des Winters hat Andr\u00e9 ein wenig Bammel: Hallo... Es ist ja noch ein zeitchen hin mit dem Winter... Aber ich bin jetzt auch im Fernverkehr\" \/>\n<meta name=\"robots\" content=\"index, follow, max-snippet:-1, max-image-preview:large, max-video-preview:-1\" \/>\n<link rel=\"canonical\" href=\"https:\/\/truckonline.de\/blog\/2016\/09\/04\/sie-haben-post-109\/\" \/>\n<meta property=\"og:locale\" content=\"de_DE\" \/>\n<meta property=\"og:type\" content=\"article\" \/>\n<meta property=\"og:title\" content=\"Sie haben Post | TruckOnline.de\" \/>\n<meta property=\"og:url\" content=\"https:\/\/truckonline.de\/blog\/2016\/09\/04\/sie-haben-post-109\/\" \/>\n<meta property=\"og:site_name\" content=\"TruckOnline.de\" \/>\n<meta property=\"article:publisher\" content=\"https:\/\/www.facebook.com\/truckblog\" \/>\n<meta property=\"article:author\" content=\"https:\/\/www.facebook.com\/truckblog\" \/>\n<meta property=\"article:published_time\" content=\"2016-09-04T09:32:49+00:00\" \/>\n<meta property=\"og:image\" content=\"https:\/\/truckonline.de\/blog\/wp-content\/uploads\/2019\/12\/IMG_20191229_225424-scaled.jpg\" \/>\n\t<meta property=\"og:image:width\" content=\"2560\" \/>\n\t<meta property=\"og:image:height\" content=\"1920\" \/>\n\t<meta property=\"og:image:type\" content=\"image\/jpeg\" \/>\n<meta name=\"author\" content=\"maik\" \/>\n<meta name=\"twitter:card\" content=\"summary_large_image\" \/>\n<meta name=\"twitter:creator\" content=\"@https:\/\/twitter.com\/truckblog\" \/>\n<meta name=\"twitter:site\" content=\"@truckblog\" \/>\n<meta name=\"twitter:label1\" content=\"Verfasst von\" \/>\n\t<meta name=\"twitter:data1\" content=\"maik\" \/>\n\t<meta name=\"twitter:label2\" content=\"Gesch\u00e4tzte Lesezeit\" \/>\n\t<meta name=\"twitter:data2\" content=\"3\u00a0Minuten\" \/>\n<script type=\"application\/ld+json\" class=\"yoast-schema-graph\">{\"@context\":\"https:\\\/\\\/schema.org\",\"@graph\":[{\"@type\":\"Article\",\"@id\":\"https:\\\/\\\/truckonline.de\\\/blog\\\/2016\\\/09\\\/04\\\/sie-haben-post-109\\\/#article\",\"isPartOf\":{\"@id\":\"https:\\\/\\\/truckonline.de\\\/blog\\\/2016\\\/09\\\/04\\\/sie-haben-post-109\\\/\"},\"author\":{\"name\":\"maik\",\"@id\":\"https:\\\/\\\/truckonline.de\\\/blog\\\/#\\\/schema\\\/person\\\/4cb59b86ffde81f882f56439688fda19\"},\"headline\":\"Sie haben Post\",\"datePublished\":\"2016-09-04T09:32:49+00:00\",\"mainEntityOfPage\":{\"@id\":\"https:\\\/\\\/truckonline.de\\\/blog\\\/2016\\\/09\\\/04\\\/sie-haben-post-109\\\/\"},\"wordCount\":580,\"commentCount\":10,\"publisher\":{\"@id\":\"https:\\\/\\\/truckonline.de\\\/blog\\\/#\\\/schema\\\/person\\\/4cb59b86ffde81f882f56439688fda19\"},\"keywords\":[\"eMail\",\"Post\"],\"articleSection\":[\"eMail\",\"Strassen\",\"Technik\"],\"inLanguage\":\"de\",\"potentialAction\":[{\"@type\":\"CommentAction\",\"name\":\"Comment\",\"target\":[\"https:\\\/\\\/truckonline.de\\\/blog\\\/2016\\\/09\\\/04\\\/sie-haben-post-109\\\/#respond\"]}]},{\"@type\":\"WebPage\",\"@id\":\"https:\\\/\\\/truckonline.de\\\/blog\\\/2016\\\/09\\\/04\\\/sie-haben-post-109\\\/\",\"url\":\"https:\\\/\\\/truckonline.de\\\/blog\\\/2016\\\/09\\\/04\\\/sie-haben-post-109\\\/\",\"name\":\"Sie haben Post | TruckOnline.de\",\"isPartOf\":{\"@id\":\"https:\\\/\\\/truckonline.de\\\/blog\\\/#website\"},\"datePublished\":\"2016-09-04T09:32:49+00:00\",\"description\":\"Vor den T\u00fccken des Winters hat Andr\u00e9 ein wenig Bammel: Hallo... Es ist ja noch ein zeitchen hin mit dem Winter... Aber ich bin jetzt auch im Fernverkehr\",\"breadcrumb\":{\"@id\":\"https:\\\/\\\/truckonline.de\\\/blog\\\/2016\\\/09\\\/04\\\/sie-haben-post-109\\\/#breadcrumb\"},\"inLanguage\":\"de\",\"potentialAction\":[{\"@type\":\"ReadAction\",\"target\":[\"https:\\\/\\\/truckonline.de\\\/blog\\\/2016\\\/09\\\/04\\\/sie-haben-post-109\\\/\"]}]},{\"@type\":\"BreadcrumbList\",\"@id\":\"https:\\\/\\\/truckonline.de\\\/blog\\\/2016\\\/09\\\/04\\\/sie-haben-post-109\\\/#breadcrumb\",\"itemListElement\":[{\"@type\":\"ListItem\",\"position\":1,\"name\":\"Startseite\",\"item\":\"https:\\\/\\\/truckonline.de\\\/blog\\\/\"},{\"@type\":\"ListItem\",\"position\":2,\"name\":\"Sie haben Post\"}]},{\"@type\":\"WebSite\",\"@id\":\"https:\\\/\\\/truckonline.de\\\/blog\\\/#website\",\"url\":\"https:\\\/\\\/truckonline.de\\\/blog\\\/\",\"name\":\"TruckOnline.de\",\"description\":\"\",\"publisher\":{\"@id\":\"https:\\\/\\\/truckonline.de\\\/blog\\\/#\\\/schema\\\/person\\\/4cb59b86ffde81f882f56439688fda19\"},\"potentialAction\":[{\"@type\":\"SearchAction\",\"target\":{\"@type\":\"EntryPoint\",\"urlTemplate\":\"https:\\\/\\\/truckonline.de\\\/blog\\\/?s={search_term_string}\"},\"query-input\":{\"@type\":\"PropertyValueSpecification\",\"valueRequired\":true,\"valueName\":\"search_term_string\"}}],\"inLanguage\":\"de\"},{\"@type\":[\"Person\",\"Organization\"],\"@id\":\"https:\\\/\\\/truckonline.de\\\/blog\\\/#\\\/schema\\\/person\\\/4cb59b86ffde81f882f56439688fda19\",\"name\":\"maik\",\"image\":{\"@type\":\"ImageObject\",\"inLanguage\":\"de\",\"@id\":\"https:\\\/\\\/truckonline.de\\\/blog\\\/wp-content\\\/uploads\\\/2019\\\/12\\\/logoinnenweiss.png\",\"url\":\"https:\\\/\\\/truckonline.de\\\/blog\\\/wp-content\\\/uploads\\\/2019\\\/12\\\/logoinnenweiss.png\",\"contentUrl\":\"https:\\\/\\\/truckonline.de\\\/blog\\\/wp-content\\\/uploads\\\/2019\\\/12\\\/logoinnenweiss.png\",\"width\":733,\"height\":125,\"caption\":\"maik\"},\"logo\":{\"@id\":\"https:\\\/\\\/truckonline.de\\\/blog\\\/wp-content\\\/uploads\\\/2019\\\/12\\\/logoinnenweiss.png\"},\"sameAs\":[\"https:\\\/\\\/www.facebook.com\\\/truckblog\",\"https:\\\/\\\/www.instagram.com\\\/truck_online\\\/\",\"https:\\\/\\\/x.com\\\/https:\\\/\\\/twitter.com\\\/truckblog\",\"https:\\\/\\\/www.youtube.com\\\/user\\\/truckonline\",\"https:\\\/\\\/www.tumblr.com\\\/truckonline\"]}]}<\/script>\n<!-- \/ Yoast SEO plugin. -->","yoast_head_json":{"title":"Sie haben Post | TruckOnline.de","description":"Vor den T\u00fccken des Winters hat Andr\u00e9 ein wenig Bammel: Hallo... Es ist ja noch ein zeitchen hin mit dem Winter... Aber ich bin jetzt auch im Fernverkehr","robots":{"index":"index","follow":"follow","max-snippet":"max-snippet:-1","max-image-preview":"max-image-preview:large","max-video-preview":"max-video-preview:-1"},"canonical":"https:\/\/truckonline.de\/blog\/2016\/09\/04\/sie-haben-post-109\/","og_locale":"de_DE","og_type":"article","og_title":"Sie haben Post | TruckOnline.de","og_url":"https:\/\/truckonline.de\/blog\/2016\/09\/04\/sie-haben-post-109\/","og_site_name":"TruckOnline.de","article_publisher":"https:\/\/www.facebook.com\/truckblog","article_author":"https:\/\/www.facebook.com\/truckblog","article_published_time":"2016-09-04T09:32:49+00:00","og_image":[{"width":2560,"height":1920,"url":"https:\/\/truckonline.de\/blog\/wp-content\/uploads\/2019\/12\/IMG_20191229_225424-scaled.jpg","type":"image\/jpeg"}],"author":"maik","twitter_card":"summary_large_image","twitter_creator":"@https:\/\/twitter.com\/truckblog","twitter_site":"@truckblog","twitter_misc":{"Verfasst von":"maik","Gesch\u00e4tzte Lesezeit":"3\u00a0Minuten"},"schema":{"@context":"https:\/\/schema.org","@graph":[{"@type":"Article","@id":"https:\/\/truckonline.de\/blog\/2016\/09\/04\/sie-haben-post-109\/#article","isPartOf":{"@id":"https:\/\/truckonline.de\/blog\/2016\/09\/04\/sie-haben-post-109\/"},"author":{"name":"maik","@id":"https:\/\/truckonline.de\/blog\/#\/schema\/person\/4cb59b86ffde81f882f56439688fda19"},"headline":"Sie haben Post","datePublished":"2016-09-04T09:32:49+00:00","mainEntityOfPage":{"@id":"https:\/\/truckonline.de\/blog\/2016\/09\/04\/sie-haben-post-109\/"},"wordCount":580,"commentCount":10,"publisher":{"@id":"https:\/\/truckonline.de\/blog\/#\/schema\/person\/4cb59b86ffde81f882f56439688fda19"},"keywords":["eMail","Post"],"articleSection":["eMail","Strassen","Technik"],"inLanguage":"de","potentialAction":[{"@type":"CommentAction","name":"Comment","target":["https:\/\/truckonline.de\/blog\/2016\/09\/04\/sie-haben-post-109\/#respond"]}]},{"@type":"WebPage","@id":"https:\/\/truckonline.de\/blog\/2016\/09\/04\/sie-haben-post-109\/","url":"https:\/\/truckonline.de\/blog\/2016\/09\/04\/sie-haben-post-109\/","name":"Sie haben Post | TruckOnline.de","isPartOf":{"@id":"https:\/\/truckonline.de\/blog\/#website"},"datePublished":"2016-09-04T09:32:49+00:00","description":"Vor den T\u00fccken des Winters hat Andr\u00e9 ein wenig Bammel: Hallo... Es ist ja noch ein zeitchen hin mit dem Winter... Aber ich bin jetzt auch im Fernverkehr","breadcrumb":{"@id":"https:\/\/truckonline.de\/blog\/2016\/09\/04\/sie-haben-post-109\/#breadcrumb"},"inLanguage":"de","potentialAction":[{"@type":"ReadAction","target":["https:\/\/truckonline.de\/blog\/2016\/09\/04\/sie-haben-post-109\/"]}]},{"@type":"BreadcrumbList","@id":"https:\/\/truckonline.de\/blog\/2016\/09\/04\/sie-haben-post-109\/#breadcrumb","itemListElement":[{"@type":"ListItem","position":1,"name":"Startseite","item":"https:\/\/truckonline.de\/blog\/"},{"@type":"ListItem","position":2,"name":"Sie haben Post"}]},{"@type":"WebSite","@id":"https:\/\/truckonline.de\/blog\/#website","url":"https:\/\/truckonline.de\/blog\/","name":"TruckOnline.de","description":"","publisher":{"@id":"https:\/\/truckonline.de\/blog\/#\/schema\/person\/4cb59b86ffde81f882f56439688fda19"},"potentialAction":[{"@type":"SearchAction","target":{"@type":"EntryPoint","urlTemplate":"https:\/\/truckonline.de\/blog\/?s={search_term_string}"},"query-input":{"@type":"PropertyValueSpecification","valueRequired":true,"valueName":"search_term_string"}}],"inLanguage":"de"},{"@type":["Person","Organization"],"@id":"https:\/\/truckonline.de\/blog\/#\/schema\/person\/4cb59b86ffde81f882f56439688fda19","name":"maik","image":{"@type":"ImageObject","inLanguage":"de","@id":"https:\/\/truckonline.de\/blog\/wp-content\/uploads\/2019\/12\/logoinnenweiss.png","url":"https:\/\/truckonline.de\/blog\/wp-content\/uploads\/2019\/12\/logoinnenweiss.png","contentUrl":"https:\/\/truckonline.de\/blog\/wp-content\/uploads\/2019\/12\/logoinnenweiss.png","width":733,"height":125,"caption":"maik"},"logo":{"@id":"https:\/\/truckonline.de\/blog\/wp-content\/uploads\/2019\/12\/logoinnenweiss.png"},"sameAs":["https:\/\/www.facebook.com\/truckblog","https:\/\/www.instagram.com\/truck_online\/","https:\/\/x.com\/https:\/\/twitter.com\/truckblog","https:\/\/www.youtube.com\/user\/truckonline","https:\/\/www.tumblr.com\/truckonline"]}]}},"_links":{"self":[{"href":"https:\/\/truckonline.de\/blog\/wp-json\/wp\/v2\/posts\/6643","targetHints":{"allow":["GET"]}}],"collection":[{"href":"https:\/\/truckonline.de\/blog\/wp-json\/wp\/v2\/posts"}],"about":[{"href":"https:\/\/truckonline.de\/blog\/wp-json\/wp\/v2\/types\/post"}],"author":[{"embeddable":true,"href":"https:\/\/truckonline.de\/blog\/wp-json\/wp\/v2\/users\/3"}],"replies":[{"embeddable":true,"href":"https:\/\/truckonline.de\/blog\/wp-json\/wp\/v2\/comments?post=6643"}],"version-history":[{"count":1,"href":"https:\/\/truckonline.de\/blog\/wp-json\/wp\/v2\/posts\/6643\/revisions"}],"predecessor-version":[{"id":6644,"href":"https:\/\/truckonline.de\/blog\/wp-json\/wp\/v2\/posts\/6643\/revisions\/6644"}],"wp:attachment":[{"href":"https:\/\/truckonline.de\/blog\/wp-json\/wp\/v2\/media?parent=6643"}],"wp:term":[{"taxonomy":"category","embeddable":true,"href":"https:\/\/truckonline.de\/blog\/wp-json\/wp\/v2\/categories?post=6643"},{"taxonomy":"post_tag","embeddable":true,"href":"https:\/\/truckonline.de\/blog\/wp-json\/wp\/v2\/tags?post=6643"}],"curies":[{"name":"wp","href":"https:\/\/api.w.org\/{rel}","templated":true}]}}