{"id":6558,"date":"2016-07-14T18:32:00","date_gmt":"2016-07-14T16:32:00","guid":{"rendered":"https:\/\/truckonline.de\/blog\/?p=6558"},"modified":"2016-07-17T19:01:13","modified_gmt":"2016-07-17T17:01:13","slug":"keine-uberraschung","status":"publish","type":"post","link":"https:\/\/truckonline.de\/blog\/2016\/07\/14\/keine-uberraschung\/","title":{"rendered":"Keine \u00dcberraschung"},"content":{"rendered":"<p>Es ist keine gro\u00dfe \u00dcberraschung, dass sich bereits zahlreiche Lastwagen im Besitz von Speditionen befinden, die der Euro-6 Norm entsprechen. Schlie\u00dflich ist die Abgasnorm bereits seit 2014 verpflichtend. Dies bedeutet wiederum, dass bereits viele Spediteure Erfahrungen gesammelt haben. Die Fuhrparks etlicher Betriebe umfassen daher eine gewisse Anzahl entsprechender Fahrzeuge.<\/p>\n<p>Mittlerweile zeigen sich die Spediteure aufgeschlossen. Auch die anf\u00e4ngliche Zur\u00fcckhaltung vieler Speditionen gegen die Modelle mit Erf\u00fcllung der Euro-6 Norm geh\u00f6rt der Vergangenheit an. Hierf\u00fcr zeigen sich gleich mehrere Gr\u00fcnde verantwortlich, insbesondere die Tatsache, dass der erhoffte <a href=\"https:\/\/www.bundesregierung.de\/Content\/DE\/Artikel\/2014\/07\/2014-07-30-lkw-maut.html\">Finanzvorteil bei der LKW-Maut<\/a> nun existiert.<\/p>\n<p>Nat\u00fcrlich sind die Mehrkosten nicht zu untersch\u00e4tzen, belaufen sie sich doch auf einen gr\u00f6\u00dferen vierstelligen Betrag. In diesem Zusammenhang ist auf den Kraftstoffverbrauch zu verweisen. Die Euro-6 Norm versprach gegen\u00fcber der Euro-5 Norm keine allzu gro\u00dfe Ersparnis. Die Vorteile liegen vielmehr bei der Abgasbehandlung. Zunehmend mehr Ingenieure sind sich dar\u00fcber einig, dass die Motoren nicht mehr viel sparsamer werden k\u00f6nnen. K\u00fcnftige Verbesserungen beim Kraftstoffverbrauch werden eher auf Einsparungen beim Fahrzeuggewicht sowie Verbesserungen bei der Aerodynamik zur\u00fcckzuf\u00fchren sein.<\/p>\n<p>Anfangs waren Spediteure auch verunsichert, weil wom\u00f6glich in absehbarer Zeit die Euro-7 Norm folgen k\u00f6nnte. Ob es tats\u00e4chlich dazu kommt, bleibt jedoch abzuwarten. Gerade weil sich im Bereich der Motoren viel getan hat und weitere Verbesserungen nur noch bedingt zu erzielen sind, k\u00f6nnte es noch eine ganze Weile dauern, bis die n\u00e4chste Norm kommt.<\/p>\n<p>F\u00fcr Euro6-Lkw spricht au\u00dferdem die Tatsache, dass es Vorteile bei der Besteuerung gibt. Immer mehr Transportunternehmen <a href=\"https:\/\/truckonline.de\/blog\/galerie\/\" target=\"_blank\">erneuern ihre Lkw-Flotten<\/a> und stellen auf schadstoffarme Fahrzeuge um. Investitionen, die sich schon mittelfristig amortisieren: Denn mit emissionsarmen Nutzfahrzeugen lassen sich die Betriebskosten &#8211; etwa bei der Lkw-Maut &#8211; erheblich senken und zugleich steigende gesetzliche Anforderungen erf\u00fcllen.<\/p>\n<p>Immerhin sind die Vorteile bei der Abgasbehandlung nicht zu \u00fcbersehen. Gegen\u00fcber Fahrzeugen mit Euro-5 Standard verspricht Euro-6 eine Verringerung des Aussto\u00dfes an Stickoxiden von bis zu 80 Prozent. Zumal auch die Anzahl an ausgesto\u00dfenen Ru\u00dfpartikeln um bis zu zwei Drittel zur\u00fcckgeht.<\/p>\n<p><img loading=\"lazy\" decoding=\"async\" src=\"https:\/\/truckonline.de\/blog\/wp-content\/uploads\/2016\/07\/mb.jpg\" alt=\"Daimler Lkw\" width=\"550\" height=\"413\" class=\"aligncenter size-full wp-image-6559\" srcset=\"https:\/\/truckonline.de\/blog\/wp-content\/uploads\/2016\/07\/mb.jpg 550w, https:\/\/truckonline.de\/blog\/wp-content\/uploads\/2016\/07\/mb-549x412.jpg 549w\" sizes=\"auto, (max-width: 550px) 100vw, 550px\" \/><\/p>\n<p>Mittlerweile ist auch am Gebrauchtmarkt eine gr\u00f6\u00dfere Anzahl an Zugmaschinen erh\u00e4ltlich, die den Euro-6 Standard erf\u00fcllen. Ein Blick in ein Portal f\u00fcr gebrauchte Zugmaschinen, wie z.B. unter anderem das von Mobile.de, gibt schnell Aufschluss \u00fcber die Verf\u00fcgbarkeit von <a href=\"https:\/\/www.mobile.de\/\">gebrauchten Trucks<\/a>, die der Euro-6 Norm entsprechen. Derzeit ist das Angebot an entsprechenden Lastwagen noch sehr \u00fcberschaubar, doch da wird sich noch viel tun. So haben dann auch Unternehmen, die bei ihren Nutzfahrzeugen vorzugsweise auf gebrauchte Maschinen setzen, ebenfalls die M\u00f6glichkeit, Vorz\u00fcge der Euro-6 Norm auszukosten.<\/p>\n","protected":false},"excerpt":{"rendered":"<p>Es ist keine gro\u00dfe \u00dcberraschung, dass sich bereits zahlreiche Lastwagen im Besitz von Speditionen befinden, die der Euro-6 Norm entsprechen. Schlie\u00dflich ist die Abgasnorm bereits&#8230;<\/p>\n<div class=\"more-link-wrapper\"><a class=\"more-link\" href=\"https:\/\/truckonline.de\/blog\/2016\/07\/14\/keine-uberraschung\/\">Sie haben Ihr Ziel fast erreicht.<span class=\"screen-reader-text\">Keine \u00dcberraschung<\/span><\/a><\/div>\n","protected":false},"author":3,"featured_media":0,"comment_status":"closed","ping_status":"closed","sticky":false,"template":"","format":"standard","meta":{"iawp_total_views":1,"_metis_text_type":"","_metis_text_length":0,"_post_count":0,"footnotes":""},"categories":[11,49],"tags":[1881,1888],"class_list":["post-6558","post","type-post","status-publish","format-standard","hentry","category-lkw","category-technik","tag-lkw","tag-technik","ratio-2-1","entry"],"yoast_head":"<!-- This site is optimized with the Yoast SEO plugin v27.4 - https:\/\/yoast.com\/product\/yoast-seo-wordpress\/ -->\n<title>Keine \u00dcberraschung | TruckOnline.de<\/title>\n<meta name=\"description\" content=\"Es ist keine gro\u00dfe \u00dcberraschung, dass sich bereits zahlreiche Lastwagen im Besitz von Speditionen befinden, die der Euro-6 Norm entsprechen. Schlie\u00dflich\" \/>\n<meta name=\"robots\" content=\"index, follow, max-snippet:-1, max-image-preview:large, max-video-preview:-1\" \/>\n<link rel=\"canonical\" href=\"https:\/\/truckonline.de\/blog\/2016\/07\/14\/keine-uberraschung\/\" \/>\n<meta property=\"og:locale\" content=\"de_DE\" \/>\n<meta property=\"og:type\" content=\"article\" \/>\n<meta property=\"og:title\" content=\"Keine \u00dcberraschung | TruckOnline.de\" \/>\n<meta property=\"og:url\" content=\"https:\/\/truckonline.de\/blog\/2016\/07\/14\/keine-uberraschung\/\" \/>\n<meta property=\"og:site_name\" content=\"TruckOnline.de\" \/>\n<meta property=\"article:publisher\" content=\"https:\/\/www.facebook.com\/truckblog\" \/>\n<meta property=\"article:author\" content=\"https:\/\/www.facebook.com\/truckblog\" \/>\n<meta property=\"article:published_time\" content=\"2016-07-14T16:32:00+00:00\" \/>\n<meta property=\"article:modified_time\" content=\"2016-07-17T17:01:13+00:00\" \/>\n<meta property=\"og:image\" content=\"https:\/\/truckonline.de\/blog\/wp-content\/uploads\/2016\/07\/mb.jpg\" \/>\n<meta name=\"author\" content=\"maik\" \/>\n<meta name=\"twitter:card\" content=\"summary_large_image\" \/>\n<meta name=\"twitter:creator\" content=\"@https:\/\/twitter.com\/truckblog\" \/>\n<meta name=\"twitter:site\" content=\"@truckblog\" \/>\n<meta name=\"twitter:label1\" content=\"Verfasst von\" \/>\n\t<meta name=\"twitter:data1\" content=\"maik\" \/>\n\t<meta name=\"twitter:label2\" content=\"Gesch\u00e4tzte Lesezeit\" \/>\n\t<meta name=\"twitter:data2\" content=\"2\u00a0Minuten\" \/>\n<script type=\"application\/ld+json\" class=\"yoast-schema-graph\">{\"@context\":\"https:\\\/\\\/schema.org\",\"@graph\":[{\"@type\":\"Article\",\"@id\":\"https:\\\/\\\/truckonline.de\\\/blog\\\/2016\\\/07\\\/14\\\/keine-uberraschung\\\/#article\",\"isPartOf\":{\"@id\":\"https:\\\/\\\/truckonline.de\\\/blog\\\/2016\\\/07\\\/14\\\/keine-uberraschung\\\/\"},\"author\":{\"name\":\"maik\",\"@id\":\"https:\\\/\\\/truckonline.de\\\/blog\\\/#\\\/schema\\\/person\\\/4cb59b86ffde81f882f56439688fda19\"},\"headline\":\"Keine \u00dcberraschung\",\"datePublished\":\"2016-07-14T16:32:00+00:00\",\"dateModified\":\"2016-07-17T17:01:13+00:00\",\"mainEntityOfPage\":{\"@id\":\"https:\\\/\\\/truckonline.de\\\/blog\\\/2016\\\/07\\\/14\\\/keine-uberraschung\\\/\"},\"wordCount\":442,\"publisher\":{\"@id\":\"https:\\\/\\\/truckonline.de\\\/blog\\\/#\\\/schema\\\/person\\\/4cb59b86ffde81f882f56439688fda19\"},\"image\":{\"@id\":\"https:\\\/\\\/truckonline.de\\\/blog\\\/2016\\\/07\\\/14\\\/keine-uberraschung\\\/#primaryimage\"},\"thumbnailUrl\":\"https:\\\/\\\/truckonline.de\\\/blog\\\/wp-content\\\/uploads\\\/2016\\\/07\\\/mb.jpg\",\"keywords\":[\"Lkw\",\"Technik\"],\"articleSection\":[\"Lkw\",\"Technik\"],\"inLanguage\":\"de\"},{\"@type\":\"WebPage\",\"@id\":\"https:\\\/\\\/truckonline.de\\\/blog\\\/2016\\\/07\\\/14\\\/keine-uberraschung\\\/\",\"url\":\"https:\\\/\\\/truckonline.de\\\/blog\\\/2016\\\/07\\\/14\\\/keine-uberraschung\\\/\",\"name\":\"Keine \u00dcberraschung | TruckOnline.de\",\"isPartOf\":{\"@id\":\"https:\\\/\\\/truckonline.de\\\/blog\\\/#website\"},\"primaryImageOfPage\":{\"@id\":\"https:\\\/\\\/truckonline.de\\\/blog\\\/2016\\\/07\\\/14\\\/keine-uberraschung\\\/#primaryimage\"},\"image\":{\"@id\":\"https:\\\/\\\/truckonline.de\\\/blog\\\/2016\\\/07\\\/14\\\/keine-uberraschung\\\/#primaryimage\"},\"thumbnailUrl\":\"https:\\\/\\\/truckonline.de\\\/blog\\\/wp-content\\\/uploads\\\/2016\\\/07\\\/mb.jpg\",\"datePublished\":\"2016-07-14T16:32:00+00:00\",\"dateModified\":\"2016-07-17T17:01:13+00:00\",\"description\":\"Es ist keine gro\u00dfe \u00dcberraschung, dass sich bereits zahlreiche Lastwagen im Besitz von Speditionen befinden, die der Euro-6 Norm entsprechen. Schlie\u00dflich\",\"breadcrumb\":{\"@id\":\"https:\\\/\\\/truckonline.de\\\/blog\\\/2016\\\/07\\\/14\\\/keine-uberraschung\\\/#breadcrumb\"},\"inLanguage\":\"de\",\"potentialAction\":[{\"@type\":\"ReadAction\",\"target\":[\"https:\\\/\\\/truckonline.de\\\/blog\\\/2016\\\/07\\\/14\\\/keine-uberraschung\\\/\"]}]},{\"@type\":\"ImageObject\",\"inLanguage\":\"de\",\"@id\":\"https:\\\/\\\/truckonline.de\\\/blog\\\/2016\\\/07\\\/14\\\/keine-uberraschung\\\/#primaryimage\",\"url\":\"https:\\\/\\\/truckonline.de\\\/blog\\\/wp-content\\\/uploads\\\/2016\\\/07\\\/mb.jpg\",\"contentUrl\":\"https:\\\/\\\/truckonline.de\\\/blog\\\/wp-content\\\/uploads\\\/2016\\\/07\\\/mb.jpg\",\"width\":550,\"height\":413,\"caption\":\"Daimler Lkw\"},{\"@type\":\"BreadcrumbList\",\"@id\":\"https:\\\/\\\/truckonline.de\\\/blog\\\/2016\\\/07\\\/14\\\/keine-uberraschung\\\/#breadcrumb\",\"itemListElement\":[{\"@type\":\"ListItem\",\"position\":1,\"name\":\"Startseite\",\"item\":\"https:\\\/\\\/truckonline.de\\\/blog\\\/\"},{\"@type\":\"ListItem\",\"position\":2,\"name\":\"Keine \u00dcberraschung\"}]},{\"@type\":\"WebSite\",\"@id\":\"https:\\\/\\\/truckonline.de\\\/blog\\\/#website\",\"url\":\"https:\\\/\\\/truckonline.de\\\/blog\\\/\",\"name\":\"TruckOnline.de\",\"description\":\"\",\"publisher\":{\"@id\":\"https:\\\/\\\/truckonline.de\\\/blog\\\/#\\\/schema\\\/person\\\/4cb59b86ffde81f882f56439688fda19\"},\"potentialAction\":[{\"@type\":\"SearchAction\",\"target\":{\"@type\":\"EntryPoint\",\"urlTemplate\":\"https:\\\/\\\/truckonline.de\\\/blog\\\/?s={search_term_string}\"},\"query-input\":{\"@type\":\"PropertyValueSpecification\",\"valueRequired\":true,\"valueName\":\"search_term_string\"}}],\"inLanguage\":\"de\"},{\"@type\":[\"Person\",\"Organization\"],\"@id\":\"https:\\\/\\\/truckonline.de\\\/blog\\\/#\\\/schema\\\/person\\\/4cb59b86ffde81f882f56439688fda19\",\"name\":\"maik\",\"image\":{\"@type\":\"ImageObject\",\"inLanguage\":\"de\",\"@id\":\"https:\\\/\\\/truckonline.de\\\/blog\\\/wp-content\\\/uploads\\\/2019\\\/12\\\/logoinnenweiss.png\",\"url\":\"https:\\\/\\\/truckonline.de\\\/blog\\\/wp-content\\\/uploads\\\/2019\\\/12\\\/logoinnenweiss.png\",\"contentUrl\":\"https:\\\/\\\/truckonline.de\\\/blog\\\/wp-content\\\/uploads\\\/2019\\\/12\\\/logoinnenweiss.png\",\"width\":733,\"height\":125,\"caption\":\"maik\"},\"logo\":{\"@id\":\"https:\\\/\\\/truckonline.de\\\/blog\\\/wp-content\\\/uploads\\\/2019\\\/12\\\/logoinnenweiss.png\"},\"sameAs\":[\"https:\\\/\\\/www.facebook.com\\\/truckblog\",\"https:\\\/\\\/www.instagram.com\\\/truck_online\\\/\",\"https:\\\/\\\/x.com\\\/https:\\\/\\\/twitter.com\\\/truckblog\",\"https:\\\/\\\/www.youtube.com\\\/user\\\/truckonline\",\"https:\\\/\\\/www.tumblr.com\\\/truckonline\"]}]}<\/script>\n<!-- \/ Yoast SEO plugin. -->","yoast_head_json":{"title":"Keine \u00dcberraschung | TruckOnline.de","description":"Es ist keine gro\u00dfe \u00dcberraschung, dass sich bereits zahlreiche Lastwagen im Besitz von Speditionen befinden, die der Euro-6 Norm entsprechen. Schlie\u00dflich","robots":{"index":"index","follow":"follow","max-snippet":"max-snippet:-1","max-image-preview":"max-image-preview:large","max-video-preview":"max-video-preview:-1"},"canonical":"https:\/\/truckonline.de\/blog\/2016\/07\/14\/keine-uberraschung\/","og_locale":"de_DE","og_type":"article","og_title":"Keine \u00dcberraschung | TruckOnline.de","og_url":"https:\/\/truckonline.de\/blog\/2016\/07\/14\/keine-uberraschung\/","og_site_name":"TruckOnline.de","article_publisher":"https:\/\/www.facebook.com\/truckblog","article_author":"https:\/\/www.facebook.com\/truckblog","article_published_time":"2016-07-14T16:32:00+00:00","article_modified_time":"2016-07-17T17:01:13+00:00","og_image":[{"url":"https:\/\/truckonline.de\/blog\/wp-content\/uploads\/2016\/07\/mb.jpg","type":"","width":"","height":""}],"author":"maik","twitter_card":"summary_large_image","twitter_creator":"@https:\/\/twitter.com\/truckblog","twitter_site":"@truckblog","twitter_misc":{"Verfasst von":"maik","Gesch\u00e4tzte Lesezeit":"2\u00a0Minuten"},"schema":{"@context":"https:\/\/schema.org","@graph":[{"@type":"Article","@id":"https:\/\/truckonline.de\/blog\/2016\/07\/14\/keine-uberraschung\/#article","isPartOf":{"@id":"https:\/\/truckonline.de\/blog\/2016\/07\/14\/keine-uberraschung\/"},"author":{"name":"maik","@id":"https:\/\/truckonline.de\/blog\/#\/schema\/person\/4cb59b86ffde81f882f56439688fda19"},"headline":"Keine \u00dcberraschung","datePublished":"2016-07-14T16:32:00+00:00","dateModified":"2016-07-17T17:01:13+00:00","mainEntityOfPage":{"@id":"https:\/\/truckonline.de\/blog\/2016\/07\/14\/keine-uberraschung\/"},"wordCount":442,"publisher":{"@id":"https:\/\/truckonline.de\/blog\/#\/schema\/person\/4cb59b86ffde81f882f56439688fda19"},"image":{"@id":"https:\/\/truckonline.de\/blog\/2016\/07\/14\/keine-uberraschung\/#primaryimage"},"thumbnailUrl":"https:\/\/truckonline.de\/blog\/wp-content\/uploads\/2016\/07\/mb.jpg","keywords":["Lkw","Technik"],"articleSection":["Lkw","Technik"],"inLanguage":"de"},{"@type":"WebPage","@id":"https:\/\/truckonline.de\/blog\/2016\/07\/14\/keine-uberraschung\/","url":"https:\/\/truckonline.de\/blog\/2016\/07\/14\/keine-uberraschung\/","name":"Keine \u00dcberraschung | TruckOnline.de","isPartOf":{"@id":"https:\/\/truckonline.de\/blog\/#website"},"primaryImageOfPage":{"@id":"https:\/\/truckonline.de\/blog\/2016\/07\/14\/keine-uberraschung\/#primaryimage"},"image":{"@id":"https:\/\/truckonline.de\/blog\/2016\/07\/14\/keine-uberraschung\/#primaryimage"},"thumbnailUrl":"https:\/\/truckonline.de\/blog\/wp-content\/uploads\/2016\/07\/mb.jpg","datePublished":"2016-07-14T16:32:00+00:00","dateModified":"2016-07-17T17:01:13+00:00","description":"Es ist keine gro\u00dfe \u00dcberraschung, dass sich bereits zahlreiche Lastwagen im Besitz von Speditionen befinden, die der Euro-6 Norm entsprechen. Schlie\u00dflich","breadcrumb":{"@id":"https:\/\/truckonline.de\/blog\/2016\/07\/14\/keine-uberraschung\/#breadcrumb"},"inLanguage":"de","potentialAction":[{"@type":"ReadAction","target":["https:\/\/truckonline.de\/blog\/2016\/07\/14\/keine-uberraschung\/"]}]},{"@type":"ImageObject","inLanguage":"de","@id":"https:\/\/truckonline.de\/blog\/2016\/07\/14\/keine-uberraschung\/#primaryimage","url":"https:\/\/truckonline.de\/blog\/wp-content\/uploads\/2016\/07\/mb.jpg","contentUrl":"https:\/\/truckonline.de\/blog\/wp-content\/uploads\/2016\/07\/mb.jpg","width":550,"height":413,"caption":"Daimler Lkw"},{"@type":"BreadcrumbList","@id":"https:\/\/truckonline.de\/blog\/2016\/07\/14\/keine-uberraschung\/#breadcrumb","itemListElement":[{"@type":"ListItem","position":1,"name":"Startseite","item":"https:\/\/truckonline.de\/blog\/"},{"@type":"ListItem","position":2,"name":"Keine \u00dcberraschung"}]},{"@type":"WebSite","@id":"https:\/\/truckonline.de\/blog\/#website","url":"https:\/\/truckonline.de\/blog\/","name":"TruckOnline.de","description":"","publisher":{"@id":"https:\/\/truckonline.de\/blog\/#\/schema\/person\/4cb59b86ffde81f882f56439688fda19"},"potentialAction":[{"@type":"SearchAction","target":{"@type":"EntryPoint","urlTemplate":"https:\/\/truckonline.de\/blog\/?s={search_term_string}"},"query-input":{"@type":"PropertyValueSpecification","valueRequired":true,"valueName":"search_term_string"}}],"inLanguage":"de"},{"@type":["Person","Organization"],"@id":"https:\/\/truckonline.de\/blog\/#\/schema\/person\/4cb59b86ffde81f882f56439688fda19","name":"maik","image":{"@type":"ImageObject","inLanguage":"de","@id":"https:\/\/truckonline.de\/blog\/wp-content\/uploads\/2019\/12\/logoinnenweiss.png","url":"https:\/\/truckonline.de\/blog\/wp-content\/uploads\/2019\/12\/logoinnenweiss.png","contentUrl":"https:\/\/truckonline.de\/blog\/wp-content\/uploads\/2019\/12\/logoinnenweiss.png","width":733,"height":125,"caption":"maik"},"logo":{"@id":"https:\/\/truckonline.de\/blog\/wp-content\/uploads\/2019\/12\/logoinnenweiss.png"},"sameAs":["https:\/\/www.facebook.com\/truckblog","https:\/\/www.instagram.com\/truck_online\/","https:\/\/x.com\/https:\/\/twitter.com\/truckblog","https:\/\/www.youtube.com\/user\/truckonline","https:\/\/www.tumblr.com\/truckonline"]}]}},"_links":{"self":[{"href":"https:\/\/truckonline.de\/blog\/wp-json\/wp\/v2\/posts\/6558","targetHints":{"allow":["GET"]}}],"collection":[{"href":"https:\/\/truckonline.de\/blog\/wp-json\/wp\/v2\/posts"}],"about":[{"href":"https:\/\/truckonline.de\/blog\/wp-json\/wp\/v2\/types\/post"}],"author":[{"embeddable":true,"href":"https:\/\/truckonline.de\/blog\/wp-json\/wp\/v2\/users\/3"}],"replies":[{"embeddable":true,"href":"https:\/\/truckonline.de\/blog\/wp-json\/wp\/v2\/comments?post=6558"}],"version-history":[{"count":1,"href":"https:\/\/truckonline.de\/blog\/wp-json\/wp\/v2\/posts\/6558\/revisions"}],"predecessor-version":[{"id":6560,"href":"https:\/\/truckonline.de\/blog\/wp-json\/wp\/v2\/posts\/6558\/revisions\/6560"}],"wp:attachment":[{"href":"https:\/\/truckonline.de\/blog\/wp-json\/wp\/v2\/media?parent=6558"}],"wp:term":[{"taxonomy":"category","embeddable":true,"href":"https:\/\/truckonline.de\/blog\/wp-json\/wp\/v2\/categories?post=6558"},{"taxonomy":"post_tag","embeddable":true,"href":"https:\/\/truckonline.de\/blog\/wp-json\/wp\/v2\/tags?post=6558"}],"curies":[{"name":"wp","href":"https:\/\/api.w.org\/{rel}","templated":true}]}}