{"id":6487,"date":"2016-06-07T22:13:02","date_gmt":"2016-06-07T20:13:02","guid":{"rendered":"https:\/\/truckonline.de\/blog\/?p=6487"},"modified":"2016-06-07T22:13:02","modified_gmt":"2016-06-07T20:13:02","slug":"in-den-bergen","status":"publish","type":"post","link":"https:\/\/truckonline.de\/blog\/2016\/06\/07\/in-den-bergen\/","title":{"rendered":"In den Bergen"},"content":{"rendered":"<p>In Ermangelung freier Lkw-Stellfl\u00e4chen verbringe ich die Nacht mal wieder verbotenerweise auf den Pkw-Pl\u00e4tzen. Aber davon gibt es hier auf Heidiland in Graub\u00fcnden genug. Und in der Nacht ist hier eh nix los. <\/p>\n<p>Die Rastst\u00e4tte aber ist der Hammer. Selbst f\u00fcr schweizer Verh\u00e4ltnisse. Nach dem Duschen bin ich mal durch das Restaurant geschlendert. Die Auswahl ist genial. Es wird alles frisch zubereitet, die Salate sehen aus, wie gerade vom Bauern geliefert. Unglaublich. Nat\u00fcrlich auch die Preise. Da wird man arm.<br \/>\nIch h\u00e4tte gerne was probiert. Aber nee, dass wollte ich meinem Konto nicht zumuten. <\/p>\n<p>Auch die Sanitaireinrichtungen waren so sauber, da kommt selbst SaniFair in Deutschland nie hin. Und wenn die noch so viel Technik verbauen. <\/p>\n<p>Morgen geht es erstmal nach San Bernadino. Irgendeine Firma oder Einrichtung bekommt da neue Rolltore.<br \/>\nDie Anfahrtsbeschreibung ist zwar ein wenig vage, aber mal schauen. Wird schon passen. <\/p>\n","protected":false},"excerpt":{"rendered":"<p>In Ermangelung freier Lkw-Stellfl\u00e4chen verbringe ich die Nacht mal wieder verbotenerweise auf den Pkw-Pl\u00e4tzen. Aber davon gibt es hier auf Heidiland in Graub\u00fcnden genug. Und&#8230;<\/p>\n<div class=\"more-link-wrapper\"><a class=\"more-link\" href=\"https:\/\/truckonline.de\/blog\/2016\/06\/07\/in-den-bergen\/\">Sie haben Ihr Ziel fast erreicht.<span class=\"screen-reader-text\">In den Bergen<\/span><\/a><\/div>\n","protected":false},"author":3,"featured_media":0,"comment_status":"open","ping_status":"open","sticky":false,"template":"","format":"standard","meta":{"iawp_total_views":3,"_metis_text_type":"","_metis_text_length":0,"_post_count":0,"footnotes":""},"categories":[134,17,24],"tags":[457,794],"class_list":["post-6487","post","type-post","status-publish","format-standard","hentry","category-ladung-lkw","category-raststatten","category-unterwegs","tag-raststatte","tag-schweiz","ratio-2-1","entry"],"yoast_head":"<!-- This site is optimized with the Yoast SEO plugin v27.5 - https:\/\/yoast.com\/product\/yoast-seo-wordpress\/ -->\n<title>In den Bergen | TruckOnline.de<\/title>\n<meta name=\"description\" content=\"In Ermangelung freier Lkw-Stellfl\u00e4chen verbringe ich die Nacht mal wieder verbotenerweise auf den Pkw-Pl\u00e4tzen. Aber davon gibt es hier auf Heidiland in\" \/>\n<meta name=\"robots\" content=\"index, follow, max-snippet:-1, max-image-preview:large, max-video-preview:-1\" \/>\n<link rel=\"canonical\" href=\"https:\/\/truckonline.de\/blog\/2016\/06\/07\/in-den-bergen\/\" \/>\n<meta property=\"og:locale\" content=\"de_DE\" \/>\n<meta property=\"og:type\" content=\"article\" \/>\n<meta property=\"og:title\" content=\"In den Bergen | TruckOnline.de\" \/>\n<meta property=\"og:url\" content=\"https:\/\/truckonline.de\/blog\/2016\/06\/07\/in-den-bergen\/\" \/>\n<meta property=\"og:site_name\" content=\"TruckOnline.de\" \/>\n<meta property=\"article:publisher\" content=\"https:\/\/www.facebook.com\/truckblog\" \/>\n<meta property=\"article:author\" content=\"https:\/\/www.facebook.com\/truckblog\" \/>\n<meta property=\"article:published_time\" content=\"2016-06-07T20:13:02+00:00\" \/>\n<meta property=\"og:image\" content=\"https:\/\/truckonline.de\/blog\/wp-content\/uploads\/2019\/12\/IMG_20191229_225424-scaled.jpg\" \/>\n\t<meta property=\"og:image:width\" content=\"2560\" \/>\n\t<meta property=\"og:image:height\" content=\"1920\" \/>\n\t<meta property=\"og:image:type\" content=\"image\/jpeg\" \/>\n<meta name=\"author\" content=\"maik\" \/>\n<meta name=\"twitter:card\" content=\"summary_large_image\" \/>\n<meta name=\"twitter:creator\" content=\"@https:\/\/twitter.com\/truckblog\" \/>\n<meta name=\"twitter:site\" content=\"@truckblog\" \/>\n<meta name=\"twitter:label1\" content=\"Verfasst von\" \/>\n\t<meta name=\"twitter:data1\" content=\"maik\" \/>\n\t<meta name=\"twitter:label2\" content=\"Gesch\u00e4tzte Lesezeit\" \/>\n\t<meta name=\"twitter:data2\" content=\"1\u00a0Minute\" \/>\n<script type=\"application\/ld+json\" class=\"yoast-schema-graph\">{\"@context\":\"https:\\\/\\\/schema.org\",\"@graph\":[{\"@type\":\"Article\",\"@id\":\"https:\\\/\\\/truckonline.de\\\/blog\\\/2016\\\/06\\\/07\\\/in-den-bergen\\\/#article\",\"isPartOf\":{\"@id\":\"https:\\\/\\\/truckonline.de\\\/blog\\\/2016\\\/06\\\/07\\\/in-den-bergen\\\/\"},\"author\":{\"name\":\"maik\",\"@id\":\"https:\\\/\\\/truckonline.de\\\/blog\\\/#\\\/schema\\\/person\\\/4cb59b86ffde81f882f56439688fda19\"},\"headline\":\"In den Bergen\",\"datePublished\":\"2016-06-07T20:13:02+00:00\",\"mainEntityOfPage\":{\"@id\":\"https:\\\/\\\/truckonline.de\\\/blog\\\/2016\\\/06\\\/07\\\/in-den-bergen\\\/\"},\"wordCount\":155,\"commentCount\":5,\"publisher\":{\"@id\":\"https:\\\/\\\/truckonline.de\\\/blog\\\/#\\\/schema\\\/person\\\/4cb59b86ffde81f882f56439688fda19\"},\"keywords\":[\"Rastst\u00e4tte\",\"Schweiz\"],\"articleSection\":[\"Ladung\",\"Rastst\u00e4tten\",\"Unterwegs\"],\"inLanguage\":\"de\",\"potentialAction\":[{\"@type\":\"CommentAction\",\"name\":\"Comment\",\"target\":[\"https:\\\/\\\/truckonline.de\\\/blog\\\/2016\\\/06\\\/07\\\/in-den-bergen\\\/#respond\"]}]},{\"@type\":\"WebPage\",\"@id\":\"https:\\\/\\\/truckonline.de\\\/blog\\\/2016\\\/06\\\/07\\\/in-den-bergen\\\/\",\"url\":\"https:\\\/\\\/truckonline.de\\\/blog\\\/2016\\\/06\\\/07\\\/in-den-bergen\\\/\",\"name\":\"In den Bergen | TruckOnline.de\",\"isPartOf\":{\"@id\":\"https:\\\/\\\/truckonline.de\\\/blog\\\/#website\"},\"datePublished\":\"2016-06-07T20:13:02+00:00\",\"description\":\"In Ermangelung freier Lkw-Stellfl\u00e4chen verbringe ich die Nacht mal wieder verbotenerweise auf den Pkw-Pl\u00e4tzen. Aber davon gibt es hier auf Heidiland in\",\"breadcrumb\":{\"@id\":\"https:\\\/\\\/truckonline.de\\\/blog\\\/2016\\\/06\\\/07\\\/in-den-bergen\\\/#breadcrumb\"},\"inLanguage\":\"de\",\"potentialAction\":[{\"@type\":\"ReadAction\",\"target\":[\"https:\\\/\\\/truckonline.de\\\/blog\\\/2016\\\/06\\\/07\\\/in-den-bergen\\\/\"]}]},{\"@type\":\"BreadcrumbList\",\"@id\":\"https:\\\/\\\/truckonline.de\\\/blog\\\/2016\\\/06\\\/07\\\/in-den-bergen\\\/#breadcrumb\",\"itemListElement\":[{\"@type\":\"ListItem\",\"position\":1,\"name\":\"Startseite\",\"item\":\"https:\\\/\\\/truckonline.de\\\/blog\\\/\"},{\"@type\":\"ListItem\",\"position\":2,\"name\":\"In den Bergen\"}]},{\"@type\":\"WebSite\",\"@id\":\"https:\\\/\\\/truckonline.de\\\/blog\\\/#website\",\"url\":\"https:\\\/\\\/truckonline.de\\\/blog\\\/\",\"name\":\"TruckOnline.de\",\"description\":\"\",\"publisher\":{\"@id\":\"https:\\\/\\\/truckonline.de\\\/blog\\\/#\\\/schema\\\/person\\\/4cb59b86ffde81f882f56439688fda19\"},\"potentialAction\":[{\"@type\":\"SearchAction\",\"target\":{\"@type\":\"EntryPoint\",\"urlTemplate\":\"https:\\\/\\\/truckonline.de\\\/blog\\\/?s={search_term_string}\"},\"query-input\":{\"@type\":\"PropertyValueSpecification\",\"valueRequired\":true,\"valueName\":\"search_term_string\"}}],\"inLanguage\":\"de\"},{\"@type\":[\"Person\",\"Organization\"],\"@id\":\"https:\\\/\\\/truckonline.de\\\/blog\\\/#\\\/schema\\\/person\\\/4cb59b86ffde81f882f56439688fda19\",\"name\":\"maik\",\"image\":{\"@type\":\"ImageObject\",\"inLanguage\":\"de\",\"@id\":\"https:\\\/\\\/truckonline.de\\\/blog\\\/wp-content\\\/uploads\\\/2019\\\/12\\\/logoinnenweiss.png\",\"url\":\"https:\\\/\\\/truckonline.de\\\/blog\\\/wp-content\\\/uploads\\\/2019\\\/12\\\/logoinnenweiss.png\",\"contentUrl\":\"https:\\\/\\\/truckonline.de\\\/blog\\\/wp-content\\\/uploads\\\/2019\\\/12\\\/logoinnenweiss.png\",\"width\":733,\"height\":125,\"caption\":\"maik\"},\"logo\":{\"@id\":\"https:\\\/\\\/truckonline.de\\\/blog\\\/wp-content\\\/uploads\\\/2019\\\/12\\\/logoinnenweiss.png\"},\"sameAs\":[\"https:\\\/\\\/www.facebook.com\\\/truckblog\",\"https:\\\/\\\/www.instagram.com\\\/truck_online\\\/\",\"https:\\\/\\\/x.com\\\/https:\\\/\\\/twitter.com\\\/truckblog\",\"https:\\\/\\\/www.youtube.com\\\/user\\\/truckonline\",\"https:\\\/\\\/www.tumblr.com\\\/truckonline\"]}]}<\/script>\n<!-- \/ Yoast SEO plugin. -->","yoast_head_json":{"title":"In den Bergen | TruckOnline.de","description":"In Ermangelung freier Lkw-Stellfl\u00e4chen verbringe ich die Nacht mal wieder verbotenerweise auf den Pkw-Pl\u00e4tzen. Aber davon gibt es hier auf Heidiland in","robots":{"index":"index","follow":"follow","max-snippet":"max-snippet:-1","max-image-preview":"max-image-preview:large","max-video-preview":"max-video-preview:-1"},"canonical":"https:\/\/truckonline.de\/blog\/2016\/06\/07\/in-den-bergen\/","og_locale":"de_DE","og_type":"article","og_title":"In den Bergen | TruckOnline.de","og_url":"https:\/\/truckonline.de\/blog\/2016\/06\/07\/in-den-bergen\/","og_site_name":"TruckOnline.de","article_publisher":"https:\/\/www.facebook.com\/truckblog","article_author":"https:\/\/www.facebook.com\/truckblog","article_published_time":"2016-06-07T20:13:02+00:00","og_image":[{"width":2560,"height":1920,"url":"https:\/\/truckonline.de\/blog\/wp-content\/uploads\/2019\/12\/IMG_20191229_225424-scaled.jpg","type":"image\/jpeg"}],"author":"maik","twitter_card":"summary_large_image","twitter_creator":"@https:\/\/twitter.com\/truckblog","twitter_site":"@truckblog","twitter_misc":{"Verfasst von":"maik","Gesch\u00e4tzte Lesezeit":"1\u00a0Minute"},"schema":{"@context":"https:\/\/schema.org","@graph":[{"@type":"Article","@id":"https:\/\/truckonline.de\/blog\/2016\/06\/07\/in-den-bergen\/#article","isPartOf":{"@id":"https:\/\/truckonline.de\/blog\/2016\/06\/07\/in-den-bergen\/"},"author":{"name":"maik","@id":"https:\/\/truckonline.de\/blog\/#\/schema\/person\/4cb59b86ffde81f882f56439688fda19"},"headline":"In den Bergen","datePublished":"2016-06-07T20:13:02+00:00","mainEntityOfPage":{"@id":"https:\/\/truckonline.de\/blog\/2016\/06\/07\/in-den-bergen\/"},"wordCount":155,"commentCount":5,"publisher":{"@id":"https:\/\/truckonline.de\/blog\/#\/schema\/person\/4cb59b86ffde81f882f56439688fda19"},"keywords":["Rastst\u00e4tte","Schweiz"],"articleSection":["Ladung","Rastst\u00e4tten","Unterwegs"],"inLanguage":"de","potentialAction":[{"@type":"CommentAction","name":"Comment","target":["https:\/\/truckonline.de\/blog\/2016\/06\/07\/in-den-bergen\/#respond"]}]},{"@type":"WebPage","@id":"https:\/\/truckonline.de\/blog\/2016\/06\/07\/in-den-bergen\/","url":"https:\/\/truckonline.de\/blog\/2016\/06\/07\/in-den-bergen\/","name":"In den Bergen | TruckOnline.de","isPartOf":{"@id":"https:\/\/truckonline.de\/blog\/#website"},"datePublished":"2016-06-07T20:13:02+00:00","description":"In Ermangelung freier Lkw-Stellfl\u00e4chen verbringe ich die Nacht mal wieder verbotenerweise auf den Pkw-Pl\u00e4tzen. Aber davon gibt es hier auf Heidiland in","breadcrumb":{"@id":"https:\/\/truckonline.de\/blog\/2016\/06\/07\/in-den-bergen\/#breadcrumb"},"inLanguage":"de","potentialAction":[{"@type":"ReadAction","target":["https:\/\/truckonline.de\/blog\/2016\/06\/07\/in-den-bergen\/"]}]},{"@type":"BreadcrumbList","@id":"https:\/\/truckonline.de\/blog\/2016\/06\/07\/in-den-bergen\/#breadcrumb","itemListElement":[{"@type":"ListItem","position":1,"name":"Startseite","item":"https:\/\/truckonline.de\/blog\/"},{"@type":"ListItem","position":2,"name":"In den Bergen"}]},{"@type":"WebSite","@id":"https:\/\/truckonline.de\/blog\/#website","url":"https:\/\/truckonline.de\/blog\/","name":"TruckOnline.de","description":"","publisher":{"@id":"https:\/\/truckonline.de\/blog\/#\/schema\/person\/4cb59b86ffde81f882f56439688fda19"},"potentialAction":[{"@type":"SearchAction","target":{"@type":"EntryPoint","urlTemplate":"https:\/\/truckonline.de\/blog\/?s={search_term_string}"},"query-input":{"@type":"PropertyValueSpecification","valueRequired":true,"valueName":"search_term_string"}}],"inLanguage":"de"},{"@type":["Person","Organization"],"@id":"https:\/\/truckonline.de\/blog\/#\/schema\/person\/4cb59b86ffde81f882f56439688fda19","name":"maik","image":{"@type":"ImageObject","inLanguage":"de","@id":"https:\/\/truckonline.de\/blog\/wp-content\/uploads\/2019\/12\/logoinnenweiss.png","url":"https:\/\/truckonline.de\/blog\/wp-content\/uploads\/2019\/12\/logoinnenweiss.png","contentUrl":"https:\/\/truckonline.de\/blog\/wp-content\/uploads\/2019\/12\/logoinnenweiss.png","width":733,"height":125,"caption":"maik"},"logo":{"@id":"https:\/\/truckonline.de\/blog\/wp-content\/uploads\/2019\/12\/logoinnenweiss.png"},"sameAs":["https:\/\/www.facebook.com\/truckblog","https:\/\/www.instagram.com\/truck_online\/","https:\/\/x.com\/https:\/\/twitter.com\/truckblog","https:\/\/www.youtube.com\/user\/truckonline","https:\/\/www.tumblr.com\/truckonline"]}]}},"_links":{"self":[{"href":"https:\/\/truckonline.de\/blog\/wp-json\/wp\/v2\/posts\/6487","targetHints":{"allow":["GET"]}}],"collection":[{"href":"https:\/\/truckonline.de\/blog\/wp-json\/wp\/v2\/posts"}],"about":[{"href":"https:\/\/truckonline.de\/blog\/wp-json\/wp\/v2\/types\/post"}],"author":[{"embeddable":true,"href":"https:\/\/truckonline.de\/blog\/wp-json\/wp\/v2\/users\/3"}],"replies":[{"embeddable":true,"href":"https:\/\/truckonline.de\/blog\/wp-json\/wp\/v2\/comments?post=6487"}],"version-history":[{"count":1,"href":"https:\/\/truckonline.de\/blog\/wp-json\/wp\/v2\/posts\/6487\/revisions"}],"predecessor-version":[{"id":6488,"href":"https:\/\/truckonline.de\/blog\/wp-json\/wp\/v2\/posts\/6487\/revisions\/6488"}],"wp:attachment":[{"href":"https:\/\/truckonline.de\/blog\/wp-json\/wp\/v2\/media?parent=6487"}],"wp:term":[{"taxonomy":"category","embeddable":true,"href":"https:\/\/truckonline.de\/blog\/wp-json\/wp\/v2\/categories?post=6487"},{"taxonomy":"post_tag","embeddable":true,"href":"https:\/\/truckonline.de\/blog\/wp-json\/wp\/v2\/tags?post=6487"}],"curies":[{"name":"wp","href":"https:\/\/api.w.org\/{rel}","templated":true}]}}