{"id":647,"date":"2009-04-04T08:14:43","date_gmt":"2009-04-04T07:14:43","guid":{"rendered":"https:\/\/truckonline.de\/blog\/?p=647"},"modified":"2019-12-26T17:26:49","modified_gmt":"2019-12-26T16:26:49","slug":"mal-was-grundlegendes","status":"publish","type":"post","link":"https:\/\/truckonline.de\/blog\/2009\/04\/04\/mal-was-grundlegendes\/","title":{"rendered":"&#8230;mal was Grundlegendes"},"content":{"rendered":"<p>Um 3.30 Uhr war meine Nacht vorbei (ich weis, f\u00fcr einige hat sie da nicht mal begonnen), aber schlieslich treibt es auch mich ins Wochenende. Mit mir lie\u00dfen sich viele andere treiben, gl\u00fccklicherweise in die andere (s\u00fcdliche) Richtung.<br \/>\nDie schier endlose Kette von Osterurlaubern nimmt kein Ende. Jetzt, kurz vor W\u00fcrzburg ist diese vollends zum Stillstand gekommen.<\/p>\n<p>Was mich dabei wundert ist, dass viele trotz Wirtschaftskrise an Ihren Urlaubspl\u00e4nen festhalten, w\u00e4hrend ich krampfhaft versuche, keinen Pfennig zuviel auszugeben.<br \/>\nNein, versteht mich nicht falsch: Ich finde es schon irgendwie toll, dass viele dieser Krise trotzen, erst recht, da der Stau auf der Gegenfahrbahn ist &#8211; denn wie hei\u00dft es so sch\u00f6n: Positiv denken ist angesagt!<\/p>\n","protected":false},"excerpt":{"rendered":"<p>Um 3.30 Uhr war meine Nacht vorbei (ich weis, f\u00fcr einige hat sie da nicht mal begonnen), aber schlieslich treibt es auch mich ins Wochenende.&#8230;<\/p>\n<div class=\"more-link-wrapper\"><a class=\"more-link\" href=\"https:\/\/truckonline.de\/blog\/2009\/04\/04\/mal-was-grundlegendes\/\">Sie haben Ihr Ziel fast erreicht.<span class=\"screen-reader-text\">&#8230;mal was Grundlegendes<\/span><\/a><\/div>\n","protected":false},"author":3,"featured_media":0,"comment_status":"open","ping_status":"open","sticky":false,"template":"","format":"standard","meta":{"iawp_total_views":1,"_metis_text_type":"","_metis_text_length":0,"_post_count":0,"footnotes":""},"categories":[1],"tags":[124,560,972],"class_list":["post-647","post","type-post","status-publish","format-standard","hentry","category-allgemeines","tag-stau","tag-urlaub","tag-wirtschaftskrise","ratio-2-1","entry"],"yoast_head":"<!-- This site is optimized with the Yoast SEO plugin v27.5 - https:\/\/yoast.com\/product\/yoast-seo-wordpress\/ -->\n<title>...mal was Grundlegendes | TruckOnline.de<\/title>\n<meta name=\"description\" content=\"Um 3.30 Uhr war meine Nacht vorbei (ich weis, f\u00fcr einige hat sie da nicht mal begonnen), aber schlieslich treibt es auch mich ins Wochenende. Mit mir\" \/>\n<meta name=\"robots\" content=\"index, follow, max-snippet:-1, max-image-preview:large, max-video-preview:-1\" \/>\n<link rel=\"canonical\" href=\"https:\/\/truckonline.de\/blog\/2009\/04\/04\/mal-was-grundlegendes\/\" \/>\n<meta property=\"og:locale\" content=\"de_DE\" \/>\n<meta property=\"og:type\" content=\"article\" \/>\n<meta property=\"og:title\" content=\"...mal was Grundlegendes | TruckOnline.de\" \/>\n<meta property=\"og:url\" content=\"https:\/\/truckonline.de\/blog\/2009\/04\/04\/mal-was-grundlegendes\/\" \/>\n<meta property=\"og:site_name\" content=\"TruckOnline.de\" \/>\n<meta property=\"article:publisher\" content=\"https:\/\/www.facebook.com\/truckblog\" \/>\n<meta property=\"article:author\" content=\"https:\/\/www.facebook.com\/truckblog\" \/>\n<meta property=\"article:published_time\" content=\"2009-04-04T07:14:43+00:00\" \/>\n<meta property=\"article:modified_time\" content=\"2019-12-26T16:26:49+00:00\" \/>\n<meta property=\"og:image\" content=\"https:\/\/truckonline.de\/blog\/wp-content\/uploads\/2019\/12\/IMG_20191229_225424-scaled.jpg\" \/>\n\t<meta property=\"og:image:width\" content=\"2560\" \/>\n\t<meta property=\"og:image:height\" content=\"1920\" \/>\n\t<meta property=\"og:image:type\" content=\"image\/jpeg\" \/>\n<meta name=\"author\" content=\"maik\" \/>\n<meta name=\"twitter:card\" content=\"summary_large_image\" \/>\n<meta name=\"twitter:creator\" content=\"@https:\/\/twitter.com\/truckblog\" \/>\n<meta name=\"twitter:site\" content=\"@truckblog\" \/>\n<meta name=\"twitter:label1\" content=\"Verfasst von\" \/>\n\t<meta name=\"twitter:data1\" content=\"maik\" \/>\n\t<meta name=\"twitter:label2\" content=\"Gesch\u00e4tzte Lesezeit\" \/>\n\t<meta name=\"twitter:data2\" content=\"1\u00a0Minute\" \/>\n<script type=\"application\/ld+json\" class=\"yoast-schema-graph\">{\"@context\":\"https:\\\/\\\/schema.org\",\"@graph\":[{\"@type\":\"Article\",\"@id\":\"https:\\\/\\\/truckonline.de\\\/blog\\\/2009\\\/04\\\/04\\\/mal-was-grundlegendes\\\/#article\",\"isPartOf\":{\"@id\":\"https:\\\/\\\/truckonline.de\\\/blog\\\/2009\\\/04\\\/04\\\/mal-was-grundlegendes\\\/\"},\"author\":{\"name\":\"maik\",\"@id\":\"https:\\\/\\\/truckonline.de\\\/blog\\\/#\\\/schema\\\/person\\\/4cb59b86ffde81f882f56439688fda19\"},\"headline\":\"&#8230;mal was Grundlegendes\",\"datePublished\":\"2009-04-04T07:14:43+00:00\",\"dateModified\":\"2019-12-26T16:26:49+00:00\",\"mainEntityOfPage\":{\"@id\":\"https:\\\/\\\/truckonline.de\\\/blog\\\/2009\\\/04\\\/04\\\/mal-was-grundlegendes\\\/\"},\"wordCount\":125,\"commentCount\":0,\"publisher\":{\"@id\":\"https:\\\/\\\/truckonline.de\\\/blog\\\/#\\\/schema\\\/person\\\/4cb59b86ffde81f882f56439688fda19\"},\"keywords\":[\"Stau\",\"Urlaub\",\"Wirtschaftskrise\"],\"articleSection\":[\"Allgemeines\"],\"inLanguage\":\"de\",\"potentialAction\":[{\"@type\":\"CommentAction\",\"name\":\"Comment\",\"target\":[\"https:\\\/\\\/truckonline.de\\\/blog\\\/2009\\\/04\\\/04\\\/mal-was-grundlegendes\\\/#respond\"]}]},{\"@type\":\"WebPage\",\"@id\":\"https:\\\/\\\/truckonline.de\\\/blog\\\/2009\\\/04\\\/04\\\/mal-was-grundlegendes\\\/\",\"url\":\"https:\\\/\\\/truckonline.de\\\/blog\\\/2009\\\/04\\\/04\\\/mal-was-grundlegendes\\\/\",\"name\":\"...mal was Grundlegendes | TruckOnline.de\",\"isPartOf\":{\"@id\":\"https:\\\/\\\/truckonline.de\\\/blog\\\/#website\"},\"datePublished\":\"2009-04-04T07:14:43+00:00\",\"dateModified\":\"2019-12-26T16:26:49+00:00\",\"description\":\"Um 3.30 Uhr war meine Nacht vorbei (ich weis, f\u00fcr einige hat sie da nicht mal begonnen), aber schlieslich treibt es auch mich ins Wochenende. Mit mir\",\"breadcrumb\":{\"@id\":\"https:\\\/\\\/truckonline.de\\\/blog\\\/2009\\\/04\\\/04\\\/mal-was-grundlegendes\\\/#breadcrumb\"},\"inLanguage\":\"de\",\"potentialAction\":[{\"@type\":\"ReadAction\",\"target\":[\"https:\\\/\\\/truckonline.de\\\/blog\\\/2009\\\/04\\\/04\\\/mal-was-grundlegendes\\\/\"]}]},{\"@type\":\"BreadcrumbList\",\"@id\":\"https:\\\/\\\/truckonline.de\\\/blog\\\/2009\\\/04\\\/04\\\/mal-was-grundlegendes\\\/#breadcrumb\",\"itemListElement\":[{\"@type\":\"ListItem\",\"position\":1,\"name\":\"Startseite\",\"item\":\"https:\\\/\\\/truckonline.de\\\/blog\\\/\"},{\"@type\":\"ListItem\",\"position\":2,\"name\":\"&#8230;mal was Grundlegendes\"}]},{\"@type\":\"WebSite\",\"@id\":\"https:\\\/\\\/truckonline.de\\\/blog\\\/#website\",\"url\":\"https:\\\/\\\/truckonline.de\\\/blog\\\/\",\"name\":\"TruckOnline.de\",\"description\":\"\",\"publisher\":{\"@id\":\"https:\\\/\\\/truckonline.de\\\/blog\\\/#\\\/schema\\\/person\\\/4cb59b86ffde81f882f56439688fda19\"},\"potentialAction\":[{\"@type\":\"SearchAction\",\"target\":{\"@type\":\"EntryPoint\",\"urlTemplate\":\"https:\\\/\\\/truckonline.de\\\/blog\\\/?s={search_term_string}\"},\"query-input\":{\"@type\":\"PropertyValueSpecification\",\"valueRequired\":true,\"valueName\":\"search_term_string\"}}],\"inLanguage\":\"de\"},{\"@type\":[\"Person\",\"Organization\"],\"@id\":\"https:\\\/\\\/truckonline.de\\\/blog\\\/#\\\/schema\\\/person\\\/4cb59b86ffde81f882f56439688fda19\",\"name\":\"maik\",\"image\":{\"@type\":\"ImageObject\",\"inLanguage\":\"de\",\"@id\":\"https:\\\/\\\/truckonline.de\\\/blog\\\/wp-content\\\/uploads\\\/2019\\\/12\\\/logoinnenweiss.png\",\"url\":\"https:\\\/\\\/truckonline.de\\\/blog\\\/wp-content\\\/uploads\\\/2019\\\/12\\\/logoinnenweiss.png\",\"contentUrl\":\"https:\\\/\\\/truckonline.de\\\/blog\\\/wp-content\\\/uploads\\\/2019\\\/12\\\/logoinnenweiss.png\",\"width\":733,\"height\":125,\"caption\":\"maik\"},\"logo\":{\"@id\":\"https:\\\/\\\/truckonline.de\\\/blog\\\/wp-content\\\/uploads\\\/2019\\\/12\\\/logoinnenweiss.png\"},\"sameAs\":[\"https:\\\/\\\/www.facebook.com\\\/truckblog\",\"https:\\\/\\\/www.instagram.com\\\/truck_online\\\/\",\"https:\\\/\\\/x.com\\\/https:\\\/\\\/twitter.com\\\/truckblog\",\"https:\\\/\\\/www.youtube.com\\\/user\\\/truckonline\",\"https:\\\/\\\/www.tumblr.com\\\/truckonline\"]}]}<\/script>\n<!-- \/ Yoast SEO plugin. -->","yoast_head_json":{"title":"...mal was Grundlegendes | TruckOnline.de","description":"Um 3.30 Uhr war meine Nacht vorbei (ich weis, f\u00fcr einige hat sie da nicht mal begonnen), aber schlieslich treibt es auch mich ins Wochenende. Mit mir","robots":{"index":"index","follow":"follow","max-snippet":"max-snippet:-1","max-image-preview":"max-image-preview:large","max-video-preview":"max-video-preview:-1"},"canonical":"https:\/\/truckonline.de\/blog\/2009\/04\/04\/mal-was-grundlegendes\/","og_locale":"de_DE","og_type":"article","og_title":"...mal was Grundlegendes | TruckOnline.de","og_url":"https:\/\/truckonline.de\/blog\/2009\/04\/04\/mal-was-grundlegendes\/","og_site_name":"TruckOnline.de","article_publisher":"https:\/\/www.facebook.com\/truckblog","article_author":"https:\/\/www.facebook.com\/truckblog","article_published_time":"2009-04-04T07:14:43+00:00","article_modified_time":"2019-12-26T16:26:49+00:00","og_image":[{"width":2560,"height":1920,"url":"https:\/\/truckonline.de\/blog\/wp-content\/uploads\/2019\/12\/IMG_20191229_225424-scaled.jpg","type":"image\/jpeg"}],"author":"maik","twitter_card":"summary_large_image","twitter_creator":"@https:\/\/twitter.com\/truckblog","twitter_site":"@truckblog","twitter_misc":{"Verfasst von":"maik","Gesch\u00e4tzte Lesezeit":"1\u00a0Minute"},"schema":{"@context":"https:\/\/schema.org","@graph":[{"@type":"Article","@id":"https:\/\/truckonline.de\/blog\/2009\/04\/04\/mal-was-grundlegendes\/#article","isPartOf":{"@id":"https:\/\/truckonline.de\/blog\/2009\/04\/04\/mal-was-grundlegendes\/"},"author":{"name":"maik","@id":"https:\/\/truckonline.de\/blog\/#\/schema\/person\/4cb59b86ffde81f882f56439688fda19"},"headline":"&#8230;mal was Grundlegendes","datePublished":"2009-04-04T07:14:43+00:00","dateModified":"2019-12-26T16:26:49+00:00","mainEntityOfPage":{"@id":"https:\/\/truckonline.de\/blog\/2009\/04\/04\/mal-was-grundlegendes\/"},"wordCount":125,"commentCount":0,"publisher":{"@id":"https:\/\/truckonline.de\/blog\/#\/schema\/person\/4cb59b86ffde81f882f56439688fda19"},"keywords":["Stau","Urlaub","Wirtschaftskrise"],"articleSection":["Allgemeines"],"inLanguage":"de","potentialAction":[{"@type":"CommentAction","name":"Comment","target":["https:\/\/truckonline.de\/blog\/2009\/04\/04\/mal-was-grundlegendes\/#respond"]}]},{"@type":"WebPage","@id":"https:\/\/truckonline.de\/blog\/2009\/04\/04\/mal-was-grundlegendes\/","url":"https:\/\/truckonline.de\/blog\/2009\/04\/04\/mal-was-grundlegendes\/","name":"...mal was Grundlegendes | TruckOnline.de","isPartOf":{"@id":"https:\/\/truckonline.de\/blog\/#website"},"datePublished":"2009-04-04T07:14:43+00:00","dateModified":"2019-12-26T16:26:49+00:00","description":"Um 3.30 Uhr war meine Nacht vorbei (ich weis, f\u00fcr einige hat sie da nicht mal begonnen), aber schlieslich treibt es auch mich ins Wochenende. Mit mir","breadcrumb":{"@id":"https:\/\/truckonline.de\/blog\/2009\/04\/04\/mal-was-grundlegendes\/#breadcrumb"},"inLanguage":"de","potentialAction":[{"@type":"ReadAction","target":["https:\/\/truckonline.de\/blog\/2009\/04\/04\/mal-was-grundlegendes\/"]}]},{"@type":"BreadcrumbList","@id":"https:\/\/truckonline.de\/blog\/2009\/04\/04\/mal-was-grundlegendes\/#breadcrumb","itemListElement":[{"@type":"ListItem","position":1,"name":"Startseite","item":"https:\/\/truckonline.de\/blog\/"},{"@type":"ListItem","position":2,"name":"&#8230;mal was Grundlegendes"}]},{"@type":"WebSite","@id":"https:\/\/truckonline.de\/blog\/#website","url":"https:\/\/truckonline.de\/blog\/","name":"TruckOnline.de","description":"","publisher":{"@id":"https:\/\/truckonline.de\/blog\/#\/schema\/person\/4cb59b86ffde81f882f56439688fda19"},"potentialAction":[{"@type":"SearchAction","target":{"@type":"EntryPoint","urlTemplate":"https:\/\/truckonline.de\/blog\/?s={search_term_string}"},"query-input":{"@type":"PropertyValueSpecification","valueRequired":true,"valueName":"search_term_string"}}],"inLanguage":"de"},{"@type":["Person","Organization"],"@id":"https:\/\/truckonline.de\/blog\/#\/schema\/person\/4cb59b86ffde81f882f56439688fda19","name":"maik","image":{"@type":"ImageObject","inLanguage":"de","@id":"https:\/\/truckonline.de\/blog\/wp-content\/uploads\/2019\/12\/logoinnenweiss.png","url":"https:\/\/truckonline.de\/blog\/wp-content\/uploads\/2019\/12\/logoinnenweiss.png","contentUrl":"https:\/\/truckonline.de\/blog\/wp-content\/uploads\/2019\/12\/logoinnenweiss.png","width":733,"height":125,"caption":"maik"},"logo":{"@id":"https:\/\/truckonline.de\/blog\/wp-content\/uploads\/2019\/12\/logoinnenweiss.png"},"sameAs":["https:\/\/www.facebook.com\/truckblog","https:\/\/www.instagram.com\/truck_online\/","https:\/\/x.com\/https:\/\/twitter.com\/truckblog","https:\/\/www.youtube.com\/user\/truckonline","https:\/\/www.tumblr.com\/truckonline"]}]}},"_links":{"self":[{"href":"https:\/\/truckonline.de\/blog\/wp-json\/wp\/v2\/posts\/647","targetHints":{"allow":["GET"]}}],"collection":[{"href":"https:\/\/truckonline.de\/blog\/wp-json\/wp\/v2\/posts"}],"about":[{"href":"https:\/\/truckonline.de\/blog\/wp-json\/wp\/v2\/types\/post"}],"author":[{"embeddable":true,"href":"https:\/\/truckonline.de\/blog\/wp-json\/wp\/v2\/users\/3"}],"replies":[{"embeddable":true,"href":"https:\/\/truckonline.de\/blog\/wp-json\/wp\/v2\/comments?post=647"}],"version-history":[{"count":1,"href":"https:\/\/truckonline.de\/blog\/wp-json\/wp\/v2\/posts\/647\/revisions"}],"predecessor-version":[{"id":9315,"href":"https:\/\/truckonline.de\/blog\/wp-json\/wp\/v2\/posts\/647\/revisions\/9315"}],"wp:attachment":[{"href":"https:\/\/truckonline.de\/blog\/wp-json\/wp\/v2\/media?parent=647"}],"wp:term":[{"taxonomy":"category","embeddable":true,"href":"https:\/\/truckonline.de\/blog\/wp-json\/wp\/v2\/categories?post=647"},{"taxonomy":"post_tag","embeddable":true,"href":"https:\/\/truckonline.de\/blog\/wp-json\/wp\/v2\/tags?post=647"}],"curies":[{"name":"wp","href":"https:\/\/api.w.org\/{rel}","templated":true}]}}