{"id":6244,"date":"2016-01-09T22:32:33","date_gmt":"2016-01-09T21:32:33","guid":{"rendered":"https:\/\/truckonline.de\/blog\/?p=6244"},"modified":"2016-01-09T22:32:33","modified_gmt":"2016-01-09T21:32:33","slug":"gastbeitrag-kati-on-tour-in-remscheid","status":"publish","type":"post","link":"https:\/\/truckonline.de\/blog\/2016\/01\/09\/gastbeitrag-kati-on-tour-in-remscheid\/","title":{"rendered":"Gastbeitrag: Kati on Tour \u2013 in Remscheid"},"content":{"rendered":"<p>Da ich nun doch mittlerweile relativ sicher den Weg von Wuppertal nach Remscheid finde, durfte ich heute morgen alleine fahren. Was hei\u00dft durfte \u2013 ich musste, da mein Holger, Vertreter der \u201eKnick-inne-Mitte-Fraktion\u201c, erst Samstagvormittag seine Wochenendruhezeit antreten konnte. Das ist ja eigentlich auch etwas geflunkert, denn wie alle wissen \u2013 die Ruhe h\u00e4lt sich mit mir an der Seite im Rahmen.<\/p>\n<p>Ein weiterer toller Grund zu fahren, nicht nur Schatzi abholen, nein \u2013 heute soll Udo sein Heck beklebt werden. Klingt so zwar lustiger, ist aber nicht ganz korrekt. Dank der Zustimmung der Spedition Karthaus bekommt Udo sein knatschneuer Auflieger unserer Kampagne &#8222;<strong>Das ist das Ende meines LKWs. Lass&#8216; es nicht zu DEINEM werden! HALTE ABSTAND<\/strong>.&#8220; auf das Heck. <\/p>\n<p>Gesponsert von der Spedition Karthaus und ausgef\u00fchrt von Interthal Werbung war der heutige Morgen f\u00fcr das Bekleben vorgesehen. Frisch gewaschen, wie immer alle Fahrzeuge der Spedition am Samstag auf dem Hof stehen, kam Udo mit seinem komplett neuen Gespann vorgerollt.<\/p>\n<p>Nach einem ausgiebigen Begr\u00fc\u00dfungsritual der Anwesenden: Jan Bergrath, Udo Skoppeck, Claudia Skoppeck, J\u00f6rg Gietenbruch, Michael Wasser, Holger Sichelschmidt und ich, Kati, wurde der &#8222;Zug&#8220; in die Halle gefahren und erst mal gr\u00fcndlich getrocknet. Zeit f\u00fcr uns bei frischen Kaffee ein wenig zu t\u00f6ttern.<br \/>\nManch einer wird vielleicht mit dem Kopf sch\u00fctteln, da haben die eh schon so wenig private Zeit am Wochenende, da treffen die sich auch noch zus\u00e4tzlich Samstagfr\u00fch. Soll ich euch was sagen? Diese Treffen, auch speziell bei der Spedition, haben nicht mal ansatzweise den Charakter einer Pflicht. Im Gegenteil!<\/p>\n<p>Wie ich auch unl\u00e4ngst, einen Tag vor Weihnachten &#8211; Holger und ich kamen von unserer gemeinsamen Tour, miterleben konnte &#8211; ist es den Fahrern ein Bed\u00fcrfnis in vollkommen entspannter Atmosph\u00e4re noch ein bisschen zusammen zu sitzen und von v\u00f6llig anderen Dingen als Fahren, Touren, Entladestellen und Staus zu erz\u00e4hlen.<br \/>\nMitunter rollt dann auch mal ein Gro\u00dfraumtaxi mit Pizza vor. F\u00fcr mich am meisten beeindruckend, die beiden Chefs stehen oder sitzen in der Runde mit bei. Das \u00e4ndert nicht im Mindesten die Themen oder den Gespr\u00e4chsverlauf. Da ist auch die Anwesenheit von Fahrerfrauen nicht st\u00f6rend. Die beiden Chefs und ihre Fahrer pflegen einen lockeren Unterhaltungsstil, ohne Respektlosigkeit. Dieses zwanglose Zusammensein kennt man sonst eigentlich eher unter Bekannten und Freunden, oder Familie.<\/p>\n<p>Da sicher nur wenige Fahrer in ihren Firmen ein \u00e4hnliches Zusammengeh\u00f6rigkeitsgef\u00fchl haben, und das muss definitiv vorhanden sein, ist es mir ein absolutes Bed\u00fcrfnis, von einem derart positiven Beispiel zu berichten. Das schlie\u00dft nat\u00fcrlich nicht aus, dass es hin und wieder auch unterschwellige Unzufriedenheit gibt, weil halt net immer alles nach Plan l\u00e4uft und auch damit meine ich beide Seiten.<br \/>\nEs gibt keinen Samstag wo nicht die komplette Firmenleitung voll mit am Tun ist, die Chefs rangieren genauso LKW mit auf den Hof, f\u00fcllen Waschwasser auf, tanken die Z\u00fcge mit, oder es werden gemeinsam kleinere Reparaturen ausgef\u00fchrt. Und noch eins &#8211; bevor nicht der letzte Fahrer auf dem Hof ist, geht auch keiner von ihnen. <\/p>\n<p>Dank der Herzlichkeit von Kollegen, den Chefs und deren Frauen habe ich mittlerweile einen durchaus akzeptablen Grund gefunden, wenn es mal wieder erst Samstag wird, mit doppelter Freude nach Remscheid zu fahren.<br \/>\nDoch zur\u00fcck zum heutigen Tag. Mit K\u00f6nnen und Pr\u00e4zision brachte Patrick die Folien auf. Das zu beobachten ist schon interessant, da geht schon enorm viel Zeit ins Land eh die Buchstaben und Bilder an der vorgesehenen Stelle und in der idealen Reihenfolge angebracht sind.<br \/>\nPatrick, von Interthal Werbung, konnte aber die ganze Zeit \u00fcber von unserem Unterhaltungsprogramm profitieren. Kleinere Formtiefs, hervorgerufen durch &#8222;weniger&#8220; sachdienliche Hinweise bezogen auf die Benutzung von Messer, Schere und Leiter, sind von ihm souver\u00e4n weggesteckt worden.<\/p>\n<p><img loading=\"lazy\" decoding=\"async\" src=\"https:\/\/truckonline.de\/blog\/wp-content\/uploads\/2016\/01\/halteabstand1.jpg\" alt=\"Halte Abstand Kampagne\" width=\"550\" height=\"309\" class=\"aligncenter size-full wp-image-6245\" \/><\/p>\n<p>Unterdessen haben wir uns pr\u00e4chtig unterhalten. Man kann wahrlich nicht sagen, dass wir uns nur selten sehen, und daran m\u00f6ge sich bitte auch nie etwas \u00e4ndern, aber uns gehen nie die Themen aus. Trotz t\u00e4glicher Kommunikation auf diversen Kan\u00e4len haben wir uns immer jede Menge zu berichten.<br \/>\nKlar geht es dabei um den Job, um Familie und die \u00fcblichen Sp\u00e4\u00dfgen die, f\u00fcr uns zwangsl\u00e4ufig, gehegt und gepflegt, zwischen den Geschlechtern gemacht werden. Das hat manchmal schon fast olympischen Charakter, das Formulieren an Spitzfindigkeiten. Da f\u00e4llt es sofort auf, wenn mal jemand nicht in gewohnter Form Kontra gibt. Die M\u00e4nner wittern schnell mal eine Verschw\u00f6rung der Frauen &#8211; getreu dem Motto, wenn die Frau schweigt, ist Flucht die einzige \u00dcberlebenschance.<\/p>\n<p>Als am sehr sp\u00e4ten Mittag dann das fertig gestaltete Heck in das Licht der Sonne rollte, waren aber alle ausnahmslos stumm. Stumm vor Begeisterung und Stolz, da nunmehr auch in unseren unmittelbaren Reihen die auf der NUFAM gestartete Kampagne t\u00e4glich mit seiner Mahnung auf Deutschlands rollt.<\/p>\n<p>M\u00f6gen es sich ganz viele zu Herzen nehmen, sich danach verhalten und der Fahrer dieses Zuges immer leset\u00fcchtige &#8222;Verfolger&#8220; hinter sich haben.<\/p>\n<p><img loading=\"lazy\" decoding=\"async\" src=\"https:\/\/truckonline.de\/blog\/wp-content\/uploads\/2016\/01\/halteabstandhoch.jpg\" alt=\"Halte Abstand AidT Kampagne\" width=\"550\" height=\"733\" class=\"aligncenter size-full wp-image-6246\" srcset=\"https:\/\/truckonline.de\/blog\/wp-content\/uploads\/2016\/01\/halteabstandhoch.jpg 550w, https:\/\/truckonline.de\/blog\/wp-content\/uploads\/2016\/01\/halteabstandhoch-309x412.jpg 309w\" sizes=\"auto, (max-width: 550px) 100vw, 550px\" \/><\/p>\n<p>In diesem Sinne &#8211; alles wird hoffentlich gut &#8211; LG, Eure Kati&#8230;<\/p>\n","protected":false},"excerpt":{"rendered":"<p>Da ich nun doch mittlerweile relativ sicher den Weg von Wuppertal nach Remscheid finde, durfte ich heute morgen alleine fahren. Was hei\u00dft durfte \u2013 ich&#8230;<\/p>\n<div class=\"more-link-wrapper\"><a class=\"more-link\" href=\"https:\/\/truckonline.de\/blog\/2016\/01\/09\/gastbeitrag-kati-on-tour-in-remscheid\/\">Sie haben Ihr Ziel fast erreicht.<span class=\"screen-reader-text\">Gastbeitrag: Kati on Tour \u2013 in Remscheid<\/span><\/a><\/div>\n","protected":false},"author":3,"featured_media":0,"comment_status":"open","ping_status":"open","sticky":false,"template":"","format":"standard","meta":{"iawp_total_views":1,"_metis_text_type":"","_metis_text_length":0,"_post_count":0,"footnotes":""},"categories":[1177,11],"tags":[1140,16],"class_list":["post-6244","post","type-post","status-publish","format-standard","hentry","category-gastbeitrag","category-lkw","tag-abstand","tag-sicherheit","ratio-2-1","entry"],"yoast_head":"<!-- This site is optimized with the Yoast SEO plugin v27.4 - https:\/\/yoast.com\/product\/yoast-seo-wordpress\/ -->\n<title>Gastbeitrag: Kati on Tour \u2013 in Remscheid | TruckOnline.de<\/title>\n<meta name=\"description\" content=\"Da ich nun doch mittlerweile relativ sicher den Weg von Wuppertal nach Remscheid finde, durfte ich heute morgen alleine fahren. Was hei\u00dft durfte \u2013 ich\" \/>\n<meta name=\"robots\" content=\"index, follow, max-snippet:-1, max-image-preview:large, max-video-preview:-1\" \/>\n<link rel=\"canonical\" href=\"https:\/\/truckonline.de\/blog\/2016\/01\/09\/gastbeitrag-kati-on-tour-in-remscheid\/\" \/>\n<meta property=\"og:locale\" content=\"de_DE\" \/>\n<meta property=\"og:type\" content=\"article\" \/>\n<meta property=\"og:title\" content=\"Gastbeitrag: Kati on Tour \u2013 in Remscheid | TruckOnline.de\" \/>\n<meta property=\"og:url\" content=\"https:\/\/truckonline.de\/blog\/2016\/01\/09\/gastbeitrag-kati-on-tour-in-remscheid\/\" \/>\n<meta property=\"og:site_name\" content=\"TruckOnline.de\" \/>\n<meta property=\"article:publisher\" content=\"https:\/\/www.facebook.com\/truckblog\" \/>\n<meta property=\"article:author\" content=\"https:\/\/www.facebook.com\/truckblog\" \/>\n<meta property=\"article:published_time\" content=\"2016-01-09T21:32:33+00:00\" \/>\n<meta property=\"og:image\" content=\"https:\/\/truckonline.de\/blog\/wp-content\/uploads\/2016\/01\/halteabstand1.jpg\" \/>\n<meta name=\"author\" content=\"maik\" \/>\n<meta name=\"twitter:card\" content=\"summary_large_image\" \/>\n<meta name=\"twitter:creator\" content=\"@https:\/\/twitter.com\/truckblog\" \/>\n<meta name=\"twitter:site\" content=\"@truckblog\" \/>\n<meta name=\"twitter:label1\" content=\"Verfasst von\" \/>\n\t<meta name=\"twitter:data1\" content=\"maik\" \/>\n\t<meta name=\"twitter:label2\" content=\"Gesch\u00e4tzte Lesezeit\" \/>\n\t<meta name=\"twitter:data2\" content=\"4\u00a0Minuten\" \/>\n<script type=\"application\/ld+json\" class=\"yoast-schema-graph\">{\"@context\":\"https:\\\/\\\/schema.org\",\"@graph\":[{\"@type\":\"Article\",\"@id\":\"https:\\\/\\\/truckonline.de\\\/blog\\\/2016\\\/01\\\/09\\\/gastbeitrag-kati-on-tour-in-remscheid\\\/#article\",\"isPartOf\":{\"@id\":\"https:\\\/\\\/truckonline.de\\\/blog\\\/2016\\\/01\\\/09\\\/gastbeitrag-kati-on-tour-in-remscheid\\\/\"},\"author\":{\"name\":\"maik\",\"@id\":\"https:\\\/\\\/truckonline.de\\\/blog\\\/#\\\/schema\\\/person\\\/4cb59b86ffde81f882f56439688fda19\"},\"headline\":\"Gastbeitrag: Kati on Tour \u2013 in Remscheid\",\"datePublished\":\"2016-01-09T21:32:33+00:00\",\"mainEntityOfPage\":{\"@id\":\"https:\\\/\\\/truckonline.de\\\/blog\\\/2016\\\/01\\\/09\\\/gastbeitrag-kati-on-tour-in-remscheid\\\/\"},\"wordCount\":848,\"commentCount\":1,\"publisher\":{\"@id\":\"https:\\\/\\\/truckonline.de\\\/blog\\\/#\\\/schema\\\/person\\\/4cb59b86ffde81f882f56439688fda19\"},\"image\":{\"@id\":\"https:\\\/\\\/truckonline.de\\\/blog\\\/2016\\\/01\\\/09\\\/gastbeitrag-kati-on-tour-in-remscheid\\\/#primaryimage\"},\"thumbnailUrl\":\"https:\\\/\\\/truckonline.de\\\/blog\\\/wp-content\\\/uploads\\\/2016\\\/01\\\/halteabstand1.jpg\",\"keywords\":[\"Abstand\",\"Sicherheit\"],\"articleSection\":[\"Gastbeitrag\",\"Lkw\"],\"inLanguage\":\"de\",\"potentialAction\":[{\"@type\":\"CommentAction\",\"name\":\"Comment\",\"target\":[\"https:\\\/\\\/truckonline.de\\\/blog\\\/2016\\\/01\\\/09\\\/gastbeitrag-kati-on-tour-in-remscheid\\\/#respond\"]}]},{\"@type\":\"WebPage\",\"@id\":\"https:\\\/\\\/truckonline.de\\\/blog\\\/2016\\\/01\\\/09\\\/gastbeitrag-kati-on-tour-in-remscheid\\\/\",\"url\":\"https:\\\/\\\/truckonline.de\\\/blog\\\/2016\\\/01\\\/09\\\/gastbeitrag-kati-on-tour-in-remscheid\\\/\",\"name\":\"Gastbeitrag: Kati on Tour \u2013 in Remscheid | TruckOnline.de\",\"isPartOf\":{\"@id\":\"https:\\\/\\\/truckonline.de\\\/blog\\\/#website\"},\"primaryImageOfPage\":{\"@id\":\"https:\\\/\\\/truckonline.de\\\/blog\\\/2016\\\/01\\\/09\\\/gastbeitrag-kati-on-tour-in-remscheid\\\/#primaryimage\"},\"image\":{\"@id\":\"https:\\\/\\\/truckonline.de\\\/blog\\\/2016\\\/01\\\/09\\\/gastbeitrag-kati-on-tour-in-remscheid\\\/#primaryimage\"},\"thumbnailUrl\":\"https:\\\/\\\/truckonline.de\\\/blog\\\/wp-content\\\/uploads\\\/2016\\\/01\\\/halteabstand1.jpg\",\"datePublished\":\"2016-01-09T21:32:33+00:00\",\"description\":\"Da ich nun doch mittlerweile relativ sicher den Weg von Wuppertal nach Remscheid finde, durfte ich heute morgen alleine fahren. Was hei\u00dft durfte \u2013 ich\",\"breadcrumb\":{\"@id\":\"https:\\\/\\\/truckonline.de\\\/blog\\\/2016\\\/01\\\/09\\\/gastbeitrag-kati-on-tour-in-remscheid\\\/#breadcrumb\"},\"inLanguage\":\"de\",\"potentialAction\":[{\"@type\":\"ReadAction\",\"target\":[\"https:\\\/\\\/truckonline.de\\\/blog\\\/2016\\\/01\\\/09\\\/gastbeitrag-kati-on-tour-in-remscheid\\\/\"]}]},{\"@type\":\"ImageObject\",\"inLanguage\":\"de\",\"@id\":\"https:\\\/\\\/truckonline.de\\\/blog\\\/2016\\\/01\\\/09\\\/gastbeitrag-kati-on-tour-in-remscheid\\\/#primaryimage\",\"url\":\"https:\\\/\\\/truckonline.de\\\/blog\\\/wp-content\\\/uploads\\\/2016\\\/01\\\/halteabstand1.jpg\",\"contentUrl\":\"https:\\\/\\\/truckonline.de\\\/blog\\\/wp-content\\\/uploads\\\/2016\\\/01\\\/halteabstand1.jpg\",\"width\":550,\"height\":309,\"caption\":\"Halte Abstand Kampagne\"},{\"@type\":\"BreadcrumbList\",\"@id\":\"https:\\\/\\\/truckonline.de\\\/blog\\\/2016\\\/01\\\/09\\\/gastbeitrag-kati-on-tour-in-remscheid\\\/#breadcrumb\",\"itemListElement\":[{\"@type\":\"ListItem\",\"position\":1,\"name\":\"Startseite\",\"item\":\"https:\\\/\\\/truckonline.de\\\/blog\\\/\"},{\"@type\":\"ListItem\",\"position\":2,\"name\":\"Gastbeitrag: Kati on Tour \u2013 in Remscheid\"}]},{\"@type\":\"WebSite\",\"@id\":\"https:\\\/\\\/truckonline.de\\\/blog\\\/#website\",\"url\":\"https:\\\/\\\/truckonline.de\\\/blog\\\/\",\"name\":\"TruckOnline.de\",\"description\":\"\",\"publisher\":{\"@id\":\"https:\\\/\\\/truckonline.de\\\/blog\\\/#\\\/schema\\\/person\\\/4cb59b86ffde81f882f56439688fda19\"},\"potentialAction\":[{\"@type\":\"SearchAction\",\"target\":{\"@type\":\"EntryPoint\",\"urlTemplate\":\"https:\\\/\\\/truckonline.de\\\/blog\\\/?s={search_term_string}\"},\"query-input\":{\"@type\":\"PropertyValueSpecification\",\"valueRequired\":true,\"valueName\":\"search_term_string\"}}],\"inLanguage\":\"de\"},{\"@type\":[\"Person\",\"Organization\"],\"@id\":\"https:\\\/\\\/truckonline.de\\\/blog\\\/#\\\/schema\\\/person\\\/4cb59b86ffde81f882f56439688fda19\",\"name\":\"maik\",\"image\":{\"@type\":\"ImageObject\",\"inLanguage\":\"de\",\"@id\":\"https:\\\/\\\/truckonline.de\\\/blog\\\/wp-content\\\/uploads\\\/2019\\\/12\\\/logoinnenweiss.png\",\"url\":\"https:\\\/\\\/truckonline.de\\\/blog\\\/wp-content\\\/uploads\\\/2019\\\/12\\\/logoinnenweiss.png\",\"contentUrl\":\"https:\\\/\\\/truckonline.de\\\/blog\\\/wp-content\\\/uploads\\\/2019\\\/12\\\/logoinnenweiss.png\",\"width\":733,\"height\":125,\"caption\":\"maik\"},\"logo\":{\"@id\":\"https:\\\/\\\/truckonline.de\\\/blog\\\/wp-content\\\/uploads\\\/2019\\\/12\\\/logoinnenweiss.png\"},\"sameAs\":[\"https:\\\/\\\/www.facebook.com\\\/truckblog\",\"https:\\\/\\\/www.instagram.com\\\/truck_online\\\/\",\"https:\\\/\\\/x.com\\\/https:\\\/\\\/twitter.com\\\/truckblog\",\"https:\\\/\\\/www.youtube.com\\\/user\\\/truckonline\",\"https:\\\/\\\/www.tumblr.com\\\/truckonline\"]}]}<\/script>\n<!-- \/ Yoast SEO plugin. -->","yoast_head_json":{"title":"Gastbeitrag: Kati on Tour \u2013 in Remscheid | TruckOnline.de","description":"Da ich nun doch mittlerweile relativ sicher den Weg von Wuppertal nach Remscheid finde, durfte ich heute morgen alleine fahren. Was hei\u00dft durfte \u2013 ich","robots":{"index":"index","follow":"follow","max-snippet":"max-snippet:-1","max-image-preview":"max-image-preview:large","max-video-preview":"max-video-preview:-1"},"canonical":"https:\/\/truckonline.de\/blog\/2016\/01\/09\/gastbeitrag-kati-on-tour-in-remscheid\/","og_locale":"de_DE","og_type":"article","og_title":"Gastbeitrag: Kati on Tour \u2013 in Remscheid | TruckOnline.de","og_url":"https:\/\/truckonline.de\/blog\/2016\/01\/09\/gastbeitrag-kati-on-tour-in-remscheid\/","og_site_name":"TruckOnline.de","article_publisher":"https:\/\/www.facebook.com\/truckblog","article_author":"https:\/\/www.facebook.com\/truckblog","article_published_time":"2016-01-09T21:32:33+00:00","og_image":[{"url":"https:\/\/truckonline.de\/blog\/wp-content\/uploads\/2016\/01\/halteabstand1.jpg","type":"","width":"","height":""}],"author":"maik","twitter_card":"summary_large_image","twitter_creator":"@https:\/\/twitter.com\/truckblog","twitter_site":"@truckblog","twitter_misc":{"Verfasst von":"maik","Gesch\u00e4tzte Lesezeit":"4\u00a0Minuten"},"schema":{"@context":"https:\/\/schema.org","@graph":[{"@type":"Article","@id":"https:\/\/truckonline.de\/blog\/2016\/01\/09\/gastbeitrag-kati-on-tour-in-remscheid\/#article","isPartOf":{"@id":"https:\/\/truckonline.de\/blog\/2016\/01\/09\/gastbeitrag-kati-on-tour-in-remscheid\/"},"author":{"name":"maik","@id":"https:\/\/truckonline.de\/blog\/#\/schema\/person\/4cb59b86ffde81f882f56439688fda19"},"headline":"Gastbeitrag: Kati on Tour \u2013 in Remscheid","datePublished":"2016-01-09T21:32:33+00:00","mainEntityOfPage":{"@id":"https:\/\/truckonline.de\/blog\/2016\/01\/09\/gastbeitrag-kati-on-tour-in-remscheid\/"},"wordCount":848,"commentCount":1,"publisher":{"@id":"https:\/\/truckonline.de\/blog\/#\/schema\/person\/4cb59b86ffde81f882f56439688fda19"},"image":{"@id":"https:\/\/truckonline.de\/blog\/2016\/01\/09\/gastbeitrag-kati-on-tour-in-remscheid\/#primaryimage"},"thumbnailUrl":"https:\/\/truckonline.de\/blog\/wp-content\/uploads\/2016\/01\/halteabstand1.jpg","keywords":["Abstand","Sicherheit"],"articleSection":["Gastbeitrag","Lkw"],"inLanguage":"de","potentialAction":[{"@type":"CommentAction","name":"Comment","target":["https:\/\/truckonline.de\/blog\/2016\/01\/09\/gastbeitrag-kati-on-tour-in-remscheid\/#respond"]}]},{"@type":"WebPage","@id":"https:\/\/truckonline.de\/blog\/2016\/01\/09\/gastbeitrag-kati-on-tour-in-remscheid\/","url":"https:\/\/truckonline.de\/blog\/2016\/01\/09\/gastbeitrag-kati-on-tour-in-remscheid\/","name":"Gastbeitrag: Kati on Tour \u2013 in Remscheid | TruckOnline.de","isPartOf":{"@id":"https:\/\/truckonline.de\/blog\/#website"},"primaryImageOfPage":{"@id":"https:\/\/truckonline.de\/blog\/2016\/01\/09\/gastbeitrag-kati-on-tour-in-remscheid\/#primaryimage"},"image":{"@id":"https:\/\/truckonline.de\/blog\/2016\/01\/09\/gastbeitrag-kati-on-tour-in-remscheid\/#primaryimage"},"thumbnailUrl":"https:\/\/truckonline.de\/blog\/wp-content\/uploads\/2016\/01\/halteabstand1.jpg","datePublished":"2016-01-09T21:32:33+00:00","description":"Da ich nun doch mittlerweile relativ sicher den Weg von Wuppertal nach Remscheid finde, durfte ich heute morgen alleine fahren. Was hei\u00dft durfte \u2013 ich","breadcrumb":{"@id":"https:\/\/truckonline.de\/blog\/2016\/01\/09\/gastbeitrag-kati-on-tour-in-remscheid\/#breadcrumb"},"inLanguage":"de","potentialAction":[{"@type":"ReadAction","target":["https:\/\/truckonline.de\/blog\/2016\/01\/09\/gastbeitrag-kati-on-tour-in-remscheid\/"]}]},{"@type":"ImageObject","inLanguage":"de","@id":"https:\/\/truckonline.de\/blog\/2016\/01\/09\/gastbeitrag-kati-on-tour-in-remscheid\/#primaryimage","url":"https:\/\/truckonline.de\/blog\/wp-content\/uploads\/2016\/01\/halteabstand1.jpg","contentUrl":"https:\/\/truckonline.de\/blog\/wp-content\/uploads\/2016\/01\/halteabstand1.jpg","width":550,"height":309,"caption":"Halte Abstand Kampagne"},{"@type":"BreadcrumbList","@id":"https:\/\/truckonline.de\/blog\/2016\/01\/09\/gastbeitrag-kati-on-tour-in-remscheid\/#breadcrumb","itemListElement":[{"@type":"ListItem","position":1,"name":"Startseite","item":"https:\/\/truckonline.de\/blog\/"},{"@type":"ListItem","position":2,"name":"Gastbeitrag: Kati on Tour \u2013 in Remscheid"}]},{"@type":"WebSite","@id":"https:\/\/truckonline.de\/blog\/#website","url":"https:\/\/truckonline.de\/blog\/","name":"TruckOnline.de","description":"","publisher":{"@id":"https:\/\/truckonline.de\/blog\/#\/schema\/person\/4cb59b86ffde81f882f56439688fda19"},"potentialAction":[{"@type":"SearchAction","target":{"@type":"EntryPoint","urlTemplate":"https:\/\/truckonline.de\/blog\/?s={search_term_string}"},"query-input":{"@type":"PropertyValueSpecification","valueRequired":true,"valueName":"search_term_string"}}],"inLanguage":"de"},{"@type":["Person","Organization"],"@id":"https:\/\/truckonline.de\/blog\/#\/schema\/person\/4cb59b86ffde81f882f56439688fda19","name":"maik","image":{"@type":"ImageObject","inLanguage":"de","@id":"https:\/\/truckonline.de\/blog\/wp-content\/uploads\/2019\/12\/logoinnenweiss.png","url":"https:\/\/truckonline.de\/blog\/wp-content\/uploads\/2019\/12\/logoinnenweiss.png","contentUrl":"https:\/\/truckonline.de\/blog\/wp-content\/uploads\/2019\/12\/logoinnenweiss.png","width":733,"height":125,"caption":"maik"},"logo":{"@id":"https:\/\/truckonline.de\/blog\/wp-content\/uploads\/2019\/12\/logoinnenweiss.png"},"sameAs":["https:\/\/www.facebook.com\/truckblog","https:\/\/www.instagram.com\/truck_online\/","https:\/\/x.com\/https:\/\/twitter.com\/truckblog","https:\/\/www.youtube.com\/user\/truckonline","https:\/\/www.tumblr.com\/truckonline"]}]}},"_links":{"self":[{"href":"https:\/\/truckonline.de\/blog\/wp-json\/wp\/v2\/posts\/6244","targetHints":{"allow":["GET"]}}],"collection":[{"href":"https:\/\/truckonline.de\/blog\/wp-json\/wp\/v2\/posts"}],"about":[{"href":"https:\/\/truckonline.de\/blog\/wp-json\/wp\/v2\/types\/post"}],"author":[{"embeddable":true,"href":"https:\/\/truckonline.de\/blog\/wp-json\/wp\/v2\/users\/3"}],"replies":[{"embeddable":true,"href":"https:\/\/truckonline.de\/blog\/wp-json\/wp\/v2\/comments?post=6244"}],"version-history":[{"count":1,"href":"https:\/\/truckonline.de\/blog\/wp-json\/wp\/v2\/posts\/6244\/revisions"}],"predecessor-version":[{"id":6247,"href":"https:\/\/truckonline.de\/blog\/wp-json\/wp\/v2\/posts\/6244\/revisions\/6247"}],"wp:attachment":[{"href":"https:\/\/truckonline.de\/blog\/wp-json\/wp\/v2\/media?parent=6244"}],"wp:term":[{"taxonomy":"category","embeddable":true,"href":"https:\/\/truckonline.de\/blog\/wp-json\/wp\/v2\/categories?post=6244"},{"taxonomy":"post_tag","embeddable":true,"href":"https:\/\/truckonline.de\/blog\/wp-json\/wp\/v2\/tags?post=6244"}],"curies":[{"name":"wp","href":"https:\/\/api.w.org\/{rel}","templated":true}]}}