{"id":6093,"date":"2015-10-22T11:54:47","date_gmt":"2015-10-22T09:54:47","guid":{"rendered":"https:\/\/truckonline.de\/blog\/?p=6093"},"modified":"2015-10-29T12:37:56","modified_gmt":"2015-10-29T10:37:56","slug":"existenzgrundung-mit-einer-eigenen-spedition-in-die-selbststandigkeit","status":"publish","type":"post","link":"https:\/\/truckonline.de\/blog\/2015\/10\/22\/existenzgrundung-mit-einer-eigenen-spedition-in-die-selbststandigkeit\/","title":{"rendered":"Existenzgr\u00fcndung: Mit einer eigenen Spedition in die Selbstst\u00e4ndigkeit"},"content":{"rendered":"<p>Wer eine Spedition gr\u00fcnden m\u00f6chte, hat eine gute Ausgangslage, denn die Warenstr\u00f6me nehmen in Deutschland kontinuierlich zu. Immer h\u00e4ufiger werden Waren online bestellt und dann von Transportfirmen ausgeliefert. Wir haben nachfolgend eine Checkliste erstellt, welche Schritte f\u00fcr eine Unternehmensgr\u00fcndung im Transport- und Speditionswesen wichtig sind.<\/p>\n<p><!--more--><\/p>\n<h2>Checkliste Unternehmensgr\u00fcndung Spedition<\/h2>\n<p>Wer eine eigene Spedition gr\u00fcnden m\u00f6chte, muss zun\u00e4chst einmal die Richtlinien des <a href=\"https:\/\/www.gesetze-im-internet.de\/g_kg_1998\/\" target=\"_blank\">G\u00fcterkraftverkehrsgesetzes<\/a> erf\u00fcllen. Doch nicht nur Gesetze und andere formelle Voraussetzungen sind zu erf\u00fcllen, auch ein Unternehmenskonzept muss erstellt werden und es sind wichtige Entscheidungen zur Gr\u00fcndung eines Transportunternehmens zu treffen. <\/p>\n<h3>Step 1: Genehmigungen einholen<\/h3>\n<p>Wer in seinem Fuhrpark Fahrzeuge besitzt, die ein h\u00f6heres Gesamtgewicht als 3,5 Tonnen aufweisen, muss sich an das G\u00fcterkraftverkehrsgesetz halten. Hier ist geregelt, dass eine <a href=\"https:\/\/www.verwaltungsservice.bayern.de\/dokumente\/leistung\/34774851631\" target=\"_blank\">G\u00fcterkraftverkehrserlaubnis<\/a> zwingend notwendig ist. Diese ist bei der Stadt oder Gemeinde zu beantragen. Folgende Unterlagen m\u00fcssen vorgelegt werden:<\/p>\n<ul>\n<li>Best\u00e4tigung der <a href=\"https:\/\/www.lbv.brandenburg.de\/gv_finanzielleleistung.htm\" target=\"_blank\">finanziellen Leistungsf\u00e4higkeit<\/a> des Steuerberaters \u00fcber mindestens 9.000 Euro Eigenkapital pro Fahrzeug \u00fcber 3,5 Tonnen \u2013 f\u00fcr jedes weitere sind jeweils 5.000 Euro erforderlich.<\/li>\n<li>Die pers\u00f6nliche Zuverl\u00e4ssigkeit ist durch ein F\u00fchrungszeugnis, Ausz\u00fcge aus dem Gewerbezentralregister und aus dem Verkehrszentralregister nachzuweisen. Wer schon zuvor selbstst\u00e4ndig war, muss auch noch eine Bescheinigung der Krankenkasse, des Finanzamts und der Berufsgenossenschaft einreichen.<\/li>\n<li>Die fachliche Qualifikation ist durch Fachkundepr\u00fcfung bei der Industrie- und Handelskammer nachzuweisen. In dem Lehrgang werden gesetzliche Bestimmungen vermittelt, zum Beispiel die <a href=\"https:\/\/truckonline.de\/blog\/tipps\/lenk-ruhezeiten\/\" target=\"_blank\">Lenk- und Ruhezeiten<\/a>, aber auch noch vieles mehr, was f\u00fcr das Berufsbild erforderlich ist. <\/li>\n<\/ul>\n<\/pre>\n<h3>Step 2: Finanzierung sicherstellen<\/h3>\n<p>Schon am ersten Gr\u00fcndungsschritt l\u00e4sst sich erkennen, dass eine Existenzgr\u00fcndung im Speditionswesen eine kostspielige Angelegenheit ist. Die Genehmigungen und vor allem auch die Fahrzeuge kosten Geld. Aber auch das Personal, bestehend aus B\u00fcromitarbeitern und Fahrern, m\u00f6chte bezahlt werden. Au\u00dferdem m\u00fcssen R\u00e4ume geschaffen werden, es sind Stellpl\u00e4tze und Lagerfl\u00e4chen erforderlich. F\u00fcr die Fahrzeuge fallen ebenfalls laufende Kosten an, wie zum Beispiel f\u00fcr Kraftstoff und erforderliche Reparaturen. Das alles, bevor nur ein Cent mit dem neuen Unternehmen erwirtschaftet wurde. F\u00fcr die Finanzierung der Fahrzeugflotte gibt es spezielle Autokredite (ein Vergleich verf\u00fcgbarer Angebote ist zum Beispiel bei <a href=\"https:\/\/www.smava.de\/autokredit\/\" target=\"_blank\">smava.de<\/a> m\u00f6glich), sodass zumindest an dieser Stelle vor der Gr\u00fcndung keine hohen Ausgaben anfallen.<\/p>\n<p><img loading=\"lazy\" decoding=\"async\" src=\"https:\/\/truckonline.de\/blog\/wp-content\/uploads\/2015\/10\/unnamed1.jpg\" alt=\"Lkw auf Strasse\" width=\"550\" height=\"366\" class=\"aligncenter size-full wp-image-6100\" \/><\/p>\n<h3>Step 3: Fahrzeuge erwerben<\/h3>\n<p>F\u00fcr eine Spedition ist sicherlich die Wahl des passenden Fuhrparks der wichtigste Punkt. Welche Fahrzeuge angeschafft werden, h\u00e4ngt von der Transportleistung ab, die erf\u00fcllt werden soll. Sollen Container, M\u00f6bel, Autos oder eher kleinere Gegenst\u00e4nde bef\u00f6rdert werden? Wie hoch ist die Nachfrage nach bestimmten Transporten und welche Mitbewerber gibt es?<\/p>\n<h3>Step 4: Gewerbe anmelden<\/h3>\n<p>Mit der Gewerbeanmeldung wird die Gr\u00fcndung besiegelt. Beim zust\u00e4ndigen Gewerbeamt muss ein Schein f\u00fcr das Transportgewerbe beantragt werden. Damit wird auch automatisch das Finanzamt informiert. <\/p>\n<\/pre>\n<figure id=\"attachment_6101\" aria-describedby=\"caption-attachment-6101\" style=\"width: 550px\" class=\"wp-caption aligncenter\"><img loading=\"lazy\" decoding=\"async\" src=\"https:\/\/truckonline.de\/blog\/wp-content\/uploads\/2015\/10\/unnamed11.jpg\" alt=\"\u00dcbersicht\" width=\"550\" height=\"550\" class=\"size-full wp-image-6101\" \/><figcaption id=\"caption-attachment-6101\" class=\"wp-caption-text\">Set of delivery and commercial van silhouettes. Vector illustration<\/figcaption><\/figure>\n<p>Bild 1: \u00a9 istock.com\/Tjanze<br \/>\nBild 2: \u00a9 istock.com\/Route55<\/p>\n","protected":false},"excerpt":{"rendered":"<p>Wer eine Spedition gr\u00fcnden m\u00f6chte, hat eine gute Ausgangslage, denn die Warenstr\u00f6me nehmen in Deutschland kontinuierlich zu. Immer h\u00e4ufiger werden Waren online bestellt und dann<\/p>\n<div class=\"more-link-wrapper\"><a class=\"more-link\" href=\"https:\/\/truckonline.de\/blog\/2015\/10\/22\/existenzgrundung-mit-einer-eigenen-spedition-in-die-selbststandigkeit\/\">Sie haben Ihr Ziel fast erreicht.<span class=\"screen-reader-text\">Existenzgr\u00fcndung: Mit einer eigenen Spedition in die Selbstst\u00e4ndigkeit<\/span><\/a><\/div>\n","protected":false},"author":3,"featured_media":0,"comment_status":"closed","ping_status":"closed","sticky":false,"template":"","format":"standard","meta":{"iawp_total_views":1,"_metis_text_type":"","_metis_text_length":0,"_post_count":0,"footnotes":""},"categories":[1],"tags":[180],"class_list":["post-6093","post","type-post","status-publish","format-standard","hentry","category-allgemeines","tag-allgemein","ratio-2-1","entry"],"yoast_head":"<!-- This site is optimized with the Yoast SEO plugin v27.5 - https:\/\/yoast.com\/product\/yoast-seo-wordpress\/ -->\n<title>Existenzgr\u00fcndung: Mit einer eigenen Spedition in die Selbstst\u00e4ndigkeit | TruckOnline.de<\/title>\n<meta name=\"description\" content=\"Wer eine Spedition gr\u00fcnden m\u00f6chte, hat eine gute Ausgangslage, denn die Warenstr\u00f6me nehmen in Deutschland kontinuierlich zu. Immer h\u00e4ufiger werden Waren\" \/>\n<meta name=\"robots\" content=\"index, follow, max-snippet:-1, max-image-preview:large, max-video-preview:-1\" \/>\n<link rel=\"canonical\" href=\"https:\/\/truckonline.de\/blog\/2015\/10\/22\/existenzgrundung-mit-einer-eigenen-spedition-in-die-selbststandigkeit\/\" \/>\n<meta property=\"og:locale\" content=\"de_DE\" \/>\n<meta property=\"og:type\" content=\"article\" \/>\n<meta property=\"og:title\" content=\"Existenzgr\u00fcndung: Mit einer eigenen Spedition in die Selbstst\u00e4ndigkeit | TruckOnline.de\" \/>\n<meta property=\"og:url\" content=\"https:\/\/truckonline.de\/blog\/2015\/10\/22\/existenzgrundung-mit-einer-eigenen-spedition-in-die-selbststandigkeit\/\" \/>\n<meta property=\"og:site_name\" content=\"TruckOnline.de\" \/>\n<meta property=\"article:publisher\" content=\"https:\/\/www.facebook.com\/truckblog\" \/>\n<meta property=\"article:author\" content=\"https:\/\/www.facebook.com\/truckblog\" \/>\n<meta property=\"article:published_time\" content=\"2015-10-22T09:54:47+00:00\" \/>\n<meta property=\"article:modified_time\" content=\"2015-10-29T10:37:56+00:00\" \/>\n<meta property=\"og:image\" content=\"https:\/\/truckonline.de\/blog\/wp-content\/uploads\/2015\/10\/unnamed1.jpg\" \/>\n<meta name=\"author\" content=\"maik\" \/>\n<meta name=\"twitter:card\" content=\"summary_large_image\" \/>\n<meta name=\"twitter:creator\" content=\"@https:\/\/twitter.com\/truckblog\" \/>\n<meta name=\"twitter:site\" content=\"@truckblog\" \/>\n<meta name=\"twitter:label1\" content=\"Verfasst von\" \/>\n\t<meta name=\"twitter:data1\" content=\"maik\" \/>\n\t<meta name=\"twitter:label2\" content=\"Gesch\u00e4tzte Lesezeit\" \/>\n\t<meta name=\"twitter:data2\" content=\"2\u00a0Minuten\" \/>\n<script type=\"application\/ld+json\" class=\"yoast-schema-graph\">{\"@context\":\"https:\\\/\\\/schema.org\",\"@graph\":[{\"@type\":\"Article\",\"@id\":\"https:\\\/\\\/truckonline.de\\\/blog\\\/2015\\\/10\\\/22\\\/existenzgrundung-mit-einer-eigenen-spedition-in-die-selbststandigkeit\\\/#article\",\"isPartOf\":{\"@id\":\"https:\\\/\\\/truckonline.de\\\/blog\\\/2015\\\/10\\\/22\\\/existenzgrundung-mit-einer-eigenen-spedition-in-die-selbststandigkeit\\\/\"},\"author\":{\"name\":\"maik\",\"@id\":\"https:\\\/\\\/truckonline.de\\\/blog\\\/#\\\/schema\\\/person\\\/4cb59b86ffde81f882f56439688fda19\"},\"headline\":\"Existenzgr\u00fcndung: Mit einer eigenen Spedition in die Selbstst\u00e4ndigkeit\",\"datePublished\":\"2015-10-22T09:54:47+00:00\",\"dateModified\":\"2015-10-29T10:37:56+00:00\",\"mainEntityOfPage\":{\"@id\":\"https:\\\/\\\/truckonline.de\\\/blog\\\/2015\\\/10\\\/22\\\/existenzgrundung-mit-einer-eigenen-spedition-in-die-selbststandigkeit\\\/\"},\"wordCount\":505,\"publisher\":{\"@id\":\"https:\\\/\\\/truckonline.de\\\/blog\\\/#\\\/schema\\\/person\\\/4cb59b86ffde81f882f56439688fda19\"},\"image\":{\"@id\":\"https:\\\/\\\/truckonline.de\\\/blog\\\/2015\\\/10\\\/22\\\/existenzgrundung-mit-einer-eigenen-spedition-in-die-selbststandigkeit\\\/#primaryimage\"},\"thumbnailUrl\":\"https:\\\/\\\/truckonline.de\\\/blog\\\/wp-content\\\/uploads\\\/2015\\\/10\\\/unnamed1.jpg\",\"articleSection\":[\"Allgemeines\"],\"inLanguage\":\"de\"},{\"@type\":\"WebPage\",\"@id\":\"https:\\\/\\\/truckonline.de\\\/blog\\\/2015\\\/10\\\/22\\\/existenzgrundung-mit-einer-eigenen-spedition-in-die-selbststandigkeit\\\/\",\"url\":\"https:\\\/\\\/truckonline.de\\\/blog\\\/2015\\\/10\\\/22\\\/existenzgrundung-mit-einer-eigenen-spedition-in-die-selbststandigkeit\\\/\",\"name\":\"Existenzgr\u00fcndung: Mit einer eigenen Spedition in die Selbstst\u00e4ndigkeit | TruckOnline.de\",\"isPartOf\":{\"@id\":\"https:\\\/\\\/truckonline.de\\\/blog\\\/#website\"},\"primaryImageOfPage\":{\"@id\":\"https:\\\/\\\/truckonline.de\\\/blog\\\/2015\\\/10\\\/22\\\/existenzgrundung-mit-einer-eigenen-spedition-in-die-selbststandigkeit\\\/#primaryimage\"},\"image\":{\"@id\":\"https:\\\/\\\/truckonline.de\\\/blog\\\/2015\\\/10\\\/22\\\/existenzgrundung-mit-einer-eigenen-spedition-in-die-selbststandigkeit\\\/#primaryimage\"},\"thumbnailUrl\":\"https:\\\/\\\/truckonline.de\\\/blog\\\/wp-content\\\/uploads\\\/2015\\\/10\\\/unnamed1.jpg\",\"datePublished\":\"2015-10-22T09:54:47+00:00\",\"dateModified\":\"2015-10-29T10:37:56+00:00\",\"description\":\"Wer eine Spedition gr\u00fcnden m\u00f6chte, hat eine gute Ausgangslage, denn die Warenstr\u00f6me nehmen in Deutschland kontinuierlich zu. Immer h\u00e4ufiger werden Waren\",\"breadcrumb\":{\"@id\":\"https:\\\/\\\/truckonline.de\\\/blog\\\/2015\\\/10\\\/22\\\/existenzgrundung-mit-einer-eigenen-spedition-in-die-selbststandigkeit\\\/#breadcrumb\"},\"inLanguage\":\"de\",\"potentialAction\":[{\"@type\":\"ReadAction\",\"target\":[\"https:\\\/\\\/truckonline.de\\\/blog\\\/2015\\\/10\\\/22\\\/existenzgrundung-mit-einer-eigenen-spedition-in-die-selbststandigkeit\\\/\"]}]},{\"@type\":\"ImageObject\",\"inLanguage\":\"de\",\"@id\":\"https:\\\/\\\/truckonline.de\\\/blog\\\/2015\\\/10\\\/22\\\/existenzgrundung-mit-einer-eigenen-spedition-in-die-selbststandigkeit\\\/#primaryimage\",\"url\":\"\",\"contentUrl\":\"\"},{\"@type\":\"BreadcrumbList\",\"@id\":\"https:\\\/\\\/truckonline.de\\\/blog\\\/2015\\\/10\\\/22\\\/existenzgrundung-mit-einer-eigenen-spedition-in-die-selbststandigkeit\\\/#breadcrumb\",\"itemListElement\":[{\"@type\":\"ListItem\",\"position\":1,\"name\":\"Startseite\",\"item\":\"https:\\\/\\\/truckonline.de\\\/blog\\\/\"},{\"@type\":\"ListItem\",\"position\":2,\"name\":\"Existenzgr\u00fcndung: Mit einer eigenen Spedition in die Selbstst\u00e4ndigkeit\"}]},{\"@type\":\"WebSite\",\"@id\":\"https:\\\/\\\/truckonline.de\\\/blog\\\/#website\",\"url\":\"https:\\\/\\\/truckonline.de\\\/blog\\\/\",\"name\":\"TruckOnline.de\",\"description\":\"\",\"publisher\":{\"@id\":\"https:\\\/\\\/truckonline.de\\\/blog\\\/#\\\/schema\\\/person\\\/4cb59b86ffde81f882f56439688fda19\"},\"potentialAction\":[{\"@type\":\"SearchAction\",\"target\":{\"@type\":\"EntryPoint\",\"urlTemplate\":\"https:\\\/\\\/truckonline.de\\\/blog\\\/?s={search_term_string}\"},\"query-input\":{\"@type\":\"PropertyValueSpecification\",\"valueRequired\":true,\"valueName\":\"search_term_string\"}}],\"inLanguage\":\"de\"},{\"@type\":[\"Person\",\"Organization\"],\"@id\":\"https:\\\/\\\/truckonline.de\\\/blog\\\/#\\\/schema\\\/person\\\/4cb59b86ffde81f882f56439688fda19\",\"name\":\"maik\",\"image\":{\"@type\":\"ImageObject\",\"inLanguage\":\"de\",\"@id\":\"https:\\\/\\\/truckonline.de\\\/blog\\\/wp-content\\\/uploads\\\/2019\\\/12\\\/logoinnenweiss.png\",\"url\":\"https:\\\/\\\/truckonline.de\\\/blog\\\/wp-content\\\/uploads\\\/2019\\\/12\\\/logoinnenweiss.png\",\"contentUrl\":\"https:\\\/\\\/truckonline.de\\\/blog\\\/wp-content\\\/uploads\\\/2019\\\/12\\\/logoinnenweiss.png\",\"width\":733,\"height\":125,\"caption\":\"maik\"},\"logo\":{\"@id\":\"https:\\\/\\\/truckonline.de\\\/blog\\\/wp-content\\\/uploads\\\/2019\\\/12\\\/logoinnenweiss.png\"},\"sameAs\":[\"https:\\\/\\\/www.facebook.com\\\/truckblog\",\"https:\\\/\\\/www.instagram.com\\\/truck_online\\\/\",\"https:\\\/\\\/x.com\\\/https:\\\/\\\/twitter.com\\\/truckblog\",\"https:\\\/\\\/www.youtube.com\\\/user\\\/truckonline\",\"https:\\\/\\\/www.tumblr.com\\\/truckonline\"]}]}<\/script>\n<!-- \/ Yoast SEO plugin. -->","yoast_head_json":{"title":"Existenzgr\u00fcndung: Mit einer eigenen Spedition in die Selbstst\u00e4ndigkeit | TruckOnline.de","description":"Wer eine Spedition gr\u00fcnden m\u00f6chte, hat eine gute Ausgangslage, denn die Warenstr\u00f6me nehmen in Deutschland kontinuierlich zu. Immer h\u00e4ufiger werden Waren","robots":{"index":"index","follow":"follow","max-snippet":"max-snippet:-1","max-image-preview":"max-image-preview:large","max-video-preview":"max-video-preview:-1"},"canonical":"https:\/\/truckonline.de\/blog\/2015\/10\/22\/existenzgrundung-mit-einer-eigenen-spedition-in-die-selbststandigkeit\/","og_locale":"de_DE","og_type":"article","og_title":"Existenzgr\u00fcndung: Mit einer eigenen Spedition in die Selbstst\u00e4ndigkeit | TruckOnline.de","og_url":"https:\/\/truckonline.de\/blog\/2015\/10\/22\/existenzgrundung-mit-einer-eigenen-spedition-in-die-selbststandigkeit\/","og_site_name":"TruckOnline.de","article_publisher":"https:\/\/www.facebook.com\/truckblog","article_author":"https:\/\/www.facebook.com\/truckblog","article_published_time":"2015-10-22T09:54:47+00:00","article_modified_time":"2015-10-29T10:37:56+00:00","og_image":[{"url":"https:\/\/truckonline.de\/blog\/wp-content\/uploads\/2015\/10\/unnamed1.jpg","type":"","width":"","height":""}],"author":"maik","twitter_card":"summary_large_image","twitter_creator":"@https:\/\/twitter.com\/truckblog","twitter_site":"@truckblog","twitter_misc":{"Verfasst von":"maik","Gesch\u00e4tzte Lesezeit":"2\u00a0Minuten"},"schema":{"@context":"https:\/\/schema.org","@graph":[{"@type":"Article","@id":"https:\/\/truckonline.de\/blog\/2015\/10\/22\/existenzgrundung-mit-einer-eigenen-spedition-in-die-selbststandigkeit\/#article","isPartOf":{"@id":"https:\/\/truckonline.de\/blog\/2015\/10\/22\/existenzgrundung-mit-einer-eigenen-spedition-in-die-selbststandigkeit\/"},"author":{"name":"maik","@id":"https:\/\/truckonline.de\/blog\/#\/schema\/person\/4cb59b86ffde81f882f56439688fda19"},"headline":"Existenzgr\u00fcndung: Mit einer eigenen Spedition in die Selbstst\u00e4ndigkeit","datePublished":"2015-10-22T09:54:47+00:00","dateModified":"2015-10-29T10:37:56+00:00","mainEntityOfPage":{"@id":"https:\/\/truckonline.de\/blog\/2015\/10\/22\/existenzgrundung-mit-einer-eigenen-spedition-in-die-selbststandigkeit\/"},"wordCount":505,"publisher":{"@id":"https:\/\/truckonline.de\/blog\/#\/schema\/person\/4cb59b86ffde81f882f56439688fda19"},"image":{"@id":"https:\/\/truckonline.de\/blog\/2015\/10\/22\/existenzgrundung-mit-einer-eigenen-spedition-in-die-selbststandigkeit\/#primaryimage"},"thumbnailUrl":"https:\/\/truckonline.de\/blog\/wp-content\/uploads\/2015\/10\/unnamed1.jpg","articleSection":["Allgemeines"],"inLanguage":"de"},{"@type":"WebPage","@id":"https:\/\/truckonline.de\/blog\/2015\/10\/22\/existenzgrundung-mit-einer-eigenen-spedition-in-die-selbststandigkeit\/","url":"https:\/\/truckonline.de\/blog\/2015\/10\/22\/existenzgrundung-mit-einer-eigenen-spedition-in-die-selbststandigkeit\/","name":"Existenzgr\u00fcndung: Mit einer eigenen Spedition in die Selbstst\u00e4ndigkeit | TruckOnline.de","isPartOf":{"@id":"https:\/\/truckonline.de\/blog\/#website"},"primaryImageOfPage":{"@id":"https:\/\/truckonline.de\/blog\/2015\/10\/22\/existenzgrundung-mit-einer-eigenen-spedition-in-die-selbststandigkeit\/#primaryimage"},"image":{"@id":"https:\/\/truckonline.de\/blog\/2015\/10\/22\/existenzgrundung-mit-einer-eigenen-spedition-in-die-selbststandigkeit\/#primaryimage"},"thumbnailUrl":"https:\/\/truckonline.de\/blog\/wp-content\/uploads\/2015\/10\/unnamed1.jpg","datePublished":"2015-10-22T09:54:47+00:00","dateModified":"2015-10-29T10:37:56+00:00","description":"Wer eine Spedition gr\u00fcnden m\u00f6chte, hat eine gute Ausgangslage, denn die Warenstr\u00f6me nehmen in Deutschland kontinuierlich zu. Immer h\u00e4ufiger werden Waren","breadcrumb":{"@id":"https:\/\/truckonline.de\/blog\/2015\/10\/22\/existenzgrundung-mit-einer-eigenen-spedition-in-die-selbststandigkeit\/#breadcrumb"},"inLanguage":"de","potentialAction":[{"@type":"ReadAction","target":["https:\/\/truckonline.de\/blog\/2015\/10\/22\/existenzgrundung-mit-einer-eigenen-spedition-in-die-selbststandigkeit\/"]}]},{"@type":"ImageObject","inLanguage":"de","@id":"https:\/\/truckonline.de\/blog\/2015\/10\/22\/existenzgrundung-mit-einer-eigenen-spedition-in-die-selbststandigkeit\/#primaryimage","url":"","contentUrl":""},{"@type":"BreadcrumbList","@id":"https:\/\/truckonline.de\/blog\/2015\/10\/22\/existenzgrundung-mit-einer-eigenen-spedition-in-die-selbststandigkeit\/#breadcrumb","itemListElement":[{"@type":"ListItem","position":1,"name":"Startseite","item":"https:\/\/truckonline.de\/blog\/"},{"@type":"ListItem","position":2,"name":"Existenzgr\u00fcndung: Mit einer eigenen Spedition in die Selbstst\u00e4ndigkeit"}]},{"@type":"WebSite","@id":"https:\/\/truckonline.de\/blog\/#website","url":"https:\/\/truckonline.de\/blog\/","name":"TruckOnline.de","description":"","publisher":{"@id":"https:\/\/truckonline.de\/blog\/#\/schema\/person\/4cb59b86ffde81f882f56439688fda19"},"potentialAction":[{"@type":"SearchAction","target":{"@type":"EntryPoint","urlTemplate":"https:\/\/truckonline.de\/blog\/?s={search_term_string}"},"query-input":{"@type":"PropertyValueSpecification","valueRequired":true,"valueName":"search_term_string"}}],"inLanguage":"de"},{"@type":["Person","Organization"],"@id":"https:\/\/truckonline.de\/blog\/#\/schema\/person\/4cb59b86ffde81f882f56439688fda19","name":"maik","image":{"@type":"ImageObject","inLanguage":"de","@id":"https:\/\/truckonline.de\/blog\/wp-content\/uploads\/2019\/12\/logoinnenweiss.png","url":"https:\/\/truckonline.de\/blog\/wp-content\/uploads\/2019\/12\/logoinnenweiss.png","contentUrl":"https:\/\/truckonline.de\/blog\/wp-content\/uploads\/2019\/12\/logoinnenweiss.png","width":733,"height":125,"caption":"maik"},"logo":{"@id":"https:\/\/truckonline.de\/blog\/wp-content\/uploads\/2019\/12\/logoinnenweiss.png"},"sameAs":["https:\/\/www.facebook.com\/truckblog","https:\/\/www.instagram.com\/truck_online\/","https:\/\/x.com\/https:\/\/twitter.com\/truckblog","https:\/\/www.youtube.com\/user\/truckonline","https:\/\/www.tumblr.com\/truckonline"]}]}},"_links":{"self":[{"href":"https:\/\/truckonline.de\/blog\/wp-json\/wp\/v2\/posts\/6093","targetHints":{"allow":["GET"]}}],"collection":[{"href":"https:\/\/truckonline.de\/blog\/wp-json\/wp\/v2\/posts"}],"about":[{"href":"https:\/\/truckonline.de\/blog\/wp-json\/wp\/v2\/types\/post"}],"author":[{"embeddable":true,"href":"https:\/\/truckonline.de\/blog\/wp-json\/wp\/v2\/users\/3"}],"replies":[{"embeddable":true,"href":"https:\/\/truckonline.de\/blog\/wp-json\/wp\/v2\/comments?post=6093"}],"version-history":[{"count":8,"href":"https:\/\/truckonline.de\/blog\/wp-json\/wp\/v2\/posts\/6093\/revisions"}],"predecessor-version":[{"id":6105,"href":"https:\/\/truckonline.de\/blog\/wp-json\/wp\/v2\/posts\/6093\/revisions\/6105"}],"wp:attachment":[{"href":"https:\/\/truckonline.de\/blog\/wp-json\/wp\/v2\/media?parent=6093"}],"wp:term":[{"taxonomy":"category","embeddable":true,"href":"https:\/\/truckonline.de\/blog\/wp-json\/wp\/v2\/categories?post=6093"},{"taxonomy":"post_tag","embeddable":true,"href":"https:\/\/truckonline.de\/blog\/wp-json\/wp\/v2\/tags?post=6093"}],"curies":[{"name":"wp","href":"https:\/\/api.w.org\/{rel}","templated":true}]}}