{"id":6070,"date":"2015-10-18T07:55:06","date_gmt":"2015-10-18T05:55:06","guid":{"rendered":"https:\/\/truckonline.de\/blog\/?p=6070"},"modified":"2015-10-17T23:36:09","modified_gmt":"2015-10-17T21:36:09","slug":"alles-vom-feinsten","status":"publish","type":"post","link":"https:\/\/truckonline.de\/blog\/2015\/10\/18\/alles-vom-feinsten\/","title":{"rendered":"Alles vom feinsten"},"content":{"rendered":"<p>Im Netz geistert eine Firmeninfo herum, in der ein Spediteur seine Fahrer bittet, W\u00fcnsche f\u00fcr Ihren neuen Dienstwagen zu \u00e4ussern. Da gibt es nichts, was es nicht gibt. Die Innenausstattung aus feinsten Leder, Fahrersitze, von denen man sich nie wieder erheben m\u00f6chte oder zig Fernscheinwerfer, die die Nacht zum Tag machen.<\/p>\n<p>Ich habe mal nach der Firma gegoogelt. Die nennt sich &#8222;<em>MK Logistik<\/em>&#8222;. Der Name scheint beliebt zu sein. Da gibt es <a href=\"https:\/\/mk-logistics.de\/startseite.html\" target=\"_blank\">diese Firma<\/a> und dann noch <a href=\"https:\/\/www.mkspedition.de\/\" target=\"_blank\">diese<\/a>. Dann <a href=\"https:\/\/www.mktransporte.at\/\" target=\"_blank\">diese<\/a>, <a href=\"https:\/\/www.mk-translogistics.de\/\" target=\"_blank\">diese<\/a> und <a href=\"https:\/\/www.hktransporte.de\/fuhrpark\" target=\"_blank\">diese<\/a>. Ach ja, <a href=\"https:\/\/www.mklogistik.de\/\" target=\"_blank\">diese hier<\/a>. nicht zu vergessen. Nur das Logo wie auf dem Briefkopf findet sich nirgends. <\/p>\n<p>Also alles nur ein Fake? Ich habe keine Ahnung. Es w\u00e4re nat\u00fcrlich toll, wenn es wirklich wahr w\u00e4re. Aber ich glaube es nicht. So viel N\u00e4chstenliebe eines Unternehmers seinen Bediensteten gegen\u00fcber, \u00fcbersteigt schon meine Vorstellungskraft.<\/p>\n<p><img loading=\"lazy\" decoding=\"async\" src=\"https:\/\/truckonline.de\/blog\/wp-content\/uploads\/2015\/10\/supertruck.jpg\" alt=\"Super Truck\" width=\"550\" height=\"733\" class=\"aligncenter size-full wp-image-6071\" srcset=\"https:\/\/truckonline.de\/blog\/wp-content\/uploads\/2015\/10\/supertruck.jpg 550w, https:\/\/truckonline.de\/blog\/wp-content\/uploads\/2015\/10\/supertruck-309x412.jpg 309w\" sizes=\"auto, (max-width: 550px) 100vw, 550px\" \/><\/p>\n","protected":false},"excerpt":{"rendered":"<p>Im Netz geistert eine Firmeninfo herum, in der ein Spediteur seine Fahrer bittet, W\u00fcnsche f\u00fcr Ihren neuen Dienstwagen zu \u00e4ussern. Da gibt es nichts, was&#8230;<\/p>\n<div class=\"more-link-wrapper\"><a class=\"more-link\" href=\"https:\/\/truckonline.de\/blog\/2015\/10\/18\/alles-vom-feinsten\/\">Sie haben Ihr Ziel fast erreicht.<span class=\"screen-reader-text\">Alles vom feinsten<\/span><\/a><\/div>\n","protected":false},"author":3,"featured_media":0,"comment_status":"open","ping_status":"open","sticky":false,"template":"","format":"standard","meta":{"iawp_total_views":1,"_metis_text_type":"","_metis_text_length":0,"_post_count":0,"footnotes":""},"categories":[13,88,185,11],"tags":[1882,1915],"class_list":["post-6070","post","type-post","status-publish","format-standard","hentry","category-firmen","category-fragen","category-gedanken","category-lkw","tag-firmen","tag-lkw-ausstattung","ratio-2-1","entry"],"yoast_head":"<!-- This site is optimized with the Yoast SEO plugin v27.4 - https:\/\/yoast.com\/product\/yoast-seo-wordpress\/ -->\n<title>Alles vom feinsten | TruckOnline.de<\/title>\n<meta name=\"description\" content=\"Im Netz geistert eine Firmeninfo herum, in der ein Spediteur seine Fahrer bittet, W\u00fcnsche f\u00fcr Ihren neuen Dienstwagen zu \u00e4ussern. Da gibt es nichts, was\" \/>\n<meta name=\"robots\" content=\"index, follow, max-snippet:-1, max-image-preview:large, max-video-preview:-1\" \/>\n<link rel=\"canonical\" href=\"https:\/\/truckonline.de\/blog\/2015\/10\/18\/alles-vom-feinsten\/\" \/>\n<meta property=\"og:locale\" content=\"de_DE\" \/>\n<meta property=\"og:type\" content=\"article\" \/>\n<meta property=\"og:title\" content=\"Alles vom feinsten | TruckOnline.de\" \/>\n<meta property=\"og:url\" content=\"https:\/\/truckonline.de\/blog\/2015\/10\/18\/alles-vom-feinsten\/\" \/>\n<meta property=\"og:site_name\" content=\"TruckOnline.de\" \/>\n<meta property=\"article:publisher\" content=\"https:\/\/www.facebook.com\/truckblog\" \/>\n<meta property=\"article:author\" content=\"https:\/\/www.facebook.com\/truckblog\" \/>\n<meta property=\"article:published_time\" content=\"2015-10-18T05:55:06+00:00\" \/>\n<meta property=\"og:image\" content=\"https:\/\/truckonline.de\/blog\/wp-content\/uploads\/2015\/10\/supertruck.jpg\" \/>\n<meta name=\"author\" content=\"maik\" \/>\n<meta name=\"twitter:card\" content=\"summary_large_image\" \/>\n<meta name=\"twitter:creator\" content=\"@https:\/\/twitter.com\/truckblog\" \/>\n<meta name=\"twitter:site\" content=\"@truckblog\" \/>\n<meta name=\"twitter:label1\" content=\"Verfasst von\" \/>\n\t<meta name=\"twitter:data1\" content=\"maik\" \/>\n\t<meta name=\"twitter:label2\" content=\"Gesch\u00e4tzte Lesezeit\" \/>\n\t<meta name=\"twitter:data2\" content=\"1\u00a0Minute\" \/>\n<script type=\"application\/ld+json\" class=\"yoast-schema-graph\">{\"@context\":\"https:\\\/\\\/schema.org\",\"@graph\":[{\"@type\":\"Article\",\"@id\":\"https:\\\/\\\/truckonline.de\\\/blog\\\/2015\\\/10\\\/18\\\/alles-vom-feinsten\\\/#article\",\"isPartOf\":{\"@id\":\"https:\\\/\\\/truckonline.de\\\/blog\\\/2015\\\/10\\\/18\\\/alles-vom-feinsten\\\/\"},\"author\":{\"name\":\"maik\",\"@id\":\"https:\\\/\\\/truckonline.de\\\/blog\\\/#\\\/schema\\\/person\\\/4cb59b86ffde81f882f56439688fda19\"},\"headline\":\"Alles vom feinsten\",\"datePublished\":\"2015-10-18T05:55:06+00:00\",\"mainEntityOfPage\":{\"@id\":\"https:\\\/\\\/truckonline.de\\\/blog\\\/2015\\\/10\\\/18\\\/alles-vom-feinsten\\\/\"},\"wordCount\":146,\"commentCount\":8,\"publisher\":{\"@id\":\"https:\\\/\\\/truckonline.de\\\/blog\\\/#\\\/schema\\\/person\\\/4cb59b86ffde81f882f56439688fda19\"},\"image\":{\"@id\":\"https:\\\/\\\/truckonline.de\\\/blog\\\/2015\\\/10\\\/18\\\/alles-vom-feinsten\\\/#primaryimage\"},\"thumbnailUrl\":\"https:\\\/\\\/truckonline.de\\\/blog\\\/wp-content\\\/uploads\\\/2015\\\/10\\\/supertruck.jpg\",\"keywords\":[\"Firmen\",\"Lkw-Ausstattung\"],\"articleSection\":[\"Firmen\",\"Fragen\",\"Gedanken\",\"Lkw\"],\"inLanguage\":\"de\",\"potentialAction\":[{\"@type\":\"CommentAction\",\"name\":\"Comment\",\"target\":[\"https:\\\/\\\/truckonline.de\\\/blog\\\/2015\\\/10\\\/18\\\/alles-vom-feinsten\\\/#respond\"]}]},{\"@type\":\"WebPage\",\"@id\":\"https:\\\/\\\/truckonline.de\\\/blog\\\/2015\\\/10\\\/18\\\/alles-vom-feinsten\\\/\",\"url\":\"https:\\\/\\\/truckonline.de\\\/blog\\\/2015\\\/10\\\/18\\\/alles-vom-feinsten\\\/\",\"name\":\"Alles vom feinsten | TruckOnline.de\",\"isPartOf\":{\"@id\":\"https:\\\/\\\/truckonline.de\\\/blog\\\/#website\"},\"primaryImageOfPage\":{\"@id\":\"https:\\\/\\\/truckonline.de\\\/blog\\\/2015\\\/10\\\/18\\\/alles-vom-feinsten\\\/#primaryimage\"},\"image\":{\"@id\":\"https:\\\/\\\/truckonline.de\\\/blog\\\/2015\\\/10\\\/18\\\/alles-vom-feinsten\\\/#primaryimage\"},\"thumbnailUrl\":\"https:\\\/\\\/truckonline.de\\\/blog\\\/wp-content\\\/uploads\\\/2015\\\/10\\\/supertruck.jpg\",\"datePublished\":\"2015-10-18T05:55:06+00:00\",\"description\":\"Im Netz geistert eine Firmeninfo herum, in der ein Spediteur seine Fahrer bittet, W\u00fcnsche f\u00fcr Ihren neuen Dienstwagen zu \u00e4ussern. Da gibt es nichts, was\",\"breadcrumb\":{\"@id\":\"https:\\\/\\\/truckonline.de\\\/blog\\\/2015\\\/10\\\/18\\\/alles-vom-feinsten\\\/#breadcrumb\"},\"inLanguage\":\"de\",\"potentialAction\":[{\"@type\":\"ReadAction\",\"target\":[\"https:\\\/\\\/truckonline.de\\\/blog\\\/2015\\\/10\\\/18\\\/alles-vom-feinsten\\\/\"]}]},{\"@type\":\"ImageObject\",\"inLanguage\":\"de\",\"@id\":\"https:\\\/\\\/truckonline.de\\\/blog\\\/2015\\\/10\\\/18\\\/alles-vom-feinsten\\\/#primaryimage\",\"url\":\"https:\\\/\\\/truckonline.de\\\/blog\\\/wp-content\\\/uploads\\\/2015\\\/10\\\/supertruck.jpg\",\"contentUrl\":\"https:\\\/\\\/truckonline.de\\\/blog\\\/wp-content\\\/uploads\\\/2015\\\/10\\\/supertruck.jpg\",\"width\":550,\"height\":733,\"caption\":\"Super Truck\"},{\"@type\":\"BreadcrumbList\",\"@id\":\"https:\\\/\\\/truckonline.de\\\/blog\\\/2015\\\/10\\\/18\\\/alles-vom-feinsten\\\/#breadcrumb\",\"itemListElement\":[{\"@type\":\"ListItem\",\"position\":1,\"name\":\"Startseite\",\"item\":\"https:\\\/\\\/truckonline.de\\\/blog\\\/\"},{\"@type\":\"ListItem\",\"position\":2,\"name\":\"Alles vom feinsten\"}]},{\"@type\":\"WebSite\",\"@id\":\"https:\\\/\\\/truckonline.de\\\/blog\\\/#website\",\"url\":\"https:\\\/\\\/truckonline.de\\\/blog\\\/\",\"name\":\"TruckOnline.de\",\"description\":\"\",\"publisher\":{\"@id\":\"https:\\\/\\\/truckonline.de\\\/blog\\\/#\\\/schema\\\/person\\\/4cb59b86ffde81f882f56439688fda19\"},\"potentialAction\":[{\"@type\":\"SearchAction\",\"target\":{\"@type\":\"EntryPoint\",\"urlTemplate\":\"https:\\\/\\\/truckonline.de\\\/blog\\\/?s={search_term_string}\"},\"query-input\":{\"@type\":\"PropertyValueSpecification\",\"valueRequired\":true,\"valueName\":\"search_term_string\"}}],\"inLanguage\":\"de\"},{\"@type\":[\"Person\",\"Organization\"],\"@id\":\"https:\\\/\\\/truckonline.de\\\/blog\\\/#\\\/schema\\\/person\\\/4cb59b86ffde81f882f56439688fda19\",\"name\":\"maik\",\"image\":{\"@type\":\"ImageObject\",\"inLanguage\":\"de\",\"@id\":\"https:\\\/\\\/truckonline.de\\\/blog\\\/wp-content\\\/uploads\\\/2019\\\/12\\\/logoinnenweiss.png\",\"url\":\"https:\\\/\\\/truckonline.de\\\/blog\\\/wp-content\\\/uploads\\\/2019\\\/12\\\/logoinnenweiss.png\",\"contentUrl\":\"https:\\\/\\\/truckonline.de\\\/blog\\\/wp-content\\\/uploads\\\/2019\\\/12\\\/logoinnenweiss.png\",\"width\":733,\"height\":125,\"caption\":\"maik\"},\"logo\":{\"@id\":\"https:\\\/\\\/truckonline.de\\\/blog\\\/wp-content\\\/uploads\\\/2019\\\/12\\\/logoinnenweiss.png\"},\"sameAs\":[\"https:\\\/\\\/www.facebook.com\\\/truckblog\",\"https:\\\/\\\/www.instagram.com\\\/truck_online\\\/\",\"https:\\\/\\\/x.com\\\/https:\\\/\\\/twitter.com\\\/truckblog\",\"https:\\\/\\\/www.youtube.com\\\/user\\\/truckonline\",\"https:\\\/\\\/www.tumblr.com\\\/truckonline\"]}]}<\/script>\n<!-- \/ Yoast SEO plugin. -->","yoast_head_json":{"title":"Alles vom feinsten | TruckOnline.de","description":"Im Netz geistert eine Firmeninfo herum, in der ein Spediteur seine Fahrer bittet, W\u00fcnsche f\u00fcr Ihren neuen Dienstwagen zu \u00e4ussern. Da gibt es nichts, was","robots":{"index":"index","follow":"follow","max-snippet":"max-snippet:-1","max-image-preview":"max-image-preview:large","max-video-preview":"max-video-preview:-1"},"canonical":"https:\/\/truckonline.de\/blog\/2015\/10\/18\/alles-vom-feinsten\/","og_locale":"de_DE","og_type":"article","og_title":"Alles vom feinsten | TruckOnline.de","og_url":"https:\/\/truckonline.de\/blog\/2015\/10\/18\/alles-vom-feinsten\/","og_site_name":"TruckOnline.de","article_publisher":"https:\/\/www.facebook.com\/truckblog","article_author":"https:\/\/www.facebook.com\/truckblog","article_published_time":"2015-10-18T05:55:06+00:00","og_image":[{"url":"https:\/\/truckonline.de\/blog\/wp-content\/uploads\/2015\/10\/supertruck.jpg","type":"","width":"","height":""}],"author":"maik","twitter_card":"summary_large_image","twitter_creator":"@https:\/\/twitter.com\/truckblog","twitter_site":"@truckblog","twitter_misc":{"Verfasst von":"maik","Gesch\u00e4tzte Lesezeit":"1\u00a0Minute"},"schema":{"@context":"https:\/\/schema.org","@graph":[{"@type":"Article","@id":"https:\/\/truckonline.de\/blog\/2015\/10\/18\/alles-vom-feinsten\/#article","isPartOf":{"@id":"https:\/\/truckonline.de\/blog\/2015\/10\/18\/alles-vom-feinsten\/"},"author":{"name":"maik","@id":"https:\/\/truckonline.de\/blog\/#\/schema\/person\/4cb59b86ffde81f882f56439688fda19"},"headline":"Alles vom feinsten","datePublished":"2015-10-18T05:55:06+00:00","mainEntityOfPage":{"@id":"https:\/\/truckonline.de\/blog\/2015\/10\/18\/alles-vom-feinsten\/"},"wordCount":146,"commentCount":8,"publisher":{"@id":"https:\/\/truckonline.de\/blog\/#\/schema\/person\/4cb59b86ffde81f882f56439688fda19"},"image":{"@id":"https:\/\/truckonline.de\/blog\/2015\/10\/18\/alles-vom-feinsten\/#primaryimage"},"thumbnailUrl":"https:\/\/truckonline.de\/blog\/wp-content\/uploads\/2015\/10\/supertruck.jpg","keywords":["Firmen","Lkw-Ausstattung"],"articleSection":["Firmen","Fragen","Gedanken","Lkw"],"inLanguage":"de","potentialAction":[{"@type":"CommentAction","name":"Comment","target":["https:\/\/truckonline.de\/blog\/2015\/10\/18\/alles-vom-feinsten\/#respond"]}]},{"@type":"WebPage","@id":"https:\/\/truckonline.de\/blog\/2015\/10\/18\/alles-vom-feinsten\/","url":"https:\/\/truckonline.de\/blog\/2015\/10\/18\/alles-vom-feinsten\/","name":"Alles vom feinsten | TruckOnline.de","isPartOf":{"@id":"https:\/\/truckonline.de\/blog\/#website"},"primaryImageOfPage":{"@id":"https:\/\/truckonline.de\/blog\/2015\/10\/18\/alles-vom-feinsten\/#primaryimage"},"image":{"@id":"https:\/\/truckonline.de\/blog\/2015\/10\/18\/alles-vom-feinsten\/#primaryimage"},"thumbnailUrl":"https:\/\/truckonline.de\/blog\/wp-content\/uploads\/2015\/10\/supertruck.jpg","datePublished":"2015-10-18T05:55:06+00:00","description":"Im Netz geistert eine Firmeninfo herum, in der ein Spediteur seine Fahrer bittet, W\u00fcnsche f\u00fcr Ihren neuen Dienstwagen zu \u00e4ussern. Da gibt es nichts, was","breadcrumb":{"@id":"https:\/\/truckonline.de\/blog\/2015\/10\/18\/alles-vom-feinsten\/#breadcrumb"},"inLanguage":"de","potentialAction":[{"@type":"ReadAction","target":["https:\/\/truckonline.de\/blog\/2015\/10\/18\/alles-vom-feinsten\/"]}]},{"@type":"ImageObject","inLanguage":"de","@id":"https:\/\/truckonline.de\/blog\/2015\/10\/18\/alles-vom-feinsten\/#primaryimage","url":"https:\/\/truckonline.de\/blog\/wp-content\/uploads\/2015\/10\/supertruck.jpg","contentUrl":"https:\/\/truckonline.de\/blog\/wp-content\/uploads\/2015\/10\/supertruck.jpg","width":550,"height":733,"caption":"Super Truck"},{"@type":"BreadcrumbList","@id":"https:\/\/truckonline.de\/blog\/2015\/10\/18\/alles-vom-feinsten\/#breadcrumb","itemListElement":[{"@type":"ListItem","position":1,"name":"Startseite","item":"https:\/\/truckonline.de\/blog\/"},{"@type":"ListItem","position":2,"name":"Alles vom feinsten"}]},{"@type":"WebSite","@id":"https:\/\/truckonline.de\/blog\/#website","url":"https:\/\/truckonline.de\/blog\/","name":"TruckOnline.de","description":"","publisher":{"@id":"https:\/\/truckonline.de\/blog\/#\/schema\/person\/4cb59b86ffde81f882f56439688fda19"},"potentialAction":[{"@type":"SearchAction","target":{"@type":"EntryPoint","urlTemplate":"https:\/\/truckonline.de\/blog\/?s={search_term_string}"},"query-input":{"@type":"PropertyValueSpecification","valueRequired":true,"valueName":"search_term_string"}}],"inLanguage":"de"},{"@type":["Person","Organization"],"@id":"https:\/\/truckonline.de\/blog\/#\/schema\/person\/4cb59b86ffde81f882f56439688fda19","name":"maik","image":{"@type":"ImageObject","inLanguage":"de","@id":"https:\/\/truckonline.de\/blog\/wp-content\/uploads\/2019\/12\/logoinnenweiss.png","url":"https:\/\/truckonline.de\/blog\/wp-content\/uploads\/2019\/12\/logoinnenweiss.png","contentUrl":"https:\/\/truckonline.de\/blog\/wp-content\/uploads\/2019\/12\/logoinnenweiss.png","width":733,"height":125,"caption":"maik"},"logo":{"@id":"https:\/\/truckonline.de\/blog\/wp-content\/uploads\/2019\/12\/logoinnenweiss.png"},"sameAs":["https:\/\/www.facebook.com\/truckblog","https:\/\/www.instagram.com\/truck_online\/","https:\/\/x.com\/https:\/\/twitter.com\/truckblog","https:\/\/www.youtube.com\/user\/truckonline","https:\/\/www.tumblr.com\/truckonline"]}]}},"_links":{"self":[{"href":"https:\/\/truckonline.de\/blog\/wp-json\/wp\/v2\/posts\/6070","targetHints":{"allow":["GET"]}}],"collection":[{"href":"https:\/\/truckonline.de\/blog\/wp-json\/wp\/v2\/posts"}],"about":[{"href":"https:\/\/truckonline.de\/blog\/wp-json\/wp\/v2\/types\/post"}],"author":[{"embeddable":true,"href":"https:\/\/truckonline.de\/blog\/wp-json\/wp\/v2\/users\/3"}],"replies":[{"embeddable":true,"href":"https:\/\/truckonline.de\/blog\/wp-json\/wp\/v2\/comments?post=6070"}],"version-history":[{"count":3,"href":"https:\/\/truckonline.de\/blog\/wp-json\/wp\/v2\/posts\/6070\/revisions"}],"predecessor-version":[{"id":6073,"href":"https:\/\/truckonline.de\/blog\/wp-json\/wp\/v2\/posts\/6070\/revisions\/6073"}],"wp:attachment":[{"href":"https:\/\/truckonline.de\/blog\/wp-json\/wp\/v2\/media?parent=6070"}],"wp:term":[{"taxonomy":"category","embeddable":true,"href":"https:\/\/truckonline.de\/blog\/wp-json\/wp\/v2\/categories?post=6070"},{"taxonomy":"post_tag","embeddable":true,"href":"https:\/\/truckonline.de\/blog\/wp-json\/wp\/v2\/tags?post=6070"}],"curies":[{"name":"wp","href":"https:\/\/api.w.org\/{rel}","templated":true}]}}