{"id":5971,"date":"2015-09-01T23:49:19","date_gmt":"2015-09-01T21:49:19","guid":{"rendered":"https:\/\/truckonline.de\/blog\/?p=5971"},"modified":"2015-09-01T23:51:10","modified_gmt":"2015-09-01T21:51:10","slug":"wir-streiken-dann-mal","status":"publish","type":"post","link":"https:\/\/truckonline.de\/blog\/2015\/09\/01\/wir-streiken-dann-mal\/","title":{"rendered":"Wir streiken dann mal"},"content":{"rendered":"<p>Kurz zur Einleitung: Der <a href=\"https:\/\/www.transportbotschafter.de\/\" target=\"_blank\">Transportbotschafter e.V<\/a>. ist ein gemeinn\u00fctziger Verein f\u00fcr die Transportbranche. Er wird unterst\u00fctzt von einer <a href=\"https:\/\/www.timocom.de\/\" target=\"_blank\">Frachtb\u00f6rse<\/a>. <\/p>\n<p>Jetzt hat dieser Verein in einem Video den Wegfall von Transportleistungen simuliert, um die Aufmerksamkeit auf die Unverzichtbarkeit von Lkw zu lenken. Das kommt nat\u00fcrlich bei vielen Fahrern gut an.<br \/>\nNur ich finde das Video eher nutzlos. Den Aufwand h\u00e4tte sich der Verein sparen k\u00f6nnen. Das der Lkw das Transportmittel Nummer Eins ist, d\u00fcrfte eh den meisten klar sein. Trotzdem wird er als st\u00f6rend empfunden. Daran wird auch solch ein Video nichts \u00e4ndern. Schon deshalb, weil es die falschen erreicht. N\u00e4mlich die, die eh mit der Transportbranche zu tun haben.<\/p>\n<div class=\"brlbs-cmpnt-container brlbs-cmpnt-content-blocker brlbs-cmpnt-with-individual-styles\" data-borlabs-cookie-content-blocker-id=\"default\" data-borlabs-cookie-content=\"PGlmcmFtZSB3aWR0aD0iNTUwIiBoZWlnaHQ9IjMwOSIgc3JjPSJodHRwczovL3d3dy55b3V0dWJlLmNvbS9lbWJlZC95Q2RicUJuU3hRdz9yZWw9MCZhbXA7c2hvd2luZm89MCIgZnJhbWVib3JkZXI9IjAiIGFsbG93ZnVsbHNjcmVlbj48L2lmcmFtZT4=\">\n<div class=\"brlbs-cmpnt-cb-preset-a\">\n<p class=\"brlbs-cmpnt-cb-description\">Sie sehen gerade einen Platzhalterinhalt von <strong>Standard<\/strong>. Um auf den eigentlichen Inhalt zuzugreifen, klicken Sie auf den Button unten. Bitte beachten Sie, dass dabei Daten an Drittanbieter weitergegeben werden.<\/p>\n<div class=\"brlbs-cmpnt-cb-buttons\"> <a class=\"brlbs-cmpnt-cb-btn\" href=\"#\" data-borlabs-cookie-unblock role=\"button\">Inhalt entsperren<\/a> <a class=\"brlbs-cmpnt-cb-btn\" href=\"#\" data-borlabs-cookie-accept-service role=\"button\" style=\"display: none\">Erforderlichen Service akzeptieren und Inhalte entsperren<\/a> <\/div>\n<p> <a class=\"brlbs-cmpnt-cb-provider-toggle\" href=\"#\" data-borlabs-cookie-show-provider-information role=\"button\">Weitere Informationen<\/a> <\/div>\n<\/div>\n<p><a href=\"https:\/\/youtu.be\/yCdbqBnSxQw\" target=\"_blank\">YouTube &#8211; Direktlink<\/a><\/p>\n","protected":false},"excerpt":{"rendered":"<p>Kurz zur Einleitung: Der Transportbotschafter e.V. ist ein gemeinn\u00fctziger Verein f\u00fcr die Transportbranche. Er wird unterst\u00fctzt von einer Frachtb\u00f6rse. Jetzt hat dieser Verein in einem&#8230;<\/p>\n<div class=\"more-link-wrapper\"><a class=\"more-link\" href=\"https:\/\/truckonline.de\/blog\/2015\/09\/01\/wir-streiken-dann-mal\/\">Sie haben Ihr Ziel fast erreicht.<span class=\"screen-reader-text\">Wir streiken dann mal<\/span><\/a><\/div>\n","protected":false},"author":3,"featured_media":0,"comment_status":"open","ping_status":"open","sticky":false,"template":"","format":"standard","meta":{"iawp_total_views":1,"_metis_text_type":"","_metis_text_length":0,"_post_count":0,"footnotes":""},"categories":[11,77],"tags":[1881,1893],"class_list":["post-5971","post","type-post","status-publish","format-standard","hentry","category-lkw","category-video","tag-lkw","tag-video","ratio-2-1","entry"],"yoast_head":"<!-- This site is optimized with the Yoast SEO plugin v27.5 - https:\/\/yoast.com\/product\/yoast-seo-wordpress\/ -->\n<title>Wir streiken dann mal | TruckOnline.de<\/title>\n<meta name=\"description\" content=\"Kurz zur Einleitung: Der Transportbotschafter e.V. ist ein gemeinn\u00fctziger Verein f\u00fcr die Transportbranche. Er wird unterst\u00fctzt von einer Frachtb\u00f6rse.\" \/>\n<meta name=\"robots\" content=\"index, follow, max-snippet:-1, max-image-preview:large, max-video-preview:-1\" \/>\n<link rel=\"canonical\" href=\"https:\/\/truckonline.de\/blog\/2015\/09\/01\/wir-streiken-dann-mal\/\" \/>\n<meta property=\"og:locale\" content=\"de_DE\" \/>\n<meta property=\"og:type\" content=\"article\" \/>\n<meta property=\"og:title\" content=\"Wir streiken dann mal | TruckOnline.de\" \/>\n<meta property=\"og:url\" content=\"https:\/\/truckonline.de\/blog\/2015\/09\/01\/wir-streiken-dann-mal\/\" \/>\n<meta property=\"og:site_name\" content=\"TruckOnline.de\" \/>\n<meta property=\"article:publisher\" content=\"https:\/\/www.facebook.com\/truckblog\" \/>\n<meta property=\"article:author\" content=\"https:\/\/www.facebook.com\/truckblog\" \/>\n<meta property=\"article:published_time\" content=\"2015-09-01T21:49:19+00:00\" \/>\n<meta property=\"article:modified_time\" content=\"2015-09-01T21:51:10+00:00\" \/>\n<meta property=\"og:image\" content=\"https:\/\/truckonline.de\/blog\/wp-content\/uploads\/2019\/12\/IMG_20191229_225424-scaled.jpg\" \/>\n\t<meta property=\"og:image:width\" content=\"2560\" \/>\n\t<meta property=\"og:image:height\" content=\"1920\" \/>\n\t<meta property=\"og:image:type\" content=\"image\/jpeg\" \/>\n<meta name=\"author\" content=\"maik\" \/>\n<meta name=\"twitter:card\" content=\"summary_large_image\" \/>\n<meta name=\"twitter:creator\" content=\"@https:\/\/twitter.com\/truckblog\" \/>\n<meta name=\"twitter:site\" content=\"@truckblog\" \/>\n<meta name=\"twitter:label1\" content=\"Verfasst von\" \/>\n\t<meta name=\"twitter:data1\" content=\"maik\" \/>\n\t<meta name=\"twitter:label2\" content=\"Gesch\u00e4tzte Lesezeit\" \/>\n\t<meta name=\"twitter:data2\" content=\"1\u00a0Minute\" \/>\n<script type=\"application\/ld+json\" class=\"yoast-schema-graph\">{\"@context\":\"https:\\\/\\\/schema.org\",\"@graph\":[{\"@type\":\"Article\",\"@id\":\"https:\\\/\\\/truckonline.de\\\/blog\\\/2015\\\/09\\\/01\\\/wir-streiken-dann-mal\\\/#article\",\"isPartOf\":{\"@id\":\"https:\\\/\\\/truckonline.de\\\/blog\\\/2015\\\/09\\\/01\\\/wir-streiken-dann-mal\\\/\"},\"author\":{\"name\":\"maik\",\"@id\":\"https:\\\/\\\/truckonline.de\\\/blog\\\/#\\\/schema\\\/person\\\/4cb59b86ffde81f882f56439688fda19\"},\"headline\":\"Wir streiken dann mal\",\"datePublished\":\"2015-09-01T21:49:19+00:00\",\"dateModified\":\"2015-09-01T21:51:10+00:00\",\"mainEntityOfPage\":{\"@id\":\"https:\\\/\\\/truckonline.de\\\/blog\\\/2015\\\/09\\\/01\\\/wir-streiken-dann-mal\\\/\"},\"wordCount\":127,\"commentCount\":3,\"publisher\":{\"@id\":\"https:\\\/\\\/truckonline.de\\\/blog\\\/#\\\/schema\\\/person\\\/4cb59b86ffde81f882f56439688fda19\"},\"keywords\":[\"Lkw\",\"Video\"],\"articleSection\":[\"Lkw\",\"Video\"],\"inLanguage\":\"de\",\"potentialAction\":[{\"@type\":\"CommentAction\",\"name\":\"Comment\",\"target\":[\"https:\\\/\\\/truckonline.de\\\/blog\\\/2015\\\/09\\\/01\\\/wir-streiken-dann-mal\\\/#respond\"]}]},{\"@type\":\"WebPage\",\"@id\":\"https:\\\/\\\/truckonline.de\\\/blog\\\/2015\\\/09\\\/01\\\/wir-streiken-dann-mal\\\/\",\"url\":\"https:\\\/\\\/truckonline.de\\\/blog\\\/2015\\\/09\\\/01\\\/wir-streiken-dann-mal\\\/\",\"name\":\"Wir streiken dann mal | TruckOnline.de\",\"isPartOf\":{\"@id\":\"https:\\\/\\\/truckonline.de\\\/blog\\\/#website\"},\"datePublished\":\"2015-09-01T21:49:19+00:00\",\"dateModified\":\"2015-09-01T21:51:10+00:00\",\"description\":\"Kurz zur Einleitung: Der Transportbotschafter e.V. ist ein gemeinn\u00fctziger Verein f\u00fcr die Transportbranche. Er wird unterst\u00fctzt von einer Frachtb\u00f6rse.\",\"breadcrumb\":{\"@id\":\"https:\\\/\\\/truckonline.de\\\/blog\\\/2015\\\/09\\\/01\\\/wir-streiken-dann-mal\\\/#breadcrumb\"},\"inLanguage\":\"de\",\"potentialAction\":[{\"@type\":\"ReadAction\",\"target\":[\"https:\\\/\\\/truckonline.de\\\/blog\\\/2015\\\/09\\\/01\\\/wir-streiken-dann-mal\\\/\"]}]},{\"@type\":\"BreadcrumbList\",\"@id\":\"https:\\\/\\\/truckonline.de\\\/blog\\\/2015\\\/09\\\/01\\\/wir-streiken-dann-mal\\\/#breadcrumb\",\"itemListElement\":[{\"@type\":\"ListItem\",\"position\":1,\"name\":\"Startseite\",\"item\":\"https:\\\/\\\/truckonline.de\\\/blog\\\/\"},{\"@type\":\"ListItem\",\"position\":2,\"name\":\"Wir streiken dann mal\"}]},{\"@type\":\"WebSite\",\"@id\":\"https:\\\/\\\/truckonline.de\\\/blog\\\/#website\",\"url\":\"https:\\\/\\\/truckonline.de\\\/blog\\\/\",\"name\":\"TruckOnline.de\",\"description\":\"\",\"publisher\":{\"@id\":\"https:\\\/\\\/truckonline.de\\\/blog\\\/#\\\/schema\\\/person\\\/4cb59b86ffde81f882f56439688fda19\"},\"potentialAction\":[{\"@type\":\"SearchAction\",\"target\":{\"@type\":\"EntryPoint\",\"urlTemplate\":\"https:\\\/\\\/truckonline.de\\\/blog\\\/?s={search_term_string}\"},\"query-input\":{\"@type\":\"PropertyValueSpecification\",\"valueRequired\":true,\"valueName\":\"search_term_string\"}}],\"inLanguage\":\"de\"},{\"@type\":[\"Person\",\"Organization\"],\"@id\":\"https:\\\/\\\/truckonline.de\\\/blog\\\/#\\\/schema\\\/person\\\/4cb59b86ffde81f882f56439688fda19\",\"name\":\"maik\",\"image\":{\"@type\":\"ImageObject\",\"inLanguage\":\"de\",\"@id\":\"https:\\\/\\\/truckonline.de\\\/blog\\\/wp-content\\\/uploads\\\/2019\\\/12\\\/logoinnenweiss.png\",\"url\":\"https:\\\/\\\/truckonline.de\\\/blog\\\/wp-content\\\/uploads\\\/2019\\\/12\\\/logoinnenweiss.png\",\"contentUrl\":\"https:\\\/\\\/truckonline.de\\\/blog\\\/wp-content\\\/uploads\\\/2019\\\/12\\\/logoinnenweiss.png\",\"width\":733,\"height\":125,\"caption\":\"maik\"},\"logo\":{\"@id\":\"https:\\\/\\\/truckonline.de\\\/blog\\\/wp-content\\\/uploads\\\/2019\\\/12\\\/logoinnenweiss.png\"},\"sameAs\":[\"https:\\\/\\\/www.facebook.com\\\/truckblog\",\"https:\\\/\\\/www.instagram.com\\\/truck_online\\\/\",\"https:\\\/\\\/x.com\\\/https:\\\/\\\/twitter.com\\\/truckblog\",\"https:\\\/\\\/www.youtube.com\\\/user\\\/truckonline\",\"https:\\\/\\\/www.tumblr.com\\\/truckonline\"]}]}<\/script>\n<!-- \/ Yoast SEO plugin. -->","yoast_head_json":{"title":"Wir streiken dann mal | TruckOnline.de","description":"Kurz zur Einleitung: Der Transportbotschafter e.V. ist ein gemeinn\u00fctziger Verein f\u00fcr die Transportbranche. Er wird unterst\u00fctzt von einer Frachtb\u00f6rse.","robots":{"index":"index","follow":"follow","max-snippet":"max-snippet:-1","max-image-preview":"max-image-preview:large","max-video-preview":"max-video-preview:-1"},"canonical":"https:\/\/truckonline.de\/blog\/2015\/09\/01\/wir-streiken-dann-mal\/","og_locale":"de_DE","og_type":"article","og_title":"Wir streiken dann mal | TruckOnline.de","og_url":"https:\/\/truckonline.de\/blog\/2015\/09\/01\/wir-streiken-dann-mal\/","og_site_name":"TruckOnline.de","article_publisher":"https:\/\/www.facebook.com\/truckblog","article_author":"https:\/\/www.facebook.com\/truckblog","article_published_time":"2015-09-01T21:49:19+00:00","article_modified_time":"2015-09-01T21:51:10+00:00","og_image":[{"width":2560,"height":1920,"url":"https:\/\/truckonline.de\/blog\/wp-content\/uploads\/2019\/12\/IMG_20191229_225424-scaled.jpg","type":"image\/jpeg"}],"author":"maik","twitter_card":"summary_large_image","twitter_creator":"@https:\/\/twitter.com\/truckblog","twitter_site":"@truckblog","twitter_misc":{"Verfasst von":"maik","Gesch\u00e4tzte Lesezeit":"1\u00a0Minute"},"schema":{"@context":"https:\/\/schema.org","@graph":[{"@type":"Article","@id":"https:\/\/truckonline.de\/blog\/2015\/09\/01\/wir-streiken-dann-mal\/#article","isPartOf":{"@id":"https:\/\/truckonline.de\/blog\/2015\/09\/01\/wir-streiken-dann-mal\/"},"author":{"name":"maik","@id":"https:\/\/truckonline.de\/blog\/#\/schema\/person\/4cb59b86ffde81f882f56439688fda19"},"headline":"Wir streiken dann mal","datePublished":"2015-09-01T21:49:19+00:00","dateModified":"2015-09-01T21:51:10+00:00","mainEntityOfPage":{"@id":"https:\/\/truckonline.de\/blog\/2015\/09\/01\/wir-streiken-dann-mal\/"},"wordCount":127,"commentCount":3,"publisher":{"@id":"https:\/\/truckonline.de\/blog\/#\/schema\/person\/4cb59b86ffde81f882f56439688fda19"},"keywords":["Lkw","Video"],"articleSection":["Lkw","Video"],"inLanguage":"de","potentialAction":[{"@type":"CommentAction","name":"Comment","target":["https:\/\/truckonline.de\/blog\/2015\/09\/01\/wir-streiken-dann-mal\/#respond"]}]},{"@type":"WebPage","@id":"https:\/\/truckonline.de\/blog\/2015\/09\/01\/wir-streiken-dann-mal\/","url":"https:\/\/truckonline.de\/blog\/2015\/09\/01\/wir-streiken-dann-mal\/","name":"Wir streiken dann mal | TruckOnline.de","isPartOf":{"@id":"https:\/\/truckonline.de\/blog\/#website"},"datePublished":"2015-09-01T21:49:19+00:00","dateModified":"2015-09-01T21:51:10+00:00","description":"Kurz zur Einleitung: Der Transportbotschafter e.V. ist ein gemeinn\u00fctziger Verein f\u00fcr die Transportbranche. Er wird unterst\u00fctzt von einer Frachtb\u00f6rse.","breadcrumb":{"@id":"https:\/\/truckonline.de\/blog\/2015\/09\/01\/wir-streiken-dann-mal\/#breadcrumb"},"inLanguage":"de","potentialAction":[{"@type":"ReadAction","target":["https:\/\/truckonline.de\/blog\/2015\/09\/01\/wir-streiken-dann-mal\/"]}]},{"@type":"BreadcrumbList","@id":"https:\/\/truckonline.de\/blog\/2015\/09\/01\/wir-streiken-dann-mal\/#breadcrumb","itemListElement":[{"@type":"ListItem","position":1,"name":"Startseite","item":"https:\/\/truckonline.de\/blog\/"},{"@type":"ListItem","position":2,"name":"Wir streiken dann mal"}]},{"@type":"WebSite","@id":"https:\/\/truckonline.de\/blog\/#website","url":"https:\/\/truckonline.de\/blog\/","name":"TruckOnline.de","description":"","publisher":{"@id":"https:\/\/truckonline.de\/blog\/#\/schema\/person\/4cb59b86ffde81f882f56439688fda19"},"potentialAction":[{"@type":"SearchAction","target":{"@type":"EntryPoint","urlTemplate":"https:\/\/truckonline.de\/blog\/?s={search_term_string}"},"query-input":{"@type":"PropertyValueSpecification","valueRequired":true,"valueName":"search_term_string"}}],"inLanguage":"de"},{"@type":["Person","Organization"],"@id":"https:\/\/truckonline.de\/blog\/#\/schema\/person\/4cb59b86ffde81f882f56439688fda19","name":"maik","image":{"@type":"ImageObject","inLanguage":"de","@id":"https:\/\/truckonline.de\/blog\/wp-content\/uploads\/2019\/12\/logoinnenweiss.png","url":"https:\/\/truckonline.de\/blog\/wp-content\/uploads\/2019\/12\/logoinnenweiss.png","contentUrl":"https:\/\/truckonline.de\/blog\/wp-content\/uploads\/2019\/12\/logoinnenweiss.png","width":733,"height":125,"caption":"maik"},"logo":{"@id":"https:\/\/truckonline.de\/blog\/wp-content\/uploads\/2019\/12\/logoinnenweiss.png"},"sameAs":["https:\/\/www.facebook.com\/truckblog","https:\/\/www.instagram.com\/truck_online\/","https:\/\/x.com\/https:\/\/twitter.com\/truckblog","https:\/\/www.youtube.com\/user\/truckonline","https:\/\/www.tumblr.com\/truckonline"]}]}},"_links":{"self":[{"href":"https:\/\/truckonline.de\/blog\/wp-json\/wp\/v2\/posts\/5971","targetHints":{"allow":["GET"]}}],"collection":[{"href":"https:\/\/truckonline.de\/blog\/wp-json\/wp\/v2\/posts"}],"about":[{"href":"https:\/\/truckonline.de\/blog\/wp-json\/wp\/v2\/types\/post"}],"author":[{"embeddable":true,"href":"https:\/\/truckonline.de\/blog\/wp-json\/wp\/v2\/users\/3"}],"replies":[{"embeddable":true,"href":"https:\/\/truckonline.de\/blog\/wp-json\/wp\/v2\/comments?post=5971"}],"version-history":[{"count":3,"href":"https:\/\/truckonline.de\/blog\/wp-json\/wp\/v2\/posts\/5971\/revisions"}],"predecessor-version":[{"id":5974,"href":"https:\/\/truckonline.de\/blog\/wp-json\/wp\/v2\/posts\/5971\/revisions\/5974"}],"wp:attachment":[{"href":"https:\/\/truckonline.de\/blog\/wp-json\/wp\/v2\/media?parent=5971"}],"wp:term":[{"taxonomy":"category","embeddable":true,"href":"https:\/\/truckonline.de\/blog\/wp-json\/wp\/v2\/categories?post=5971"},{"taxonomy":"post_tag","embeddable":true,"href":"https:\/\/truckonline.de\/blog\/wp-json\/wp\/v2\/tags?post=5971"}],"curies":[{"name":"wp","href":"https:\/\/api.w.org\/{rel}","templated":true}]}}