{"id":5938,"date":"2015-08-10T07:54:46","date_gmt":"2015-08-10T05:54:46","guid":{"rendered":"https:\/\/truckonline.de\/blog\/?p=5938"},"modified":"2015-08-09T21:13:06","modified_gmt":"2015-08-09T19:13:06","slug":"standklimaanlage-in-allen-lkw","status":"publish","type":"post","link":"https:\/\/truckonline.de\/blog\/2015\/08\/10\/standklimaanlage-in-allen-lkw\/","title":{"rendered":"Standklimaanlage in allen Lkw"},"content":{"rendered":"<p>Ich habe seit einigen Wochen eine, viele Fahrer aber noch nicht: Die Standklima. Deshalb wurde im Internet eine Petition gestartet, die daf\u00fcr wirbt, alle Nutzfahrzeuge , die im Fernverkehr eingesetzt werden, serienm\u00e4\u00dfig mit einer Standklimaanlage auszur\u00fcsten.<\/p>\n<p>Zur Petition <a href=\"https:\/\/www.openpetition.de\/petition\/online\/standklimaanlage-in-allen-lkws\" target=\"_blank\">>>><\/a><\/p>\n<p>Das &#8222;Th\u00fcringen Journal&#8220; im MDR berichtete am Freitag dar\u00fcber. Unterschiedliche Meinungen, aber zum gr\u00f6\u00dften Teil positiv. Selbst die Gr\u00fcnen k\u00f6nnen sich vorstellen, aus dieser Onlinepetition eine richtige Petition zu machen.<br \/>\nNur geht es denen weniger um die Fahrer, sondern nur um den Umweltschutz. Im Stand laufende Lkw verbrauchen halt etwas Diesel. Und das ist nicht so gut f\u00fcr eine gr\u00fcne Umwelt.<\/p>\n<p>Zum MDR-Bericht <a href=\"https:\/\/www.mdr.de\/mediathek\/suche\/video289108_zc-485c01ae_zs-d23ba9ff.html\" target=\"_blank\">>>><\/a><\/p>\n","protected":false},"excerpt":{"rendered":"<p>Ich habe seit einigen Wochen eine, viele Fahrer aber noch nicht: Die Standklima. Deshalb wurde im Internet eine Petition gestartet, die daf\u00fcr wirbt, alle Nutzfahrzeuge&#8230;<\/p>\n<div class=\"more-link-wrapper\"><a class=\"more-link\" href=\"https:\/\/truckonline.de\/blog\/2015\/08\/10\/standklimaanlage-in-allen-lkw\/\">Sie haben Ihr Ziel fast erreicht.<span class=\"screen-reader-text\">Standklimaanlage in allen Lkw<\/span><\/a><\/div>\n","protected":false},"author":3,"featured_media":0,"comment_status":"open","ping_status":"open","sticky":false,"template":"","format":"standard","meta":{"iawp_total_views":1,"_metis_text_type":"","_metis_text_length":0,"_post_count":0,"footnotes":""},"categories":[11,49],"tags":[503,1612],"class_list":["post-5938","post","type-post","status-publish","format-standard","hentry","category-lkw","category-technik","tag-sommer","tag-standklima","ratio-2-1","entry"],"yoast_head":"<!-- This site is optimized with the Yoast SEO plugin v27.4 - https:\/\/yoast.com\/product\/yoast-seo-wordpress\/ -->\n<title>Standklimaanlage in allen Lkw | TruckOnline.de<\/title>\n<meta name=\"description\" content=\"Ich habe seit einigen Wochen eine, viele Fahrer aber noch nicht: Die Standklima. Deshalb wurde im Internet eine Petition gestartet, die daf\u00fcr wirbt, alle\" \/>\n<meta name=\"robots\" content=\"index, follow, max-snippet:-1, max-image-preview:large, max-video-preview:-1\" \/>\n<link rel=\"canonical\" href=\"https:\/\/truckonline.de\/blog\/2015\/08\/10\/standklimaanlage-in-allen-lkw\/\" \/>\n<meta property=\"og:locale\" content=\"de_DE\" \/>\n<meta property=\"og:type\" content=\"article\" \/>\n<meta property=\"og:title\" content=\"Standklimaanlage in allen Lkw | TruckOnline.de\" \/>\n<meta property=\"og:url\" content=\"https:\/\/truckonline.de\/blog\/2015\/08\/10\/standklimaanlage-in-allen-lkw\/\" \/>\n<meta property=\"og:site_name\" content=\"TruckOnline.de\" \/>\n<meta property=\"article:publisher\" content=\"https:\/\/www.facebook.com\/truckblog\" \/>\n<meta property=\"article:author\" content=\"https:\/\/www.facebook.com\/truckblog\" \/>\n<meta property=\"article:published_time\" content=\"2015-08-10T05:54:46+00:00\" \/>\n<meta property=\"og:image\" content=\"https:\/\/truckonline.de\/blog\/wp-content\/uploads\/2019\/12\/IMG_20191229_225424-scaled.jpg\" \/>\n\t<meta property=\"og:image:width\" content=\"2560\" \/>\n\t<meta property=\"og:image:height\" content=\"1920\" \/>\n\t<meta property=\"og:image:type\" content=\"image\/jpeg\" \/>\n<meta name=\"author\" content=\"maik\" \/>\n<meta name=\"twitter:card\" content=\"summary_large_image\" \/>\n<meta name=\"twitter:creator\" content=\"@https:\/\/twitter.com\/truckblog\" \/>\n<meta name=\"twitter:site\" content=\"@truckblog\" \/>\n<meta name=\"twitter:label1\" content=\"Verfasst von\" \/>\n\t<meta name=\"twitter:data1\" content=\"maik\" \/>\n\t<meta name=\"twitter:label2\" content=\"Gesch\u00e4tzte Lesezeit\" \/>\n\t<meta name=\"twitter:data2\" content=\"1\u00a0Minute\" \/>\n<script type=\"application\/ld+json\" class=\"yoast-schema-graph\">{\"@context\":\"https:\\\/\\\/schema.org\",\"@graph\":[{\"@type\":\"Article\",\"@id\":\"https:\\\/\\\/truckonline.de\\\/blog\\\/2015\\\/08\\\/10\\\/standklimaanlage-in-allen-lkw\\\/#article\",\"isPartOf\":{\"@id\":\"https:\\\/\\\/truckonline.de\\\/blog\\\/2015\\\/08\\\/10\\\/standklimaanlage-in-allen-lkw\\\/\"},\"author\":{\"name\":\"maik\",\"@id\":\"https:\\\/\\\/truckonline.de\\\/blog\\\/#\\\/schema\\\/person\\\/4cb59b86ffde81f882f56439688fda19\"},\"headline\":\"Standklimaanlage in allen Lkw\",\"datePublished\":\"2015-08-10T05:54:46+00:00\",\"mainEntityOfPage\":{\"@id\":\"https:\\\/\\\/truckonline.de\\\/blog\\\/2015\\\/08\\\/10\\\/standklimaanlage-in-allen-lkw\\\/\"},\"wordCount\":114,\"commentCount\":4,\"publisher\":{\"@id\":\"https:\\\/\\\/truckonline.de\\\/blog\\\/#\\\/schema\\\/person\\\/4cb59b86ffde81f882f56439688fda19\"},\"keywords\":[\"Sommer\",\"Standklima\"],\"articleSection\":[\"Lkw\",\"Technik\"],\"inLanguage\":\"de\",\"potentialAction\":[{\"@type\":\"CommentAction\",\"name\":\"Comment\",\"target\":[\"https:\\\/\\\/truckonline.de\\\/blog\\\/2015\\\/08\\\/10\\\/standklimaanlage-in-allen-lkw\\\/#respond\"]}]},{\"@type\":\"WebPage\",\"@id\":\"https:\\\/\\\/truckonline.de\\\/blog\\\/2015\\\/08\\\/10\\\/standklimaanlage-in-allen-lkw\\\/\",\"url\":\"https:\\\/\\\/truckonline.de\\\/blog\\\/2015\\\/08\\\/10\\\/standklimaanlage-in-allen-lkw\\\/\",\"name\":\"Standklimaanlage in allen Lkw | TruckOnline.de\",\"isPartOf\":{\"@id\":\"https:\\\/\\\/truckonline.de\\\/blog\\\/#website\"},\"datePublished\":\"2015-08-10T05:54:46+00:00\",\"description\":\"Ich habe seit einigen Wochen eine, viele Fahrer aber noch nicht: Die Standklima. Deshalb wurde im Internet eine Petition gestartet, die daf\u00fcr wirbt, alle\",\"breadcrumb\":{\"@id\":\"https:\\\/\\\/truckonline.de\\\/blog\\\/2015\\\/08\\\/10\\\/standklimaanlage-in-allen-lkw\\\/#breadcrumb\"},\"inLanguage\":\"de\",\"potentialAction\":[{\"@type\":\"ReadAction\",\"target\":[\"https:\\\/\\\/truckonline.de\\\/blog\\\/2015\\\/08\\\/10\\\/standklimaanlage-in-allen-lkw\\\/\"]}]},{\"@type\":\"BreadcrumbList\",\"@id\":\"https:\\\/\\\/truckonline.de\\\/blog\\\/2015\\\/08\\\/10\\\/standklimaanlage-in-allen-lkw\\\/#breadcrumb\",\"itemListElement\":[{\"@type\":\"ListItem\",\"position\":1,\"name\":\"Startseite\",\"item\":\"https:\\\/\\\/truckonline.de\\\/blog\\\/\"},{\"@type\":\"ListItem\",\"position\":2,\"name\":\"Standklimaanlage in allen Lkw\"}]},{\"@type\":\"WebSite\",\"@id\":\"https:\\\/\\\/truckonline.de\\\/blog\\\/#website\",\"url\":\"https:\\\/\\\/truckonline.de\\\/blog\\\/\",\"name\":\"TruckOnline.de\",\"description\":\"\",\"publisher\":{\"@id\":\"https:\\\/\\\/truckonline.de\\\/blog\\\/#\\\/schema\\\/person\\\/4cb59b86ffde81f882f56439688fda19\"},\"potentialAction\":[{\"@type\":\"SearchAction\",\"target\":{\"@type\":\"EntryPoint\",\"urlTemplate\":\"https:\\\/\\\/truckonline.de\\\/blog\\\/?s={search_term_string}\"},\"query-input\":{\"@type\":\"PropertyValueSpecification\",\"valueRequired\":true,\"valueName\":\"search_term_string\"}}],\"inLanguage\":\"de\"},{\"@type\":[\"Person\",\"Organization\"],\"@id\":\"https:\\\/\\\/truckonline.de\\\/blog\\\/#\\\/schema\\\/person\\\/4cb59b86ffde81f882f56439688fda19\",\"name\":\"maik\",\"image\":{\"@type\":\"ImageObject\",\"inLanguage\":\"de\",\"@id\":\"https:\\\/\\\/truckonline.de\\\/blog\\\/wp-content\\\/uploads\\\/2019\\\/12\\\/logoinnenweiss.png\",\"url\":\"https:\\\/\\\/truckonline.de\\\/blog\\\/wp-content\\\/uploads\\\/2019\\\/12\\\/logoinnenweiss.png\",\"contentUrl\":\"https:\\\/\\\/truckonline.de\\\/blog\\\/wp-content\\\/uploads\\\/2019\\\/12\\\/logoinnenweiss.png\",\"width\":733,\"height\":125,\"caption\":\"maik\"},\"logo\":{\"@id\":\"https:\\\/\\\/truckonline.de\\\/blog\\\/wp-content\\\/uploads\\\/2019\\\/12\\\/logoinnenweiss.png\"},\"sameAs\":[\"https:\\\/\\\/www.facebook.com\\\/truckblog\",\"https:\\\/\\\/www.instagram.com\\\/truck_online\\\/\",\"https:\\\/\\\/x.com\\\/https:\\\/\\\/twitter.com\\\/truckblog\",\"https:\\\/\\\/www.youtube.com\\\/user\\\/truckonline\",\"https:\\\/\\\/www.tumblr.com\\\/truckonline\"]}]}<\/script>\n<!-- \/ Yoast SEO plugin. -->","yoast_head_json":{"title":"Standklimaanlage in allen Lkw | TruckOnline.de","description":"Ich habe seit einigen Wochen eine, viele Fahrer aber noch nicht: Die Standklima. Deshalb wurde im Internet eine Petition gestartet, die daf\u00fcr wirbt, alle","robots":{"index":"index","follow":"follow","max-snippet":"max-snippet:-1","max-image-preview":"max-image-preview:large","max-video-preview":"max-video-preview:-1"},"canonical":"https:\/\/truckonline.de\/blog\/2015\/08\/10\/standklimaanlage-in-allen-lkw\/","og_locale":"de_DE","og_type":"article","og_title":"Standklimaanlage in allen Lkw | TruckOnline.de","og_url":"https:\/\/truckonline.de\/blog\/2015\/08\/10\/standklimaanlage-in-allen-lkw\/","og_site_name":"TruckOnline.de","article_publisher":"https:\/\/www.facebook.com\/truckblog","article_author":"https:\/\/www.facebook.com\/truckblog","article_published_time":"2015-08-10T05:54:46+00:00","og_image":[{"width":2560,"height":1920,"url":"https:\/\/truckonline.de\/blog\/wp-content\/uploads\/2019\/12\/IMG_20191229_225424-scaled.jpg","type":"image\/jpeg"}],"author":"maik","twitter_card":"summary_large_image","twitter_creator":"@https:\/\/twitter.com\/truckblog","twitter_site":"@truckblog","twitter_misc":{"Verfasst von":"maik","Gesch\u00e4tzte Lesezeit":"1\u00a0Minute"},"schema":{"@context":"https:\/\/schema.org","@graph":[{"@type":"Article","@id":"https:\/\/truckonline.de\/blog\/2015\/08\/10\/standklimaanlage-in-allen-lkw\/#article","isPartOf":{"@id":"https:\/\/truckonline.de\/blog\/2015\/08\/10\/standklimaanlage-in-allen-lkw\/"},"author":{"name":"maik","@id":"https:\/\/truckonline.de\/blog\/#\/schema\/person\/4cb59b86ffde81f882f56439688fda19"},"headline":"Standklimaanlage in allen Lkw","datePublished":"2015-08-10T05:54:46+00:00","mainEntityOfPage":{"@id":"https:\/\/truckonline.de\/blog\/2015\/08\/10\/standklimaanlage-in-allen-lkw\/"},"wordCount":114,"commentCount":4,"publisher":{"@id":"https:\/\/truckonline.de\/blog\/#\/schema\/person\/4cb59b86ffde81f882f56439688fda19"},"keywords":["Sommer","Standklima"],"articleSection":["Lkw","Technik"],"inLanguage":"de","potentialAction":[{"@type":"CommentAction","name":"Comment","target":["https:\/\/truckonline.de\/blog\/2015\/08\/10\/standklimaanlage-in-allen-lkw\/#respond"]}]},{"@type":"WebPage","@id":"https:\/\/truckonline.de\/blog\/2015\/08\/10\/standklimaanlage-in-allen-lkw\/","url":"https:\/\/truckonline.de\/blog\/2015\/08\/10\/standklimaanlage-in-allen-lkw\/","name":"Standklimaanlage in allen Lkw | TruckOnline.de","isPartOf":{"@id":"https:\/\/truckonline.de\/blog\/#website"},"datePublished":"2015-08-10T05:54:46+00:00","description":"Ich habe seit einigen Wochen eine, viele Fahrer aber noch nicht: Die Standklima. Deshalb wurde im Internet eine Petition gestartet, die daf\u00fcr wirbt, alle","breadcrumb":{"@id":"https:\/\/truckonline.de\/blog\/2015\/08\/10\/standklimaanlage-in-allen-lkw\/#breadcrumb"},"inLanguage":"de","potentialAction":[{"@type":"ReadAction","target":["https:\/\/truckonline.de\/blog\/2015\/08\/10\/standklimaanlage-in-allen-lkw\/"]}]},{"@type":"BreadcrumbList","@id":"https:\/\/truckonline.de\/blog\/2015\/08\/10\/standklimaanlage-in-allen-lkw\/#breadcrumb","itemListElement":[{"@type":"ListItem","position":1,"name":"Startseite","item":"https:\/\/truckonline.de\/blog\/"},{"@type":"ListItem","position":2,"name":"Standklimaanlage in allen Lkw"}]},{"@type":"WebSite","@id":"https:\/\/truckonline.de\/blog\/#website","url":"https:\/\/truckonline.de\/blog\/","name":"TruckOnline.de","description":"","publisher":{"@id":"https:\/\/truckonline.de\/blog\/#\/schema\/person\/4cb59b86ffde81f882f56439688fda19"},"potentialAction":[{"@type":"SearchAction","target":{"@type":"EntryPoint","urlTemplate":"https:\/\/truckonline.de\/blog\/?s={search_term_string}"},"query-input":{"@type":"PropertyValueSpecification","valueRequired":true,"valueName":"search_term_string"}}],"inLanguage":"de"},{"@type":["Person","Organization"],"@id":"https:\/\/truckonline.de\/blog\/#\/schema\/person\/4cb59b86ffde81f882f56439688fda19","name":"maik","image":{"@type":"ImageObject","inLanguage":"de","@id":"https:\/\/truckonline.de\/blog\/wp-content\/uploads\/2019\/12\/logoinnenweiss.png","url":"https:\/\/truckonline.de\/blog\/wp-content\/uploads\/2019\/12\/logoinnenweiss.png","contentUrl":"https:\/\/truckonline.de\/blog\/wp-content\/uploads\/2019\/12\/logoinnenweiss.png","width":733,"height":125,"caption":"maik"},"logo":{"@id":"https:\/\/truckonline.de\/blog\/wp-content\/uploads\/2019\/12\/logoinnenweiss.png"},"sameAs":["https:\/\/www.facebook.com\/truckblog","https:\/\/www.instagram.com\/truck_online\/","https:\/\/x.com\/https:\/\/twitter.com\/truckblog","https:\/\/www.youtube.com\/user\/truckonline","https:\/\/www.tumblr.com\/truckonline"]}]}},"_links":{"self":[{"href":"https:\/\/truckonline.de\/blog\/wp-json\/wp\/v2\/posts\/5938","targetHints":{"allow":["GET"]}}],"collection":[{"href":"https:\/\/truckonline.de\/blog\/wp-json\/wp\/v2\/posts"}],"about":[{"href":"https:\/\/truckonline.de\/blog\/wp-json\/wp\/v2\/types\/post"}],"author":[{"embeddable":true,"href":"https:\/\/truckonline.de\/blog\/wp-json\/wp\/v2\/users\/3"}],"replies":[{"embeddable":true,"href":"https:\/\/truckonline.de\/blog\/wp-json\/wp\/v2\/comments?post=5938"}],"version-history":[{"count":2,"href":"https:\/\/truckonline.de\/blog\/wp-json\/wp\/v2\/posts\/5938\/revisions"}],"predecessor-version":[{"id":5940,"href":"https:\/\/truckonline.de\/blog\/wp-json\/wp\/v2\/posts\/5938\/revisions\/5940"}],"wp:attachment":[{"href":"https:\/\/truckonline.de\/blog\/wp-json\/wp\/v2\/media?parent=5938"}],"wp:term":[{"taxonomy":"category","embeddable":true,"href":"https:\/\/truckonline.de\/blog\/wp-json\/wp\/v2\/categories?post=5938"},{"taxonomy":"post_tag","embeddable":true,"href":"https:\/\/truckonline.de\/blog\/wp-json\/wp\/v2\/tags?post=5938"}],"curies":[{"name":"wp","href":"https:\/\/api.w.org\/{rel}","templated":true}]}}