{"id":5928,"date":"2015-08-02T00:07:52","date_gmt":"2015-08-01T22:07:52","guid":{"rendered":"https:\/\/truckonline.de\/blog\/?p=5928"},"modified":"2015-08-02T00:07:52","modified_gmt":"2015-08-01T22:07:52","slug":"sie-haben-post-97","status":"publish","type":"post","link":"https:\/\/truckonline.de\/blog\/2015\/08\/02\/sie-haben-post-97\/","title":{"rendered":"Sie haben Post"},"content":{"rendered":"<p>Die Ehefrau eines Lkw-Fahrers im Nahverkehr schilderte mir folgendes Problem:<\/p>\n<blockquote><p>Hallo Herr Erdmann,<br \/>\nich habe folgendes Problem und denken da Sie im Bereich LKW und -Rechte Erfahrung haben, k\u00f6nnen Sie uns hoffentlich dabei helfen.<\/p>\n<p>Mein Mann arbeitet als Lagerist seit 9 Jahren in einer Badausstattungsfirma mit 3 Filialen in der N\u00e4he von (&#8230;Ort entfernt). Da er einen Lkw F\u00fchrerschein besitzt, macht auch Warenversorgung f\u00fcr die Filalen mit 7,5 tonnen LKW.<\/p>\n<p>Meine Frage an Sie ist obwohl er nur auch mit Transport  \u00fcber 3,5 t lkw besch\u00e4ftigt ist verweigert der Chef, dass die Schl\u00fcsselzahl 95 in seinem F\u00fchrerschein eingetragen wird. Er meint, dass die T\u00e4tigkeit nur den Hauptberufler als Kraftfahrer betrifft. Wir haben uns informiert, dass es jeden betrifft, der rein etwas transportieren tut, dieser Kurse f\u00fcr Berufskraftfahrergrundqualikationsgesetzes machen muss &#8211; auch wenn man den LKW nur 1 meter von der Stelle bewegt.<br \/>\nDer Chef verweigert sich ihn das schriftlich zu bescheinigen, dass er es nicht braucht.<\/p>\n<p>Mein Mann wird 50 und wir denken, dass der Chef ihn damit belastet somit er selber seine K\u00fcndigung einreicht.. Weil der Chef neue g\u00fcnstigere und junge Leute einstellen m\u00f6chte.<br \/>\nMein Mann war schon bei der zust\u00e4ndigen IHK und die Sache geschildert. Sie sagten ebenfalls, dass er diese Kursen machen und die Schl\u00fcsselzahl eintragen lassen muss.<\/p>\n<p>Da der Chef diese verweigert hat und mein Mann nicht nach 9 j\u00e4hrigen Firmenzugeh\u00f6rigkeit schwer f\u00e4llt selber zu k\u00fcndigen, ist er verzweifelt. Wie sollten wir voran gehen? Was macht man in so einer Sitiuation?<br \/>\nDer Chef versprach falls es soweit kommen sollte, dass er die Bu\u00dfgelder f\u00fcr ihn zahlen w\u00fcrde aber nur m\u00fcndlich. Etwas schriftliches verweigert er zu geben.<\/p>\n<p>F\u00fcr Ihre Bem\u00fchung an einem Antwortschreiben recht herzlichen Dank und viele Gr\u00fc\u00dfe.<\/p><\/blockquote>\n<p>Hallo,<\/p>\n<p>der Arbeitgeber Ihres Mannes ist nicht verpflichtet, die Weiterbildung gem\u00e4\u00df \u00a7 5 BKrFQG zu bezahlen. Das hei\u00dft, Ihr Mann mu\u00df sich selber darum k\u00fcmmern. Danach kann er die Schl\u00fcsselzahl 95 in seinem F\u00fchrerschein eintragen lassen. Damit w\u00e4re dieses Problem eigentlich erledigt.<\/p>\n<p>Denn bedenken Sie: Alle F\u00fchrer von Fahrzeugen \u00fcber 3,5 t und nicht wie angenommen \u00fcber 7,5 t zGG unterliegen auch beim Einsatz im Werkverkehr der Weiterbildungspflicht.<br \/>\nDie Aussage \u201eFahren kann jeder\u201c war und ist leider immer noch weit verbreitet. Und <strong>angeblich<\/strong> kann man \u201eohne die 95\u201c jetzt und auch nach der Deadline 10.09.2014 Lkw fahren. Das aber ist Quark.<\/p>\n<p>Denn. Es gibt die Aussage: F\u00e4hrt ein Fahrer im G\u00fcterkraft- oder Personenverkehr zu gewerblichen Zwecke ohne die Schl\u00fcsselzahl 95 bzw. ohne Grundqualifikation und\/oder Weiterbildung, muss er mit einem Bu\u00dfgeld in H\u00f6he von bis zu 5.000 Euro rechnen. <\/p>\n<p>Sind Sie sicher, dass der Arbeitgeber Ihres Mannes dieses Bu\u00dfgeld wirklich zahlt? Ich w\u00e4re da mehr als skeptisch.<\/p>\n","protected":false},"excerpt":{"rendered":"<p>Die Ehefrau eines Lkw-Fahrers im Nahverkehr schilderte mir folgendes Problem: Hallo Herr Erdmann, ich habe folgendes Problem und denken da Sie im Bereich LKW und&#8230;<\/p>\n<div class=\"more-link-wrapper\"><a class=\"more-link\" href=\"https:\/\/truckonline.de\/blog\/2015\/08\/02\/sie-haben-post-97\/\">Sie haben Ihr Ziel fast erreicht.<span class=\"screen-reader-text\">Sie haben Post<\/span><\/a><\/div>\n","protected":false},"author":3,"featured_media":0,"comment_status":"open","ping_status":"open","sticky":false,"template":"","format":"standard","meta":{"iawp_total_views":0,"_metis_text_type":"","_metis_text_length":0,"_post_count":0,"footnotes":""},"categories":[633,88,11],"tags":[1876,1877],"class_list":["post-5928","post","type-post","status-publish","format-standard","hentry","category-email-world-wide-web","category-fragen","category-lkw","tag-1876","tag-nahverkehr","ratio-2-1","entry"],"yoast_head":"<!-- This site is optimized with the Yoast SEO plugin v27.4 - https:\/\/yoast.com\/product\/yoast-seo-wordpress\/ -->\n<title>Sie haben Post | TruckOnline.de<\/title>\n<meta name=\"description\" content=\"Die Ehefrau eines Lkw-Fahrers im Nahverkehr schilderte mir folgendes Problem: Hallo Herr Erdmann, ich habe folgendes Problem und denken da Sie im Bereich\" \/>\n<meta name=\"robots\" content=\"index, follow, max-snippet:-1, max-image-preview:large, max-video-preview:-1\" \/>\n<link rel=\"canonical\" href=\"https:\/\/truckonline.de\/blog\/2015\/08\/02\/sie-haben-post-97\/\" \/>\n<meta property=\"og:locale\" content=\"de_DE\" \/>\n<meta property=\"og:type\" content=\"article\" \/>\n<meta property=\"og:title\" content=\"Sie haben Post | TruckOnline.de\" \/>\n<meta property=\"og:url\" content=\"https:\/\/truckonline.de\/blog\/2015\/08\/02\/sie-haben-post-97\/\" \/>\n<meta property=\"og:site_name\" content=\"TruckOnline.de\" \/>\n<meta property=\"article:publisher\" content=\"https:\/\/www.facebook.com\/truckblog\" \/>\n<meta property=\"article:author\" content=\"https:\/\/www.facebook.com\/truckblog\" \/>\n<meta property=\"article:published_time\" content=\"2015-08-01T22:07:52+00:00\" \/>\n<meta property=\"og:image\" content=\"https:\/\/truckonline.de\/blog\/wp-content\/uploads\/2019\/12\/IMG_20191229_225424-scaled.jpg\" \/>\n\t<meta property=\"og:image:width\" content=\"2560\" \/>\n\t<meta property=\"og:image:height\" content=\"1920\" \/>\n\t<meta property=\"og:image:type\" content=\"image\/jpeg\" \/>\n<meta name=\"author\" content=\"maik\" \/>\n<meta name=\"twitter:card\" content=\"summary_large_image\" \/>\n<meta name=\"twitter:creator\" content=\"@https:\/\/twitter.com\/truckblog\" \/>\n<meta name=\"twitter:site\" content=\"@truckblog\" \/>\n<meta name=\"twitter:label1\" content=\"Verfasst von\" \/>\n\t<meta name=\"twitter:data1\" content=\"maik\" \/>\n\t<meta name=\"twitter:label2\" content=\"Gesch\u00e4tzte Lesezeit\" \/>\n\t<meta name=\"twitter:data2\" content=\"2\u00a0Minuten\" \/>\n<script type=\"application\/ld+json\" class=\"yoast-schema-graph\">{\"@context\":\"https:\\\/\\\/schema.org\",\"@graph\":[{\"@type\":\"Article\",\"@id\":\"https:\\\/\\\/truckonline.de\\\/blog\\\/2015\\\/08\\\/02\\\/sie-haben-post-97\\\/#article\",\"isPartOf\":{\"@id\":\"https:\\\/\\\/truckonline.de\\\/blog\\\/2015\\\/08\\\/02\\\/sie-haben-post-97\\\/\"},\"author\":{\"name\":\"maik\",\"@id\":\"https:\\\/\\\/truckonline.de\\\/blog\\\/#\\\/schema\\\/person\\\/4cb59b86ffde81f882f56439688fda19\"},\"headline\":\"Sie haben Post\",\"datePublished\":\"2015-08-01T22:07:52+00:00\",\"mainEntityOfPage\":{\"@id\":\"https:\\\/\\\/truckonline.de\\\/blog\\\/2015\\\/08\\\/02\\\/sie-haben-post-97\\\/\"},\"wordCount\":463,\"commentCount\":5,\"publisher\":{\"@id\":\"https:\\\/\\\/truckonline.de\\\/blog\\\/#\\\/schema\\\/person\\\/4cb59b86ffde81f882f56439688fda19\"},\"keywords\":[\"95\",\"Nahverkehr\"],\"articleSection\":[\"eMail\",\"Fragen\",\"Lkw\"],\"inLanguage\":\"de\",\"potentialAction\":[{\"@type\":\"CommentAction\",\"name\":\"Comment\",\"target\":[\"https:\\\/\\\/truckonline.de\\\/blog\\\/2015\\\/08\\\/02\\\/sie-haben-post-97\\\/#respond\"]}]},{\"@type\":\"WebPage\",\"@id\":\"https:\\\/\\\/truckonline.de\\\/blog\\\/2015\\\/08\\\/02\\\/sie-haben-post-97\\\/\",\"url\":\"https:\\\/\\\/truckonline.de\\\/blog\\\/2015\\\/08\\\/02\\\/sie-haben-post-97\\\/\",\"name\":\"Sie haben Post | TruckOnline.de\",\"isPartOf\":{\"@id\":\"https:\\\/\\\/truckonline.de\\\/blog\\\/#website\"},\"datePublished\":\"2015-08-01T22:07:52+00:00\",\"description\":\"Die Ehefrau eines Lkw-Fahrers im Nahverkehr schilderte mir folgendes Problem: Hallo Herr Erdmann, ich habe folgendes Problem und denken da Sie im Bereich\",\"breadcrumb\":{\"@id\":\"https:\\\/\\\/truckonline.de\\\/blog\\\/2015\\\/08\\\/02\\\/sie-haben-post-97\\\/#breadcrumb\"},\"inLanguage\":\"de\",\"potentialAction\":[{\"@type\":\"ReadAction\",\"target\":[\"https:\\\/\\\/truckonline.de\\\/blog\\\/2015\\\/08\\\/02\\\/sie-haben-post-97\\\/\"]}]},{\"@type\":\"BreadcrumbList\",\"@id\":\"https:\\\/\\\/truckonline.de\\\/blog\\\/2015\\\/08\\\/02\\\/sie-haben-post-97\\\/#breadcrumb\",\"itemListElement\":[{\"@type\":\"ListItem\",\"position\":1,\"name\":\"Startseite\",\"item\":\"https:\\\/\\\/truckonline.de\\\/blog\\\/\"},{\"@type\":\"ListItem\",\"position\":2,\"name\":\"Sie haben Post\"}]},{\"@type\":\"WebSite\",\"@id\":\"https:\\\/\\\/truckonline.de\\\/blog\\\/#website\",\"url\":\"https:\\\/\\\/truckonline.de\\\/blog\\\/\",\"name\":\"TruckOnline.de\",\"description\":\"\",\"publisher\":{\"@id\":\"https:\\\/\\\/truckonline.de\\\/blog\\\/#\\\/schema\\\/person\\\/4cb59b86ffde81f882f56439688fda19\"},\"potentialAction\":[{\"@type\":\"SearchAction\",\"target\":{\"@type\":\"EntryPoint\",\"urlTemplate\":\"https:\\\/\\\/truckonline.de\\\/blog\\\/?s={search_term_string}\"},\"query-input\":{\"@type\":\"PropertyValueSpecification\",\"valueRequired\":true,\"valueName\":\"search_term_string\"}}],\"inLanguage\":\"de\"},{\"@type\":[\"Person\",\"Organization\"],\"@id\":\"https:\\\/\\\/truckonline.de\\\/blog\\\/#\\\/schema\\\/person\\\/4cb59b86ffde81f882f56439688fda19\",\"name\":\"maik\",\"image\":{\"@type\":\"ImageObject\",\"inLanguage\":\"de\",\"@id\":\"https:\\\/\\\/truckonline.de\\\/blog\\\/wp-content\\\/uploads\\\/2019\\\/12\\\/logoinnenweiss.png\",\"url\":\"https:\\\/\\\/truckonline.de\\\/blog\\\/wp-content\\\/uploads\\\/2019\\\/12\\\/logoinnenweiss.png\",\"contentUrl\":\"https:\\\/\\\/truckonline.de\\\/blog\\\/wp-content\\\/uploads\\\/2019\\\/12\\\/logoinnenweiss.png\",\"width\":733,\"height\":125,\"caption\":\"maik\"},\"logo\":{\"@id\":\"https:\\\/\\\/truckonline.de\\\/blog\\\/wp-content\\\/uploads\\\/2019\\\/12\\\/logoinnenweiss.png\"},\"sameAs\":[\"https:\\\/\\\/www.facebook.com\\\/truckblog\",\"https:\\\/\\\/www.instagram.com\\\/truck_online\\\/\",\"https:\\\/\\\/x.com\\\/https:\\\/\\\/twitter.com\\\/truckblog\",\"https:\\\/\\\/www.youtube.com\\\/user\\\/truckonline\",\"https:\\\/\\\/www.tumblr.com\\\/truckonline\"]}]}<\/script>\n<!-- \/ Yoast SEO plugin. -->","yoast_head_json":{"title":"Sie haben Post | TruckOnline.de","description":"Die Ehefrau eines Lkw-Fahrers im Nahverkehr schilderte mir folgendes Problem: Hallo Herr Erdmann, ich habe folgendes Problem und denken da Sie im Bereich","robots":{"index":"index","follow":"follow","max-snippet":"max-snippet:-1","max-image-preview":"max-image-preview:large","max-video-preview":"max-video-preview:-1"},"canonical":"https:\/\/truckonline.de\/blog\/2015\/08\/02\/sie-haben-post-97\/","og_locale":"de_DE","og_type":"article","og_title":"Sie haben Post | TruckOnline.de","og_url":"https:\/\/truckonline.de\/blog\/2015\/08\/02\/sie-haben-post-97\/","og_site_name":"TruckOnline.de","article_publisher":"https:\/\/www.facebook.com\/truckblog","article_author":"https:\/\/www.facebook.com\/truckblog","article_published_time":"2015-08-01T22:07:52+00:00","og_image":[{"width":2560,"height":1920,"url":"https:\/\/truckonline.de\/blog\/wp-content\/uploads\/2019\/12\/IMG_20191229_225424-scaled.jpg","type":"image\/jpeg"}],"author":"maik","twitter_card":"summary_large_image","twitter_creator":"@https:\/\/twitter.com\/truckblog","twitter_site":"@truckblog","twitter_misc":{"Verfasst von":"maik","Gesch\u00e4tzte Lesezeit":"2\u00a0Minuten"},"schema":{"@context":"https:\/\/schema.org","@graph":[{"@type":"Article","@id":"https:\/\/truckonline.de\/blog\/2015\/08\/02\/sie-haben-post-97\/#article","isPartOf":{"@id":"https:\/\/truckonline.de\/blog\/2015\/08\/02\/sie-haben-post-97\/"},"author":{"name":"maik","@id":"https:\/\/truckonline.de\/blog\/#\/schema\/person\/4cb59b86ffde81f882f56439688fda19"},"headline":"Sie haben Post","datePublished":"2015-08-01T22:07:52+00:00","mainEntityOfPage":{"@id":"https:\/\/truckonline.de\/blog\/2015\/08\/02\/sie-haben-post-97\/"},"wordCount":463,"commentCount":5,"publisher":{"@id":"https:\/\/truckonline.de\/blog\/#\/schema\/person\/4cb59b86ffde81f882f56439688fda19"},"keywords":["95","Nahverkehr"],"articleSection":["eMail","Fragen","Lkw"],"inLanguage":"de","potentialAction":[{"@type":"CommentAction","name":"Comment","target":["https:\/\/truckonline.de\/blog\/2015\/08\/02\/sie-haben-post-97\/#respond"]}]},{"@type":"WebPage","@id":"https:\/\/truckonline.de\/blog\/2015\/08\/02\/sie-haben-post-97\/","url":"https:\/\/truckonline.de\/blog\/2015\/08\/02\/sie-haben-post-97\/","name":"Sie haben Post | TruckOnline.de","isPartOf":{"@id":"https:\/\/truckonline.de\/blog\/#website"},"datePublished":"2015-08-01T22:07:52+00:00","description":"Die Ehefrau eines Lkw-Fahrers im Nahverkehr schilderte mir folgendes Problem: Hallo Herr Erdmann, ich habe folgendes Problem und denken da Sie im Bereich","breadcrumb":{"@id":"https:\/\/truckonline.de\/blog\/2015\/08\/02\/sie-haben-post-97\/#breadcrumb"},"inLanguage":"de","potentialAction":[{"@type":"ReadAction","target":["https:\/\/truckonline.de\/blog\/2015\/08\/02\/sie-haben-post-97\/"]}]},{"@type":"BreadcrumbList","@id":"https:\/\/truckonline.de\/blog\/2015\/08\/02\/sie-haben-post-97\/#breadcrumb","itemListElement":[{"@type":"ListItem","position":1,"name":"Startseite","item":"https:\/\/truckonline.de\/blog\/"},{"@type":"ListItem","position":2,"name":"Sie haben Post"}]},{"@type":"WebSite","@id":"https:\/\/truckonline.de\/blog\/#website","url":"https:\/\/truckonline.de\/blog\/","name":"TruckOnline.de","description":"","publisher":{"@id":"https:\/\/truckonline.de\/blog\/#\/schema\/person\/4cb59b86ffde81f882f56439688fda19"},"potentialAction":[{"@type":"SearchAction","target":{"@type":"EntryPoint","urlTemplate":"https:\/\/truckonline.de\/blog\/?s={search_term_string}"},"query-input":{"@type":"PropertyValueSpecification","valueRequired":true,"valueName":"search_term_string"}}],"inLanguage":"de"},{"@type":["Person","Organization"],"@id":"https:\/\/truckonline.de\/blog\/#\/schema\/person\/4cb59b86ffde81f882f56439688fda19","name":"maik","image":{"@type":"ImageObject","inLanguage":"de","@id":"https:\/\/truckonline.de\/blog\/wp-content\/uploads\/2019\/12\/logoinnenweiss.png","url":"https:\/\/truckonline.de\/blog\/wp-content\/uploads\/2019\/12\/logoinnenweiss.png","contentUrl":"https:\/\/truckonline.de\/blog\/wp-content\/uploads\/2019\/12\/logoinnenweiss.png","width":733,"height":125,"caption":"maik"},"logo":{"@id":"https:\/\/truckonline.de\/blog\/wp-content\/uploads\/2019\/12\/logoinnenweiss.png"},"sameAs":["https:\/\/www.facebook.com\/truckblog","https:\/\/www.instagram.com\/truck_online\/","https:\/\/x.com\/https:\/\/twitter.com\/truckblog","https:\/\/www.youtube.com\/user\/truckonline","https:\/\/www.tumblr.com\/truckonline"]}]}},"_links":{"self":[{"href":"https:\/\/truckonline.de\/blog\/wp-json\/wp\/v2\/posts\/5928","targetHints":{"allow":["GET"]}}],"collection":[{"href":"https:\/\/truckonline.de\/blog\/wp-json\/wp\/v2\/posts"}],"about":[{"href":"https:\/\/truckonline.de\/blog\/wp-json\/wp\/v2\/types\/post"}],"author":[{"embeddable":true,"href":"https:\/\/truckonline.de\/blog\/wp-json\/wp\/v2\/users\/3"}],"replies":[{"embeddable":true,"href":"https:\/\/truckonline.de\/blog\/wp-json\/wp\/v2\/comments?post=5928"}],"version-history":[{"count":1,"href":"https:\/\/truckonline.de\/blog\/wp-json\/wp\/v2\/posts\/5928\/revisions"}],"predecessor-version":[{"id":5929,"href":"https:\/\/truckonline.de\/blog\/wp-json\/wp\/v2\/posts\/5928\/revisions\/5929"}],"wp:attachment":[{"href":"https:\/\/truckonline.de\/blog\/wp-json\/wp\/v2\/media?parent=5928"}],"wp:term":[{"taxonomy":"category","embeddable":true,"href":"https:\/\/truckonline.de\/blog\/wp-json\/wp\/v2\/categories?post=5928"},{"taxonomy":"post_tag","embeddable":true,"href":"https:\/\/truckonline.de\/blog\/wp-json\/wp\/v2\/tags?post=5928"}],"curies":[{"name":"wp","href":"https:\/\/api.w.org\/{rel}","templated":true}]}}