{"id":5814,"date":"2015-05-30T11:44:57","date_gmt":"2015-05-30T09:44:57","guid":{"rendered":"https:\/\/truckonline.de\/blog\/?p=5814"},"modified":"2015-05-30T11:44:57","modified_gmt":"2015-05-30T09:44:57","slug":"in-den-fangen-der-hamisch-grinsenden-sonne","status":"publish","type":"post","link":"https:\/\/truckonline.de\/blog\/2015\/05\/30\/in-den-fangen-der-hamisch-grinsenden-sonne\/","title":{"rendered":"In den F\u00e4ngen der h\u00e4misch grinsenden Sonne"},"content":{"rendered":"<p>Ein Teil der Spangurte und Rutschmatten die ich brauche, habe ich in zwei Stauk\u00e4sten deponiert, die unter dem Auflieger h\u00e4ngen. Da ich aber zu faul bin, das Zeug immer hoch und sp\u00e4ter wieder runter zu r\u00e4umen, liegt der Rest in einer kleinen Palette, die auf dem Auflieger steht.<br \/>\nNun ist es aber so, dass dieser Auflieger oftmals Freitagnacht oder Samstagfr\u00fch bei uns am Lager fertig beladen wird. Dazu muss die Palette vorher abgeladen werden. Ist ja keine gro\u00dfe Sache. Die Kiste neben die Rampe stellen und nach dem Beladen wieder auf den Auflieger. Fertig.<\/p>\n<p>Nur wird eben nicht nur mein Auflieger beladen, sondern auch viele andere Lkw. Diese kommen meist von Fremdspeditionen aus aller Herren L\u00e4nder. Also aus diesen Staaten, wenn man Richtung Osten schaut.<br \/>\nBei diesem ganzen Wirrwar passiert es schon mal, dass eben meine Gurte nicht wieder auf <em>meinem<\/em> Auflieger landen, sondern auf einem fremden. Und weg sind sie. Im Normalfall auf nimmer wiedersehen. Kann ich zwar nicht begreifen, denn die Palette steht ja direkt neben der Rampe, an dem der f\u00fcr mich bestimmte Sattel beladen wird. Ich habe sogar schon einen Zettel drauf gelegt: &#8222;<strong>Meine Gurte! Maik<\/strong>!&#8220;. Aber es geschieht trotzdem.<\/p>\n<p>So z.B. irgendwann letztes Jahr. Bis heute wei\u00df keiner, wo die Sachen gelandet sind. Europa ist gro\u00df. Oder eben vor acht Wochen. Nur da wurde das Falschverladen per \u00dcberwachungsvideo aufgezeichnet. Sp\u00e4ter am Monitor war es toll anzuschauen, wie meine Ladungssicherung im Bauch eines fremden Lkw verschwand. Und der am n\u00e4chsten Morgen Richtung Madrid. Mit einer h\u00e4misch grinsenden Sonne auf der Plane.<\/p>\n<p>Immerhin war dieses Mal klar, wohin die Palette kutschiert wurde. So konnten meine Disponenten wenigstens die R\u00fcckreise organisieren. Diese klappte wunderbar. Unversehrt und in schwarzer Folie eingewickelt, durfte ich das Zeug wieder in Empfang nehmen. <\/p>\n<p>Also. Ende gut, alles gut? Na ja, fast. Mein Arbeitgeber h\u00e4ndigte mir in der Zwischenzeit nat\u00fcrlich neues Material aus. Jetzt habe ich so viel davon, keine Ahnung wohin damit. Die Verstaum\u00f6glichkeiten sind halt nur begrenzt. Aber da gibt es schlimmeres. Wie zwei Feiertage mitten in der Woche. Aber dazu komme ich vielleicht morgen&#8230;<\/p>\n","protected":false},"excerpt":{"rendered":"<p>Ein Teil der Spangurte und Rutschmatten die ich brauche, habe ich in zwei Stauk\u00e4sten deponiert, die unter dem Auflieger h\u00e4ngen. Da ich aber zu faul&#8230;<\/p>\n<div class=\"more-link-wrapper\"><a class=\"more-link\" href=\"https:\/\/truckonline.de\/blog\/2015\/05\/30\/in-den-fangen-der-hamisch-grinsenden-sonne\/\">Sie haben Ihr Ziel fast erreicht.<span class=\"screen-reader-text\">In den F\u00e4ngen der h\u00e4misch grinsenden Sonne<\/span><\/a><\/div>\n","protected":false},"author":3,"featured_media":0,"comment_status":"open","ping_status":"open","sticky":false,"template":"","format":"standard","meta":{"iawp_total_views":1,"_metis_text_type":"","_metis_text_length":0,"_post_count":0,"footnotes":""},"categories":[134],"tags":[375,1851],"class_list":["post-5814","post","type-post","status-publish","format-standard","hentry","category-ladung-lkw","tag-lasi","tag-verladung","ratio-2-1","entry"],"yoast_head":"<!-- This site is optimized with the Yoast SEO plugin v27.4 - https:\/\/yoast.com\/product\/yoast-seo-wordpress\/ -->\n<title>In den F\u00e4ngen der h\u00e4misch grinsenden Sonne | TruckOnline.de<\/title>\n<meta name=\"description\" content=\"Ein Teil der Spangurte und Rutschmatten die ich brauche, habe ich in zwei Stauk\u00e4sten deponiert, die unter dem Auflieger h\u00e4ngen. Da ich aber zu faul bin,\" \/>\n<meta name=\"robots\" content=\"index, follow, max-snippet:-1, max-image-preview:large, max-video-preview:-1\" \/>\n<link rel=\"canonical\" href=\"https:\/\/truckonline.de\/blog\/2015\/05\/30\/in-den-fangen-der-hamisch-grinsenden-sonne\/\" \/>\n<meta property=\"og:locale\" content=\"de_DE\" \/>\n<meta property=\"og:type\" content=\"article\" \/>\n<meta property=\"og:title\" content=\"In den F\u00e4ngen der h\u00e4misch grinsenden Sonne | TruckOnline.de\" \/>\n<meta property=\"og:url\" content=\"https:\/\/truckonline.de\/blog\/2015\/05\/30\/in-den-fangen-der-hamisch-grinsenden-sonne\/\" \/>\n<meta property=\"og:site_name\" content=\"TruckOnline.de\" \/>\n<meta property=\"article:publisher\" content=\"https:\/\/www.facebook.com\/truckblog\" \/>\n<meta property=\"article:author\" content=\"https:\/\/www.facebook.com\/truckblog\" \/>\n<meta property=\"article:published_time\" content=\"2015-05-30T09:44:57+00:00\" \/>\n<meta property=\"og:image\" content=\"https:\/\/truckonline.de\/blog\/wp-content\/uploads\/2019\/12\/IMG_20191229_225424-scaled.jpg\" \/>\n\t<meta property=\"og:image:width\" content=\"2560\" \/>\n\t<meta property=\"og:image:height\" content=\"1920\" \/>\n\t<meta property=\"og:image:type\" content=\"image\/jpeg\" \/>\n<meta name=\"author\" content=\"maik\" \/>\n<meta name=\"twitter:card\" content=\"summary_large_image\" \/>\n<meta name=\"twitter:creator\" content=\"@https:\/\/twitter.com\/truckblog\" \/>\n<meta name=\"twitter:site\" content=\"@truckblog\" \/>\n<meta name=\"twitter:label1\" content=\"Verfasst von\" \/>\n\t<meta name=\"twitter:data1\" content=\"maik\" \/>\n\t<meta name=\"twitter:label2\" content=\"Gesch\u00e4tzte Lesezeit\" \/>\n\t<meta name=\"twitter:data2\" content=\"2\u00a0Minuten\" \/>\n<script type=\"application\/ld+json\" class=\"yoast-schema-graph\">{\"@context\":\"https:\\\/\\\/schema.org\",\"@graph\":[{\"@type\":\"Article\",\"@id\":\"https:\\\/\\\/truckonline.de\\\/blog\\\/2015\\\/05\\\/30\\\/in-den-fangen-der-hamisch-grinsenden-sonne\\\/#article\",\"isPartOf\":{\"@id\":\"https:\\\/\\\/truckonline.de\\\/blog\\\/2015\\\/05\\\/30\\\/in-den-fangen-der-hamisch-grinsenden-sonne\\\/\"},\"author\":{\"name\":\"maik\",\"@id\":\"https:\\\/\\\/truckonline.de\\\/blog\\\/#\\\/schema\\\/person\\\/4cb59b86ffde81f882f56439688fda19\"},\"headline\":\"In den F\u00e4ngen der h\u00e4misch grinsenden Sonne\",\"datePublished\":\"2015-05-30T09:44:57+00:00\",\"mainEntityOfPage\":{\"@id\":\"https:\\\/\\\/truckonline.de\\\/blog\\\/2015\\\/05\\\/30\\\/in-den-fangen-der-hamisch-grinsenden-sonne\\\/\"},\"wordCount\":368,\"commentCount\":5,\"publisher\":{\"@id\":\"https:\\\/\\\/truckonline.de\\\/blog\\\/#\\\/schema\\\/person\\\/4cb59b86ffde81f882f56439688fda19\"},\"keywords\":[\"LaSi\",\"Verladung\"],\"articleSection\":[\"Ladung\"],\"inLanguage\":\"de\",\"potentialAction\":[{\"@type\":\"CommentAction\",\"name\":\"Comment\",\"target\":[\"https:\\\/\\\/truckonline.de\\\/blog\\\/2015\\\/05\\\/30\\\/in-den-fangen-der-hamisch-grinsenden-sonne\\\/#respond\"]}]},{\"@type\":\"WebPage\",\"@id\":\"https:\\\/\\\/truckonline.de\\\/blog\\\/2015\\\/05\\\/30\\\/in-den-fangen-der-hamisch-grinsenden-sonne\\\/\",\"url\":\"https:\\\/\\\/truckonline.de\\\/blog\\\/2015\\\/05\\\/30\\\/in-den-fangen-der-hamisch-grinsenden-sonne\\\/\",\"name\":\"In den F\u00e4ngen der h\u00e4misch grinsenden Sonne | TruckOnline.de\",\"isPartOf\":{\"@id\":\"https:\\\/\\\/truckonline.de\\\/blog\\\/#website\"},\"datePublished\":\"2015-05-30T09:44:57+00:00\",\"description\":\"Ein Teil der Spangurte und Rutschmatten die ich brauche, habe ich in zwei Stauk\u00e4sten deponiert, die unter dem Auflieger h\u00e4ngen. Da ich aber zu faul bin,\",\"breadcrumb\":{\"@id\":\"https:\\\/\\\/truckonline.de\\\/blog\\\/2015\\\/05\\\/30\\\/in-den-fangen-der-hamisch-grinsenden-sonne\\\/#breadcrumb\"},\"inLanguage\":\"de\",\"potentialAction\":[{\"@type\":\"ReadAction\",\"target\":[\"https:\\\/\\\/truckonline.de\\\/blog\\\/2015\\\/05\\\/30\\\/in-den-fangen-der-hamisch-grinsenden-sonne\\\/\"]}]},{\"@type\":\"BreadcrumbList\",\"@id\":\"https:\\\/\\\/truckonline.de\\\/blog\\\/2015\\\/05\\\/30\\\/in-den-fangen-der-hamisch-grinsenden-sonne\\\/#breadcrumb\",\"itemListElement\":[{\"@type\":\"ListItem\",\"position\":1,\"name\":\"Startseite\",\"item\":\"https:\\\/\\\/truckonline.de\\\/blog\\\/\"},{\"@type\":\"ListItem\",\"position\":2,\"name\":\"In den F\u00e4ngen der h\u00e4misch grinsenden Sonne\"}]},{\"@type\":\"WebSite\",\"@id\":\"https:\\\/\\\/truckonline.de\\\/blog\\\/#website\",\"url\":\"https:\\\/\\\/truckonline.de\\\/blog\\\/\",\"name\":\"TruckOnline.de\",\"description\":\"\",\"publisher\":{\"@id\":\"https:\\\/\\\/truckonline.de\\\/blog\\\/#\\\/schema\\\/person\\\/4cb59b86ffde81f882f56439688fda19\"},\"potentialAction\":[{\"@type\":\"SearchAction\",\"target\":{\"@type\":\"EntryPoint\",\"urlTemplate\":\"https:\\\/\\\/truckonline.de\\\/blog\\\/?s={search_term_string}\"},\"query-input\":{\"@type\":\"PropertyValueSpecification\",\"valueRequired\":true,\"valueName\":\"search_term_string\"}}],\"inLanguage\":\"de\"},{\"@type\":[\"Person\",\"Organization\"],\"@id\":\"https:\\\/\\\/truckonline.de\\\/blog\\\/#\\\/schema\\\/person\\\/4cb59b86ffde81f882f56439688fda19\",\"name\":\"maik\",\"image\":{\"@type\":\"ImageObject\",\"inLanguage\":\"de\",\"@id\":\"https:\\\/\\\/truckonline.de\\\/blog\\\/wp-content\\\/uploads\\\/2019\\\/12\\\/logoinnenweiss.png\",\"url\":\"https:\\\/\\\/truckonline.de\\\/blog\\\/wp-content\\\/uploads\\\/2019\\\/12\\\/logoinnenweiss.png\",\"contentUrl\":\"https:\\\/\\\/truckonline.de\\\/blog\\\/wp-content\\\/uploads\\\/2019\\\/12\\\/logoinnenweiss.png\",\"width\":733,\"height\":125,\"caption\":\"maik\"},\"logo\":{\"@id\":\"https:\\\/\\\/truckonline.de\\\/blog\\\/wp-content\\\/uploads\\\/2019\\\/12\\\/logoinnenweiss.png\"},\"sameAs\":[\"https:\\\/\\\/www.facebook.com\\\/truckblog\",\"https:\\\/\\\/www.instagram.com\\\/truck_online\\\/\",\"https:\\\/\\\/x.com\\\/https:\\\/\\\/twitter.com\\\/truckblog\",\"https:\\\/\\\/www.youtube.com\\\/user\\\/truckonline\",\"https:\\\/\\\/www.tumblr.com\\\/truckonline\"]}]}<\/script>\n<!-- \/ Yoast SEO plugin. -->","yoast_head_json":{"title":"In den F\u00e4ngen der h\u00e4misch grinsenden Sonne | TruckOnline.de","description":"Ein Teil der Spangurte und Rutschmatten die ich brauche, habe ich in zwei Stauk\u00e4sten deponiert, die unter dem Auflieger h\u00e4ngen. Da ich aber zu faul bin,","robots":{"index":"index","follow":"follow","max-snippet":"max-snippet:-1","max-image-preview":"max-image-preview:large","max-video-preview":"max-video-preview:-1"},"canonical":"https:\/\/truckonline.de\/blog\/2015\/05\/30\/in-den-fangen-der-hamisch-grinsenden-sonne\/","og_locale":"de_DE","og_type":"article","og_title":"In den F\u00e4ngen der h\u00e4misch grinsenden Sonne | TruckOnline.de","og_url":"https:\/\/truckonline.de\/blog\/2015\/05\/30\/in-den-fangen-der-hamisch-grinsenden-sonne\/","og_site_name":"TruckOnline.de","article_publisher":"https:\/\/www.facebook.com\/truckblog","article_author":"https:\/\/www.facebook.com\/truckblog","article_published_time":"2015-05-30T09:44:57+00:00","og_image":[{"width":2560,"height":1920,"url":"https:\/\/truckonline.de\/blog\/wp-content\/uploads\/2019\/12\/IMG_20191229_225424-scaled.jpg","type":"image\/jpeg"}],"author":"maik","twitter_card":"summary_large_image","twitter_creator":"@https:\/\/twitter.com\/truckblog","twitter_site":"@truckblog","twitter_misc":{"Verfasst von":"maik","Gesch\u00e4tzte Lesezeit":"2\u00a0Minuten"},"schema":{"@context":"https:\/\/schema.org","@graph":[{"@type":"Article","@id":"https:\/\/truckonline.de\/blog\/2015\/05\/30\/in-den-fangen-der-hamisch-grinsenden-sonne\/#article","isPartOf":{"@id":"https:\/\/truckonline.de\/blog\/2015\/05\/30\/in-den-fangen-der-hamisch-grinsenden-sonne\/"},"author":{"name":"maik","@id":"https:\/\/truckonline.de\/blog\/#\/schema\/person\/4cb59b86ffde81f882f56439688fda19"},"headline":"In den F\u00e4ngen der h\u00e4misch grinsenden Sonne","datePublished":"2015-05-30T09:44:57+00:00","mainEntityOfPage":{"@id":"https:\/\/truckonline.de\/blog\/2015\/05\/30\/in-den-fangen-der-hamisch-grinsenden-sonne\/"},"wordCount":368,"commentCount":5,"publisher":{"@id":"https:\/\/truckonline.de\/blog\/#\/schema\/person\/4cb59b86ffde81f882f56439688fda19"},"keywords":["LaSi","Verladung"],"articleSection":["Ladung"],"inLanguage":"de","potentialAction":[{"@type":"CommentAction","name":"Comment","target":["https:\/\/truckonline.de\/blog\/2015\/05\/30\/in-den-fangen-der-hamisch-grinsenden-sonne\/#respond"]}]},{"@type":"WebPage","@id":"https:\/\/truckonline.de\/blog\/2015\/05\/30\/in-den-fangen-der-hamisch-grinsenden-sonne\/","url":"https:\/\/truckonline.de\/blog\/2015\/05\/30\/in-den-fangen-der-hamisch-grinsenden-sonne\/","name":"In den F\u00e4ngen der h\u00e4misch grinsenden Sonne | TruckOnline.de","isPartOf":{"@id":"https:\/\/truckonline.de\/blog\/#website"},"datePublished":"2015-05-30T09:44:57+00:00","description":"Ein Teil der Spangurte und Rutschmatten die ich brauche, habe ich in zwei Stauk\u00e4sten deponiert, die unter dem Auflieger h\u00e4ngen. Da ich aber zu faul bin,","breadcrumb":{"@id":"https:\/\/truckonline.de\/blog\/2015\/05\/30\/in-den-fangen-der-hamisch-grinsenden-sonne\/#breadcrumb"},"inLanguage":"de","potentialAction":[{"@type":"ReadAction","target":["https:\/\/truckonline.de\/blog\/2015\/05\/30\/in-den-fangen-der-hamisch-grinsenden-sonne\/"]}]},{"@type":"BreadcrumbList","@id":"https:\/\/truckonline.de\/blog\/2015\/05\/30\/in-den-fangen-der-hamisch-grinsenden-sonne\/#breadcrumb","itemListElement":[{"@type":"ListItem","position":1,"name":"Startseite","item":"https:\/\/truckonline.de\/blog\/"},{"@type":"ListItem","position":2,"name":"In den F\u00e4ngen der h\u00e4misch grinsenden Sonne"}]},{"@type":"WebSite","@id":"https:\/\/truckonline.de\/blog\/#website","url":"https:\/\/truckonline.de\/blog\/","name":"TruckOnline.de","description":"","publisher":{"@id":"https:\/\/truckonline.de\/blog\/#\/schema\/person\/4cb59b86ffde81f882f56439688fda19"},"potentialAction":[{"@type":"SearchAction","target":{"@type":"EntryPoint","urlTemplate":"https:\/\/truckonline.de\/blog\/?s={search_term_string}"},"query-input":{"@type":"PropertyValueSpecification","valueRequired":true,"valueName":"search_term_string"}}],"inLanguage":"de"},{"@type":["Person","Organization"],"@id":"https:\/\/truckonline.de\/blog\/#\/schema\/person\/4cb59b86ffde81f882f56439688fda19","name":"maik","image":{"@type":"ImageObject","inLanguage":"de","@id":"https:\/\/truckonline.de\/blog\/wp-content\/uploads\/2019\/12\/logoinnenweiss.png","url":"https:\/\/truckonline.de\/blog\/wp-content\/uploads\/2019\/12\/logoinnenweiss.png","contentUrl":"https:\/\/truckonline.de\/blog\/wp-content\/uploads\/2019\/12\/logoinnenweiss.png","width":733,"height":125,"caption":"maik"},"logo":{"@id":"https:\/\/truckonline.de\/blog\/wp-content\/uploads\/2019\/12\/logoinnenweiss.png"},"sameAs":["https:\/\/www.facebook.com\/truckblog","https:\/\/www.instagram.com\/truck_online\/","https:\/\/x.com\/https:\/\/twitter.com\/truckblog","https:\/\/www.youtube.com\/user\/truckonline","https:\/\/www.tumblr.com\/truckonline"]}]}},"_links":{"self":[{"href":"https:\/\/truckonline.de\/blog\/wp-json\/wp\/v2\/posts\/5814","targetHints":{"allow":["GET"]}}],"collection":[{"href":"https:\/\/truckonline.de\/blog\/wp-json\/wp\/v2\/posts"}],"about":[{"href":"https:\/\/truckonline.de\/blog\/wp-json\/wp\/v2\/types\/post"}],"author":[{"embeddable":true,"href":"https:\/\/truckonline.de\/blog\/wp-json\/wp\/v2\/users\/3"}],"replies":[{"embeddable":true,"href":"https:\/\/truckonline.de\/blog\/wp-json\/wp\/v2\/comments?post=5814"}],"version-history":[{"count":1,"href":"https:\/\/truckonline.de\/blog\/wp-json\/wp\/v2\/posts\/5814\/revisions"}],"predecessor-version":[{"id":5815,"href":"https:\/\/truckonline.de\/blog\/wp-json\/wp\/v2\/posts\/5814\/revisions\/5815"}],"wp:attachment":[{"href":"https:\/\/truckonline.de\/blog\/wp-json\/wp\/v2\/media?parent=5814"}],"wp:term":[{"taxonomy":"category","embeddable":true,"href":"https:\/\/truckonline.de\/blog\/wp-json\/wp\/v2\/categories?post=5814"},{"taxonomy":"post_tag","embeddable":true,"href":"https:\/\/truckonline.de\/blog\/wp-json\/wp\/v2\/tags?post=5814"}],"curies":[{"name":"wp","href":"https:\/\/api.w.org\/{rel}","templated":true}]}}