{"id":580,"date":"2009-02-12T09:30:45","date_gmt":"2009-02-12T08:30:45","guid":{"rendered":"https:\/\/truckonline.de\/blog\/?p=580"},"modified":"2009-02-12T09:30:45","modified_gmt":"2009-02-12T08:30:45","slug":"elmshorner-geschichten","status":"publish","type":"post","link":"https:\/\/truckonline.de\/blog\/2009\/02\/12\/elmshorner-geschichten\/","title":{"rendered":"Elmshorner Geschichten"},"content":{"rendered":"<p>Gelesen bei &#8222;<a href=\"https:\/\/www.en-online.de\/source\/code\/visitor_en\/news2.asp?Objekt=5689\">EN &#8211; Online<\/a>&#8222;:<\/p>\n<blockquote><p>\u201eWenn die Lkw hier durchfahren klappern die Teller und Tassen\u201c, beklagt sich der Anwohner Christian St\u00f6lting, \u201eManchmal sind wir auch nachts aufgewacht, weil dann noch einer kam.<\/p><\/blockquote>\n<p>Och je. Wenn bei mir des nachts Pkw oder Lkw vorbeifahren, klappert es nicht nur, sondern da wackelt die ganze H\u00fctte &#8211; und das an f\u00fcnf oder sechs N\u00e4chten pro Woche.<br \/>\nIch will jetzt nicht in Abrede stellen, dass es wirklich Menschen gibt, die unter L\u00e4rm, Dreck und Abgasen leiden, in diesem Fall ist es aber wieder einmal nur purer Populismus.<\/p>\n<p>Ein in dieser Strasse ans\u00e4\u00dfiger Spediteur, dessen Lkw hauptsachlich f\u00fcr die &#8222;Probleme&#8220; zust\u00e4ndig sind, \u00e4ussert sich auch:<\/p>\n<blockquote><p>Normalerweise f\u00e4nden auch keine Nachtfahrten statt, es w\u00fcrde sich um \u201eAusnahmef\u00e4lle\u201c handeln, wenn dann doch mal einer k\u00e4me. Regul\u00e4r sei sein Betrieb sp\u00e4testens um 19 Uhr vorbei. Pro Tag gebe es im Regelfall h\u00f6chstens zw\u00f6lf Fahrten.<\/p><\/blockquote>\n<p>Das w\u00e4re also (da es ja kaum Nachtfahrten gibt) im Schnitt ein Lkw pro Stunde, der durch diese Strasse donnert. Wow, was f\u00fcr eine Bel\u00e4stigung.<\/p>\n<p>\u00dcberfl\u00fc\u00dfig dabei zu erw\u00e4hnen, dass es sich um ein &#8222;Mischgebiet\u201c handelt, d.h. hier befinden sich sowohl Gewerbebetriebe als auch Wohnh\u00e4user.<br \/>\nHmm, da stellt sich mir die n\u00e4chste Frage: Was wurdet dort zuerst angesiedelt&#8230;?<\/p>\n","protected":false},"excerpt":{"rendered":"<p>Gelesen bei &#8222;EN &#8211; Online&#8222;: \u201eWenn die Lkw hier durchfahren klappern die Teller und Tassen\u201c, beklagt sich der Anwohner Christian St\u00f6lting, \u201eManchmal sind wir auch&#8230;<\/p>\n<div class=\"more-link-wrapper\"><a class=\"more-link\" href=\"https:\/\/truckonline.de\/blog\/2009\/02\/12\/elmshorner-geschichten\/\">Sie haben Ihr Ziel fast erreicht.<span class=\"screen-reader-text\">Elmshorner Geschichten<\/span><\/a><\/div>\n","protected":false},"author":3,"featured_media":0,"comment_status":"open","ping_status":"open","sticky":false,"template":"","format":"standard","meta":{"iawp_total_views":0,"_metis_text_type":"","_metis_text_length":0,"_post_count":0,"footnotes":""},"categories":[1],"tags":[919,920,1881],"class_list":["post-580","post","type-post","status-publish","format-standard","hentry","category-allgemeines","tag-anwohner","tag-gewerbe","tag-lkw","ratio-2-1","entry"],"yoast_head":"<!-- This site is optimized with the Yoast SEO plugin v27.4 - https:\/\/yoast.com\/product\/yoast-seo-wordpress\/ -->\n<title>Elmshorner Geschichten | TruckOnline.de<\/title>\n<meta name=\"description\" content=\"Gelesen bei &quot;EN - Online&quot;: \u201eWenn die Lkw hier durchfahren klappern die Teller und Tassen\u201c, beklagt sich der Anwohner Christian St\u00f6lting, \u201eManchmal sind\" \/>\n<meta name=\"robots\" content=\"index, follow, max-snippet:-1, max-image-preview:large, max-video-preview:-1\" \/>\n<link rel=\"canonical\" href=\"https:\/\/truckonline.de\/blog\/2009\/02\/12\/elmshorner-geschichten\/\" \/>\n<meta property=\"og:locale\" content=\"de_DE\" \/>\n<meta property=\"og:type\" content=\"article\" \/>\n<meta property=\"og:title\" content=\"Elmshorner Geschichten | TruckOnline.de\" \/>\n<meta property=\"og:url\" content=\"https:\/\/truckonline.de\/blog\/2009\/02\/12\/elmshorner-geschichten\/\" \/>\n<meta property=\"og:site_name\" content=\"TruckOnline.de\" \/>\n<meta property=\"article:publisher\" content=\"https:\/\/www.facebook.com\/truckblog\" \/>\n<meta property=\"article:author\" content=\"https:\/\/www.facebook.com\/truckblog\" \/>\n<meta property=\"article:published_time\" content=\"2009-02-12T08:30:45+00:00\" \/>\n<meta property=\"og:image\" content=\"https:\/\/truckonline.de\/blog\/wp-content\/uploads\/2019\/12\/IMG_20191229_225424-scaled.jpg\" \/>\n\t<meta property=\"og:image:width\" content=\"2560\" \/>\n\t<meta property=\"og:image:height\" content=\"1920\" \/>\n\t<meta property=\"og:image:type\" content=\"image\/jpeg\" \/>\n<meta name=\"author\" content=\"maik\" \/>\n<meta name=\"twitter:card\" content=\"summary_large_image\" \/>\n<meta name=\"twitter:creator\" content=\"@https:\/\/twitter.com\/truckblog\" \/>\n<meta name=\"twitter:site\" content=\"@truckblog\" \/>\n<meta name=\"twitter:label1\" content=\"Verfasst von\" \/>\n\t<meta name=\"twitter:data1\" content=\"maik\" \/>\n\t<meta name=\"twitter:label2\" content=\"Gesch\u00e4tzte Lesezeit\" \/>\n\t<meta name=\"twitter:data2\" content=\"1\u00a0Minute\" \/>\n<script type=\"application\/ld+json\" class=\"yoast-schema-graph\">{\"@context\":\"https:\\\/\\\/schema.org\",\"@graph\":[{\"@type\":\"Article\",\"@id\":\"https:\\\/\\\/truckonline.de\\\/blog\\\/2009\\\/02\\\/12\\\/elmshorner-geschichten\\\/#article\",\"isPartOf\":{\"@id\":\"https:\\\/\\\/truckonline.de\\\/blog\\\/2009\\\/02\\\/12\\\/elmshorner-geschichten\\\/\"},\"author\":{\"name\":\"maik\",\"@id\":\"https:\\\/\\\/truckonline.de\\\/blog\\\/#\\\/schema\\\/person\\\/4cb59b86ffde81f882f56439688fda19\"},\"headline\":\"Elmshorner Geschichten\",\"datePublished\":\"2009-02-12T08:30:45+00:00\",\"mainEntityOfPage\":{\"@id\":\"https:\\\/\\\/truckonline.de\\\/blog\\\/2009\\\/02\\\/12\\\/elmshorner-geschichten\\\/\"},\"wordCount\":229,\"commentCount\":6,\"publisher\":{\"@id\":\"https:\\\/\\\/truckonline.de\\\/blog\\\/#\\\/schema\\\/person\\\/4cb59b86ffde81f882f56439688fda19\"},\"keywords\":[\"Anwohner\",\"Gewerbe\",\"Lkw\"],\"articleSection\":[\"Allgemeines\"],\"inLanguage\":\"de\",\"potentialAction\":[{\"@type\":\"CommentAction\",\"name\":\"Comment\",\"target\":[\"https:\\\/\\\/truckonline.de\\\/blog\\\/2009\\\/02\\\/12\\\/elmshorner-geschichten\\\/#respond\"]}]},{\"@type\":\"WebPage\",\"@id\":\"https:\\\/\\\/truckonline.de\\\/blog\\\/2009\\\/02\\\/12\\\/elmshorner-geschichten\\\/\",\"url\":\"https:\\\/\\\/truckonline.de\\\/blog\\\/2009\\\/02\\\/12\\\/elmshorner-geschichten\\\/\",\"name\":\"Elmshorner Geschichten | TruckOnline.de\",\"isPartOf\":{\"@id\":\"https:\\\/\\\/truckonline.de\\\/blog\\\/#website\"},\"datePublished\":\"2009-02-12T08:30:45+00:00\",\"description\":\"Gelesen bei \\\"EN - Online\\\": \u201eWenn die Lkw hier durchfahren klappern die Teller und Tassen\u201c, beklagt sich der Anwohner Christian St\u00f6lting, \u201eManchmal sind\",\"breadcrumb\":{\"@id\":\"https:\\\/\\\/truckonline.de\\\/blog\\\/2009\\\/02\\\/12\\\/elmshorner-geschichten\\\/#breadcrumb\"},\"inLanguage\":\"de\",\"potentialAction\":[{\"@type\":\"ReadAction\",\"target\":[\"https:\\\/\\\/truckonline.de\\\/blog\\\/2009\\\/02\\\/12\\\/elmshorner-geschichten\\\/\"]}]},{\"@type\":\"BreadcrumbList\",\"@id\":\"https:\\\/\\\/truckonline.de\\\/blog\\\/2009\\\/02\\\/12\\\/elmshorner-geschichten\\\/#breadcrumb\",\"itemListElement\":[{\"@type\":\"ListItem\",\"position\":1,\"name\":\"Startseite\",\"item\":\"https:\\\/\\\/truckonline.de\\\/blog\\\/\"},{\"@type\":\"ListItem\",\"position\":2,\"name\":\"Elmshorner Geschichten\"}]},{\"@type\":\"WebSite\",\"@id\":\"https:\\\/\\\/truckonline.de\\\/blog\\\/#website\",\"url\":\"https:\\\/\\\/truckonline.de\\\/blog\\\/\",\"name\":\"TruckOnline.de\",\"description\":\"\",\"publisher\":{\"@id\":\"https:\\\/\\\/truckonline.de\\\/blog\\\/#\\\/schema\\\/person\\\/4cb59b86ffde81f882f56439688fda19\"},\"potentialAction\":[{\"@type\":\"SearchAction\",\"target\":{\"@type\":\"EntryPoint\",\"urlTemplate\":\"https:\\\/\\\/truckonline.de\\\/blog\\\/?s={search_term_string}\"},\"query-input\":{\"@type\":\"PropertyValueSpecification\",\"valueRequired\":true,\"valueName\":\"search_term_string\"}}],\"inLanguage\":\"de\"},{\"@type\":[\"Person\",\"Organization\"],\"@id\":\"https:\\\/\\\/truckonline.de\\\/blog\\\/#\\\/schema\\\/person\\\/4cb59b86ffde81f882f56439688fda19\",\"name\":\"maik\",\"image\":{\"@type\":\"ImageObject\",\"inLanguage\":\"de\",\"@id\":\"https:\\\/\\\/truckonline.de\\\/blog\\\/wp-content\\\/uploads\\\/2019\\\/12\\\/logoinnenweiss.png\",\"url\":\"https:\\\/\\\/truckonline.de\\\/blog\\\/wp-content\\\/uploads\\\/2019\\\/12\\\/logoinnenweiss.png\",\"contentUrl\":\"https:\\\/\\\/truckonline.de\\\/blog\\\/wp-content\\\/uploads\\\/2019\\\/12\\\/logoinnenweiss.png\",\"width\":733,\"height\":125,\"caption\":\"maik\"},\"logo\":{\"@id\":\"https:\\\/\\\/truckonline.de\\\/blog\\\/wp-content\\\/uploads\\\/2019\\\/12\\\/logoinnenweiss.png\"},\"sameAs\":[\"https:\\\/\\\/www.facebook.com\\\/truckblog\",\"https:\\\/\\\/www.instagram.com\\\/truck_online\\\/\",\"https:\\\/\\\/x.com\\\/https:\\\/\\\/twitter.com\\\/truckblog\",\"https:\\\/\\\/www.youtube.com\\\/user\\\/truckonline\",\"https:\\\/\\\/www.tumblr.com\\\/truckonline\"]}]}<\/script>\n<!-- \/ Yoast SEO plugin. -->","yoast_head_json":{"title":"Elmshorner Geschichten | TruckOnline.de","description":"Gelesen bei \"EN - Online\": \u201eWenn die Lkw hier durchfahren klappern die Teller und Tassen\u201c, beklagt sich der Anwohner Christian St\u00f6lting, \u201eManchmal sind","robots":{"index":"index","follow":"follow","max-snippet":"max-snippet:-1","max-image-preview":"max-image-preview:large","max-video-preview":"max-video-preview:-1"},"canonical":"https:\/\/truckonline.de\/blog\/2009\/02\/12\/elmshorner-geschichten\/","og_locale":"de_DE","og_type":"article","og_title":"Elmshorner Geschichten | TruckOnline.de","og_url":"https:\/\/truckonline.de\/blog\/2009\/02\/12\/elmshorner-geschichten\/","og_site_name":"TruckOnline.de","article_publisher":"https:\/\/www.facebook.com\/truckblog","article_author":"https:\/\/www.facebook.com\/truckblog","article_published_time":"2009-02-12T08:30:45+00:00","og_image":[{"width":2560,"height":1920,"url":"https:\/\/truckonline.de\/blog\/wp-content\/uploads\/2019\/12\/IMG_20191229_225424-scaled.jpg","type":"image\/jpeg"}],"author":"maik","twitter_card":"summary_large_image","twitter_creator":"@https:\/\/twitter.com\/truckblog","twitter_site":"@truckblog","twitter_misc":{"Verfasst von":"maik","Gesch\u00e4tzte Lesezeit":"1\u00a0Minute"},"schema":{"@context":"https:\/\/schema.org","@graph":[{"@type":"Article","@id":"https:\/\/truckonline.de\/blog\/2009\/02\/12\/elmshorner-geschichten\/#article","isPartOf":{"@id":"https:\/\/truckonline.de\/blog\/2009\/02\/12\/elmshorner-geschichten\/"},"author":{"name":"maik","@id":"https:\/\/truckonline.de\/blog\/#\/schema\/person\/4cb59b86ffde81f882f56439688fda19"},"headline":"Elmshorner Geschichten","datePublished":"2009-02-12T08:30:45+00:00","mainEntityOfPage":{"@id":"https:\/\/truckonline.de\/blog\/2009\/02\/12\/elmshorner-geschichten\/"},"wordCount":229,"commentCount":6,"publisher":{"@id":"https:\/\/truckonline.de\/blog\/#\/schema\/person\/4cb59b86ffde81f882f56439688fda19"},"keywords":["Anwohner","Gewerbe","Lkw"],"articleSection":["Allgemeines"],"inLanguage":"de","potentialAction":[{"@type":"CommentAction","name":"Comment","target":["https:\/\/truckonline.de\/blog\/2009\/02\/12\/elmshorner-geschichten\/#respond"]}]},{"@type":"WebPage","@id":"https:\/\/truckonline.de\/blog\/2009\/02\/12\/elmshorner-geschichten\/","url":"https:\/\/truckonline.de\/blog\/2009\/02\/12\/elmshorner-geschichten\/","name":"Elmshorner Geschichten | TruckOnline.de","isPartOf":{"@id":"https:\/\/truckonline.de\/blog\/#website"},"datePublished":"2009-02-12T08:30:45+00:00","description":"Gelesen bei \"EN - Online\": \u201eWenn die Lkw hier durchfahren klappern die Teller und Tassen\u201c, beklagt sich der Anwohner Christian St\u00f6lting, \u201eManchmal sind","breadcrumb":{"@id":"https:\/\/truckonline.de\/blog\/2009\/02\/12\/elmshorner-geschichten\/#breadcrumb"},"inLanguage":"de","potentialAction":[{"@type":"ReadAction","target":["https:\/\/truckonline.de\/blog\/2009\/02\/12\/elmshorner-geschichten\/"]}]},{"@type":"BreadcrumbList","@id":"https:\/\/truckonline.de\/blog\/2009\/02\/12\/elmshorner-geschichten\/#breadcrumb","itemListElement":[{"@type":"ListItem","position":1,"name":"Startseite","item":"https:\/\/truckonline.de\/blog\/"},{"@type":"ListItem","position":2,"name":"Elmshorner Geschichten"}]},{"@type":"WebSite","@id":"https:\/\/truckonline.de\/blog\/#website","url":"https:\/\/truckonline.de\/blog\/","name":"TruckOnline.de","description":"","publisher":{"@id":"https:\/\/truckonline.de\/blog\/#\/schema\/person\/4cb59b86ffde81f882f56439688fda19"},"potentialAction":[{"@type":"SearchAction","target":{"@type":"EntryPoint","urlTemplate":"https:\/\/truckonline.de\/blog\/?s={search_term_string}"},"query-input":{"@type":"PropertyValueSpecification","valueRequired":true,"valueName":"search_term_string"}}],"inLanguage":"de"},{"@type":["Person","Organization"],"@id":"https:\/\/truckonline.de\/blog\/#\/schema\/person\/4cb59b86ffde81f882f56439688fda19","name":"maik","image":{"@type":"ImageObject","inLanguage":"de","@id":"https:\/\/truckonline.de\/blog\/wp-content\/uploads\/2019\/12\/logoinnenweiss.png","url":"https:\/\/truckonline.de\/blog\/wp-content\/uploads\/2019\/12\/logoinnenweiss.png","contentUrl":"https:\/\/truckonline.de\/blog\/wp-content\/uploads\/2019\/12\/logoinnenweiss.png","width":733,"height":125,"caption":"maik"},"logo":{"@id":"https:\/\/truckonline.de\/blog\/wp-content\/uploads\/2019\/12\/logoinnenweiss.png"},"sameAs":["https:\/\/www.facebook.com\/truckblog","https:\/\/www.instagram.com\/truck_online\/","https:\/\/x.com\/https:\/\/twitter.com\/truckblog","https:\/\/www.youtube.com\/user\/truckonline","https:\/\/www.tumblr.com\/truckonline"]}]}},"_links":{"self":[{"href":"https:\/\/truckonline.de\/blog\/wp-json\/wp\/v2\/posts\/580","targetHints":{"allow":["GET"]}}],"collection":[{"href":"https:\/\/truckonline.de\/blog\/wp-json\/wp\/v2\/posts"}],"about":[{"href":"https:\/\/truckonline.de\/blog\/wp-json\/wp\/v2\/types\/post"}],"author":[{"embeddable":true,"href":"https:\/\/truckonline.de\/blog\/wp-json\/wp\/v2\/users\/3"}],"replies":[{"embeddable":true,"href":"https:\/\/truckonline.de\/blog\/wp-json\/wp\/v2\/comments?post=580"}],"version-history":[{"count":0,"href":"https:\/\/truckonline.de\/blog\/wp-json\/wp\/v2\/posts\/580\/revisions"}],"wp:attachment":[{"href":"https:\/\/truckonline.de\/blog\/wp-json\/wp\/v2\/media?parent=580"}],"wp:term":[{"taxonomy":"category","embeddable":true,"href":"https:\/\/truckonline.de\/blog\/wp-json\/wp\/v2\/categories?post=580"},{"taxonomy":"post_tag","embeddable":true,"href":"https:\/\/truckonline.de\/blog\/wp-json\/wp\/v2\/tags?post=580"}],"curies":[{"name":"wp","href":"https:\/\/api.w.org\/{rel}","templated":true}]}}