{"id":549,"date":"2009-01-22T22:33:53","date_gmt":"2009-01-22T21:33:53","guid":{"rendered":"https:\/\/truckonline.de\/blog\/?p=549"},"modified":"2009-01-22T22:33:53","modified_gmt":"2009-01-22T21:33:53","slug":"ich-sprechen-deutsch","status":"publish","type":"post","link":"https:\/\/truckonline.de\/blog\/2009\/01\/22\/ich-sprechen-deutsch\/","title":{"rendered":"Ich sprechen deutsch"},"content":{"rendered":"<p>Das erste was mir in der schmuddeligen Warenannahme eines Baumarktzentrallagers im Norden von Wien auffiel, waren die Warnhinweise in vier Sprachen an den W\u00e4nden. &#8222;<em>Warnpieper beim R\u00fcckw\u00e4rtsfahren ausschalten, nicht hupen, ohne Lieferscheine keine Abfertigung, das Betreten des Lagers f\u00fcr Fahrer verboten<\/em>&#8220; und noch weitere Verbote waren dort zu lesen.<\/p>\n<p>Gerade bei ungarisch angelangt, riss mich die Stimme des Warenanahmemeisters aus meinen Gedanken: &#8222;<strong>Morgen fr\u00fch, acht Uhr<\/strong>&#8220; vernahm ich. Betteln, um noch am Nachmittag entladen zu werden, hat bei diesen Tonfall keinen Sinn, also lies ich es. Auf meine Frage nach einer Dusche l\u00e4chelte er und sch\u00fcttelte mit dem Kopf.<br \/>\nSo zog ich von dannen.<\/p>\n<p>P\u00fcnktlich 7.45 Uhr am n\u00e4chsten Morgen stand ich wieder in der Warenannahme. Meine Papiere waren schnell bearbeitet, ich bekam eine Rampe zugewiesen.<br \/>\n&#8222;<em>Geht ja doch<\/em>&#8222;, dachte ich und rechnete damit, sp\u00e4testens um 9.00 Uhr fertig zu sein.<\/p>\n<p>Mit meiner Rechnung war der mir zugewiesene Lagermensch aber nicht so richtig einverstanden. Er war gerade an einem anderen Lkw zugange und beachtete mich in keinster Weise.<br \/>\nNach f\u00fcr mich endlosen Minuten kam er endlich und fragte: &#8222;<strong>Du sprechen deutsch?<\/strong>&#8220;<\/p>\n<p>&#8222;<em>Ich sprechen deutsch<\/em>&#8222;, antwortete ich. &#8222;<strong>Ahh, gut<\/strong>&#8222;, antwortete er. &#8222;<strong>Du m\u00fcssen noch warten. Ich machen den Lkw, dann ich machen Fr\u00fchst\u00fcck und dann noch andere Lkw auch vor Dir<\/strong>&#8222;!<br \/>\nKaum hatte er das gesagt, war er auch schon wieder verschwunden. Von irgendwoher h\u00f6rte ich das Krachen einer Palette und lautes Fluchen in einer mir unverst\u00e4ndlichen Sprache.<br \/>\nIch richtete mich darauf ein, den Tag hier zu verbringen.<\/p>\n<p>Na ja, ganz so schlimm wurde es dann doch nicht &#8211; um kurz nach elf war ich schlie\u00dflich entladen. Trotzdem war ich leicht anges\u00e4uert, aber nun ja &#8211; immerhin lief der Rest des Tages ohne Probleme&#8230;<\/p>\n","protected":false},"excerpt":{"rendered":"<p>Das erste was mir in der schmuddeligen Warenannahme eines Baumarktzentrallagers im Norden von Wien auffiel, waren die Warnhinweise in vier Sprachen an den W\u00e4nden. &#8222;Warnpieper&#8230;<\/p>\n<div class=\"more-link-wrapper\"><a class=\"more-link\" href=\"https:\/\/truckonline.de\/blog\/2009\/01\/22\/ich-sprechen-deutsch\/\">Sie haben Ihr Ziel fast erreicht.<span class=\"screen-reader-text\">Ich sprechen deutsch<\/span><\/a><\/div>\n","protected":false},"author":3,"featured_media":0,"comment_status":"open","ping_status":"open","sticky":false,"template":"","format":"standard","meta":{"iawp_total_views":1,"_metis_text_type":"","_metis_text_length":0,"_post_count":0,"footnotes":""},"categories":[13,24],"tags":[888,887],"class_list":["post-549","post","type-post","status-publish","format-standard","hentry","category-firmen","category-unterwegs","tag-baumarkt","tag-wien","ratio-2-1","entry"],"yoast_head":"<!-- This site is optimized with the Yoast SEO plugin v27.4 - https:\/\/yoast.com\/product\/yoast-seo-wordpress\/ -->\n<title>Ich sprechen deutsch<\/title>\n<meta name=\"description\" content=\"Das erste was mir in der schmuddeligen Warenannahme eines Baumarktzentrallagers im Norden von Wien auffiel, waren die Warnhinweise in vier Sprachen an den W\u00e4nde\" \/>\n<meta name=\"robots\" content=\"index, follow, max-snippet:-1, max-image-preview:large, max-video-preview:-1\" \/>\n<link rel=\"canonical\" href=\"https:\/\/truckonline.de\/blog\/2009\/01\/22\/ich-sprechen-deutsch\/\" \/>\n<meta property=\"og:locale\" content=\"de_DE\" \/>\n<meta property=\"og:type\" content=\"article\" \/>\n<meta property=\"og:title\" content=\"Ich sprechen deutsch\" \/>\n<meta property=\"og:url\" content=\"https:\/\/truckonline.de\/blog\/2009\/01\/22\/ich-sprechen-deutsch\/\" \/>\n<meta property=\"og:site_name\" content=\"TruckOnline.de\" \/>\n<meta property=\"article:publisher\" content=\"https:\/\/www.facebook.com\/truckblog\" \/>\n<meta property=\"article:author\" content=\"https:\/\/www.facebook.com\/truckblog\" \/>\n<meta property=\"article:published_time\" content=\"2009-01-22T21:33:53+00:00\" \/>\n<meta property=\"og:image\" content=\"https:\/\/truckonline.de\/blog\/wp-content\/uploads\/2019\/12\/IMG_20191229_225424-scaled.jpg\" \/>\n\t<meta property=\"og:image:width\" content=\"2560\" \/>\n\t<meta property=\"og:image:height\" content=\"1920\" \/>\n\t<meta property=\"og:image:type\" content=\"image\/jpeg\" \/>\n<meta name=\"author\" content=\"maik\" \/>\n<meta name=\"twitter:card\" content=\"summary_large_image\" \/>\n<meta name=\"twitter:creator\" content=\"@https:\/\/twitter.com\/truckblog\" \/>\n<meta name=\"twitter:site\" content=\"@truckblog\" \/>\n<meta name=\"twitter:label1\" content=\"Verfasst von\" \/>\n\t<meta name=\"twitter:data1\" content=\"maik\" \/>\n\t<meta name=\"twitter:label2\" content=\"Gesch\u00e4tzte Lesezeit\" \/>\n\t<meta name=\"twitter:data2\" content=\"1\u00a0Minute\" \/>\n<script type=\"application\/ld+json\" class=\"yoast-schema-graph\">{\"@context\":\"https:\\\/\\\/schema.org\",\"@graph\":[{\"@type\":\"Article\",\"@id\":\"https:\\\/\\\/truckonline.de\\\/blog\\\/2009\\\/01\\\/22\\\/ich-sprechen-deutsch\\\/#article\",\"isPartOf\":{\"@id\":\"https:\\\/\\\/truckonline.de\\\/blog\\\/2009\\\/01\\\/22\\\/ich-sprechen-deutsch\\\/\"},\"author\":{\"name\":\"maik\",\"@id\":\"https:\\\/\\\/truckonline.de\\\/blog\\\/#\\\/schema\\\/person\\\/4cb59b86ffde81f882f56439688fda19\"},\"headline\":\"Ich sprechen deutsch\",\"datePublished\":\"2009-01-22T21:33:53+00:00\",\"mainEntityOfPage\":{\"@id\":\"https:\\\/\\\/truckonline.de\\\/blog\\\/2009\\\/01\\\/22\\\/ich-sprechen-deutsch\\\/\"},\"wordCount\":302,\"commentCount\":7,\"publisher\":{\"@id\":\"https:\\\/\\\/truckonline.de\\\/blog\\\/#\\\/schema\\\/person\\\/4cb59b86ffde81f882f56439688fda19\"},\"keywords\":[\"Baumarkt\",\"Wien\"],\"articleSection\":[\"Firmen\",\"Unterwegs\"],\"inLanguage\":\"de\",\"potentialAction\":[{\"@type\":\"CommentAction\",\"name\":\"Comment\",\"target\":[\"https:\\\/\\\/truckonline.de\\\/blog\\\/2009\\\/01\\\/22\\\/ich-sprechen-deutsch\\\/#respond\"]}]},{\"@type\":\"WebPage\",\"@id\":\"https:\\\/\\\/truckonline.de\\\/blog\\\/2009\\\/01\\\/22\\\/ich-sprechen-deutsch\\\/\",\"url\":\"https:\\\/\\\/truckonline.de\\\/blog\\\/2009\\\/01\\\/22\\\/ich-sprechen-deutsch\\\/\",\"name\":\"Ich sprechen deutsch\",\"isPartOf\":{\"@id\":\"https:\\\/\\\/truckonline.de\\\/blog\\\/#website\"},\"datePublished\":\"2009-01-22T21:33:53+00:00\",\"description\":\"Das erste was mir in der schmuddeligen Warenannahme eines Baumarktzentrallagers im Norden von Wien auffiel, waren die Warnhinweise in vier Sprachen an den W\u00e4nde\",\"breadcrumb\":{\"@id\":\"https:\\\/\\\/truckonline.de\\\/blog\\\/2009\\\/01\\\/22\\\/ich-sprechen-deutsch\\\/#breadcrumb\"},\"inLanguage\":\"de\",\"potentialAction\":[{\"@type\":\"ReadAction\",\"target\":[\"https:\\\/\\\/truckonline.de\\\/blog\\\/2009\\\/01\\\/22\\\/ich-sprechen-deutsch\\\/\"]}]},{\"@type\":\"BreadcrumbList\",\"@id\":\"https:\\\/\\\/truckonline.de\\\/blog\\\/2009\\\/01\\\/22\\\/ich-sprechen-deutsch\\\/#breadcrumb\",\"itemListElement\":[{\"@type\":\"ListItem\",\"position\":1,\"name\":\"Startseite\",\"item\":\"https:\\\/\\\/truckonline.de\\\/blog\\\/\"},{\"@type\":\"ListItem\",\"position\":2,\"name\":\"Ich sprechen deutsch\"}]},{\"@type\":\"WebSite\",\"@id\":\"https:\\\/\\\/truckonline.de\\\/blog\\\/#website\",\"url\":\"https:\\\/\\\/truckonline.de\\\/blog\\\/\",\"name\":\"TruckOnline.de\",\"description\":\"\",\"publisher\":{\"@id\":\"https:\\\/\\\/truckonline.de\\\/blog\\\/#\\\/schema\\\/person\\\/4cb59b86ffde81f882f56439688fda19\"},\"potentialAction\":[{\"@type\":\"SearchAction\",\"target\":{\"@type\":\"EntryPoint\",\"urlTemplate\":\"https:\\\/\\\/truckonline.de\\\/blog\\\/?s={search_term_string}\"},\"query-input\":{\"@type\":\"PropertyValueSpecification\",\"valueRequired\":true,\"valueName\":\"search_term_string\"}}],\"inLanguage\":\"de\"},{\"@type\":[\"Person\",\"Organization\"],\"@id\":\"https:\\\/\\\/truckonline.de\\\/blog\\\/#\\\/schema\\\/person\\\/4cb59b86ffde81f882f56439688fda19\",\"name\":\"maik\",\"image\":{\"@type\":\"ImageObject\",\"inLanguage\":\"de\",\"@id\":\"https:\\\/\\\/truckonline.de\\\/blog\\\/wp-content\\\/uploads\\\/2019\\\/12\\\/logoinnenweiss.png\",\"url\":\"https:\\\/\\\/truckonline.de\\\/blog\\\/wp-content\\\/uploads\\\/2019\\\/12\\\/logoinnenweiss.png\",\"contentUrl\":\"https:\\\/\\\/truckonline.de\\\/blog\\\/wp-content\\\/uploads\\\/2019\\\/12\\\/logoinnenweiss.png\",\"width\":733,\"height\":125,\"caption\":\"maik\"},\"logo\":{\"@id\":\"https:\\\/\\\/truckonline.de\\\/blog\\\/wp-content\\\/uploads\\\/2019\\\/12\\\/logoinnenweiss.png\"},\"sameAs\":[\"https:\\\/\\\/www.facebook.com\\\/truckblog\",\"https:\\\/\\\/www.instagram.com\\\/truck_online\\\/\",\"https:\\\/\\\/x.com\\\/https:\\\/\\\/twitter.com\\\/truckblog\",\"https:\\\/\\\/www.youtube.com\\\/user\\\/truckonline\",\"https:\\\/\\\/www.tumblr.com\\\/truckonline\"]}]}<\/script>\n<!-- \/ Yoast SEO plugin. -->","yoast_head_json":{"title":"Ich sprechen deutsch","description":"Das erste was mir in der schmuddeligen Warenannahme eines Baumarktzentrallagers im Norden von Wien auffiel, waren die Warnhinweise in vier Sprachen an den W\u00e4nde","robots":{"index":"index","follow":"follow","max-snippet":"max-snippet:-1","max-image-preview":"max-image-preview:large","max-video-preview":"max-video-preview:-1"},"canonical":"https:\/\/truckonline.de\/blog\/2009\/01\/22\/ich-sprechen-deutsch\/","og_locale":"de_DE","og_type":"article","og_title":"Ich sprechen deutsch","og_url":"https:\/\/truckonline.de\/blog\/2009\/01\/22\/ich-sprechen-deutsch\/","og_site_name":"TruckOnline.de","article_publisher":"https:\/\/www.facebook.com\/truckblog","article_author":"https:\/\/www.facebook.com\/truckblog","article_published_time":"2009-01-22T21:33:53+00:00","og_image":[{"width":2560,"height":1920,"url":"https:\/\/truckonline.de\/blog\/wp-content\/uploads\/2019\/12\/IMG_20191229_225424-scaled.jpg","type":"image\/jpeg"}],"author":"maik","twitter_card":"summary_large_image","twitter_creator":"@https:\/\/twitter.com\/truckblog","twitter_site":"@truckblog","twitter_misc":{"Verfasst von":"maik","Gesch\u00e4tzte Lesezeit":"1\u00a0Minute"},"schema":{"@context":"https:\/\/schema.org","@graph":[{"@type":"Article","@id":"https:\/\/truckonline.de\/blog\/2009\/01\/22\/ich-sprechen-deutsch\/#article","isPartOf":{"@id":"https:\/\/truckonline.de\/blog\/2009\/01\/22\/ich-sprechen-deutsch\/"},"author":{"name":"maik","@id":"https:\/\/truckonline.de\/blog\/#\/schema\/person\/4cb59b86ffde81f882f56439688fda19"},"headline":"Ich sprechen deutsch","datePublished":"2009-01-22T21:33:53+00:00","mainEntityOfPage":{"@id":"https:\/\/truckonline.de\/blog\/2009\/01\/22\/ich-sprechen-deutsch\/"},"wordCount":302,"commentCount":7,"publisher":{"@id":"https:\/\/truckonline.de\/blog\/#\/schema\/person\/4cb59b86ffde81f882f56439688fda19"},"keywords":["Baumarkt","Wien"],"articleSection":["Firmen","Unterwegs"],"inLanguage":"de","potentialAction":[{"@type":"CommentAction","name":"Comment","target":["https:\/\/truckonline.de\/blog\/2009\/01\/22\/ich-sprechen-deutsch\/#respond"]}]},{"@type":"WebPage","@id":"https:\/\/truckonline.de\/blog\/2009\/01\/22\/ich-sprechen-deutsch\/","url":"https:\/\/truckonline.de\/blog\/2009\/01\/22\/ich-sprechen-deutsch\/","name":"Ich sprechen deutsch","isPartOf":{"@id":"https:\/\/truckonline.de\/blog\/#website"},"datePublished":"2009-01-22T21:33:53+00:00","description":"Das erste was mir in der schmuddeligen Warenannahme eines Baumarktzentrallagers im Norden von Wien auffiel, waren die Warnhinweise in vier Sprachen an den W\u00e4nde","breadcrumb":{"@id":"https:\/\/truckonline.de\/blog\/2009\/01\/22\/ich-sprechen-deutsch\/#breadcrumb"},"inLanguage":"de","potentialAction":[{"@type":"ReadAction","target":["https:\/\/truckonline.de\/blog\/2009\/01\/22\/ich-sprechen-deutsch\/"]}]},{"@type":"BreadcrumbList","@id":"https:\/\/truckonline.de\/blog\/2009\/01\/22\/ich-sprechen-deutsch\/#breadcrumb","itemListElement":[{"@type":"ListItem","position":1,"name":"Startseite","item":"https:\/\/truckonline.de\/blog\/"},{"@type":"ListItem","position":2,"name":"Ich sprechen deutsch"}]},{"@type":"WebSite","@id":"https:\/\/truckonline.de\/blog\/#website","url":"https:\/\/truckonline.de\/blog\/","name":"TruckOnline.de","description":"","publisher":{"@id":"https:\/\/truckonline.de\/blog\/#\/schema\/person\/4cb59b86ffde81f882f56439688fda19"},"potentialAction":[{"@type":"SearchAction","target":{"@type":"EntryPoint","urlTemplate":"https:\/\/truckonline.de\/blog\/?s={search_term_string}"},"query-input":{"@type":"PropertyValueSpecification","valueRequired":true,"valueName":"search_term_string"}}],"inLanguage":"de"},{"@type":["Person","Organization"],"@id":"https:\/\/truckonline.de\/blog\/#\/schema\/person\/4cb59b86ffde81f882f56439688fda19","name":"maik","image":{"@type":"ImageObject","inLanguage":"de","@id":"https:\/\/truckonline.de\/blog\/wp-content\/uploads\/2019\/12\/logoinnenweiss.png","url":"https:\/\/truckonline.de\/blog\/wp-content\/uploads\/2019\/12\/logoinnenweiss.png","contentUrl":"https:\/\/truckonline.de\/blog\/wp-content\/uploads\/2019\/12\/logoinnenweiss.png","width":733,"height":125,"caption":"maik"},"logo":{"@id":"https:\/\/truckonline.de\/blog\/wp-content\/uploads\/2019\/12\/logoinnenweiss.png"},"sameAs":["https:\/\/www.facebook.com\/truckblog","https:\/\/www.instagram.com\/truck_online\/","https:\/\/x.com\/https:\/\/twitter.com\/truckblog","https:\/\/www.youtube.com\/user\/truckonline","https:\/\/www.tumblr.com\/truckonline"]}]}},"_links":{"self":[{"href":"https:\/\/truckonline.de\/blog\/wp-json\/wp\/v2\/posts\/549","targetHints":{"allow":["GET"]}}],"collection":[{"href":"https:\/\/truckonline.de\/blog\/wp-json\/wp\/v2\/posts"}],"about":[{"href":"https:\/\/truckonline.de\/blog\/wp-json\/wp\/v2\/types\/post"}],"author":[{"embeddable":true,"href":"https:\/\/truckonline.de\/blog\/wp-json\/wp\/v2\/users\/3"}],"replies":[{"embeddable":true,"href":"https:\/\/truckonline.de\/blog\/wp-json\/wp\/v2\/comments?post=549"}],"version-history":[{"count":0,"href":"https:\/\/truckonline.de\/blog\/wp-json\/wp\/v2\/posts\/549\/revisions"}],"wp:attachment":[{"href":"https:\/\/truckonline.de\/blog\/wp-json\/wp\/v2\/media?parent=549"}],"wp:term":[{"taxonomy":"category","embeddable":true,"href":"https:\/\/truckonline.de\/blog\/wp-json\/wp\/v2\/categories?post=549"},{"taxonomy":"post_tag","embeddable":true,"href":"https:\/\/truckonline.de\/blog\/wp-json\/wp\/v2\/tags?post=549"}],"curies":[{"name":"wp","href":"https:\/\/api.w.org\/{rel}","templated":true}]}}