{"id":543,"date":"2009-01-18T15:58:46","date_gmt":"2009-01-18T14:58:46","guid":{"rendered":"https:\/\/truckonline.de\/blog\/?p=543"},"modified":"2009-01-18T15:58:46","modified_gmt":"2009-01-18T14:58:46","slug":"5-fragen-an","status":"publish","type":"post","link":"https:\/\/truckonline.de\/blog\/2009\/01\/18\/5-fragen-an\/","title":{"rendered":"5 Fragen an&#8230;"},"content":{"rendered":"<p>&#8230;die SPD &#8211; Fraktion im Th\u00fcringer Landtag:<\/p>\n<p>Sind Sie f\u00fcr eine weitere Erh\u00f6hung der LKW-Maut oder sehen Sie die seit Januar 2009 erreichte H\u00f6he als ausreichend an?<\/p>\n<blockquote><p>\nDie Politik hat zur positiven Entwicklung des Transportgewerbes in den vergangenen Jahren ihren Beitrag geleistet. Sie wird das auch k\u00fcnftig tun. An erster Stelle steht dabei die Gew\u00e4hrleistung ausreichender Investitionen in die Verkehrsinfrastruktur.<br \/>\nWir alle wissen, dass mit der Maut die Kosten f\u00fcr den Bau und den Erhalt der Stra\u00dfen bei Weitem nicht gedeckt werden. Auch \u00fcber Anpassungen bei der Maut m\u00fcssen die Vorraussetzungen f\u00fcr Investitionen verbessert werden.<\/p>\n<p>Bei aller Notwendigkeit zur Anpassung der Maut muss die Politik die Belastungen des Transportgewerbes in Deutschland im Blick behalten. Deshalb sollte es Entlastung an anderer Stelle geben.<br \/>\nBei der Umfinanzierung der Wegekosten von Steuern auf Nutzergeb\u00fchren wurden in der Vergangenheit die Kfz-Steuer f\u00fcr schwere Nutzfahrzeuge abgesenkt und ein Innovationsprogramm zur F\u00f6rderung der Anschaffung besonders umweltfreundlicher Lkw aufgelegt.<br \/>\n\u00c4hnliche Ma\u00dfnahmen sollte es auch k\u00fcnftig geben. Meiner Meinung nach sollten unter dem Strich alle Konzepte zur Mautanpassung f\u00fcr das deutsche G\u00fcterverkehrs- und Logistikgewerbe immer kostenneutral gestaltet werden.<\/p><\/blockquote>\n<p>Was wollen Sie gegen die dramatische Parkplatzsituation f\u00fcr LKW tun?<\/p>\n<blockquote><p>Durch das Bundesministerium wurde 2008 die aktuelle Parkplatzsituation f\u00fcr Lkw auf Rastanlagen der Bundesautobahnen sowie auf Autoh\u00f6fen untersucht.<br \/>\nDie Erhebung zeigt, dass mindestens 14.000 zus\u00e4tzliche Lkw-Parkst\u00e4nde ben\u00f6tigt werden. Um das Problem zu l\u00f6sen, muss vor allem das laufende Ausbauprogramm beschleunigt umgesetzt werden. Kurzfristig sollten zus\u00e4tzliche Lkw-Parkst\u00e4nde in Bereichen markiert werden, wo dies durch ausreichende r\u00e4umliche Verh\u00e4ltnisse m\u00f6glich ist. <\/p>\n<p>Freifl\u00e4chen auf Rastanlagen im Bereich der vorhandenen Lkw-Parkfl\u00e4chen sollten so weit wie m\u00f6glich f\u00fcr weitere Lkw-Parkst\u00e4nde genutzt werden. Die Th\u00fcringer Beh\u00f6rden m\u00fcssen z\u00fcgig die daf\u00fcr notwendigen planungsrechtlichen Voraussetzungen pr\u00fcfen und die Durchf\u00fchrung der Stra\u00dfenverkehrsordnung sicherstellen.<\/p><\/blockquote>\n<p>Planen Sie die Sperrung von Stra\u00dfen f\u00fcr den LKW-Durchgangsverkehr?<\/p>\n<blockquote><p>Vorrangiges Ziel muss es sein, die Verkehrsbelastung mit Hilfe intelligenter Instrumente zu begrenzen. Im Zentrum steht die F\u00f6rderung einer integrierten Verkehrspolitik. Die vorhandenen Verkehrswege  m\u00fcssen effizient genutzt werden, unn\u00f6tige Verkehre m\u00fcssen vermieden werden und die Verkehrsinfrastruktur muss weiter modernisiert werden.<br \/>\nDie Verkehrssteuerung konnte mit Hilfe des Mautsystems sp\u00fcrbar verbessert werden. Sie hat zu einer effizienteren Auslastung der Transportkapazit\u00e4ten und Streckenoptimierungen gef\u00fchrt. Diesen Weg m\u00fcssen wir weiter gehen.<br \/>\nPl\u00e4ne zur Sperrung weiterer Bundes- und Landesstra\u00dfen in Th\u00fcringen sind uns nicht bekannt.<\/p><\/blockquote>\n<p>Wie stehen Sie zu einem generellen LKW-\u00dcberholverbot?<\/p>\n<blockquote><p>Ziel der Verkehrspolitik muss es sein, den Verkehrsfluss auf unseren Autobahnen zu verbessern. Staus m\u00fcssen vermieden werden. Ein generelles \u00dcberholverbot f\u00fcr LKW lehnen wir ab. Alternative L\u00f6sungen wie moderne elektronische Verkehrslenksysteme und die zeitweilige Nutzung des Seitenstreifens m\u00fcssen Vorrang haben. Bei einem Autobahnabschnitt der akut staugef\u00e4hrdet ist, muss man sicher auch \u00fcber ein \u00dcberholverbot nachdenken.<br \/>\nIn Th\u00fcringen mit seiner k\u00fcnftig sehr guten Autobahninfrastruktur ist das aber kein Thema.<\/p><\/blockquote>\n<p>Wie stehen Sie zur verpflichtenden Einf\u00fchrung von Sicherheitssystemen wie Abstandswarnern oder Notbremssystemen?<\/p>\n<blockquote><p>Die Verkehrspolitik verfolgt das Ziel, Menschenleben durch Unfallvermeidung zu sch\u00fctzen, Unfallfolgen zu lindern und volkswirtschaftlichen Schaden als Folge von Stra\u00dfenverkehrsunf\u00e4llen zu vermindern. Dazu geh\u00f6rt auch die Verminderung des Gefahrenpotentials schwerer Nutzfahrzeuge. Dabei steht das Verantwortungsbewusstsein jedes einzelnen Verkehrsteilnehmers und der Unternehmen im Vordergrund.<br \/>\nDie F\u00f6rderung der Anschaffung entsprechender Sicherheitssysteme ist f\u00fcr uns aber auch gut vorstellbar.<\/p><\/blockquote>\n","protected":false},"excerpt":{"rendered":"<p>&#8230;die SPD &#8211; Fraktion im Th\u00fcringer Landtag: Sind Sie f\u00fcr eine weitere Erh\u00f6hung der LKW-Maut oder sehen Sie die seit Januar 2009 erreichte H\u00f6he als&#8230;<\/p>\n<div class=\"more-link-wrapper\"><a class=\"more-link\" href=\"https:\/\/truckonline.de\/blog\/2009\/01\/18\/5-fragen-an\/\">Sie haben Ihr Ziel fast erreicht.<span class=\"screen-reader-text\">5 Fragen an&#8230;<\/span><\/a><\/div>\n","protected":false},"author":3,"featured_media":0,"comment_status":"open","ping_status":"open","sticky":false,"template":"","format":"standard","meta":{"iawp_total_views":2,"_metis_text_type":"","_metis_text_length":0,"_post_count":0,"footnotes":""},"categories":[88],"tags":[1895,843,882,602],"class_list":["post-543","post","type-post","status-publish","format-standard","hentry","category-fragen","tag-fragen","tag-interview","tag-spd","tag-thueringen","ratio-2-1","entry"],"yoast_head":"<!-- This site is optimized with the Yoast SEO plugin v27.5 - https:\/\/yoast.com\/product\/yoast-seo-wordpress\/ -->\n<title>Interview mit der Th\u00fcringer SPD - Fraktion<\/title>\n<meta name=\"description\" content=\"Bei aller Notwendigkeit zur Anpassung der Maut muss die Politik die Belastungen des Transportgewerbes in Deutschland im Blick behalten. Deshalb sollte es...\" \/>\n<meta name=\"robots\" content=\"index, follow, max-snippet:-1, max-image-preview:large, max-video-preview:-1\" \/>\n<link rel=\"canonical\" href=\"https:\/\/truckonline.de\/blog\/2009\/01\/18\/5-fragen-an\/\" \/>\n<meta property=\"og:locale\" content=\"de_DE\" \/>\n<meta property=\"og:type\" content=\"article\" \/>\n<meta property=\"og:title\" content=\"Interview mit der Th\u00fcringer SPD - Fraktion\" \/>\n<meta property=\"og:url\" content=\"https:\/\/truckonline.de\/blog\/2009\/01\/18\/5-fragen-an\/\" \/>\n<meta property=\"og:site_name\" content=\"TruckOnline.de\" \/>\n<meta property=\"article:publisher\" content=\"https:\/\/www.facebook.com\/truckblog\" \/>\n<meta property=\"article:author\" content=\"https:\/\/www.facebook.com\/truckblog\" \/>\n<meta property=\"article:published_time\" content=\"2009-01-18T14:58:46+00:00\" \/>\n<meta property=\"og:image\" content=\"https:\/\/truckonline.de\/blog\/wp-content\/uploads\/2019\/12\/IMG_20191229_225424-scaled.jpg\" \/>\n\t<meta property=\"og:image:width\" content=\"2560\" \/>\n\t<meta property=\"og:image:height\" content=\"1920\" \/>\n\t<meta property=\"og:image:type\" content=\"image\/jpeg\" \/>\n<meta name=\"author\" content=\"maik\" \/>\n<meta name=\"twitter:card\" content=\"summary_large_image\" \/>\n<meta name=\"twitter:creator\" content=\"@https:\/\/twitter.com\/truckblog\" \/>\n<meta name=\"twitter:site\" content=\"@truckblog\" \/>\n<meta name=\"twitter:label1\" content=\"Verfasst von\" \/>\n\t<meta name=\"twitter:data1\" content=\"maik\" \/>\n\t<meta name=\"twitter:label2\" content=\"Gesch\u00e4tzte Lesezeit\" \/>\n\t<meta name=\"twitter:data2\" content=\"3\u00a0Minuten\" \/>\n<script type=\"application\/ld+json\" class=\"yoast-schema-graph\">{\"@context\":\"https:\\\/\\\/schema.org\",\"@graph\":[{\"@type\":\"Article\",\"@id\":\"https:\\\/\\\/truckonline.de\\\/blog\\\/2009\\\/01\\\/18\\\/5-fragen-an\\\/#article\",\"isPartOf\":{\"@id\":\"https:\\\/\\\/truckonline.de\\\/blog\\\/2009\\\/01\\\/18\\\/5-fragen-an\\\/\"},\"author\":{\"name\":\"maik\",\"@id\":\"https:\\\/\\\/truckonline.de\\\/blog\\\/#\\\/schema\\\/person\\\/4cb59b86ffde81f882f56439688fda19\"},\"headline\":\"5 Fragen an&#8230;\",\"datePublished\":\"2009-01-18T14:58:46+00:00\",\"mainEntityOfPage\":{\"@id\":\"https:\\\/\\\/truckonline.de\\\/blog\\\/2009\\\/01\\\/18\\\/5-fragen-an\\\/\"},\"wordCount\":584,\"commentCount\":2,\"publisher\":{\"@id\":\"https:\\\/\\\/truckonline.de\\\/blog\\\/#\\\/schema\\\/person\\\/4cb59b86ffde81f882f56439688fda19\"},\"keywords\":[\"Fragen\",\"Interview\",\"SPD\",\"Th\u00fcringen\"],\"articleSection\":[\"Fragen\"],\"inLanguage\":\"de\",\"potentialAction\":[{\"@type\":\"CommentAction\",\"name\":\"Comment\",\"target\":[\"https:\\\/\\\/truckonline.de\\\/blog\\\/2009\\\/01\\\/18\\\/5-fragen-an\\\/#respond\"]}]},{\"@type\":\"WebPage\",\"@id\":\"https:\\\/\\\/truckonline.de\\\/blog\\\/2009\\\/01\\\/18\\\/5-fragen-an\\\/\",\"url\":\"https:\\\/\\\/truckonline.de\\\/blog\\\/2009\\\/01\\\/18\\\/5-fragen-an\\\/\",\"name\":\"Interview mit der Th\u00fcringer SPD - Fraktion\",\"isPartOf\":{\"@id\":\"https:\\\/\\\/truckonline.de\\\/blog\\\/#website\"},\"datePublished\":\"2009-01-18T14:58:46+00:00\",\"description\":\"Bei aller Notwendigkeit zur Anpassung der Maut muss die Politik die Belastungen des Transportgewerbes in Deutschland im Blick behalten. Deshalb sollte es...\",\"breadcrumb\":{\"@id\":\"https:\\\/\\\/truckonline.de\\\/blog\\\/2009\\\/01\\\/18\\\/5-fragen-an\\\/#breadcrumb\"},\"inLanguage\":\"de\",\"potentialAction\":[{\"@type\":\"ReadAction\",\"target\":[\"https:\\\/\\\/truckonline.de\\\/blog\\\/2009\\\/01\\\/18\\\/5-fragen-an\\\/\"]}]},{\"@type\":\"BreadcrumbList\",\"@id\":\"https:\\\/\\\/truckonline.de\\\/blog\\\/2009\\\/01\\\/18\\\/5-fragen-an\\\/#breadcrumb\",\"itemListElement\":[{\"@type\":\"ListItem\",\"position\":1,\"name\":\"Startseite\",\"item\":\"https:\\\/\\\/truckonline.de\\\/blog\\\/\"},{\"@type\":\"ListItem\",\"position\":2,\"name\":\"5 Fragen an&#8230;\"}]},{\"@type\":\"WebSite\",\"@id\":\"https:\\\/\\\/truckonline.de\\\/blog\\\/#website\",\"url\":\"https:\\\/\\\/truckonline.de\\\/blog\\\/\",\"name\":\"TruckOnline.de\",\"description\":\"\",\"publisher\":{\"@id\":\"https:\\\/\\\/truckonline.de\\\/blog\\\/#\\\/schema\\\/person\\\/4cb59b86ffde81f882f56439688fda19\"},\"potentialAction\":[{\"@type\":\"SearchAction\",\"target\":{\"@type\":\"EntryPoint\",\"urlTemplate\":\"https:\\\/\\\/truckonline.de\\\/blog\\\/?s={search_term_string}\"},\"query-input\":{\"@type\":\"PropertyValueSpecification\",\"valueRequired\":true,\"valueName\":\"search_term_string\"}}],\"inLanguage\":\"de\"},{\"@type\":[\"Person\",\"Organization\"],\"@id\":\"https:\\\/\\\/truckonline.de\\\/blog\\\/#\\\/schema\\\/person\\\/4cb59b86ffde81f882f56439688fda19\",\"name\":\"maik\",\"image\":{\"@type\":\"ImageObject\",\"inLanguage\":\"de\",\"@id\":\"https:\\\/\\\/truckonline.de\\\/blog\\\/wp-content\\\/uploads\\\/2019\\\/12\\\/logoinnenweiss.png\",\"url\":\"https:\\\/\\\/truckonline.de\\\/blog\\\/wp-content\\\/uploads\\\/2019\\\/12\\\/logoinnenweiss.png\",\"contentUrl\":\"https:\\\/\\\/truckonline.de\\\/blog\\\/wp-content\\\/uploads\\\/2019\\\/12\\\/logoinnenweiss.png\",\"width\":733,\"height\":125,\"caption\":\"maik\"},\"logo\":{\"@id\":\"https:\\\/\\\/truckonline.de\\\/blog\\\/wp-content\\\/uploads\\\/2019\\\/12\\\/logoinnenweiss.png\"},\"sameAs\":[\"https:\\\/\\\/www.facebook.com\\\/truckblog\",\"https:\\\/\\\/www.instagram.com\\\/truck_online\\\/\",\"https:\\\/\\\/x.com\\\/https:\\\/\\\/twitter.com\\\/truckblog\",\"https:\\\/\\\/www.youtube.com\\\/user\\\/truckonline\",\"https:\\\/\\\/www.tumblr.com\\\/truckonline\"]}]}<\/script>\n<!-- \/ Yoast SEO plugin. -->","yoast_head_json":{"title":"Interview mit der Th\u00fcringer SPD - Fraktion","description":"Bei aller Notwendigkeit zur Anpassung der Maut muss die Politik die Belastungen des Transportgewerbes in Deutschland im Blick behalten. Deshalb sollte es...","robots":{"index":"index","follow":"follow","max-snippet":"max-snippet:-1","max-image-preview":"max-image-preview:large","max-video-preview":"max-video-preview:-1"},"canonical":"https:\/\/truckonline.de\/blog\/2009\/01\/18\/5-fragen-an\/","og_locale":"de_DE","og_type":"article","og_title":"Interview mit der Th\u00fcringer SPD - Fraktion","og_url":"https:\/\/truckonline.de\/blog\/2009\/01\/18\/5-fragen-an\/","og_site_name":"TruckOnline.de","article_publisher":"https:\/\/www.facebook.com\/truckblog","article_author":"https:\/\/www.facebook.com\/truckblog","article_published_time":"2009-01-18T14:58:46+00:00","og_image":[{"width":2560,"height":1920,"url":"https:\/\/truckonline.de\/blog\/wp-content\/uploads\/2019\/12\/IMG_20191229_225424-scaled.jpg","type":"image\/jpeg"}],"author":"maik","twitter_card":"summary_large_image","twitter_creator":"@https:\/\/twitter.com\/truckblog","twitter_site":"@truckblog","twitter_misc":{"Verfasst von":"maik","Gesch\u00e4tzte Lesezeit":"3\u00a0Minuten"},"schema":{"@context":"https:\/\/schema.org","@graph":[{"@type":"Article","@id":"https:\/\/truckonline.de\/blog\/2009\/01\/18\/5-fragen-an\/#article","isPartOf":{"@id":"https:\/\/truckonline.de\/blog\/2009\/01\/18\/5-fragen-an\/"},"author":{"name":"maik","@id":"https:\/\/truckonline.de\/blog\/#\/schema\/person\/4cb59b86ffde81f882f56439688fda19"},"headline":"5 Fragen an&#8230;","datePublished":"2009-01-18T14:58:46+00:00","mainEntityOfPage":{"@id":"https:\/\/truckonline.de\/blog\/2009\/01\/18\/5-fragen-an\/"},"wordCount":584,"commentCount":2,"publisher":{"@id":"https:\/\/truckonline.de\/blog\/#\/schema\/person\/4cb59b86ffde81f882f56439688fda19"},"keywords":["Fragen","Interview","SPD","Th\u00fcringen"],"articleSection":["Fragen"],"inLanguage":"de","potentialAction":[{"@type":"CommentAction","name":"Comment","target":["https:\/\/truckonline.de\/blog\/2009\/01\/18\/5-fragen-an\/#respond"]}]},{"@type":"WebPage","@id":"https:\/\/truckonline.de\/blog\/2009\/01\/18\/5-fragen-an\/","url":"https:\/\/truckonline.de\/blog\/2009\/01\/18\/5-fragen-an\/","name":"Interview mit der Th\u00fcringer SPD - Fraktion","isPartOf":{"@id":"https:\/\/truckonline.de\/blog\/#website"},"datePublished":"2009-01-18T14:58:46+00:00","description":"Bei aller Notwendigkeit zur Anpassung der Maut muss die Politik die Belastungen des Transportgewerbes in Deutschland im Blick behalten. Deshalb sollte es...","breadcrumb":{"@id":"https:\/\/truckonline.de\/blog\/2009\/01\/18\/5-fragen-an\/#breadcrumb"},"inLanguage":"de","potentialAction":[{"@type":"ReadAction","target":["https:\/\/truckonline.de\/blog\/2009\/01\/18\/5-fragen-an\/"]}]},{"@type":"BreadcrumbList","@id":"https:\/\/truckonline.de\/blog\/2009\/01\/18\/5-fragen-an\/#breadcrumb","itemListElement":[{"@type":"ListItem","position":1,"name":"Startseite","item":"https:\/\/truckonline.de\/blog\/"},{"@type":"ListItem","position":2,"name":"5 Fragen an&#8230;"}]},{"@type":"WebSite","@id":"https:\/\/truckonline.de\/blog\/#website","url":"https:\/\/truckonline.de\/blog\/","name":"TruckOnline.de","description":"","publisher":{"@id":"https:\/\/truckonline.de\/blog\/#\/schema\/person\/4cb59b86ffde81f882f56439688fda19"},"potentialAction":[{"@type":"SearchAction","target":{"@type":"EntryPoint","urlTemplate":"https:\/\/truckonline.de\/blog\/?s={search_term_string}"},"query-input":{"@type":"PropertyValueSpecification","valueRequired":true,"valueName":"search_term_string"}}],"inLanguage":"de"},{"@type":["Person","Organization"],"@id":"https:\/\/truckonline.de\/blog\/#\/schema\/person\/4cb59b86ffde81f882f56439688fda19","name":"maik","image":{"@type":"ImageObject","inLanguage":"de","@id":"https:\/\/truckonline.de\/blog\/wp-content\/uploads\/2019\/12\/logoinnenweiss.png","url":"https:\/\/truckonline.de\/blog\/wp-content\/uploads\/2019\/12\/logoinnenweiss.png","contentUrl":"https:\/\/truckonline.de\/blog\/wp-content\/uploads\/2019\/12\/logoinnenweiss.png","width":733,"height":125,"caption":"maik"},"logo":{"@id":"https:\/\/truckonline.de\/blog\/wp-content\/uploads\/2019\/12\/logoinnenweiss.png"},"sameAs":["https:\/\/www.facebook.com\/truckblog","https:\/\/www.instagram.com\/truck_online\/","https:\/\/x.com\/https:\/\/twitter.com\/truckblog","https:\/\/www.youtube.com\/user\/truckonline","https:\/\/www.tumblr.com\/truckonline"]}]}},"_links":{"self":[{"href":"https:\/\/truckonline.de\/blog\/wp-json\/wp\/v2\/posts\/543","targetHints":{"allow":["GET"]}}],"collection":[{"href":"https:\/\/truckonline.de\/blog\/wp-json\/wp\/v2\/posts"}],"about":[{"href":"https:\/\/truckonline.de\/blog\/wp-json\/wp\/v2\/types\/post"}],"author":[{"embeddable":true,"href":"https:\/\/truckonline.de\/blog\/wp-json\/wp\/v2\/users\/3"}],"replies":[{"embeddable":true,"href":"https:\/\/truckonline.de\/blog\/wp-json\/wp\/v2\/comments?post=543"}],"version-history":[{"count":0,"href":"https:\/\/truckonline.de\/blog\/wp-json\/wp\/v2\/posts\/543\/revisions"}],"wp:attachment":[{"href":"https:\/\/truckonline.de\/blog\/wp-json\/wp\/v2\/media?parent=543"}],"wp:term":[{"taxonomy":"category","embeddable":true,"href":"https:\/\/truckonline.de\/blog\/wp-json\/wp\/v2\/categories?post=543"},{"taxonomy":"post_tag","embeddable":true,"href":"https:\/\/truckonline.de\/blog\/wp-json\/wp\/v2\/tags?post=543"}],"curies":[{"name":"wp","href":"https:\/\/api.w.org\/{rel}","templated":true}]}}