{"id":5370,"date":"2014-11-11T01:53:52","date_gmt":"2014-11-11T00:53:52","guid":{"rendered":"https:\/\/truckonline.de\/blog\/?p=5370"},"modified":"2014-11-11T01:53:52","modified_gmt":"2014-11-11T00:53:52","slug":"rechtsverkehr","status":"publish","type":"post","link":"https:\/\/truckonline.de\/blog\/2014\/11\/11\/rechtsverkehr\/","title":{"rendered":"Rechtsverkehr"},"content":{"rendered":"<p>Auf dem Sattel den ich hinter mir herziehe, prangen zwei Aufkleber. Den einen ziert die Werbung der italienischen Zollagentur, die in Como meine Zollpapiere f\u00fcr den Transit durch die Schweiz erstellt und auf dem anderen erkennt man mit viel guten Willen die Adresse dieses Blogs.<br \/>\nBeide sind so klein, dass die f\u00fcr Hinterherfahrer nur an der Rotphase vor einer Ampel lesbar sind. Ausserdem sind beide v\u00f6llig unpolitisch. Oder von mir aus auch brav. <\/p>\n<p>Anders erging es vor einigen Tagen dem Fahrer <a href=\"https:\/\/www.voeckt.de\/\" target=\"_blank\">einer schw\u00e4bischen Spedition<\/a>. Auf dessen Anh\u00e4nger ersp\u00e4hte eine Autofahrerin aufgeklebte Spr\u00fcche, wie \u201c<em>Kolonnenf\u00fchrer<\/em>\u201d, \u201c<em>Brigade Saar<\/em>\u201d und eben auch ein Eisernes Kreuz mit dem Text \u201c<em>100% Deutsch<\/em>\u201d.<br \/>\nEine eMail an die Firma, ob denn klar sei, welche Ideologie dahinter steckt, blieb unbeantwortet. Erst nach mehreren Nachrichten auf Twitter zog das ganze Aufmerksamkeit auf sich. Ein anderer User rief in dem Unternehmen an, der Chef wusste scheinbar von nichts. Er wollte sich aber darum k\u00fcmmern.<\/p>\n<p>Das hat er aber wohl nicht. Die Frau ging deshalb an die \u00d6ffentlichkeit <a href=\"https:\/\/alyama.wordpress.com\/2014\/11\/04\/wie-vockt-auf-dem-rechten-auge-blind-ist\/\" target=\"_blank\">>>><\/a><\/p>\n<p><a href=\"https:\/\/alyama.wordpress.com\/2014\/11\/04\/wie-vockt-auf-dem-rechten-auge-blind-ist\/\" target=\"_blank\">Wie V\u00f6ckt auf dem rechten Auge blind ist<\/a><br \/>\n<a href=\"https:\/\/www.schwaebische.de\/region_artikel,-Spedition-mahnt-Fahrer-wegen-Nazi-Parolen-ab-_arid,10116347_toid,696.html\" target=\"_blank\">Spedition mahnt Fahrer wegen Nazi-Parolen ab<\/a><br \/>\n<a href=\"https:\/\/www.swp.de\/ulm\/nachrichten\/suedwestumschau\/Geisinger-Speditionslastwagen-fuhren-NSDAP-Losung-spazieren;art4319,2882283\" target=\"_blank\">Geisinger Speditionslastwagen fuhren NSDAP-Losung spazieren<\/a><\/p>\n","protected":false},"excerpt":{"rendered":"<p>Auf dem Sattel den ich hinter mir herziehe, prangen zwei Aufkleber. Den einen ziert die Werbung der italienischen Zollagentur, die in Como meine Zollpapiere f\u00fcr&#8230;<\/p>\n<div class=\"more-link-wrapper\"><a class=\"more-link\" href=\"https:\/\/truckonline.de\/blog\/2014\/11\/11\/rechtsverkehr\/\">Sie haben Ihr Ziel fast erreicht.<span class=\"screen-reader-text\">Rechtsverkehr<\/span><\/a><\/div>\n","protected":false},"author":3,"featured_media":0,"comment_status":"open","ping_status":"open","sticky":false,"template":"","format":"standard","meta":{"iawp_total_views":1,"_metis_text_type":"","_metis_text_length":0,"_post_count":0,"footnotes":""},"categories":[593,13,11],"tags":[1306,1881],"class_list":["post-5370","post","type-post","status-publish","format-standard","hentry","category-aergerliches","category-firmen","category-lkw","tag-aufkleber","tag-lkw","ratio-2-1","entry"],"yoast_head":"<!-- This site is optimized with the Yoast SEO plugin v27.5 - https:\/\/yoast.com\/product\/yoast-seo-wordpress\/ -->\n<title>Rechtsverkehr | TruckOnline.de<\/title>\n<meta name=\"description\" content=\"Auf dem Sattel den ich hinter mir herziehe, prangen zwei Aufkleber. Den einen ziert die Werbung der italienischen Zollagentur, die in Como meine\" \/>\n<meta name=\"robots\" content=\"index, follow, max-snippet:-1, max-image-preview:large, max-video-preview:-1\" \/>\n<link rel=\"canonical\" href=\"https:\/\/truckonline.de\/blog\/2014\/11\/11\/rechtsverkehr\/\" \/>\n<meta property=\"og:locale\" content=\"de_DE\" \/>\n<meta property=\"og:type\" content=\"article\" \/>\n<meta property=\"og:title\" content=\"Rechtsverkehr | TruckOnline.de\" \/>\n<meta property=\"og:url\" content=\"https:\/\/truckonline.de\/blog\/2014\/11\/11\/rechtsverkehr\/\" \/>\n<meta property=\"og:site_name\" content=\"TruckOnline.de\" \/>\n<meta property=\"article:publisher\" content=\"https:\/\/www.facebook.com\/truckblog\" \/>\n<meta property=\"article:author\" content=\"https:\/\/www.facebook.com\/truckblog\" \/>\n<meta property=\"article:published_time\" content=\"2014-11-11T00:53:52+00:00\" \/>\n<meta property=\"og:image\" content=\"https:\/\/truckonline.de\/blog\/wp-content\/uploads\/2019\/12\/IMG_20191229_225424-scaled.jpg\" \/>\n\t<meta property=\"og:image:width\" content=\"2560\" \/>\n\t<meta property=\"og:image:height\" content=\"1920\" \/>\n\t<meta property=\"og:image:type\" content=\"image\/jpeg\" \/>\n<meta name=\"author\" content=\"maik\" \/>\n<meta name=\"twitter:card\" content=\"summary_large_image\" \/>\n<meta name=\"twitter:creator\" content=\"@https:\/\/twitter.com\/truckblog\" \/>\n<meta name=\"twitter:site\" content=\"@truckblog\" \/>\n<meta name=\"twitter:label1\" content=\"Verfasst von\" \/>\n\t<meta name=\"twitter:data1\" content=\"maik\" \/>\n\t<meta name=\"twitter:label2\" content=\"Gesch\u00e4tzte Lesezeit\" \/>\n\t<meta name=\"twitter:data2\" content=\"1\u00a0Minute\" \/>\n<script type=\"application\/ld+json\" class=\"yoast-schema-graph\">{\"@context\":\"https:\\\/\\\/schema.org\",\"@graph\":[{\"@type\":\"Article\",\"@id\":\"https:\\\/\\\/truckonline.de\\\/blog\\\/2014\\\/11\\\/11\\\/rechtsverkehr\\\/#article\",\"isPartOf\":{\"@id\":\"https:\\\/\\\/truckonline.de\\\/blog\\\/2014\\\/11\\\/11\\\/rechtsverkehr\\\/\"},\"author\":{\"name\":\"maik\",\"@id\":\"https:\\\/\\\/truckonline.de\\\/blog\\\/#\\\/schema\\\/person\\\/4cb59b86ffde81f882f56439688fda19\"},\"headline\":\"Rechtsverkehr\",\"datePublished\":\"2014-11-11T00:53:52+00:00\",\"mainEntityOfPage\":{\"@id\":\"https:\\\/\\\/truckonline.de\\\/blog\\\/2014\\\/11\\\/11\\\/rechtsverkehr\\\/\"},\"wordCount\":196,\"commentCount\":11,\"publisher\":{\"@id\":\"https:\\\/\\\/truckonline.de\\\/blog\\\/#\\\/schema\\\/person\\\/4cb59b86ffde81f882f56439688fda19\"},\"keywords\":[\"Aufkleber\",\"Lkw\"],\"articleSection\":[\"\u00c4rgerliches\",\"Firmen\",\"Lkw\"],\"inLanguage\":\"de\",\"potentialAction\":[{\"@type\":\"CommentAction\",\"name\":\"Comment\",\"target\":[\"https:\\\/\\\/truckonline.de\\\/blog\\\/2014\\\/11\\\/11\\\/rechtsverkehr\\\/#respond\"]}]},{\"@type\":\"WebPage\",\"@id\":\"https:\\\/\\\/truckonline.de\\\/blog\\\/2014\\\/11\\\/11\\\/rechtsverkehr\\\/\",\"url\":\"https:\\\/\\\/truckonline.de\\\/blog\\\/2014\\\/11\\\/11\\\/rechtsverkehr\\\/\",\"name\":\"Rechtsverkehr | TruckOnline.de\",\"isPartOf\":{\"@id\":\"https:\\\/\\\/truckonline.de\\\/blog\\\/#website\"},\"datePublished\":\"2014-11-11T00:53:52+00:00\",\"description\":\"Auf dem Sattel den ich hinter mir herziehe, prangen zwei Aufkleber. Den einen ziert die Werbung der italienischen Zollagentur, die in Como meine\",\"breadcrumb\":{\"@id\":\"https:\\\/\\\/truckonline.de\\\/blog\\\/2014\\\/11\\\/11\\\/rechtsverkehr\\\/#breadcrumb\"},\"inLanguage\":\"de\",\"potentialAction\":[{\"@type\":\"ReadAction\",\"target\":[\"https:\\\/\\\/truckonline.de\\\/blog\\\/2014\\\/11\\\/11\\\/rechtsverkehr\\\/\"]}]},{\"@type\":\"BreadcrumbList\",\"@id\":\"https:\\\/\\\/truckonline.de\\\/blog\\\/2014\\\/11\\\/11\\\/rechtsverkehr\\\/#breadcrumb\",\"itemListElement\":[{\"@type\":\"ListItem\",\"position\":1,\"name\":\"Startseite\",\"item\":\"https:\\\/\\\/truckonline.de\\\/blog\\\/\"},{\"@type\":\"ListItem\",\"position\":2,\"name\":\"Rechtsverkehr\"}]},{\"@type\":\"WebSite\",\"@id\":\"https:\\\/\\\/truckonline.de\\\/blog\\\/#website\",\"url\":\"https:\\\/\\\/truckonline.de\\\/blog\\\/\",\"name\":\"TruckOnline.de\",\"description\":\"\",\"publisher\":{\"@id\":\"https:\\\/\\\/truckonline.de\\\/blog\\\/#\\\/schema\\\/person\\\/4cb59b86ffde81f882f56439688fda19\"},\"potentialAction\":[{\"@type\":\"SearchAction\",\"target\":{\"@type\":\"EntryPoint\",\"urlTemplate\":\"https:\\\/\\\/truckonline.de\\\/blog\\\/?s={search_term_string}\"},\"query-input\":{\"@type\":\"PropertyValueSpecification\",\"valueRequired\":true,\"valueName\":\"search_term_string\"}}],\"inLanguage\":\"de\"},{\"@type\":[\"Person\",\"Organization\"],\"@id\":\"https:\\\/\\\/truckonline.de\\\/blog\\\/#\\\/schema\\\/person\\\/4cb59b86ffde81f882f56439688fda19\",\"name\":\"maik\",\"image\":{\"@type\":\"ImageObject\",\"inLanguage\":\"de\",\"@id\":\"https:\\\/\\\/truckonline.de\\\/blog\\\/wp-content\\\/uploads\\\/2019\\\/12\\\/logoinnenweiss.png\",\"url\":\"https:\\\/\\\/truckonline.de\\\/blog\\\/wp-content\\\/uploads\\\/2019\\\/12\\\/logoinnenweiss.png\",\"contentUrl\":\"https:\\\/\\\/truckonline.de\\\/blog\\\/wp-content\\\/uploads\\\/2019\\\/12\\\/logoinnenweiss.png\",\"width\":733,\"height\":125,\"caption\":\"maik\"},\"logo\":{\"@id\":\"https:\\\/\\\/truckonline.de\\\/blog\\\/wp-content\\\/uploads\\\/2019\\\/12\\\/logoinnenweiss.png\"},\"sameAs\":[\"https:\\\/\\\/www.facebook.com\\\/truckblog\",\"https:\\\/\\\/www.instagram.com\\\/truck_online\\\/\",\"https:\\\/\\\/x.com\\\/https:\\\/\\\/twitter.com\\\/truckblog\",\"https:\\\/\\\/www.youtube.com\\\/user\\\/truckonline\",\"https:\\\/\\\/www.tumblr.com\\\/truckonline\"]}]}<\/script>\n<!-- \/ Yoast SEO plugin. -->","yoast_head_json":{"title":"Rechtsverkehr | TruckOnline.de","description":"Auf dem Sattel den ich hinter mir herziehe, prangen zwei Aufkleber. Den einen ziert die Werbung der italienischen Zollagentur, die in Como meine","robots":{"index":"index","follow":"follow","max-snippet":"max-snippet:-1","max-image-preview":"max-image-preview:large","max-video-preview":"max-video-preview:-1"},"canonical":"https:\/\/truckonline.de\/blog\/2014\/11\/11\/rechtsverkehr\/","og_locale":"de_DE","og_type":"article","og_title":"Rechtsverkehr | TruckOnline.de","og_url":"https:\/\/truckonline.de\/blog\/2014\/11\/11\/rechtsverkehr\/","og_site_name":"TruckOnline.de","article_publisher":"https:\/\/www.facebook.com\/truckblog","article_author":"https:\/\/www.facebook.com\/truckblog","article_published_time":"2014-11-11T00:53:52+00:00","og_image":[{"width":2560,"height":1920,"url":"https:\/\/truckonline.de\/blog\/wp-content\/uploads\/2019\/12\/IMG_20191229_225424-scaled.jpg","type":"image\/jpeg"}],"author":"maik","twitter_card":"summary_large_image","twitter_creator":"@https:\/\/twitter.com\/truckblog","twitter_site":"@truckblog","twitter_misc":{"Verfasst von":"maik","Gesch\u00e4tzte Lesezeit":"1\u00a0Minute"},"schema":{"@context":"https:\/\/schema.org","@graph":[{"@type":"Article","@id":"https:\/\/truckonline.de\/blog\/2014\/11\/11\/rechtsverkehr\/#article","isPartOf":{"@id":"https:\/\/truckonline.de\/blog\/2014\/11\/11\/rechtsverkehr\/"},"author":{"name":"maik","@id":"https:\/\/truckonline.de\/blog\/#\/schema\/person\/4cb59b86ffde81f882f56439688fda19"},"headline":"Rechtsverkehr","datePublished":"2014-11-11T00:53:52+00:00","mainEntityOfPage":{"@id":"https:\/\/truckonline.de\/blog\/2014\/11\/11\/rechtsverkehr\/"},"wordCount":196,"commentCount":11,"publisher":{"@id":"https:\/\/truckonline.de\/blog\/#\/schema\/person\/4cb59b86ffde81f882f56439688fda19"},"keywords":["Aufkleber","Lkw"],"articleSection":["\u00c4rgerliches","Firmen","Lkw"],"inLanguage":"de","potentialAction":[{"@type":"CommentAction","name":"Comment","target":["https:\/\/truckonline.de\/blog\/2014\/11\/11\/rechtsverkehr\/#respond"]}]},{"@type":"WebPage","@id":"https:\/\/truckonline.de\/blog\/2014\/11\/11\/rechtsverkehr\/","url":"https:\/\/truckonline.de\/blog\/2014\/11\/11\/rechtsverkehr\/","name":"Rechtsverkehr | TruckOnline.de","isPartOf":{"@id":"https:\/\/truckonline.de\/blog\/#website"},"datePublished":"2014-11-11T00:53:52+00:00","description":"Auf dem Sattel den ich hinter mir herziehe, prangen zwei Aufkleber. Den einen ziert die Werbung der italienischen Zollagentur, die in Como meine","breadcrumb":{"@id":"https:\/\/truckonline.de\/blog\/2014\/11\/11\/rechtsverkehr\/#breadcrumb"},"inLanguage":"de","potentialAction":[{"@type":"ReadAction","target":["https:\/\/truckonline.de\/blog\/2014\/11\/11\/rechtsverkehr\/"]}]},{"@type":"BreadcrumbList","@id":"https:\/\/truckonline.de\/blog\/2014\/11\/11\/rechtsverkehr\/#breadcrumb","itemListElement":[{"@type":"ListItem","position":1,"name":"Startseite","item":"https:\/\/truckonline.de\/blog\/"},{"@type":"ListItem","position":2,"name":"Rechtsverkehr"}]},{"@type":"WebSite","@id":"https:\/\/truckonline.de\/blog\/#website","url":"https:\/\/truckonline.de\/blog\/","name":"TruckOnline.de","description":"","publisher":{"@id":"https:\/\/truckonline.de\/blog\/#\/schema\/person\/4cb59b86ffde81f882f56439688fda19"},"potentialAction":[{"@type":"SearchAction","target":{"@type":"EntryPoint","urlTemplate":"https:\/\/truckonline.de\/blog\/?s={search_term_string}"},"query-input":{"@type":"PropertyValueSpecification","valueRequired":true,"valueName":"search_term_string"}}],"inLanguage":"de"},{"@type":["Person","Organization"],"@id":"https:\/\/truckonline.de\/blog\/#\/schema\/person\/4cb59b86ffde81f882f56439688fda19","name":"maik","image":{"@type":"ImageObject","inLanguage":"de","@id":"https:\/\/truckonline.de\/blog\/wp-content\/uploads\/2019\/12\/logoinnenweiss.png","url":"https:\/\/truckonline.de\/blog\/wp-content\/uploads\/2019\/12\/logoinnenweiss.png","contentUrl":"https:\/\/truckonline.de\/blog\/wp-content\/uploads\/2019\/12\/logoinnenweiss.png","width":733,"height":125,"caption":"maik"},"logo":{"@id":"https:\/\/truckonline.de\/blog\/wp-content\/uploads\/2019\/12\/logoinnenweiss.png"},"sameAs":["https:\/\/www.facebook.com\/truckblog","https:\/\/www.instagram.com\/truck_online\/","https:\/\/x.com\/https:\/\/twitter.com\/truckblog","https:\/\/www.youtube.com\/user\/truckonline","https:\/\/www.tumblr.com\/truckonline"]}]}},"_links":{"self":[{"href":"https:\/\/truckonline.de\/blog\/wp-json\/wp\/v2\/posts\/5370","targetHints":{"allow":["GET"]}}],"collection":[{"href":"https:\/\/truckonline.de\/blog\/wp-json\/wp\/v2\/posts"}],"about":[{"href":"https:\/\/truckonline.de\/blog\/wp-json\/wp\/v2\/types\/post"}],"author":[{"embeddable":true,"href":"https:\/\/truckonline.de\/blog\/wp-json\/wp\/v2\/users\/3"}],"replies":[{"embeddable":true,"href":"https:\/\/truckonline.de\/blog\/wp-json\/wp\/v2\/comments?post=5370"}],"version-history":[{"count":1,"href":"https:\/\/truckonline.de\/blog\/wp-json\/wp\/v2\/posts\/5370\/revisions"}],"predecessor-version":[{"id":5371,"href":"https:\/\/truckonline.de\/blog\/wp-json\/wp\/v2\/posts\/5370\/revisions\/5371"}],"wp:attachment":[{"href":"https:\/\/truckonline.de\/blog\/wp-json\/wp\/v2\/media?parent=5370"}],"wp:term":[{"taxonomy":"category","embeddable":true,"href":"https:\/\/truckonline.de\/blog\/wp-json\/wp\/v2\/categories?post=5370"},{"taxonomy":"post_tag","embeddable":true,"href":"https:\/\/truckonline.de\/blog\/wp-json\/wp\/v2\/tags?post=5370"}],"curies":[{"name":"wp","href":"https:\/\/api.w.org\/{rel}","templated":true}]}}