{"id":5313,"date":"2014-11-03T13:14:46","date_gmt":"2014-11-03T12:14:46","guid":{"rendered":"https:\/\/truckonline.de\/blog\/?p=5313"},"modified":"2014-11-03T13:31:19","modified_gmt":"2014-11-03T12:31:19","slug":"pauschale-fur-polnische-fahrer","status":"publish","type":"post","link":"https:\/\/truckonline.de\/blog\/2014\/11\/03\/pauschale-fur-polnische-fahrer\/","title":{"rendered":"Pauschale f\u00fcr polnische Fahrer"},"content":{"rendered":"<p>Polnischen Lkw &#8211; Fahrern steht eine \u00dcbernachtungspauschale zu. Dieser Anspruch gilt r\u00fcckwirkend f\u00fcr die vergangenen drei Jahre. Das hat das oberste Gericht in Polen beschlossen.<br \/>\nDieser Beschlu\u00df wurde am 14. Juni diesen Jahres gef\u00e4llt (<a href=\"https:\/\/www.sn.pl\/sprawy\/SitePages\/Zagadnienia%20prawne.aspx?ItemID=640&#038;ListID=411c5dda-68cb-4ad8-b865-2705079f8593&#038;el=Izba+Pracy%2C+Ubezpiecze%C5%84+Spo%C5%82ecznych+i+Spraw+Publicznych\" target=\"_blank\">Aktenzeichen II, PZP 1\/14<\/a>). <\/p>\n<p>Das oberste Gericht ist der Ansicht, \u00dcbernachtungen in einer Lkw &#8211; Kabine seien f\u00fcr polnische Lkw &#8211; Fahrer nicht zumutbar. Die Fahrer m\u00fcssten zum Beispiel in Hotels \u00fcbernachten k\u00f6nnen. W\u00fcrde darauf verzichtet, h\u00e4tte ein Fahrer Anspruch auf eine \u00dcbernachtungspauschale. Das Gericht ging dabei von pauschalen Betr\u00e4gen aus, die sich nach den einzelnen Staaten richten, in den der Fahrer \u00fcbernachtete.<\/p>\n<p><img loading=\"lazy\" decoding=\"async\" src=\"https:\/\/truckonline.de\/blog\/wp-content\/uploads\/2014\/11\/polenivecoklein.jpg\" alt=\"Iveco Stralis\" width=\"550\" height=\"413\" class=\"aligncenter size-full wp-image-5316\" srcset=\"https:\/\/truckonline.de\/blog\/wp-content\/uploads\/2014\/11\/polenivecoklein.jpg 550w, https:\/\/truckonline.de\/blog\/wp-content\/uploads\/2014\/11\/polenivecoklein-548x412.jpg 548w\" sizes=\"auto, (max-width: 550px) 100vw, 550px\" \/><\/p>\n<p>Allerdings muss der Fahrer die Anspr\u00fcche geltend machen. Verzichtet er darauf, braucht ein Fuhrunternehmer nicht zu zahlen. Besteht der Fahrer aber auf eine Auszahlung, muss er die Anspr\u00fcche aus den \u00dcbernachtungen im LKW belegen. Zahlt der Arbeitgeber trotz Nachweis nicht, kann der Fahrer klagen. Aber ob er dann Recht und Geld bekommt, h\u00e4ngt von Einzelfall ab.<br \/>\nEinige Fahrer klagten wohl bereits vor Bezirksgerichten. Problem dabei ist, dass die Auslands\u00fcbernachtungen im Lkw konkret nachzuweisen sind. Genau das f\u00fchrt regelm\u00e4\u00dfig zu Beweisschwierigkeiten.<\/p>\n<p>Link: <a href=\"https:\/\/www.dvz.de\/rubriken\/management-recht\/single-view\/nachricht\/streit-um-spesen-fuer-polnische-lkw-fahrer.html\" target=\"_blank\">Streit um Spesen f\u00fcr polnische Lkw-Fahrer<\/a><\/p>\n","protected":false},"excerpt":{"rendered":"<p>Polnischen Lkw &#8211; Fahrern steht eine \u00dcbernachtungspauschale zu. Dieser Anspruch gilt r\u00fcckwirkend f\u00fcr die vergangenen drei Jahre. Das hat das oberste Gericht in Polen beschlossen.&#8230;<\/p>\n<div class=\"more-link-wrapper\"><a class=\"more-link\" href=\"https:\/\/truckonline.de\/blog\/2014\/11\/03\/pauschale-fur-polnische-fahrer\/\">Sie haben Ihr Ziel fast erreicht.<span class=\"screen-reader-text\">Pauschale f\u00fcr polnische Fahrer<\/span><\/a><\/div>\n","protected":false},"author":3,"featured_media":0,"comment_status":"open","ping_status":"open","sticky":false,"template":"","format":"standard","meta":{"iawp_total_views":1,"_metis_text_type":"","_metis_text_length":0,"_post_count":0,"footnotes":""},"categories":[1,24],"tags":[1881,1818],"class_list":["post-5313","post","type-post","status-publish","format-standard","hentry","category-allgemeines","category-unterwegs","tag-lkw","tag-ubernachtung","ratio-2-1","entry"],"yoast_head":"<!-- This site is optimized with the Yoast SEO plugin v27.4 - https:\/\/yoast.com\/product\/yoast-seo-wordpress\/ -->\n<title>Pauschale f\u00fcr polnische Fahrer | TruckOnline.de<\/title>\n<meta name=\"description\" content=\"Polnischen Lkw - Fahrern steht eine \u00dcbernachtungspauschale zu. Dieser Anspruch gilt r\u00fcckwirkend f\u00fcr die vergangenen drei Jahre. Das hat das oberste\" \/>\n<meta name=\"robots\" content=\"index, follow, max-snippet:-1, max-image-preview:large, max-video-preview:-1\" \/>\n<link rel=\"canonical\" href=\"https:\/\/truckonline.de\/blog\/2014\/11\/03\/pauschale-fur-polnische-fahrer\/\" \/>\n<meta property=\"og:locale\" content=\"de_DE\" \/>\n<meta property=\"og:type\" content=\"article\" \/>\n<meta property=\"og:title\" content=\"Pauschale f\u00fcr polnische Fahrer | TruckOnline.de\" \/>\n<meta property=\"og:url\" content=\"https:\/\/truckonline.de\/blog\/2014\/11\/03\/pauschale-fur-polnische-fahrer\/\" \/>\n<meta property=\"og:site_name\" content=\"TruckOnline.de\" \/>\n<meta property=\"article:publisher\" content=\"https:\/\/www.facebook.com\/truckblog\" \/>\n<meta property=\"article:author\" content=\"https:\/\/www.facebook.com\/truckblog\" \/>\n<meta property=\"article:published_time\" content=\"2014-11-03T12:14:46+00:00\" \/>\n<meta property=\"article:modified_time\" content=\"2014-11-03T12:31:19+00:00\" \/>\n<meta property=\"og:image\" content=\"https:\/\/truckonline.de\/blog\/wp-content\/uploads\/2014\/11\/polenivecoklein.jpg\" \/>\n<meta name=\"author\" content=\"maik\" \/>\n<meta name=\"twitter:card\" content=\"summary_large_image\" \/>\n<meta name=\"twitter:creator\" content=\"@https:\/\/twitter.com\/truckblog\" \/>\n<meta name=\"twitter:site\" content=\"@truckblog\" \/>\n<meta name=\"twitter:label1\" content=\"Verfasst von\" \/>\n\t<meta name=\"twitter:data1\" content=\"maik\" \/>\n\t<meta name=\"twitter:label2\" content=\"Gesch\u00e4tzte Lesezeit\" \/>\n\t<meta name=\"twitter:data2\" content=\"1\u00a0Minute\" \/>\n<script type=\"application\/ld+json\" class=\"yoast-schema-graph\">{\"@context\":\"https:\\\/\\\/schema.org\",\"@graph\":[{\"@type\":\"Article\",\"@id\":\"https:\\\/\\\/truckonline.de\\\/blog\\\/2014\\\/11\\\/03\\\/pauschale-fur-polnische-fahrer\\\/#article\",\"isPartOf\":{\"@id\":\"https:\\\/\\\/truckonline.de\\\/blog\\\/2014\\\/11\\\/03\\\/pauschale-fur-polnische-fahrer\\\/\"},\"author\":{\"name\":\"maik\",\"@id\":\"https:\\\/\\\/truckonline.de\\\/blog\\\/#\\\/schema\\\/person\\\/4cb59b86ffde81f882f56439688fda19\"},\"headline\":\"Pauschale f\u00fcr polnische Fahrer\",\"datePublished\":\"2014-11-03T12:14:46+00:00\",\"dateModified\":\"2014-11-03T12:31:19+00:00\",\"mainEntityOfPage\":{\"@id\":\"https:\\\/\\\/truckonline.de\\\/blog\\\/2014\\\/11\\\/03\\\/pauschale-fur-polnische-fahrer\\\/\"},\"wordCount\":203,\"commentCount\":16,\"publisher\":{\"@id\":\"https:\\\/\\\/truckonline.de\\\/blog\\\/#\\\/schema\\\/person\\\/4cb59b86ffde81f882f56439688fda19\"},\"image\":{\"@id\":\"https:\\\/\\\/truckonline.de\\\/blog\\\/2014\\\/11\\\/03\\\/pauschale-fur-polnische-fahrer\\\/#primaryimage\"},\"thumbnailUrl\":\"https:\\\/\\\/truckonline.de\\\/blog\\\/wp-content\\\/uploads\\\/2014\\\/11\\\/polenivecoklein.jpg\",\"keywords\":[\"Lkw\",\"\u00dcbernachtung\"],\"articleSection\":[\"Allgemeines\",\"Unterwegs\"],\"inLanguage\":\"de\",\"potentialAction\":[{\"@type\":\"CommentAction\",\"name\":\"Comment\",\"target\":[\"https:\\\/\\\/truckonline.de\\\/blog\\\/2014\\\/11\\\/03\\\/pauschale-fur-polnische-fahrer\\\/#respond\"]}]},{\"@type\":\"WebPage\",\"@id\":\"https:\\\/\\\/truckonline.de\\\/blog\\\/2014\\\/11\\\/03\\\/pauschale-fur-polnische-fahrer\\\/\",\"url\":\"https:\\\/\\\/truckonline.de\\\/blog\\\/2014\\\/11\\\/03\\\/pauschale-fur-polnische-fahrer\\\/\",\"name\":\"Pauschale f\u00fcr polnische Fahrer | TruckOnline.de\",\"isPartOf\":{\"@id\":\"https:\\\/\\\/truckonline.de\\\/blog\\\/#website\"},\"primaryImageOfPage\":{\"@id\":\"https:\\\/\\\/truckonline.de\\\/blog\\\/2014\\\/11\\\/03\\\/pauschale-fur-polnische-fahrer\\\/#primaryimage\"},\"image\":{\"@id\":\"https:\\\/\\\/truckonline.de\\\/blog\\\/2014\\\/11\\\/03\\\/pauschale-fur-polnische-fahrer\\\/#primaryimage\"},\"thumbnailUrl\":\"https:\\\/\\\/truckonline.de\\\/blog\\\/wp-content\\\/uploads\\\/2014\\\/11\\\/polenivecoklein.jpg\",\"datePublished\":\"2014-11-03T12:14:46+00:00\",\"dateModified\":\"2014-11-03T12:31:19+00:00\",\"description\":\"Polnischen Lkw - Fahrern steht eine \u00dcbernachtungspauschale zu. Dieser Anspruch gilt r\u00fcckwirkend f\u00fcr die vergangenen drei Jahre. Das hat das oberste\",\"breadcrumb\":{\"@id\":\"https:\\\/\\\/truckonline.de\\\/blog\\\/2014\\\/11\\\/03\\\/pauschale-fur-polnische-fahrer\\\/#breadcrumb\"},\"inLanguage\":\"de\",\"potentialAction\":[{\"@type\":\"ReadAction\",\"target\":[\"https:\\\/\\\/truckonline.de\\\/blog\\\/2014\\\/11\\\/03\\\/pauschale-fur-polnische-fahrer\\\/\"]}]},{\"@type\":\"ImageObject\",\"inLanguage\":\"de\",\"@id\":\"https:\\\/\\\/truckonline.de\\\/blog\\\/2014\\\/11\\\/03\\\/pauschale-fur-polnische-fahrer\\\/#primaryimage\",\"url\":\"https:\\\/\\\/truckonline.de\\\/blog\\\/wp-content\\\/uploads\\\/2014\\\/11\\\/polenivecoklein.jpg\",\"contentUrl\":\"https:\\\/\\\/truckonline.de\\\/blog\\\/wp-content\\\/uploads\\\/2014\\\/11\\\/polenivecoklein.jpg\",\"width\":550,\"height\":413,\"caption\":\"Iveco Stralis\"},{\"@type\":\"BreadcrumbList\",\"@id\":\"https:\\\/\\\/truckonline.de\\\/blog\\\/2014\\\/11\\\/03\\\/pauschale-fur-polnische-fahrer\\\/#breadcrumb\",\"itemListElement\":[{\"@type\":\"ListItem\",\"position\":1,\"name\":\"Startseite\",\"item\":\"https:\\\/\\\/truckonline.de\\\/blog\\\/\"},{\"@type\":\"ListItem\",\"position\":2,\"name\":\"Pauschale f\u00fcr polnische Fahrer\"}]},{\"@type\":\"WebSite\",\"@id\":\"https:\\\/\\\/truckonline.de\\\/blog\\\/#website\",\"url\":\"https:\\\/\\\/truckonline.de\\\/blog\\\/\",\"name\":\"TruckOnline.de\",\"description\":\"\",\"publisher\":{\"@id\":\"https:\\\/\\\/truckonline.de\\\/blog\\\/#\\\/schema\\\/person\\\/4cb59b86ffde81f882f56439688fda19\"},\"potentialAction\":[{\"@type\":\"SearchAction\",\"target\":{\"@type\":\"EntryPoint\",\"urlTemplate\":\"https:\\\/\\\/truckonline.de\\\/blog\\\/?s={search_term_string}\"},\"query-input\":{\"@type\":\"PropertyValueSpecification\",\"valueRequired\":true,\"valueName\":\"search_term_string\"}}],\"inLanguage\":\"de\"},{\"@type\":[\"Person\",\"Organization\"],\"@id\":\"https:\\\/\\\/truckonline.de\\\/blog\\\/#\\\/schema\\\/person\\\/4cb59b86ffde81f882f56439688fda19\",\"name\":\"maik\",\"image\":{\"@type\":\"ImageObject\",\"inLanguage\":\"de\",\"@id\":\"https:\\\/\\\/truckonline.de\\\/blog\\\/wp-content\\\/uploads\\\/2019\\\/12\\\/logoinnenweiss.png\",\"url\":\"https:\\\/\\\/truckonline.de\\\/blog\\\/wp-content\\\/uploads\\\/2019\\\/12\\\/logoinnenweiss.png\",\"contentUrl\":\"https:\\\/\\\/truckonline.de\\\/blog\\\/wp-content\\\/uploads\\\/2019\\\/12\\\/logoinnenweiss.png\",\"width\":733,\"height\":125,\"caption\":\"maik\"},\"logo\":{\"@id\":\"https:\\\/\\\/truckonline.de\\\/blog\\\/wp-content\\\/uploads\\\/2019\\\/12\\\/logoinnenweiss.png\"},\"sameAs\":[\"https:\\\/\\\/www.facebook.com\\\/truckblog\",\"https:\\\/\\\/www.instagram.com\\\/truck_online\\\/\",\"https:\\\/\\\/x.com\\\/https:\\\/\\\/twitter.com\\\/truckblog\",\"https:\\\/\\\/www.youtube.com\\\/user\\\/truckonline\",\"https:\\\/\\\/www.tumblr.com\\\/truckonline\"]}]}<\/script>\n<!-- \/ Yoast SEO plugin. -->","yoast_head_json":{"title":"Pauschale f\u00fcr polnische Fahrer | TruckOnline.de","description":"Polnischen Lkw - Fahrern steht eine \u00dcbernachtungspauschale zu. Dieser Anspruch gilt r\u00fcckwirkend f\u00fcr die vergangenen drei Jahre. Das hat das oberste","robots":{"index":"index","follow":"follow","max-snippet":"max-snippet:-1","max-image-preview":"max-image-preview:large","max-video-preview":"max-video-preview:-1"},"canonical":"https:\/\/truckonline.de\/blog\/2014\/11\/03\/pauschale-fur-polnische-fahrer\/","og_locale":"de_DE","og_type":"article","og_title":"Pauschale f\u00fcr polnische Fahrer | TruckOnline.de","og_url":"https:\/\/truckonline.de\/blog\/2014\/11\/03\/pauschale-fur-polnische-fahrer\/","og_site_name":"TruckOnline.de","article_publisher":"https:\/\/www.facebook.com\/truckblog","article_author":"https:\/\/www.facebook.com\/truckblog","article_published_time":"2014-11-03T12:14:46+00:00","article_modified_time":"2014-11-03T12:31:19+00:00","og_image":[{"url":"https:\/\/truckonline.de\/blog\/wp-content\/uploads\/2014\/11\/polenivecoklein.jpg","type":"","width":"","height":""}],"author":"maik","twitter_card":"summary_large_image","twitter_creator":"@https:\/\/twitter.com\/truckblog","twitter_site":"@truckblog","twitter_misc":{"Verfasst von":"maik","Gesch\u00e4tzte Lesezeit":"1\u00a0Minute"},"schema":{"@context":"https:\/\/schema.org","@graph":[{"@type":"Article","@id":"https:\/\/truckonline.de\/blog\/2014\/11\/03\/pauschale-fur-polnische-fahrer\/#article","isPartOf":{"@id":"https:\/\/truckonline.de\/blog\/2014\/11\/03\/pauschale-fur-polnische-fahrer\/"},"author":{"name":"maik","@id":"https:\/\/truckonline.de\/blog\/#\/schema\/person\/4cb59b86ffde81f882f56439688fda19"},"headline":"Pauschale f\u00fcr polnische Fahrer","datePublished":"2014-11-03T12:14:46+00:00","dateModified":"2014-11-03T12:31:19+00:00","mainEntityOfPage":{"@id":"https:\/\/truckonline.de\/blog\/2014\/11\/03\/pauschale-fur-polnische-fahrer\/"},"wordCount":203,"commentCount":16,"publisher":{"@id":"https:\/\/truckonline.de\/blog\/#\/schema\/person\/4cb59b86ffde81f882f56439688fda19"},"image":{"@id":"https:\/\/truckonline.de\/blog\/2014\/11\/03\/pauschale-fur-polnische-fahrer\/#primaryimage"},"thumbnailUrl":"https:\/\/truckonline.de\/blog\/wp-content\/uploads\/2014\/11\/polenivecoklein.jpg","keywords":["Lkw","\u00dcbernachtung"],"articleSection":["Allgemeines","Unterwegs"],"inLanguage":"de","potentialAction":[{"@type":"CommentAction","name":"Comment","target":["https:\/\/truckonline.de\/blog\/2014\/11\/03\/pauschale-fur-polnische-fahrer\/#respond"]}]},{"@type":"WebPage","@id":"https:\/\/truckonline.de\/blog\/2014\/11\/03\/pauschale-fur-polnische-fahrer\/","url":"https:\/\/truckonline.de\/blog\/2014\/11\/03\/pauschale-fur-polnische-fahrer\/","name":"Pauschale f\u00fcr polnische Fahrer | TruckOnline.de","isPartOf":{"@id":"https:\/\/truckonline.de\/blog\/#website"},"primaryImageOfPage":{"@id":"https:\/\/truckonline.de\/blog\/2014\/11\/03\/pauschale-fur-polnische-fahrer\/#primaryimage"},"image":{"@id":"https:\/\/truckonline.de\/blog\/2014\/11\/03\/pauschale-fur-polnische-fahrer\/#primaryimage"},"thumbnailUrl":"https:\/\/truckonline.de\/blog\/wp-content\/uploads\/2014\/11\/polenivecoklein.jpg","datePublished":"2014-11-03T12:14:46+00:00","dateModified":"2014-11-03T12:31:19+00:00","description":"Polnischen Lkw - Fahrern steht eine \u00dcbernachtungspauschale zu. Dieser Anspruch gilt r\u00fcckwirkend f\u00fcr die vergangenen drei Jahre. Das hat das oberste","breadcrumb":{"@id":"https:\/\/truckonline.de\/blog\/2014\/11\/03\/pauschale-fur-polnische-fahrer\/#breadcrumb"},"inLanguage":"de","potentialAction":[{"@type":"ReadAction","target":["https:\/\/truckonline.de\/blog\/2014\/11\/03\/pauschale-fur-polnische-fahrer\/"]}]},{"@type":"ImageObject","inLanguage":"de","@id":"https:\/\/truckonline.de\/blog\/2014\/11\/03\/pauschale-fur-polnische-fahrer\/#primaryimage","url":"https:\/\/truckonline.de\/blog\/wp-content\/uploads\/2014\/11\/polenivecoklein.jpg","contentUrl":"https:\/\/truckonline.de\/blog\/wp-content\/uploads\/2014\/11\/polenivecoklein.jpg","width":550,"height":413,"caption":"Iveco Stralis"},{"@type":"BreadcrumbList","@id":"https:\/\/truckonline.de\/blog\/2014\/11\/03\/pauschale-fur-polnische-fahrer\/#breadcrumb","itemListElement":[{"@type":"ListItem","position":1,"name":"Startseite","item":"https:\/\/truckonline.de\/blog\/"},{"@type":"ListItem","position":2,"name":"Pauschale f\u00fcr polnische Fahrer"}]},{"@type":"WebSite","@id":"https:\/\/truckonline.de\/blog\/#website","url":"https:\/\/truckonline.de\/blog\/","name":"TruckOnline.de","description":"","publisher":{"@id":"https:\/\/truckonline.de\/blog\/#\/schema\/person\/4cb59b86ffde81f882f56439688fda19"},"potentialAction":[{"@type":"SearchAction","target":{"@type":"EntryPoint","urlTemplate":"https:\/\/truckonline.de\/blog\/?s={search_term_string}"},"query-input":{"@type":"PropertyValueSpecification","valueRequired":true,"valueName":"search_term_string"}}],"inLanguage":"de"},{"@type":["Person","Organization"],"@id":"https:\/\/truckonline.de\/blog\/#\/schema\/person\/4cb59b86ffde81f882f56439688fda19","name":"maik","image":{"@type":"ImageObject","inLanguage":"de","@id":"https:\/\/truckonline.de\/blog\/wp-content\/uploads\/2019\/12\/logoinnenweiss.png","url":"https:\/\/truckonline.de\/blog\/wp-content\/uploads\/2019\/12\/logoinnenweiss.png","contentUrl":"https:\/\/truckonline.de\/blog\/wp-content\/uploads\/2019\/12\/logoinnenweiss.png","width":733,"height":125,"caption":"maik"},"logo":{"@id":"https:\/\/truckonline.de\/blog\/wp-content\/uploads\/2019\/12\/logoinnenweiss.png"},"sameAs":["https:\/\/www.facebook.com\/truckblog","https:\/\/www.instagram.com\/truck_online\/","https:\/\/x.com\/https:\/\/twitter.com\/truckblog","https:\/\/www.youtube.com\/user\/truckonline","https:\/\/www.tumblr.com\/truckonline"]}]}},"_links":{"self":[{"href":"https:\/\/truckonline.de\/blog\/wp-json\/wp\/v2\/posts\/5313","targetHints":{"allow":["GET"]}}],"collection":[{"href":"https:\/\/truckonline.de\/blog\/wp-json\/wp\/v2\/posts"}],"about":[{"href":"https:\/\/truckonline.de\/blog\/wp-json\/wp\/v2\/types\/post"}],"author":[{"embeddable":true,"href":"https:\/\/truckonline.de\/blog\/wp-json\/wp\/v2\/users\/3"}],"replies":[{"embeddable":true,"href":"https:\/\/truckonline.de\/blog\/wp-json\/wp\/v2\/comments?post=5313"}],"version-history":[{"count":3,"href":"https:\/\/truckonline.de\/blog\/wp-json\/wp\/v2\/posts\/5313\/revisions"}],"predecessor-version":[{"id":5317,"href":"https:\/\/truckonline.de\/blog\/wp-json\/wp\/v2\/posts\/5313\/revisions\/5317"}],"wp:attachment":[{"href":"https:\/\/truckonline.de\/blog\/wp-json\/wp\/v2\/media?parent=5313"}],"wp:term":[{"taxonomy":"category","embeddable":true,"href":"https:\/\/truckonline.de\/blog\/wp-json\/wp\/v2\/categories?post=5313"},{"taxonomy":"post_tag","embeddable":true,"href":"https:\/\/truckonline.de\/blog\/wp-json\/wp\/v2\/tags?post=5313"}],"curies":[{"name":"wp","href":"https:\/\/api.w.org\/{rel}","templated":true}]}}