{"id":5296,"date":"2014-10-31T19:06:25","date_gmt":"2014-10-31T18:06:25","guid":{"rendered":"https:\/\/truckonline.de\/blog\/?p=5296"},"modified":"2014-10-31T19:06:25","modified_gmt":"2014-10-31T18:06:25","slug":"regelmasige-wochentliche-ruhezeit","status":"publish","type":"post","link":"https:\/\/truckonline.de\/blog\/2014\/10\/31\/regelmasige-wochentliche-ruhezeit\/","title":{"rendered":"Regelm\u00e4\u00dfige w\u00f6chentliche Ruhezeit"},"content":{"rendered":"<p>Die L\u00e4nder Frankreich und Belgien haben entschieden, dass Lkw-Fahrer ihre regelm\u00e4\u00dfige w\u00f6chentliche Ruhezeit nicht mehr in der Kabine verbringen d\u00fcrfen. In Deutschland ist die Politik noch nicht soweit. Das soll sich \u00e4ndern. Der Ausschuss f\u00fcr Arbeit und Sozialpolitik hat eine entsprechende Empfehlung vorgelegt. <\/p>\n<p>Weiter (externer Link) <a href=\"https:\/\/www.eurotransport.de\/news\/woechentliche-ruhezeit-politik-fordert-pausenregelung-6579886.html\" target=\"_blank\">>>><\/a><\/p>\n","protected":false},"excerpt":{"rendered":"<p>Die L\u00e4nder Frankreich und Belgien haben entschieden, dass Lkw-Fahrer ihre regelm\u00e4\u00dfige w\u00f6chentliche Ruhezeit nicht mehr in der Kabine verbringen d\u00fcrfen. In Deutschland ist die Politik&#8230;<\/p>\n<div class=\"more-link-wrapper\"><a class=\"more-link\" href=\"https:\/\/truckonline.de\/blog\/2014\/10\/31\/regelmasige-wochentliche-ruhezeit\/\">Sie haben Ihr Ziel fast erreicht.<span class=\"screen-reader-text\">Regelm\u00e4\u00dfige w\u00f6chentliche Ruhezeit<\/span><\/a><\/div>\n","protected":false},"author":3,"featured_media":0,"comment_status":"open","ping_status":"open","sticky":false,"template":"","format":"standard","meta":{"iawp_total_views":1,"_metis_text_type":"","_metis_text_length":0,"_post_count":0,"footnotes":""},"categories":[11,17],"tags":[39,1816],"class_list":["post-5296","post","type-post","status-publish","format-standard","hentry","category-lkw","category-raststatten","tag-politik","tag-ruhezeit","ratio-2-1","entry"],"yoast_head":"<!-- This site is optimized with the Yoast SEO plugin v27.5 - https:\/\/yoast.com\/product\/yoast-seo-wordpress\/ -->\n<title>Regelm\u00e4\u00dfige w\u00f6chentliche Ruhezeit | TruckOnline.de<\/title>\n<meta name=\"description\" content=\"Die L\u00e4nder Frankreich und Belgien haben entschieden, dass Lkw-Fahrer ihre regelm\u00e4\u00dfige w\u00f6chentliche Ruhezeit nicht mehr in der Kabine verbringen d\u00fcrfen. In\" \/>\n<meta name=\"robots\" content=\"index, follow, max-snippet:-1, max-image-preview:large, max-video-preview:-1\" \/>\n<link rel=\"canonical\" href=\"https:\/\/truckonline.de\/blog\/2014\/10\/31\/regelmasige-wochentliche-ruhezeit\/\" \/>\n<meta property=\"og:locale\" content=\"de_DE\" \/>\n<meta property=\"og:type\" content=\"article\" \/>\n<meta property=\"og:title\" content=\"Regelm\u00e4\u00dfige w\u00f6chentliche Ruhezeit | TruckOnline.de\" \/>\n<meta property=\"og:url\" content=\"https:\/\/truckonline.de\/blog\/2014\/10\/31\/regelmasige-wochentliche-ruhezeit\/\" \/>\n<meta property=\"og:site_name\" content=\"TruckOnline.de\" \/>\n<meta property=\"article:publisher\" content=\"https:\/\/www.facebook.com\/truckblog\" \/>\n<meta property=\"article:author\" content=\"https:\/\/www.facebook.com\/truckblog\" \/>\n<meta property=\"article:published_time\" content=\"2014-10-31T18:06:25+00:00\" \/>\n<meta property=\"og:image\" content=\"https:\/\/truckonline.de\/blog\/wp-content\/uploads\/2019\/12\/IMG_20191229_225424-scaled.jpg\" \/>\n\t<meta property=\"og:image:width\" content=\"2560\" \/>\n\t<meta property=\"og:image:height\" content=\"1920\" \/>\n\t<meta property=\"og:image:type\" content=\"image\/jpeg\" \/>\n<meta name=\"author\" content=\"maik\" \/>\n<meta name=\"twitter:card\" content=\"summary_large_image\" \/>\n<meta name=\"twitter:creator\" content=\"@https:\/\/twitter.com\/truckblog\" \/>\n<meta name=\"twitter:site\" content=\"@truckblog\" \/>\n<meta name=\"twitter:label1\" content=\"Verfasst von\" \/>\n\t<meta name=\"twitter:data1\" content=\"maik\" \/>\n<script type=\"application\/ld+json\" class=\"yoast-schema-graph\">{\"@context\":\"https:\\\/\\\/schema.org\",\"@graph\":[{\"@type\":\"Article\",\"@id\":\"https:\\\/\\\/truckonline.de\\\/blog\\\/2014\\\/10\\\/31\\\/regelmasige-wochentliche-ruhezeit\\\/#article\",\"isPartOf\":{\"@id\":\"https:\\\/\\\/truckonline.de\\\/blog\\\/2014\\\/10\\\/31\\\/regelmasige-wochentliche-ruhezeit\\\/\"},\"author\":{\"name\":\"maik\",\"@id\":\"https:\\\/\\\/truckonline.de\\\/blog\\\/#\\\/schema\\\/person\\\/4cb59b86ffde81f882f56439688fda19\"},\"headline\":\"Regelm\u00e4\u00dfige w\u00f6chentliche Ruhezeit\",\"datePublished\":\"2014-10-31T18:06:25+00:00\",\"mainEntityOfPage\":{\"@id\":\"https:\\\/\\\/truckonline.de\\\/blog\\\/2014\\\/10\\\/31\\\/regelmasige-wochentliche-ruhezeit\\\/\"},\"wordCount\":56,\"commentCount\":1,\"publisher\":{\"@id\":\"https:\\\/\\\/truckonline.de\\\/blog\\\/#\\\/schema\\\/person\\\/4cb59b86ffde81f882f56439688fda19\"},\"keywords\":[\"Politik\",\"Ruhezeit\"],\"articleSection\":[\"Lkw\",\"Rastst\u00e4tten\"],\"inLanguage\":\"de\",\"potentialAction\":[{\"@type\":\"CommentAction\",\"name\":\"Comment\",\"target\":[\"https:\\\/\\\/truckonline.de\\\/blog\\\/2014\\\/10\\\/31\\\/regelmasige-wochentliche-ruhezeit\\\/#respond\"]}]},{\"@type\":\"WebPage\",\"@id\":\"https:\\\/\\\/truckonline.de\\\/blog\\\/2014\\\/10\\\/31\\\/regelmasige-wochentliche-ruhezeit\\\/\",\"url\":\"https:\\\/\\\/truckonline.de\\\/blog\\\/2014\\\/10\\\/31\\\/regelmasige-wochentliche-ruhezeit\\\/\",\"name\":\"Regelm\u00e4\u00dfige w\u00f6chentliche Ruhezeit | TruckOnline.de\",\"isPartOf\":{\"@id\":\"https:\\\/\\\/truckonline.de\\\/blog\\\/#website\"},\"datePublished\":\"2014-10-31T18:06:25+00:00\",\"description\":\"Die L\u00e4nder Frankreich und Belgien haben entschieden, dass Lkw-Fahrer ihre regelm\u00e4\u00dfige w\u00f6chentliche Ruhezeit nicht mehr in der Kabine verbringen d\u00fcrfen. In\",\"breadcrumb\":{\"@id\":\"https:\\\/\\\/truckonline.de\\\/blog\\\/2014\\\/10\\\/31\\\/regelmasige-wochentliche-ruhezeit\\\/#breadcrumb\"},\"inLanguage\":\"de\",\"potentialAction\":[{\"@type\":\"ReadAction\",\"target\":[\"https:\\\/\\\/truckonline.de\\\/blog\\\/2014\\\/10\\\/31\\\/regelmasige-wochentliche-ruhezeit\\\/\"]}]},{\"@type\":\"BreadcrumbList\",\"@id\":\"https:\\\/\\\/truckonline.de\\\/blog\\\/2014\\\/10\\\/31\\\/regelmasige-wochentliche-ruhezeit\\\/#breadcrumb\",\"itemListElement\":[{\"@type\":\"ListItem\",\"position\":1,\"name\":\"Startseite\",\"item\":\"https:\\\/\\\/truckonline.de\\\/blog\\\/\"},{\"@type\":\"ListItem\",\"position\":2,\"name\":\"Regelm\u00e4\u00dfige w\u00f6chentliche Ruhezeit\"}]},{\"@type\":\"WebSite\",\"@id\":\"https:\\\/\\\/truckonline.de\\\/blog\\\/#website\",\"url\":\"https:\\\/\\\/truckonline.de\\\/blog\\\/\",\"name\":\"TruckOnline.de\",\"description\":\"\",\"publisher\":{\"@id\":\"https:\\\/\\\/truckonline.de\\\/blog\\\/#\\\/schema\\\/person\\\/4cb59b86ffde81f882f56439688fda19\"},\"potentialAction\":[{\"@type\":\"SearchAction\",\"target\":{\"@type\":\"EntryPoint\",\"urlTemplate\":\"https:\\\/\\\/truckonline.de\\\/blog\\\/?s={search_term_string}\"},\"query-input\":{\"@type\":\"PropertyValueSpecification\",\"valueRequired\":true,\"valueName\":\"search_term_string\"}}],\"inLanguage\":\"de\"},{\"@type\":[\"Person\",\"Organization\"],\"@id\":\"https:\\\/\\\/truckonline.de\\\/blog\\\/#\\\/schema\\\/person\\\/4cb59b86ffde81f882f56439688fda19\",\"name\":\"maik\",\"image\":{\"@type\":\"ImageObject\",\"inLanguage\":\"de\",\"@id\":\"https:\\\/\\\/truckonline.de\\\/blog\\\/wp-content\\\/uploads\\\/2019\\\/12\\\/logoinnenweiss.png\",\"url\":\"https:\\\/\\\/truckonline.de\\\/blog\\\/wp-content\\\/uploads\\\/2019\\\/12\\\/logoinnenweiss.png\",\"contentUrl\":\"https:\\\/\\\/truckonline.de\\\/blog\\\/wp-content\\\/uploads\\\/2019\\\/12\\\/logoinnenweiss.png\",\"width\":733,\"height\":125,\"caption\":\"maik\"},\"logo\":{\"@id\":\"https:\\\/\\\/truckonline.de\\\/blog\\\/wp-content\\\/uploads\\\/2019\\\/12\\\/logoinnenweiss.png\"},\"sameAs\":[\"https:\\\/\\\/www.facebook.com\\\/truckblog\",\"https:\\\/\\\/www.instagram.com\\\/truck_online\\\/\",\"https:\\\/\\\/x.com\\\/https:\\\/\\\/twitter.com\\\/truckblog\",\"https:\\\/\\\/www.youtube.com\\\/user\\\/truckonline\",\"https:\\\/\\\/www.tumblr.com\\\/truckonline\"]}]}<\/script>\n<!-- \/ Yoast SEO plugin. -->","yoast_head_json":{"title":"Regelm\u00e4\u00dfige w\u00f6chentliche Ruhezeit | TruckOnline.de","description":"Die L\u00e4nder Frankreich und Belgien haben entschieden, dass Lkw-Fahrer ihre regelm\u00e4\u00dfige w\u00f6chentliche Ruhezeit nicht mehr in der Kabine verbringen d\u00fcrfen. In","robots":{"index":"index","follow":"follow","max-snippet":"max-snippet:-1","max-image-preview":"max-image-preview:large","max-video-preview":"max-video-preview:-1"},"canonical":"https:\/\/truckonline.de\/blog\/2014\/10\/31\/regelmasige-wochentliche-ruhezeit\/","og_locale":"de_DE","og_type":"article","og_title":"Regelm\u00e4\u00dfige w\u00f6chentliche Ruhezeit | TruckOnline.de","og_url":"https:\/\/truckonline.de\/blog\/2014\/10\/31\/regelmasige-wochentliche-ruhezeit\/","og_site_name":"TruckOnline.de","article_publisher":"https:\/\/www.facebook.com\/truckblog","article_author":"https:\/\/www.facebook.com\/truckblog","article_published_time":"2014-10-31T18:06:25+00:00","og_image":[{"width":2560,"height":1920,"url":"https:\/\/truckonline.de\/blog\/wp-content\/uploads\/2019\/12\/IMG_20191229_225424-scaled.jpg","type":"image\/jpeg"}],"author":"maik","twitter_card":"summary_large_image","twitter_creator":"@https:\/\/twitter.com\/truckblog","twitter_site":"@truckblog","twitter_misc":{"Verfasst von":"maik"},"schema":{"@context":"https:\/\/schema.org","@graph":[{"@type":"Article","@id":"https:\/\/truckonline.de\/blog\/2014\/10\/31\/regelmasige-wochentliche-ruhezeit\/#article","isPartOf":{"@id":"https:\/\/truckonline.de\/blog\/2014\/10\/31\/regelmasige-wochentliche-ruhezeit\/"},"author":{"name":"maik","@id":"https:\/\/truckonline.de\/blog\/#\/schema\/person\/4cb59b86ffde81f882f56439688fda19"},"headline":"Regelm\u00e4\u00dfige w\u00f6chentliche Ruhezeit","datePublished":"2014-10-31T18:06:25+00:00","mainEntityOfPage":{"@id":"https:\/\/truckonline.de\/blog\/2014\/10\/31\/regelmasige-wochentliche-ruhezeit\/"},"wordCount":56,"commentCount":1,"publisher":{"@id":"https:\/\/truckonline.de\/blog\/#\/schema\/person\/4cb59b86ffde81f882f56439688fda19"},"keywords":["Politik","Ruhezeit"],"articleSection":["Lkw","Rastst\u00e4tten"],"inLanguage":"de","potentialAction":[{"@type":"CommentAction","name":"Comment","target":["https:\/\/truckonline.de\/blog\/2014\/10\/31\/regelmasige-wochentliche-ruhezeit\/#respond"]}]},{"@type":"WebPage","@id":"https:\/\/truckonline.de\/blog\/2014\/10\/31\/regelmasige-wochentliche-ruhezeit\/","url":"https:\/\/truckonline.de\/blog\/2014\/10\/31\/regelmasige-wochentliche-ruhezeit\/","name":"Regelm\u00e4\u00dfige w\u00f6chentliche Ruhezeit | TruckOnline.de","isPartOf":{"@id":"https:\/\/truckonline.de\/blog\/#website"},"datePublished":"2014-10-31T18:06:25+00:00","description":"Die L\u00e4nder Frankreich und Belgien haben entschieden, dass Lkw-Fahrer ihre regelm\u00e4\u00dfige w\u00f6chentliche Ruhezeit nicht mehr in der Kabine verbringen d\u00fcrfen. In","breadcrumb":{"@id":"https:\/\/truckonline.de\/blog\/2014\/10\/31\/regelmasige-wochentliche-ruhezeit\/#breadcrumb"},"inLanguage":"de","potentialAction":[{"@type":"ReadAction","target":["https:\/\/truckonline.de\/blog\/2014\/10\/31\/regelmasige-wochentliche-ruhezeit\/"]}]},{"@type":"BreadcrumbList","@id":"https:\/\/truckonline.de\/blog\/2014\/10\/31\/regelmasige-wochentliche-ruhezeit\/#breadcrumb","itemListElement":[{"@type":"ListItem","position":1,"name":"Startseite","item":"https:\/\/truckonline.de\/blog\/"},{"@type":"ListItem","position":2,"name":"Regelm\u00e4\u00dfige w\u00f6chentliche Ruhezeit"}]},{"@type":"WebSite","@id":"https:\/\/truckonline.de\/blog\/#website","url":"https:\/\/truckonline.de\/blog\/","name":"TruckOnline.de","description":"","publisher":{"@id":"https:\/\/truckonline.de\/blog\/#\/schema\/person\/4cb59b86ffde81f882f56439688fda19"},"potentialAction":[{"@type":"SearchAction","target":{"@type":"EntryPoint","urlTemplate":"https:\/\/truckonline.de\/blog\/?s={search_term_string}"},"query-input":{"@type":"PropertyValueSpecification","valueRequired":true,"valueName":"search_term_string"}}],"inLanguage":"de"},{"@type":["Person","Organization"],"@id":"https:\/\/truckonline.de\/blog\/#\/schema\/person\/4cb59b86ffde81f882f56439688fda19","name":"maik","image":{"@type":"ImageObject","inLanguage":"de","@id":"https:\/\/truckonline.de\/blog\/wp-content\/uploads\/2019\/12\/logoinnenweiss.png","url":"https:\/\/truckonline.de\/blog\/wp-content\/uploads\/2019\/12\/logoinnenweiss.png","contentUrl":"https:\/\/truckonline.de\/blog\/wp-content\/uploads\/2019\/12\/logoinnenweiss.png","width":733,"height":125,"caption":"maik"},"logo":{"@id":"https:\/\/truckonline.de\/blog\/wp-content\/uploads\/2019\/12\/logoinnenweiss.png"},"sameAs":["https:\/\/www.facebook.com\/truckblog","https:\/\/www.instagram.com\/truck_online\/","https:\/\/x.com\/https:\/\/twitter.com\/truckblog","https:\/\/www.youtube.com\/user\/truckonline","https:\/\/www.tumblr.com\/truckonline"]}]}},"_links":{"self":[{"href":"https:\/\/truckonline.de\/blog\/wp-json\/wp\/v2\/posts\/5296","targetHints":{"allow":["GET"]}}],"collection":[{"href":"https:\/\/truckonline.de\/blog\/wp-json\/wp\/v2\/posts"}],"about":[{"href":"https:\/\/truckonline.de\/blog\/wp-json\/wp\/v2\/types\/post"}],"author":[{"embeddable":true,"href":"https:\/\/truckonline.de\/blog\/wp-json\/wp\/v2\/users\/3"}],"replies":[{"embeddable":true,"href":"https:\/\/truckonline.de\/blog\/wp-json\/wp\/v2\/comments?post=5296"}],"version-history":[{"count":1,"href":"https:\/\/truckonline.de\/blog\/wp-json\/wp\/v2\/posts\/5296\/revisions"}],"predecessor-version":[{"id":5297,"href":"https:\/\/truckonline.de\/blog\/wp-json\/wp\/v2\/posts\/5296\/revisions\/5297"}],"wp:attachment":[{"href":"https:\/\/truckonline.de\/blog\/wp-json\/wp\/v2\/media?parent=5296"}],"wp:term":[{"taxonomy":"category","embeddable":true,"href":"https:\/\/truckonline.de\/blog\/wp-json\/wp\/v2\/categories?post=5296"},{"taxonomy":"post_tag","embeddable":true,"href":"https:\/\/truckonline.de\/blog\/wp-json\/wp\/v2\/tags?post=5296"}],"curies":[{"name":"wp","href":"https:\/\/api.w.org\/{rel}","templated":true}]}}