{"id":505,"date":"2008-12-23T20:49:17","date_gmt":"2008-12-23T19:49:17","guid":{"rendered":"https:\/\/truckonline.de\/blog\/?p=505"},"modified":"2008-12-24T01:29:50","modified_gmt":"2008-12-24T00:29:50","slug":"mal-was-internes-2","status":"publish","type":"post","link":"https:\/\/truckonline.de\/blog\/2008\/12\/23\/mal-was-internes-2\/","title":{"rendered":"Mal was internes"},"content":{"rendered":"<p>Das Jahr geht so langsam seinem Ende entgegen, es stirbt sozusagen \ud83d\ude42<br \/>\nZeit f\u00fcr einen kleinen R\u00fcckblick, um einige Suchw\u00f6rter zu ver\u00f6ffentlichen, mit denen Besucher auf dieses Blog kamen.<\/p>\n<p>Auf den ersten Pl\u00e4tzen liegen die Begriffe &#8222;Spesen&#8220; (wen wundert es \ud83d\ude42 ), &#8222;Fahr b.z.w. Lenk- und Ruhezeiten&#8220;, &#8222;Truckertreffen&#8220;, &#8222;Fahrverbote&#8220; &#8222;Lkw &#8211; Bilder&#8220; und &#8222;truckonline.de&#8220;.<\/p>\n<p>Es gibt aber auch &#8222;die etwas anderen&#8220; Eingaben, hier einige Beispiele:<\/p>\n<blockquote><p> trucker fi**en &#8211;> Ja, ich weis, ich bin halt unwiderstehlich!<\/p>\n<p>bum*te sie von hinten &#8211;> Hatte er etwa einen Verkehrsunfall?<\/p>\n<p>35 cm Sch**nz &#8211;> \u00c4h, habe ich das etwa mal im Blog erw\u00e4hnt?<\/p>\n<p>gesundheitliche Beschwerden &#8211;> Das Alter macht vor keinem halt&#8230;<\/p>\n<p>Langenweddingen Dorfkirche &#8211;> Ich habe selber mal &#8222;gegoogelt&#8220;: Sonnt\u00e4glicher Gottesdienst 8.30 Uhr.<\/p>\n<p>Sorgentelefon &#8211;> Ich melde besser meinen Telefonanschlu\u00df ab.<\/p>\n<p>Zunge Hamburg Lecken &#8211;> Boah, jetzt wird es eklig.<\/p><\/blockquote>\n<p>Der lustigste Suchbegriff kommt nat\u00fcrlich zum Schlu\u00df: Gewerkschaft f\u00fcr Lkw &#8211; Fahrer \ud83d\ude42<\/p>\n","protected":false},"excerpt":{"rendered":"<p>Das Jahr geht so langsam seinem Ende entgegen, es stirbt sozusagen \ud83d\ude42 Zeit f\u00fcr einen kleinen R\u00fcckblick, um einige Suchw\u00f6rter zu ver\u00f6ffentlichen, mit denen Besucher&#8230;<\/p>\n<div class=\"more-link-wrapper\"><a class=\"more-link\" href=\"https:\/\/truckonline.de\/blog\/2008\/12\/23\/mal-was-internes-2\/\">Sie haben Ihr Ziel fast erreicht.<span class=\"screen-reader-text\">Mal was internes<\/span><\/a><\/div>\n","protected":false},"author":3,"featured_media":0,"comment_status":"open","ping_status":"open","sticky":false,"template":"","format":"standard","meta":{"iawp_total_views":1,"_metis_text_type":"","_metis_text_length":0,"_post_count":0,"footnotes":""},"categories":[3],"tags":[90,827,826],"class_list":["post-505","post","type-post","status-publish","format-standard","hentry","category-internes","tag-google","tag-jahr","tag-suchbegriffe","ratio-2-1","entry"],"yoast_head":"<!-- This site is optimized with the Yoast SEO plugin v27.4 - https:\/\/yoast.com\/product\/yoast-seo-wordpress\/ -->\n<title>Mal was internes | TruckOnline.de<\/title>\n<meta name=\"description\" content=\"Das Jahr geht so langsam seinem Ende entgegen, es stirbt sozusagen :-) Zeit f\u00fcr einen kleinen R\u00fcckblick, um einige Suchw\u00f6rter zu ver\u00f6ffentlichen, mit\" \/>\n<meta name=\"robots\" content=\"index, follow, max-snippet:-1, max-image-preview:large, max-video-preview:-1\" \/>\n<link rel=\"canonical\" href=\"https:\/\/truckonline.de\/blog\/2008\/12\/23\/mal-was-internes-2\/\" \/>\n<meta property=\"og:locale\" content=\"de_DE\" \/>\n<meta property=\"og:type\" content=\"article\" \/>\n<meta property=\"og:title\" content=\"Mal was internes | TruckOnline.de\" \/>\n<meta property=\"og:url\" content=\"https:\/\/truckonline.de\/blog\/2008\/12\/23\/mal-was-internes-2\/\" \/>\n<meta property=\"og:site_name\" content=\"TruckOnline.de\" \/>\n<meta property=\"article:publisher\" content=\"https:\/\/www.facebook.com\/truckblog\" \/>\n<meta property=\"article:author\" content=\"https:\/\/www.facebook.com\/truckblog\" \/>\n<meta property=\"article:published_time\" content=\"2008-12-23T19:49:17+00:00\" \/>\n<meta property=\"article:modified_time\" content=\"2008-12-24T00:29:50+00:00\" \/>\n<meta property=\"og:image\" content=\"https:\/\/truckonline.de\/blog\/wp-content\/uploads\/2019\/12\/IMG_20191229_225424-scaled.jpg\" \/>\n\t<meta property=\"og:image:width\" content=\"2560\" \/>\n\t<meta property=\"og:image:height\" content=\"1920\" \/>\n\t<meta property=\"og:image:type\" content=\"image\/jpeg\" \/>\n<meta name=\"author\" content=\"maik\" \/>\n<meta name=\"twitter:card\" content=\"summary_large_image\" \/>\n<meta name=\"twitter:creator\" content=\"@https:\/\/twitter.com\/truckblog\" \/>\n<meta name=\"twitter:site\" content=\"@truckblog\" \/>\n<meta name=\"twitter:label1\" content=\"Verfasst von\" \/>\n\t<meta name=\"twitter:data1\" content=\"maik\" \/>\n\t<meta name=\"twitter:label2\" content=\"Gesch\u00e4tzte Lesezeit\" \/>\n\t<meta name=\"twitter:data2\" content=\"1\u00a0Minute\" \/>\n<script type=\"application\/ld+json\" class=\"yoast-schema-graph\">{\"@context\":\"https:\\\/\\\/schema.org\",\"@graph\":[{\"@type\":\"Article\",\"@id\":\"https:\\\/\\\/truckonline.de\\\/blog\\\/2008\\\/12\\\/23\\\/mal-was-internes-2\\\/#article\",\"isPartOf\":{\"@id\":\"https:\\\/\\\/truckonline.de\\\/blog\\\/2008\\\/12\\\/23\\\/mal-was-internes-2\\\/\"},\"author\":{\"name\":\"maik\",\"@id\":\"https:\\\/\\\/truckonline.de\\\/blog\\\/#\\\/schema\\\/person\\\/4cb59b86ffde81f882f56439688fda19\"},\"headline\":\"Mal was internes\",\"datePublished\":\"2008-12-23T19:49:17+00:00\",\"dateModified\":\"2008-12-24T00:29:50+00:00\",\"mainEntityOfPage\":{\"@id\":\"https:\\\/\\\/truckonline.de\\\/blog\\\/2008\\\/12\\\/23\\\/mal-was-internes-2\\\/\"},\"wordCount\":164,\"commentCount\":1,\"publisher\":{\"@id\":\"https:\\\/\\\/truckonline.de\\\/blog\\\/#\\\/schema\\\/person\\\/4cb59b86ffde81f882f56439688fda19\"},\"keywords\":[\"Google\",\"Jahr\",\"Suchbegriffe\"],\"articleSection\":[\"Internes\"],\"inLanguage\":\"de\",\"potentialAction\":[{\"@type\":\"CommentAction\",\"name\":\"Comment\",\"target\":[\"https:\\\/\\\/truckonline.de\\\/blog\\\/2008\\\/12\\\/23\\\/mal-was-internes-2\\\/#respond\"]}]},{\"@type\":\"WebPage\",\"@id\":\"https:\\\/\\\/truckonline.de\\\/blog\\\/2008\\\/12\\\/23\\\/mal-was-internes-2\\\/\",\"url\":\"https:\\\/\\\/truckonline.de\\\/blog\\\/2008\\\/12\\\/23\\\/mal-was-internes-2\\\/\",\"name\":\"Mal was internes | TruckOnline.de\",\"isPartOf\":{\"@id\":\"https:\\\/\\\/truckonline.de\\\/blog\\\/#website\"},\"datePublished\":\"2008-12-23T19:49:17+00:00\",\"dateModified\":\"2008-12-24T00:29:50+00:00\",\"description\":\"Das Jahr geht so langsam seinem Ende entgegen, es stirbt sozusagen :-) Zeit f\u00fcr einen kleinen R\u00fcckblick, um einige Suchw\u00f6rter zu ver\u00f6ffentlichen, mit\",\"breadcrumb\":{\"@id\":\"https:\\\/\\\/truckonline.de\\\/blog\\\/2008\\\/12\\\/23\\\/mal-was-internes-2\\\/#breadcrumb\"},\"inLanguage\":\"de\",\"potentialAction\":[{\"@type\":\"ReadAction\",\"target\":[\"https:\\\/\\\/truckonline.de\\\/blog\\\/2008\\\/12\\\/23\\\/mal-was-internes-2\\\/\"]}]},{\"@type\":\"BreadcrumbList\",\"@id\":\"https:\\\/\\\/truckonline.de\\\/blog\\\/2008\\\/12\\\/23\\\/mal-was-internes-2\\\/#breadcrumb\",\"itemListElement\":[{\"@type\":\"ListItem\",\"position\":1,\"name\":\"Startseite\",\"item\":\"https:\\\/\\\/truckonline.de\\\/blog\\\/\"},{\"@type\":\"ListItem\",\"position\":2,\"name\":\"Mal was internes\"}]},{\"@type\":\"WebSite\",\"@id\":\"https:\\\/\\\/truckonline.de\\\/blog\\\/#website\",\"url\":\"https:\\\/\\\/truckonline.de\\\/blog\\\/\",\"name\":\"TruckOnline.de\",\"description\":\"\",\"publisher\":{\"@id\":\"https:\\\/\\\/truckonline.de\\\/blog\\\/#\\\/schema\\\/person\\\/4cb59b86ffde81f882f56439688fda19\"},\"potentialAction\":[{\"@type\":\"SearchAction\",\"target\":{\"@type\":\"EntryPoint\",\"urlTemplate\":\"https:\\\/\\\/truckonline.de\\\/blog\\\/?s={search_term_string}\"},\"query-input\":{\"@type\":\"PropertyValueSpecification\",\"valueRequired\":true,\"valueName\":\"search_term_string\"}}],\"inLanguage\":\"de\"},{\"@type\":[\"Person\",\"Organization\"],\"@id\":\"https:\\\/\\\/truckonline.de\\\/blog\\\/#\\\/schema\\\/person\\\/4cb59b86ffde81f882f56439688fda19\",\"name\":\"maik\",\"image\":{\"@type\":\"ImageObject\",\"inLanguage\":\"de\",\"@id\":\"https:\\\/\\\/truckonline.de\\\/blog\\\/wp-content\\\/uploads\\\/2019\\\/12\\\/logoinnenweiss.png\",\"url\":\"https:\\\/\\\/truckonline.de\\\/blog\\\/wp-content\\\/uploads\\\/2019\\\/12\\\/logoinnenweiss.png\",\"contentUrl\":\"https:\\\/\\\/truckonline.de\\\/blog\\\/wp-content\\\/uploads\\\/2019\\\/12\\\/logoinnenweiss.png\",\"width\":733,\"height\":125,\"caption\":\"maik\"},\"logo\":{\"@id\":\"https:\\\/\\\/truckonline.de\\\/blog\\\/wp-content\\\/uploads\\\/2019\\\/12\\\/logoinnenweiss.png\"},\"sameAs\":[\"https:\\\/\\\/www.facebook.com\\\/truckblog\",\"https:\\\/\\\/www.instagram.com\\\/truck_online\\\/\",\"https:\\\/\\\/x.com\\\/https:\\\/\\\/twitter.com\\\/truckblog\",\"https:\\\/\\\/www.youtube.com\\\/user\\\/truckonline\",\"https:\\\/\\\/www.tumblr.com\\\/truckonline\"]}]}<\/script>\n<!-- \/ Yoast SEO plugin. -->","yoast_head_json":{"title":"Mal was internes | TruckOnline.de","description":"Das Jahr geht so langsam seinem Ende entgegen, es stirbt sozusagen :-) Zeit f\u00fcr einen kleinen R\u00fcckblick, um einige Suchw\u00f6rter zu ver\u00f6ffentlichen, mit","robots":{"index":"index","follow":"follow","max-snippet":"max-snippet:-1","max-image-preview":"max-image-preview:large","max-video-preview":"max-video-preview:-1"},"canonical":"https:\/\/truckonline.de\/blog\/2008\/12\/23\/mal-was-internes-2\/","og_locale":"de_DE","og_type":"article","og_title":"Mal was internes | TruckOnline.de","og_url":"https:\/\/truckonline.de\/blog\/2008\/12\/23\/mal-was-internes-2\/","og_site_name":"TruckOnline.de","article_publisher":"https:\/\/www.facebook.com\/truckblog","article_author":"https:\/\/www.facebook.com\/truckblog","article_published_time":"2008-12-23T19:49:17+00:00","article_modified_time":"2008-12-24T00:29:50+00:00","og_image":[{"width":2560,"height":1920,"url":"https:\/\/truckonline.de\/blog\/wp-content\/uploads\/2019\/12\/IMG_20191229_225424-scaled.jpg","type":"image\/jpeg"}],"author":"maik","twitter_card":"summary_large_image","twitter_creator":"@https:\/\/twitter.com\/truckblog","twitter_site":"@truckblog","twitter_misc":{"Verfasst von":"maik","Gesch\u00e4tzte Lesezeit":"1\u00a0Minute"},"schema":{"@context":"https:\/\/schema.org","@graph":[{"@type":"Article","@id":"https:\/\/truckonline.de\/blog\/2008\/12\/23\/mal-was-internes-2\/#article","isPartOf":{"@id":"https:\/\/truckonline.de\/blog\/2008\/12\/23\/mal-was-internes-2\/"},"author":{"name":"maik","@id":"https:\/\/truckonline.de\/blog\/#\/schema\/person\/4cb59b86ffde81f882f56439688fda19"},"headline":"Mal was internes","datePublished":"2008-12-23T19:49:17+00:00","dateModified":"2008-12-24T00:29:50+00:00","mainEntityOfPage":{"@id":"https:\/\/truckonline.de\/blog\/2008\/12\/23\/mal-was-internes-2\/"},"wordCount":164,"commentCount":1,"publisher":{"@id":"https:\/\/truckonline.de\/blog\/#\/schema\/person\/4cb59b86ffde81f882f56439688fda19"},"keywords":["Google","Jahr","Suchbegriffe"],"articleSection":["Internes"],"inLanguage":"de","potentialAction":[{"@type":"CommentAction","name":"Comment","target":["https:\/\/truckonline.de\/blog\/2008\/12\/23\/mal-was-internes-2\/#respond"]}]},{"@type":"WebPage","@id":"https:\/\/truckonline.de\/blog\/2008\/12\/23\/mal-was-internes-2\/","url":"https:\/\/truckonline.de\/blog\/2008\/12\/23\/mal-was-internes-2\/","name":"Mal was internes | TruckOnline.de","isPartOf":{"@id":"https:\/\/truckonline.de\/blog\/#website"},"datePublished":"2008-12-23T19:49:17+00:00","dateModified":"2008-12-24T00:29:50+00:00","description":"Das Jahr geht so langsam seinem Ende entgegen, es stirbt sozusagen :-) Zeit f\u00fcr einen kleinen R\u00fcckblick, um einige Suchw\u00f6rter zu ver\u00f6ffentlichen, mit","breadcrumb":{"@id":"https:\/\/truckonline.de\/blog\/2008\/12\/23\/mal-was-internes-2\/#breadcrumb"},"inLanguage":"de","potentialAction":[{"@type":"ReadAction","target":["https:\/\/truckonline.de\/blog\/2008\/12\/23\/mal-was-internes-2\/"]}]},{"@type":"BreadcrumbList","@id":"https:\/\/truckonline.de\/blog\/2008\/12\/23\/mal-was-internes-2\/#breadcrumb","itemListElement":[{"@type":"ListItem","position":1,"name":"Startseite","item":"https:\/\/truckonline.de\/blog\/"},{"@type":"ListItem","position":2,"name":"Mal was internes"}]},{"@type":"WebSite","@id":"https:\/\/truckonline.de\/blog\/#website","url":"https:\/\/truckonline.de\/blog\/","name":"TruckOnline.de","description":"","publisher":{"@id":"https:\/\/truckonline.de\/blog\/#\/schema\/person\/4cb59b86ffde81f882f56439688fda19"},"potentialAction":[{"@type":"SearchAction","target":{"@type":"EntryPoint","urlTemplate":"https:\/\/truckonline.de\/blog\/?s={search_term_string}"},"query-input":{"@type":"PropertyValueSpecification","valueRequired":true,"valueName":"search_term_string"}}],"inLanguage":"de"},{"@type":["Person","Organization"],"@id":"https:\/\/truckonline.de\/blog\/#\/schema\/person\/4cb59b86ffde81f882f56439688fda19","name":"maik","image":{"@type":"ImageObject","inLanguage":"de","@id":"https:\/\/truckonline.de\/blog\/wp-content\/uploads\/2019\/12\/logoinnenweiss.png","url":"https:\/\/truckonline.de\/blog\/wp-content\/uploads\/2019\/12\/logoinnenweiss.png","contentUrl":"https:\/\/truckonline.de\/blog\/wp-content\/uploads\/2019\/12\/logoinnenweiss.png","width":733,"height":125,"caption":"maik"},"logo":{"@id":"https:\/\/truckonline.de\/blog\/wp-content\/uploads\/2019\/12\/logoinnenweiss.png"},"sameAs":["https:\/\/www.facebook.com\/truckblog","https:\/\/www.instagram.com\/truck_online\/","https:\/\/x.com\/https:\/\/twitter.com\/truckblog","https:\/\/www.youtube.com\/user\/truckonline","https:\/\/www.tumblr.com\/truckonline"]}]}},"_links":{"self":[{"href":"https:\/\/truckonline.de\/blog\/wp-json\/wp\/v2\/posts\/505","targetHints":{"allow":["GET"]}}],"collection":[{"href":"https:\/\/truckonline.de\/blog\/wp-json\/wp\/v2\/posts"}],"about":[{"href":"https:\/\/truckonline.de\/blog\/wp-json\/wp\/v2\/types\/post"}],"author":[{"embeddable":true,"href":"https:\/\/truckonline.de\/blog\/wp-json\/wp\/v2\/users\/3"}],"replies":[{"embeddable":true,"href":"https:\/\/truckonline.de\/blog\/wp-json\/wp\/v2\/comments?post=505"}],"version-history":[{"count":0,"href":"https:\/\/truckonline.de\/blog\/wp-json\/wp\/v2\/posts\/505\/revisions"}],"wp:attachment":[{"href":"https:\/\/truckonline.de\/blog\/wp-json\/wp\/v2\/media?parent=505"}],"wp:term":[{"taxonomy":"category","embeddable":true,"href":"https:\/\/truckonline.de\/blog\/wp-json\/wp\/v2\/categories?post=505"},{"taxonomy":"post_tag","embeddable":true,"href":"https:\/\/truckonline.de\/blog\/wp-json\/wp\/v2\/tags?post=505"}],"curies":[{"name":"wp","href":"https:\/\/api.w.org\/{rel}","templated":true}]}}