{"id":4871,"date":"2014-05-19T02:03:07","date_gmt":"2014-05-19T00:03:07","guid":{"rendered":"https:\/\/truckonline.de\/blog\/?p=4871"},"modified":"2014-05-18T21:10:57","modified_gmt":"2014-05-18T19:10:57","slug":"gastbeitrag-amtsschimmel-gezahmt","status":"publish","type":"post","link":"https:\/\/truckonline.de\/blog\/2014\/05\/19\/gastbeitrag-amtsschimmel-gezahmt\/","title":{"rendered":"Gastbeitrag: Amtsschimmel gez\u00e4hmt"},"content":{"rendered":"<p>Mit freundlicher Erlaubnis von <a href=\"https:\/\/www.portatio.com\" target=\"_blank\">portatio.com<\/a><\/p>\n<p>Da ruft man als B\u00fcrger bei einem Bundesamt an und weist auf eine fehlerhafte Praxis hin. Die Beh\u00f6rde erkennt den Fehler, bedankt sich f\u00fcr den Hinweis und \u00e4ndert diese Praxis.  Das ist kein M\u00e4rchen aus dem fernen Land Utopia sondern eine Erfahrung, die wir von portatio heute ganz real machen durften, wir sind selbst \u00fcberrascht. Doch der Reihe nach. Es hatte sich der User Jan Ehrt bei uns gemeldet mit folgender kniffeliger Frage:<\/p>\n<p>\u201eIch beginne eine neue Schicht, fahre 3 h, mache 45 min Pause, fahre nochmal 1,5 h und mache weitere 30 min Pause.<br \/>\nFrage: \u201eDarf ich nach der 2. Pause von 30 min wieder volle 4,5 h fahren, indem ich sie zu den vorangegangenen 45 min z\u00e4hle und als volle Lenkzeitpause rechne???<br \/>\nOder begann der neue 4,5 h-Lenkzeitabschnitt bereits nach der 1. Pause, so dass ich nach der 2. Pause nur noch max. 3 h weiterfahren darf und somit eine weitere Pause von 45 min einlegen muss, bevor ich die restliche Lenkzeit verbrauchen darf???\u201c<\/p>\n<p>Jeder LKW-Fahrer erkennt sofort die Brisanz dieser Frage. F\u00fcr die anderen sei der Zusammenhang kurz erkl\u00e4rt: Die EU-Verordnung 561\/2006 \u00fcber Lenk- und Ruhezeiten regelt diese so detailliert, dass das Gesetz sehr kompliziert geworden ist, mit Ausnahmen, Ausnahmen von den Ausnahmen usw. Dennoch wird von jedem Fahrer verlangt, das Gesetz genau zu kennen und zu befolgen. Laut dieser Verordnung kann man die 45-min\u00fctige Pause, die man nach 4,5 Stunden einlegen muss, auch splitten. Und zwar d\u00fcrfte man innerhalb der 4,5 Stunden zuerst 15 und dann 30 Minuten Pause machen (umgekehrt ist nicht erlaubt). Man k\u00f6nnte also beispielsweise 3 Stunden, 15 Minuten Pause machen, danach 1,5 Stunden fahren und 30 Minuten Pause machen. Genau das hat der Kollege im vorliegenden Fall getan. Nur hat er statt der ersten 15 Minuten gleich 45 Minuten Pause gemacht. Und pl\u00f6tzlich hat er ein Problem.<\/p>\n<p>Denn um die komplizierte Verordnung einheitlich anzuwenden, haben das Bundesamt f\u00fcr G\u00fcterverkehr (BAG), das Bundesverkehrsministerium und die Kontrollbeh\u00f6rden der L\u00e4nder gemeinsam Richtlinien (\u201eHinweise zu den Sozialvorschriften im Stra\u00dfenverkehr\u201c)  festgelegt, die unter anderem auch auf der Internetseite des BAG ver\u00f6ffentlicht sind. Darin hei\u00dft es unter Punkt 3.5: \u201eNach jeder Unterbrechung von insgesamt mindestens 45 Minuten (zusammenh\u00e4ngend oder in zwei Teilen) beginnt ein neuer, f\u00fcr die Unterbrechung relevanter Lenkzeitabschnitt von 4 \u00bd Stunden. Dies bedeutet, dass auch nach einer nur 2-st\u00fcndigen Lenkzeit mit anschlie\u00dfender 45-min\u00fctiger Unterbrechung ein neuer Lenkzeitabschnitt von 4 \u00bd Stunden beginnt.\u201c<\/p>\n<p>F\u00fcr den Fall von Jan Ehrt bedeutet das: H\u00e4tte er seine erste Pause nicht 45 Minuten sondern nur 44 oder nur 15 Minuten gemacht, w\u00e4re alles Prima und er bek\u00e4me keine Probleme. Die Auslesesoftware f\u00fcr die digitalen Fahrtenschreiber verh\u00e4lt sich jedoch leider genau so, wie es in dieser Richtlinie geschrieben ist. Sie wertet die erste Pause nicht als die gesplittete \u201ehalbe\u201c Pause, sondern einfach als ganze Pause (weil sie 45 Minuten lang war) und verlangt vom Fahrer, viereinhalb Stunden sp\u00e4ter wieder eine 45-Minuten-Pause einzulegen. Vom gesunden Menschenverstand her ist das ungerecht. Ich habe diese Frage daraufhin im Forum www.truckerfreunde.de und bei Facebook zur Diskussion gestellt. Nicht nur unter den Fahrern dort, sondern auch unter den Polizisten gab es dabei zwei verschiedene Meinungen. Die einen sagten, gem\u00e4\u00df der Richtlinie liegt hier ein Versto\u00df vor, die anderen sagten, es kann nicht<br \/>\nverboten sein, eine l\u00e4ngere Pause als vorgeschrieben zu machen.<\/p>\n<p>Daraufhin habe ich beim BAG angerufen. Deren Reaktion war verbl\u00fcffend. Sie haben sofort erkannt, dass es bei der gesplitteten Pause eine Gerechtigkeitsl\u00fccke gibt zwischen der EU-Verordnung 561\/2006 und ihren eigenen Richtlinien, weil man schlechter gestellt wird, wenn man l\u00e4nger Pause macht. Sie bedankten sich ausdr\u00fccklich f\u00fcr diesen Hinweis und versprachen, das so schnell wie m\u00f6glich zu \u00e4ndern. Zitat: \u201eMorgen werden Sie das auf unserer Internetseite noch nicht bemerken, aber in 1-2 Monaten sollte das vom Tisch sein\u201c. Au\u00dferdem haben sie bereits eine interne Dienstanweisung an ihre Kontrollbeamten herausgegeben, in der sie auf diesen Punkt hinweisen.<\/p>\n<p>portatio meint: Klasse, wenn Beh\u00f6rden so schnell und vern\u00fcnftig reagieren, wenn B\u00fcrger sie auf eine widersinnige Praxis aufmerksam machen. Respekt!<\/p>\n<p><span style=\"font-size: x-small;\"><a href=\"https:\/\/www.portatio.com\/?blogId=1405151425022014\" target=\"_blank\">Link Original Beitrag<\/a><\/span><\/p>\n","protected":false},"excerpt":{"rendered":"<p>Mit freundlicher Erlaubnis von portatio.com Da ruft man als B\u00fcrger bei einem Bundesamt an und weist auf eine fehlerhafte Praxis hin. Die Beh\u00f6rde erkennt den&#8230;<\/p>\n<div class=\"more-link-wrapper\"><a class=\"more-link\" href=\"https:\/\/truckonline.de\/blog\/2014\/05\/19\/gastbeitrag-amtsschimmel-gezahmt\/\">Sie haben Ihr Ziel fast erreicht.<span class=\"screen-reader-text\">Gastbeitrag: Amtsschimmel gez\u00e4hmt<\/span><\/a><\/div>\n","protected":false},"author":3,"featured_media":0,"comment_status":"open","ping_status":"open","sticky":false,"template":"","format":"standard","meta":{"iawp_total_views":0,"_metis_text_type":"","_metis_text_length":0,"_post_count":0,"footnotes":""},"categories":[1177],"tags":[230,1901],"class_list":["post-4871","post","type-post","status-publish","format-standard","hentry","category-gastbeitrag","tag-bag","tag-gastbeitrag","ratio-2-1","entry"],"yoast_head":"<!-- This site is optimized with the Yoast SEO plugin v27.4 - https:\/\/yoast.com\/product\/yoast-seo-wordpress\/ -->\n<title>Gastbeitrag: Amtsschimmel gez\u00e4hmt | TruckOnline.de<\/title>\n<meta name=\"description\" content=\"Mit freundlicher Erlaubnis von portatio.com Da ruft man als B\u00fcrger bei einem Bundesamt an und weist auf eine fehlerhafte Praxis hin. Die Beh\u00f6rde erkennt\" \/>\n<meta name=\"robots\" content=\"index, follow, max-snippet:-1, max-image-preview:large, max-video-preview:-1\" \/>\n<link rel=\"canonical\" href=\"https:\/\/truckonline.de\/blog\/2014\/05\/19\/gastbeitrag-amtsschimmel-gezahmt\/\" \/>\n<meta property=\"og:locale\" content=\"de_DE\" \/>\n<meta property=\"og:type\" content=\"article\" \/>\n<meta property=\"og:title\" content=\"Gastbeitrag: Amtsschimmel gez\u00e4hmt | TruckOnline.de\" \/>\n<meta property=\"og:url\" content=\"https:\/\/truckonline.de\/blog\/2014\/05\/19\/gastbeitrag-amtsschimmel-gezahmt\/\" \/>\n<meta property=\"og:site_name\" content=\"TruckOnline.de\" \/>\n<meta property=\"article:publisher\" content=\"https:\/\/www.facebook.com\/truckblog\" \/>\n<meta property=\"article:author\" content=\"https:\/\/www.facebook.com\/truckblog\" \/>\n<meta property=\"article:published_time\" content=\"2014-05-19T00:03:07+00:00\" \/>\n<meta property=\"og:image\" content=\"https:\/\/truckonline.de\/blog\/wp-content\/uploads\/2019\/12\/IMG_20191229_225424-scaled.jpg\" \/>\n\t<meta property=\"og:image:width\" content=\"2560\" \/>\n\t<meta property=\"og:image:height\" content=\"1920\" \/>\n\t<meta property=\"og:image:type\" content=\"image\/jpeg\" \/>\n<meta name=\"author\" content=\"maik\" \/>\n<meta name=\"twitter:card\" content=\"summary_large_image\" \/>\n<meta name=\"twitter:creator\" content=\"@https:\/\/twitter.com\/truckblog\" \/>\n<meta name=\"twitter:site\" content=\"@truckblog\" \/>\n<meta name=\"twitter:label1\" content=\"Verfasst von\" \/>\n\t<meta name=\"twitter:data1\" content=\"maik\" \/>\n\t<meta name=\"twitter:label2\" content=\"Gesch\u00e4tzte Lesezeit\" \/>\n\t<meta name=\"twitter:data2\" content=\"3\u00a0Minuten\" \/>\n<script type=\"application\/ld+json\" class=\"yoast-schema-graph\">{\"@context\":\"https:\\\/\\\/schema.org\",\"@graph\":[{\"@type\":\"Article\",\"@id\":\"https:\\\/\\\/truckonline.de\\\/blog\\\/2014\\\/05\\\/19\\\/gastbeitrag-amtsschimmel-gezahmt\\\/#article\",\"isPartOf\":{\"@id\":\"https:\\\/\\\/truckonline.de\\\/blog\\\/2014\\\/05\\\/19\\\/gastbeitrag-amtsschimmel-gezahmt\\\/\"},\"author\":{\"name\":\"maik\",\"@id\":\"https:\\\/\\\/truckonline.de\\\/blog\\\/#\\\/schema\\\/person\\\/4cb59b86ffde81f882f56439688fda19\"},\"headline\":\"Gastbeitrag: Amtsschimmel gez\u00e4hmt\",\"datePublished\":\"2014-05-19T00:03:07+00:00\",\"mainEntityOfPage\":{\"@id\":\"https:\\\/\\\/truckonline.de\\\/blog\\\/2014\\\/05\\\/19\\\/gastbeitrag-amtsschimmel-gezahmt\\\/\"},\"wordCount\":681,\"commentCount\":4,\"publisher\":{\"@id\":\"https:\\\/\\\/truckonline.de\\\/blog\\\/#\\\/schema\\\/person\\\/4cb59b86ffde81f882f56439688fda19\"},\"keywords\":[\"BAG\",\"Gastbeitrag\"],\"articleSection\":[\"Gastbeitrag\"],\"inLanguage\":\"de\",\"potentialAction\":[{\"@type\":\"CommentAction\",\"name\":\"Comment\",\"target\":[\"https:\\\/\\\/truckonline.de\\\/blog\\\/2014\\\/05\\\/19\\\/gastbeitrag-amtsschimmel-gezahmt\\\/#respond\"]}]},{\"@type\":\"WebPage\",\"@id\":\"https:\\\/\\\/truckonline.de\\\/blog\\\/2014\\\/05\\\/19\\\/gastbeitrag-amtsschimmel-gezahmt\\\/\",\"url\":\"https:\\\/\\\/truckonline.de\\\/blog\\\/2014\\\/05\\\/19\\\/gastbeitrag-amtsschimmel-gezahmt\\\/\",\"name\":\"Gastbeitrag: Amtsschimmel gez\u00e4hmt | TruckOnline.de\",\"isPartOf\":{\"@id\":\"https:\\\/\\\/truckonline.de\\\/blog\\\/#website\"},\"datePublished\":\"2014-05-19T00:03:07+00:00\",\"description\":\"Mit freundlicher Erlaubnis von portatio.com Da ruft man als B\u00fcrger bei einem Bundesamt an und weist auf eine fehlerhafte Praxis hin. Die Beh\u00f6rde erkennt\",\"breadcrumb\":{\"@id\":\"https:\\\/\\\/truckonline.de\\\/blog\\\/2014\\\/05\\\/19\\\/gastbeitrag-amtsschimmel-gezahmt\\\/#breadcrumb\"},\"inLanguage\":\"de\",\"potentialAction\":[{\"@type\":\"ReadAction\",\"target\":[\"https:\\\/\\\/truckonline.de\\\/blog\\\/2014\\\/05\\\/19\\\/gastbeitrag-amtsschimmel-gezahmt\\\/\"]}]},{\"@type\":\"BreadcrumbList\",\"@id\":\"https:\\\/\\\/truckonline.de\\\/blog\\\/2014\\\/05\\\/19\\\/gastbeitrag-amtsschimmel-gezahmt\\\/#breadcrumb\",\"itemListElement\":[{\"@type\":\"ListItem\",\"position\":1,\"name\":\"Startseite\",\"item\":\"https:\\\/\\\/truckonline.de\\\/blog\\\/\"},{\"@type\":\"ListItem\",\"position\":2,\"name\":\"Gastbeitrag: Amtsschimmel gez\u00e4hmt\"}]},{\"@type\":\"WebSite\",\"@id\":\"https:\\\/\\\/truckonline.de\\\/blog\\\/#website\",\"url\":\"https:\\\/\\\/truckonline.de\\\/blog\\\/\",\"name\":\"TruckOnline.de\",\"description\":\"\",\"publisher\":{\"@id\":\"https:\\\/\\\/truckonline.de\\\/blog\\\/#\\\/schema\\\/person\\\/4cb59b86ffde81f882f56439688fda19\"},\"potentialAction\":[{\"@type\":\"SearchAction\",\"target\":{\"@type\":\"EntryPoint\",\"urlTemplate\":\"https:\\\/\\\/truckonline.de\\\/blog\\\/?s={search_term_string}\"},\"query-input\":{\"@type\":\"PropertyValueSpecification\",\"valueRequired\":true,\"valueName\":\"search_term_string\"}}],\"inLanguage\":\"de\"},{\"@type\":[\"Person\",\"Organization\"],\"@id\":\"https:\\\/\\\/truckonline.de\\\/blog\\\/#\\\/schema\\\/person\\\/4cb59b86ffde81f882f56439688fda19\",\"name\":\"maik\",\"image\":{\"@type\":\"ImageObject\",\"inLanguage\":\"de\",\"@id\":\"https:\\\/\\\/truckonline.de\\\/blog\\\/wp-content\\\/uploads\\\/2019\\\/12\\\/logoinnenweiss.png\",\"url\":\"https:\\\/\\\/truckonline.de\\\/blog\\\/wp-content\\\/uploads\\\/2019\\\/12\\\/logoinnenweiss.png\",\"contentUrl\":\"https:\\\/\\\/truckonline.de\\\/blog\\\/wp-content\\\/uploads\\\/2019\\\/12\\\/logoinnenweiss.png\",\"width\":733,\"height\":125,\"caption\":\"maik\"},\"logo\":{\"@id\":\"https:\\\/\\\/truckonline.de\\\/blog\\\/wp-content\\\/uploads\\\/2019\\\/12\\\/logoinnenweiss.png\"},\"sameAs\":[\"https:\\\/\\\/www.facebook.com\\\/truckblog\",\"https:\\\/\\\/www.instagram.com\\\/truck_online\\\/\",\"https:\\\/\\\/x.com\\\/https:\\\/\\\/twitter.com\\\/truckblog\",\"https:\\\/\\\/www.youtube.com\\\/user\\\/truckonline\",\"https:\\\/\\\/www.tumblr.com\\\/truckonline\"]}]}<\/script>\n<!-- \/ Yoast SEO plugin. -->","yoast_head_json":{"title":"Gastbeitrag: Amtsschimmel gez\u00e4hmt | TruckOnline.de","description":"Mit freundlicher Erlaubnis von portatio.com Da ruft man als B\u00fcrger bei einem Bundesamt an und weist auf eine fehlerhafte Praxis hin. Die Beh\u00f6rde erkennt","robots":{"index":"index","follow":"follow","max-snippet":"max-snippet:-1","max-image-preview":"max-image-preview:large","max-video-preview":"max-video-preview:-1"},"canonical":"https:\/\/truckonline.de\/blog\/2014\/05\/19\/gastbeitrag-amtsschimmel-gezahmt\/","og_locale":"de_DE","og_type":"article","og_title":"Gastbeitrag: Amtsschimmel gez\u00e4hmt | TruckOnline.de","og_url":"https:\/\/truckonline.de\/blog\/2014\/05\/19\/gastbeitrag-amtsschimmel-gezahmt\/","og_site_name":"TruckOnline.de","article_publisher":"https:\/\/www.facebook.com\/truckblog","article_author":"https:\/\/www.facebook.com\/truckblog","article_published_time":"2014-05-19T00:03:07+00:00","og_image":[{"width":2560,"height":1920,"url":"https:\/\/truckonline.de\/blog\/wp-content\/uploads\/2019\/12\/IMG_20191229_225424-scaled.jpg","type":"image\/jpeg"}],"author":"maik","twitter_card":"summary_large_image","twitter_creator":"@https:\/\/twitter.com\/truckblog","twitter_site":"@truckblog","twitter_misc":{"Verfasst von":"maik","Gesch\u00e4tzte Lesezeit":"3\u00a0Minuten"},"schema":{"@context":"https:\/\/schema.org","@graph":[{"@type":"Article","@id":"https:\/\/truckonline.de\/blog\/2014\/05\/19\/gastbeitrag-amtsschimmel-gezahmt\/#article","isPartOf":{"@id":"https:\/\/truckonline.de\/blog\/2014\/05\/19\/gastbeitrag-amtsschimmel-gezahmt\/"},"author":{"name":"maik","@id":"https:\/\/truckonline.de\/blog\/#\/schema\/person\/4cb59b86ffde81f882f56439688fda19"},"headline":"Gastbeitrag: Amtsschimmel gez\u00e4hmt","datePublished":"2014-05-19T00:03:07+00:00","mainEntityOfPage":{"@id":"https:\/\/truckonline.de\/blog\/2014\/05\/19\/gastbeitrag-amtsschimmel-gezahmt\/"},"wordCount":681,"commentCount":4,"publisher":{"@id":"https:\/\/truckonline.de\/blog\/#\/schema\/person\/4cb59b86ffde81f882f56439688fda19"},"keywords":["BAG","Gastbeitrag"],"articleSection":["Gastbeitrag"],"inLanguage":"de","potentialAction":[{"@type":"CommentAction","name":"Comment","target":["https:\/\/truckonline.de\/blog\/2014\/05\/19\/gastbeitrag-amtsschimmel-gezahmt\/#respond"]}]},{"@type":"WebPage","@id":"https:\/\/truckonline.de\/blog\/2014\/05\/19\/gastbeitrag-amtsschimmel-gezahmt\/","url":"https:\/\/truckonline.de\/blog\/2014\/05\/19\/gastbeitrag-amtsschimmel-gezahmt\/","name":"Gastbeitrag: Amtsschimmel gez\u00e4hmt | TruckOnline.de","isPartOf":{"@id":"https:\/\/truckonline.de\/blog\/#website"},"datePublished":"2014-05-19T00:03:07+00:00","description":"Mit freundlicher Erlaubnis von portatio.com Da ruft man als B\u00fcrger bei einem Bundesamt an und weist auf eine fehlerhafte Praxis hin. Die Beh\u00f6rde erkennt","breadcrumb":{"@id":"https:\/\/truckonline.de\/blog\/2014\/05\/19\/gastbeitrag-amtsschimmel-gezahmt\/#breadcrumb"},"inLanguage":"de","potentialAction":[{"@type":"ReadAction","target":["https:\/\/truckonline.de\/blog\/2014\/05\/19\/gastbeitrag-amtsschimmel-gezahmt\/"]}]},{"@type":"BreadcrumbList","@id":"https:\/\/truckonline.de\/blog\/2014\/05\/19\/gastbeitrag-amtsschimmel-gezahmt\/#breadcrumb","itemListElement":[{"@type":"ListItem","position":1,"name":"Startseite","item":"https:\/\/truckonline.de\/blog\/"},{"@type":"ListItem","position":2,"name":"Gastbeitrag: Amtsschimmel gez\u00e4hmt"}]},{"@type":"WebSite","@id":"https:\/\/truckonline.de\/blog\/#website","url":"https:\/\/truckonline.de\/blog\/","name":"TruckOnline.de","description":"","publisher":{"@id":"https:\/\/truckonline.de\/blog\/#\/schema\/person\/4cb59b86ffde81f882f56439688fda19"},"potentialAction":[{"@type":"SearchAction","target":{"@type":"EntryPoint","urlTemplate":"https:\/\/truckonline.de\/blog\/?s={search_term_string}"},"query-input":{"@type":"PropertyValueSpecification","valueRequired":true,"valueName":"search_term_string"}}],"inLanguage":"de"},{"@type":["Person","Organization"],"@id":"https:\/\/truckonline.de\/blog\/#\/schema\/person\/4cb59b86ffde81f882f56439688fda19","name":"maik","image":{"@type":"ImageObject","inLanguage":"de","@id":"https:\/\/truckonline.de\/blog\/wp-content\/uploads\/2019\/12\/logoinnenweiss.png","url":"https:\/\/truckonline.de\/blog\/wp-content\/uploads\/2019\/12\/logoinnenweiss.png","contentUrl":"https:\/\/truckonline.de\/blog\/wp-content\/uploads\/2019\/12\/logoinnenweiss.png","width":733,"height":125,"caption":"maik"},"logo":{"@id":"https:\/\/truckonline.de\/blog\/wp-content\/uploads\/2019\/12\/logoinnenweiss.png"},"sameAs":["https:\/\/www.facebook.com\/truckblog","https:\/\/www.instagram.com\/truck_online\/","https:\/\/x.com\/https:\/\/twitter.com\/truckblog","https:\/\/www.youtube.com\/user\/truckonline","https:\/\/www.tumblr.com\/truckonline"]}]}},"_links":{"self":[{"href":"https:\/\/truckonline.de\/blog\/wp-json\/wp\/v2\/posts\/4871","targetHints":{"allow":["GET"]}}],"collection":[{"href":"https:\/\/truckonline.de\/blog\/wp-json\/wp\/v2\/posts"}],"about":[{"href":"https:\/\/truckonline.de\/blog\/wp-json\/wp\/v2\/types\/post"}],"author":[{"embeddable":true,"href":"https:\/\/truckonline.de\/blog\/wp-json\/wp\/v2\/users\/3"}],"replies":[{"embeddable":true,"href":"https:\/\/truckonline.de\/blog\/wp-json\/wp\/v2\/comments?post=4871"}],"version-history":[{"count":2,"href":"https:\/\/truckonline.de\/blog\/wp-json\/wp\/v2\/posts\/4871\/revisions"}],"predecessor-version":[{"id":4873,"href":"https:\/\/truckonline.de\/blog\/wp-json\/wp\/v2\/posts\/4871\/revisions\/4873"}],"wp:attachment":[{"href":"https:\/\/truckonline.de\/blog\/wp-json\/wp\/v2\/media?parent=4871"}],"wp:term":[{"taxonomy":"category","embeddable":true,"href":"https:\/\/truckonline.de\/blog\/wp-json\/wp\/v2\/categories?post=4871"},{"taxonomy":"post_tag","embeddable":true,"href":"https:\/\/truckonline.de\/blog\/wp-json\/wp\/v2\/tags?post=4871"}],"curies":[{"name":"wp","href":"https:\/\/api.w.org\/{rel}","templated":true}]}}