{"id":4649,"date":"2014-02-15T01:14:18","date_gmt":"2014-02-15T00:14:18","guid":{"rendered":"https:\/\/truckonline.de\/blog\/?p=4649"},"modified":"2014-02-15T01:15:45","modified_gmt":"2014-02-15T00:15:45","slug":"platz-da-ein-wanderer-kommt","status":"publish","type":"post","link":"https:\/\/truckonline.de\/blog\/2014\/02\/15\/platz-da-ein-wanderer-kommt\/","title":{"rendered":"Platz da. Ein Wanderer kommt."},"content":{"rendered":"<p>Ich verbringe ja auch das ein oder andere Wochenende auf einem Rasthof. Nicht weil es mir Spa\u00df macht, sondern weil schlicht die Zeit nicht reicht, um noch nach Hause zu kommen. Das Problem dabei ist, dass selbst Samstags ab 14.00 oder 15.00 Uhr die regul\u00e4ren Lkw-Stellfl\u00e4chen belegt sind. Also muss ich auf alternative Parkpl\u00e4tze ausweichen und das sind in der Regel die Bereiche f\u00fcr Pkw.<\/p>\n<p><a href=\"https:\/\/www.rga-online.de\/rga_100_110521953-2-_Raststaette-Lkw-Fahrer-muessen-sich-rechtzeitig-um-Platz-kuemmern.html\" target=\"_blank\">Genau diese Problematik<\/a> greift nun der Remscheider General-Anzeiger auf. Laut der Zeitung h\u00e4tten letzten Sonntag viele Wanderer, die die nahegelegene Remscheider Talsperre besuchen wollten, auf der Rastst\u00e4tte Remscheid keinen Parkplatz f\u00fcr Ihren Pkw gefunden.<br \/>\nDer Grund waren Lkw-Fahrer, die in ihrer Not bei der Suche nach einer Stellfl\u00e4che die obere Parkebene der Autobahn-Rastst\u00e4tte zum Teil mit ihren Lastern besetzt hatten.<\/p>\n<p>Zu diesem Missstand wurden auch diverse Spezialisten befragt. So antwortete ein Sprecher der Autobahnpolizei Bensberg:<\/p>\n<blockquote><p>Wenn wir dorthin gerufen werden, sprechen wir ein Platzverbot aus. Andererseits wissen die armen Fahrer zum Teil gar nicht, wo sie hin sollen.<\/p><\/blockquote>\n<p>Ein Platzverbot an einem Tag, an dem nur Lkw mit Sondergenehmigung fahren d\u00fcrfen? Hmm. Was ist eigentlich preiswerter? Das Platzverbot zu ignorieren oder gegen ein Fahrverbot zu versto\u00dfen? Ich weis es nicht. Selbst &#8211; nur mal angenommen &#8211; ein Brummifahrer wird weg gejagt. Findet er dann an der n\u00e4chsten Rastst\u00e4tte einen akzeptablen Standplatz? Was passiert, wenn der auch dort Sonntagsausfl\u00fcglern im Weg steht?<br \/>\nOder. Haben drei Wochen sp\u00e4ter belgische, franz\u00f6sische oder von mir aus auch italienische Polizisten Verst\u00e4ndnis f\u00fcr den Fahrer? Weil er hat ja gegen seine gesetzlich vorgeschriebene Wochenendruhezeit versto\u00dfen. Ich denke nicht!<\/p>\n<p>Toll ist auch der Spruch von Andreas Raedt, Sprecher des <a href=\"https:\/\/www.strassen.nrw.de\/\" target=\"_blank\">Landesbetriebs Stra\u00dfen in NRW<\/a>:<\/p>\n<blockquote><p>Wegen der Einhaltung der Lenk- und Ruhezeit hat niemand das Recht, ein Gesetz zu missachten. Jeder muss sich rechtzeitig um einen Platz k\u00fcmmern<\/p><\/blockquote>\n<p>Da hat der Mann gar nicht mal so unrecht. Nur wann soll ich denn mit der Suche beginnen? Fange ich Montagnachmittag gegen vier Uhr an &#8211; was nicht mal so selten vorkommt &#8211; d\u00fcrfte ich bis Dienstagfr\u00fch gegen zwei Uhr fahren. Nur muss ich mich dann auch auf f\u00fcr Lkw gesperrte Fl\u00e4chen stellen, da alle anderen Pl\u00e4tze belegt sind.<br \/>\nGeht es aber nach dem Herrn Raedt, h\u00e4tte ich bereits sp\u00e4testens gegen 19.00 Uhr Feierabend. Denn bereits dann m\u00fcsste ich mich auf die Suche nach einem erlaubten Parkplatz machen.<\/p>\n<p>Interessant sind auch die Kommentare unter dem Artikel. Da tobt ein kleiner Shitstorm. Das ist nicht negativ gemeint, im Gegenteil. Diese Meinungen zeigen eigentlich recht deutlich, wie angefressen und d\u00fcnnh\u00e4utig viele Kollegen mittlerweile auf solche Meldungen und Begebenheiten reagieren. Wundern tut es mich nicht.<\/p>\n<p>Zum Artikel: <a href=\"https:\/\/www.rga-online.de\/rga_100_110521953-2-_Raststaette-Lkw-Fahrer-muessen-sich-rechtzeitig-um-Platz-kuemmern.html\" target=\"_blank\">Rastst\u00e4tte: Lkw-Fahrer m\u00fcssen sich rechtzeitig um Platz k\u00fcmmern<\/a><\/p>\n<p><span style=\"font-size: x-small;\"><a href=\"https:\/\/www.strassen.nrw.de\/\" target=\"_blank\">Landesbetrieb Stra\u00dfenbau NRW <\/a><\/span><br \/>\n<span style=\"font-size: x-small;\"> <a href=\"https:\/\/tank.rast.de\/\" target=\"_blank\">Tank &amp; Rast<\/a><\/span><\/p>\n","protected":false},"excerpt":{"rendered":"<p>Ich verbringe ja auch das ein oder andere Wochenende auf einem Rasthof. Nicht weil es mir Spa\u00df macht, sondern weil schlicht die Zeit nicht reicht,&#8230;<\/p>\n<div class=\"more-link-wrapper\"><a class=\"more-link\" href=\"https:\/\/truckonline.de\/blog\/2014\/02\/15\/platz-da-ein-wanderer-kommt\/\">Sie haben Ihr Ziel fast erreicht.<span class=\"screen-reader-text\">Platz da. Ein Wanderer kommt.<\/span><\/a><\/div>\n","protected":false},"author":3,"featured_media":0,"comment_status":"open","ping_status":"open","sticky":false,"template":"","format":"standard","meta":{"iawp_total_views":2,"_metis_text_type":"","_metis_text_length":0,"_post_count":0,"footnotes":""},"categories":[11,18],"tags":[1883,880],"class_list":["post-4649","post","type-post","status-publish","format-standard","hentry","category-lkw","category-parkplatznot","tag-parkplatznot","tag-raststaetten","ratio-2-1","entry"],"yoast_head":"<!-- This site is optimized with the Yoast SEO plugin v27.5 - https:\/\/yoast.com\/product\/yoast-seo-wordpress\/ -->\n<title>Platz da. Ein Wanderer kommt. | TruckOnline.de<\/title>\n<meta name=\"description\" content=\"Ich verbringe ja auch das ein oder andere Wochenende auf einem Rasthof. Nicht weil es mir Spa\u00df macht, sondern weil schlicht die Zeit nicht reicht, um noch\" \/>\n<meta name=\"robots\" content=\"index, follow, max-snippet:-1, max-image-preview:large, max-video-preview:-1\" \/>\n<link rel=\"canonical\" href=\"https:\/\/truckonline.de\/blog\/2014\/02\/15\/platz-da-ein-wanderer-kommt\/\" \/>\n<meta property=\"og:locale\" content=\"de_DE\" \/>\n<meta property=\"og:type\" content=\"article\" \/>\n<meta property=\"og:title\" content=\"Platz da. Ein Wanderer kommt. | TruckOnline.de\" \/>\n<meta property=\"og:url\" content=\"https:\/\/truckonline.de\/blog\/2014\/02\/15\/platz-da-ein-wanderer-kommt\/\" \/>\n<meta property=\"og:site_name\" content=\"TruckOnline.de\" \/>\n<meta property=\"article:publisher\" content=\"https:\/\/www.facebook.com\/truckblog\" \/>\n<meta property=\"article:author\" content=\"https:\/\/www.facebook.com\/truckblog\" \/>\n<meta property=\"article:published_time\" content=\"2014-02-15T00:14:18+00:00\" \/>\n<meta property=\"article:modified_time\" content=\"2014-02-15T00:15:45+00:00\" \/>\n<meta property=\"og:image\" content=\"https:\/\/truckonline.de\/blog\/wp-content\/uploads\/2019\/12\/IMG_20191229_225424-scaled.jpg\" \/>\n\t<meta property=\"og:image:width\" content=\"2560\" \/>\n\t<meta property=\"og:image:height\" content=\"1920\" \/>\n\t<meta property=\"og:image:type\" content=\"image\/jpeg\" \/>\n<meta name=\"author\" content=\"maik\" \/>\n<meta name=\"twitter:card\" content=\"summary_large_image\" \/>\n<meta name=\"twitter:creator\" content=\"@https:\/\/twitter.com\/truckblog\" \/>\n<meta name=\"twitter:site\" content=\"@truckblog\" \/>\n<meta name=\"twitter:label1\" content=\"Verfasst von\" \/>\n\t<meta name=\"twitter:data1\" content=\"maik\" \/>\n\t<meta name=\"twitter:label2\" content=\"Gesch\u00e4tzte Lesezeit\" \/>\n\t<meta name=\"twitter:data2\" content=\"2\u00a0Minuten\" \/>\n<script type=\"application\/ld+json\" class=\"yoast-schema-graph\">{\"@context\":\"https:\\\/\\\/schema.org\",\"@graph\":[{\"@type\":\"Article\",\"@id\":\"https:\\\/\\\/truckonline.de\\\/blog\\\/2014\\\/02\\\/15\\\/platz-da-ein-wanderer-kommt\\\/#article\",\"isPartOf\":{\"@id\":\"https:\\\/\\\/truckonline.de\\\/blog\\\/2014\\\/02\\\/15\\\/platz-da-ein-wanderer-kommt\\\/\"},\"author\":{\"name\":\"maik\",\"@id\":\"https:\\\/\\\/truckonline.de\\\/blog\\\/#\\\/schema\\\/person\\\/4cb59b86ffde81f882f56439688fda19\"},\"headline\":\"Platz da. Ein Wanderer kommt.\",\"datePublished\":\"2014-02-15T00:14:18+00:00\",\"dateModified\":\"2014-02-15T00:15:45+00:00\",\"mainEntityOfPage\":{\"@id\":\"https:\\\/\\\/truckonline.de\\\/blog\\\/2014\\\/02\\\/15\\\/platz-da-ein-wanderer-kommt\\\/\"},\"wordCount\":479,\"commentCount\":10,\"publisher\":{\"@id\":\"https:\\\/\\\/truckonline.de\\\/blog\\\/#\\\/schema\\\/person\\\/4cb59b86ffde81f882f56439688fda19\"},\"keywords\":[\"Parkplatznot\",\"Rastst\u00e4tten\"],\"articleSection\":[\"Lkw\",\"Parkplatznot\"],\"inLanguage\":\"de\",\"potentialAction\":[{\"@type\":\"CommentAction\",\"name\":\"Comment\",\"target\":[\"https:\\\/\\\/truckonline.de\\\/blog\\\/2014\\\/02\\\/15\\\/platz-da-ein-wanderer-kommt\\\/#respond\"]}]},{\"@type\":\"WebPage\",\"@id\":\"https:\\\/\\\/truckonline.de\\\/blog\\\/2014\\\/02\\\/15\\\/platz-da-ein-wanderer-kommt\\\/\",\"url\":\"https:\\\/\\\/truckonline.de\\\/blog\\\/2014\\\/02\\\/15\\\/platz-da-ein-wanderer-kommt\\\/\",\"name\":\"Platz da. Ein Wanderer kommt. | TruckOnline.de\",\"isPartOf\":{\"@id\":\"https:\\\/\\\/truckonline.de\\\/blog\\\/#website\"},\"datePublished\":\"2014-02-15T00:14:18+00:00\",\"dateModified\":\"2014-02-15T00:15:45+00:00\",\"description\":\"Ich verbringe ja auch das ein oder andere Wochenende auf einem Rasthof. Nicht weil es mir Spa\u00df macht, sondern weil schlicht die Zeit nicht reicht, um noch\",\"breadcrumb\":{\"@id\":\"https:\\\/\\\/truckonline.de\\\/blog\\\/2014\\\/02\\\/15\\\/platz-da-ein-wanderer-kommt\\\/#breadcrumb\"},\"inLanguage\":\"de\",\"potentialAction\":[{\"@type\":\"ReadAction\",\"target\":[\"https:\\\/\\\/truckonline.de\\\/blog\\\/2014\\\/02\\\/15\\\/platz-da-ein-wanderer-kommt\\\/\"]}]},{\"@type\":\"BreadcrumbList\",\"@id\":\"https:\\\/\\\/truckonline.de\\\/blog\\\/2014\\\/02\\\/15\\\/platz-da-ein-wanderer-kommt\\\/#breadcrumb\",\"itemListElement\":[{\"@type\":\"ListItem\",\"position\":1,\"name\":\"Startseite\",\"item\":\"https:\\\/\\\/truckonline.de\\\/blog\\\/\"},{\"@type\":\"ListItem\",\"position\":2,\"name\":\"Platz da. Ein Wanderer kommt.\"}]},{\"@type\":\"WebSite\",\"@id\":\"https:\\\/\\\/truckonline.de\\\/blog\\\/#website\",\"url\":\"https:\\\/\\\/truckonline.de\\\/blog\\\/\",\"name\":\"TruckOnline.de\",\"description\":\"\",\"publisher\":{\"@id\":\"https:\\\/\\\/truckonline.de\\\/blog\\\/#\\\/schema\\\/person\\\/4cb59b86ffde81f882f56439688fda19\"},\"potentialAction\":[{\"@type\":\"SearchAction\",\"target\":{\"@type\":\"EntryPoint\",\"urlTemplate\":\"https:\\\/\\\/truckonline.de\\\/blog\\\/?s={search_term_string}\"},\"query-input\":{\"@type\":\"PropertyValueSpecification\",\"valueRequired\":true,\"valueName\":\"search_term_string\"}}],\"inLanguage\":\"de\"},{\"@type\":[\"Person\",\"Organization\"],\"@id\":\"https:\\\/\\\/truckonline.de\\\/blog\\\/#\\\/schema\\\/person\\\/4cb59b86ffde81f882f56439688fda19\",\"name\":\"maik\",\"image\":{\"@type\":\"ImageObject\",\"inLanguage\":\"de\",\"@id\":\"https:\\\/\\\/truckonline.de\\\/blog\\\/wp-content\\\/uploads\\\/2019\\\/12\\\/logoinnenweiss.png\",\"url\":\"https:\\\/\\\/truckonline.de\\\/blog\\\/wp-content\\\/uploads\\\/2019\\\/12\\\/logoinnenweiss.png\",\"contentUrl\":\"https:\\\/\\\/truckonline.de\\\/blog\\\/wp-content\\\/uploads\\\/2019\\\/12\\\/logoinnenweiss.png\",\"width\":733,\"height\":125,\"caption\":\"maik\"},\"logo\":{\"@id\":\"https:\\\/\\\/truckonline.de\\\/blog\\\/wp-content\\\/uploads\\\/2019\\\/12\\\/logoinnenweiss.png\"},\"sameAs\":[\"https:\\\/\\\/www.facebook.com\\\/truckblog\",\"https:\\\/\\\/www.instagram.com\\\/truck_online\\\/\",\"https:\\\/\\\/x.com\\\/https:\\\/\\\/twitter.com\\\/truckblog\",\"https:\\\/\\\/www.youtube.com\\\/user\\\/truckonline\",\"https:\\\/\\\/www.tumblr.com\\\/truckonline\"]}]}<\/script>\n<!-- \/ Yoast SEO plugin. -->","yoast_head_json":{"title":"Platz da. Ein Wanderer kommt. | TruckOnline.de","description":"Ich verbringe ja auch das ein oder andere Wochenende auf einem Rasthof. Nicht weil es mir Spa\u00df macht, sondern weil schlicht die Zeit nicht reicht, um noch","robots":{"index":"index","follow":"follow","max-snippet":"max-snippet:-1","max-image-preview":"max-image-preview:large","max-video-preview":"max-video-preview:-1"},"canonical":"https:\/\/truckonline.de\/blog\/2014\/02\/15\/platz-da-ein-wanderer-kommt\/","og_locale":"de_DE","og_type":"article","og_title":"Platz da. Ein Wanderer kommt. | TruckOnline.de","og_url":"https:\/\/truckonline.de\/blog\/2014\/02\/15\/platz-da-ein-wanderer-kommt\/","og_site_name":"TruckOnline.de","article_publisher":"https:\/\/www.facebook.com\/truckblog","article_author":"https:\/\/www.facebook.com\/truckblog","article_published_time":"2014-02-15T00:14:18+00:00","article_modified_time":"2014-02-15T00:15:45+00:00","og_image":[{"width":2560,"height":1920,"url":"https:\/\/truckonline.de\/blog\/wp-content\/uploads\/2019\/12\/IMG_20191229_225424-scaled.jpg","type":"image\/jpeg"}],"author":"maik","twitter_card":"summary_large_image","twitter_creator":"@https:\/\/twitter.com\/truckblog","twitter_site":"@truckblog","twitter_misc":{"Verfasst von":"maik","Gesch\u00e4tzte Lesezeit":"2\u00a0Minuten"},"schema":{"@context":"https:\/\/schema.org","@graph":[{"@type":"Article","@id":"https:\/\/truckonline.de\/blog\/2014\/02\/15\/platz-da-ein-wanderer-kommt\/#article","isPartOf":{"@id":"https:\/\/truckonline.de\/blog\/2014\/02\/15\/platz-da-ein-wanderer-kommt\/"},"author":{"name":"maik","@id":"https:\/\/truckonline.de\/blog\/#\/schema\/person\/4cb59b86ffde81f882f56439688fda19"},"headline":"Platz da. Ein Wanderer kommt.","datePublished":"2014-02-15T00:14:18+00:00","dateModified":"2014-02-15T00:15:45+00:00","mainEntityOfPage":{"@id":"https:\/\/truckonline.de\/blog\/2014\/02\/15\/platz-da-ein-wanderer-kommt\/"},"wordCount":479,"commentCount":10,"publisher":{"@id":"https:\/\/truckonline.de\/blog\/#\/schema\/person\/4cb59b86ffde81f882f56439688fda19"},"keywords":["Parkplatznot","Rastst\u00e4tten"],"articleSection":["Lkw","Parkplatznot"],"inLanguage":"de","potentialAction":[{"@type":"CommentAction","name":"Comment","target":["https:\/\/truckonline.de\/blog\/2014\/02\/15\/platz-da-ein-wanderer-kommt\/#respond"]}]},{"@type":"WebPage","@id":"https:\/\/truckonline.de\/blog\/2014\/02\/15\/platz-da-ein-wanderer-kommt\/","url":"https:\/\/truckonline.de\/blog\/2014\/02\/15\/platz-da-ein-wanderer-kommt\/","name":"Platz da. Ein Wanderer kommt. | TruckOnline.de","isPartOf":{"@id":"https:\/\/truckonline.de\/blog\/#website"},"datePublished":"2014-02-15T00:14:18+00:00","dateModified":"2014-02-15T00:15:45+00:00","description":"Ich verbringe ja auch das ein oder andere Wochenende auf einem Rasthof. Nicht weil es mir Spa\u00df macht, sondern weil schlicht die Zeit nicht reicht, um noch","breadcrumb":{"@id":"https:\/\/truckonline.de\/blog\/2014\/02\/15\/platz-da-ein-wanderer-kommt\/#breadcrumb"},"inLanguage":"de","potentialAction":[{"@type":"ReadAction","target":["https:\/\/truckonline.de\/blog\/2014\/02\/15\/platz-da-ein-wanderer-kommt\/"]}]},{"@type":"BreadcrumbList","@id":"https:\/\/truckonline.de\/blog\/2014\/02\/15\/platz-da-ein-wanderer-kommt\/#breadcrumb","itemListElement":[{"@type":"ListItem","position":1,"name":"Startseite","item":"https:\/\/truckonline.de\/blog\/"},{"@type":"ListItem","position":2,"name":"Platz da. Ein Wanderer kommt."}]},{"@type":"WebSite","@id":"https:\/\/truckonline.de\/blog\/#website","url":"https:\/\/truckonline.de\/blog\/","name":"TruckOnline.de","description":"","publisher":{"@id":"https:\/\/truckonline.de\/blog\/#\/schema\/person\/4cb59b86ffde81f882f56439688fda19"},"potentialAction":[{"@type":"SearchAction","target":{"@type":"EntryPoint","urlTemplate":"https:\/\/truckonline.de\/blog\/?s={search_term_string}"},"query-input":{"@type":"PropertyValueSpecification","valueRequired":true,"valueName":"search_term_string"}}],"inLanguage":"de"},{"@type":["Person","Organization"],"@id":"https:\/\/truckonline.de\/blog\/#\/schema\/person\/4cb59b86ffde81f882f56439688fda19","name":"maik","image":{"@type":"ImageObject","inLanguage":"de","@id":"https:\/\/truckonline.de\/blog\/wp-content\/uploads\/2019\/12\/logoinnenweiss.png","url":"https:\/\/truckonline.de\/blog\/wp-content\/uploads\/2019\/12\/logoinnenweiss.png","contentUrl":"https:\/\/truckonline.de\/blog\/wp-content\/uploads\/2019\/12\/logoinnenweiss.png","width":733,"height":125,"caption":"maik"},"logo":{"@id":"https:\/\/truckonline.de\/blog\/wp-content\/uploads\/2019\/12\/logoinnenweiss.png"},"sameAs":["https:\/\/www.facebook.com\/truckblog","https:\/\/www.instagram.com\/truck_online\/","https:\/\/x.com\/https:\/\/twitter.com\/truckblog","https:\/\/www.youtube.com\/user\/truckonline","https:\/\/www.tumblr.com\/truckonline"]}]}},"_links":{"self":[{"href":"https:\/\/truckonline.de\/blog\/wp-json\/wp\/v2\/posts\/4649","targetHints":{"allow":["GET"]}}],"collection":[{"href":"https:\/\/truckonline.de\/blog\/wp-json\/wp\/v2\/posts"}],"about":[{"href":"https:\/\/truckonline.de\/blog\/wp-json\/wp\/v2\/types\/post"}],"author":[{"embeddable":true,"href":"https:\/\/truckonline.de\/blog\/wp-json\/wp\/v2\/users\/3"}],"replies":[{"embeddable":true,"href":"https:\/\/truckonline.de\/blog\/wp-json\/wp\/v2\/comments?post=4649"}],"version-history":[{"count":2,"href":"https:\/\/truckonline.de\/blog\/wp-json\/wp\/v2\/posts\/4649\/revisions"}],"predecessor-version":[{"id":4651,"href":"https:\/\/truckonline.de\/blog\/wp-json\/wp\/v2\/posts\/4649\/revisions\/4651"}],"wp:attachment":[{"href":"https:\/\/truckonline.de\/blog\/wp-json\/wp\/v2\/media?parent=4649"}],"wp:term":[{"taxonomy":"category","embeddable":true,"href":"https:\/\/truckonline.de\/blog\/wp-json\/wp\/v2\/categories?post=4649"},{"taxonomy":"post_tag","embeddable":true,"href":"https:\/\/truckonline.de\/blog\/wp-json\/wp\/v2\/tags?post=4649"}],"curies":[{"name":"wp","href":"https:\/\/api.w.org\/{rel}","templated":true}]}}