{"id":4580,"date":"2014-01-19T01:48:47","date_gmt":"2014-01-19T00:48:47","guid":{"rendered":"https:\/\/truckonline.de\/blog\/?p=4580"},"modified":"2014-01-19T01:52:10","modified_gmt":"2014-01-19T00:52:10","slug":"der-glaube-an-die-zukunft","status":"publish","type":"post","link":"https:\/\/truckonline.de\/blog\/2014\/01\/19\/der-glaube-an-die-zukunft\/","title":{"rendered":"Der Glaube an die Zukunft"},"content":{"rendered":"<p>Lerne ich irgendwo einen f\u00fcr mich neuen Menschen kennen, bin ich erst einmal reserviert. Also zur\u00fcckhaltend. So war es auch bei Udo Skoppeck.<br \/>\nUnser erster Kontakt lief \u00fcbers Telefon. Das war im Februar oder M\u00e4rz letzten Jahres. So genau wei\u00df ich das nicht mehr.<br \/>\nEr hatte einige Monate vorher <a href=\"https:\/\/www.facebook.com\/LkwFahrerUndTrucker?fref=ts\" target=\"_blank\">eine Gruppe auf Facebook<\/a> gegr\u00fcndet, die sich rasant entwickelte. Er nannte diese Gruppe &#8222;<em>LKW Fahrer und Trucker<\/em>&#8222;. Damals hatte diese etwa zehntausend Likes, heute sind es so um die vierzigtausend.<\/p>\n<p>Bereits bei diesem Telefonat hatte er Visionen, bei denen ich nur mit dem Kopf sch\u00fcttelte. Das sagte ich Ihm auch. Er lies sich aber davon nicht abbringen. Nach diesem Gespr\u00e4ch war f\u00fcr einige Wochen oder eher Monate wieder Funkstille zwischen uns.<br \/>\nNat\u00fcrlich beobachtete ich im Hintergrund seine Aktivit\u00e4ten weiter. Ende Februar gr\u00fcndete er <a href=\"https:\/\/www.actie-in-de-transport.org\/\" target=\"_blank\">den deutschen Ableger<\/a> der &#8222;Actie in de Transport&#8220;, ein Vierteljahr sp\u00e4ter organisierte er die <a href=\"https:\/\/truckonline.de\/blog\/2013\/06\/02\/die-actie-sinkt\/\" target=\"_blank\">erste Demonstration gegen Lohndumping<\/a> im Transportgewerbe in Berlin.<br \/>\nAuch nach dieser Demo war ich skeptisch. Ich konnte mir halt nicht vorstellen, dass diese Art von Protest jemals Erfolg haben k\u00f6nnte.<\/p>\n<p>Es folgten aber weitere Veranstaltungen in K\u00f6ln, <a href=\"https:\/\/truckonline.de\/blog\/2013\/09\/02\/demo-in-lubeck\/\" target=\"_blank\">L\u00fcbeck<\/a>, <a href=\"https:\/\/truckonline.de\/blog\/2013\/10\/06\/demo-am-dortmunder-u\/\" target=\"_blank\">Dortmund<\/a> und <a href=\"https:\/\/truckonline.de\/blog\/2013\/11\/17\/es-wird-immer-besser\/\" target=\"_blank\">Aschaffenburg<\/a>. Auf dreien trafen wir uns und redeten mehr oder weniger ausf\u00fchrlich miteinander.<br \/>\nDie n\u00e4chste ist f\u00fcr Ende M\u00e4rz in Dresden geplant. Zwischen diesen Terminen finden immer wieder Regionaltreffen statt. Das alles ist im Grunde auf Udo Skoppecks Beharrlichkeit begr\u00fcndet. Klar, ohne weitere Mitstreiter im Hintergrund geht es nicht. Aber ohne Udo&#8217;s Sturheit w\u00e4re der deutsche Ableger der <em>Actie<\/em> l\u00e4ngst in der Versenkung verschwunden.<\/p>\n<p>Deshalb nehme ich Ihm auch die Aussagen im folgenden Video wirklich ab. Oder anders ausgedr\u00fcckt: Er steht zu dem, was er da sagt.<\/p>\n<p><object width=\"550\" height=\"309\" classid=\"clsid:d27cdb6e-ae6d-11cf-96b8-444553540000\" codebase=\"https:\/\/download.macromedia.com\/pub\/shockwave\/cabs\/flash\/swflash.cab#version=6,0,40,0\"><param name=\"allowFullScreen\" value=\"true\" \/><param name=\"allowscriptaccess\" value=\"always\" \/><param name=\"src\" value=\"\/\/www.youtube.com\/v\/Q7OKCezcH5E?version=3&amp;hl=de_DE&amp;rel=0\" \/><param name=\"allowfullscreen\" value=\"true\" \/><embed width=\"550\" height=\"309\" type=\"application\/x-shockwave-flash\" src=\"\/\/www.youtube.com\/v\/Q7OKCezcH5E?version=3&amp;hl=de_DE&amp;rel=0\" allowFullScreen=\"true\" allowscriptaccess=\"always\" allowfullscreen=\"true\" \/><\/object><\/p>\n<p><span style=\"font-size: x-small;\"><a href=\"https:\/\/youtu.be\/Q7OKCezcH5E\" target=\"_blank\">YouTube Direktlink<\/a><\/span><br \/>\n<span style=\"font-size: x-small;\"> <a href=\"https:\/\/www.actie-in-de-transport.org\/\" target=\"_blank\">Actie in de Transport<\/a><\/span><\/p>\n","protected":false},"excerpt":{"rendered":"<p>Lerne ich irgendwo einen f\u00fcr mich neuen Menschen kennen, bin ich erst einmal reserviert. Also zur\u00fcckhaltend. So war es auch bei Udo Skoppeck. Unser erster&#8230;<\/p>\n<div class=\"more-link-wrapper\"><a class=\"more-link\" href=\"https:\/\/truckonline.de\/blog\/2014\/01\/19\/der-glaube-an-die-zukunft\/\">Sie haben Ihr Ziel fast erreicht.<span class=\"screen-reader-text\">Der Glaube an die Zukunft<\/span><\/a><\/div>\n","protected":false},"author":3,"featured_media":0,"comment_status":"open","ping_status":"open","sticky":false,"template":"","format":"standard","meta":{"iawp_total_views":2,"_metis_text_type":"","_metis_text_length":0,"_post_count":0,"footnotes":""},"categories":[3,77],"tags":[1719,1893],"class_list":["post-4580","post","type-post","status-publish","format-standard","hentry","category-internes","category-video","tag-actie","tag-video","ratio-2-1","entry"],"yoast_head":"<!-- This site is optimized with the Yoast SEO plugin v27.5 - https:\/\/yoast.com\/product\/yoast-seo-wordpress\/ -->\n<title>Der Glaube an die Zukunft<\/title>\n<meta name=\"description\" content=\"Bereits bei diesem Telefonat hatte er Visionen, bei denen ich nur mit dem Kopf sch\u00fcttelte. Das sagte ich Ihm auch. Er lies sich aber davon nicht abbringen.\" \/>\n<meta name=\"robots\" content=\"index, follow, max-snippet:-1, max-image-preview:large, max-video-preview:-1\" \/>\n<link rel=\"canonical\" href=\"https:\/\/truckonline.de\/blog\/2014\/01\/19\/der-glaube-an-die-zukunft\/\" \/>\n<meta property=\"og:locale\" content=\"de_DE\" \/>\n<meta property=\"og:type\" content=\"article\" \/>\n<meta property=\"og:title\" content=\"Der Glaube an die Zukunft\" \/>\n<meta property=\"og:url\" content=\"https:\/\/truckonline.de\/blog\/2014\/01\/19\/der-glaube-an-die-zukunft\/\" \/>\n<meta property=\"og:site_name\" content=\"TruckOnline.de\" \/>\n<meta property=\"article:publisher\" content=\"https:\/\/www.facebook.com\/truckblog\" \/>\n<meta property=\"article:author\" content=\"https:\/\/www.facebook.com\/truckblog\" \/>\n<meta property=\"article:published_time\" content=\"2014-01-19T00:48:47+00:00\" \/>\n<meta property=\"article:modified_time\" content=\"2014-01-19T00:52:10+00:00\" \/>\n<meta property=\"og:image\" content=\"https:\/\/truckonline.de\/blog\/wp-content\/uploads\/2019\/12\/IMG_20191229_225424-scaled.jpg\" \/>\n\t<meta property=\"og:image:width\" content=\"2560\" \/>\n\t<meta property=\"og:image:height\" content=\"1920\" \/>\n\t<meta property=\"og:image:type\" content=\"image\/jpeg\" \/>\n<meta name=\"author\" content=\"maik\" \/>\n<meta name=\"twitter:card\" content=\"summary_large_image\" \/>\n<meta name=\"twitter:creator\" content=\"@https:\/\/twitter.com\/truckblog\" \/>\n<meta name=\"twitter:site\" content=\"@truckblog\" \/>\n<meta name=\"twitter:label1\" content=\"Verfasst von\" \/>\n\t<meta name=\"twitter:data1\" content=\"maik\" \/>\n\t<meta name=\"twitter:label2\" content=\"Gesch\u00e4tzte Lesezeit\" \/>\n\t<meta name=\"twitter:data2\" content=\"2\u00a0Minuten\" \/>\n<script type=\"application\/ld+json\" class=\"yoast-schema-graph\">{\"@context\":\"https:\\\/\\\/schema.org\",\"@graph\":[{\"@type\":\"Article\",\"@id\":\"https:\\\/\\\/truckonline.de\\\/blog\\\/2014\\\/01\\\/19\\\/der-glaube-an-die-zukunft\\\/#article\",\"isPartOf\":{\"@id\":\"https:\\\/\\\/truckonline.de\\\/blog\\\/2014\\\/01\\\/19\\\/der-glaube-an-die-zukunft\\\/\"},\"author\":{\"name\":\"maik\",\"@id\":\"https:\\\/\\\/truckonline.de\\\/blog\\\/#\\\/schema\\\/person\\\/4cb59b86ffde81f882f56439688fda19\"},\"headline\":\"Der Glaube an die Zukunft\",\"datePublished\":\"2014-01-19T00:48:47+00:00\",\"dateModified\":\"2014-01-19T00:52:10+00:00\",\"mainEntityOfPage\":{\"@id\":\"https:\\\/\\\/truckonline.de\\\/blog\\\/2014\\\/01\\\/19\\\/der-glaube-an-die-zukunft\\\/\"},\"wordCount\":307,\"commentCount\":6,\"publisher\":{\"@id\":\"https:\\\/\\\/truckonline.de\\\/blog\\\/#\\\/schema\\\/person\\\/4cb59b86ffde81f882f56439688fda19\"},\"keywords\":[\"Actie\",\"Video\"],\"articleSection\":[\"Internes\",\"Video\"],\"inLanguage\":\"de\",\"potentialAction\":[{\"@type\":\"CommentAction\",\"name\":\"Comment\",\"target\":[\"https:\\\/\\\/truckonline.de\\\/blog\\\/2014\\\/01\\\/19\\\/der-glaube-an-die-zukunft\\\/#respond\"]}]},{\"@type\":\"WebPage\",\"@id\":\"https:\\\/\\\/truckonline.de\\\/blog\\\/2014\\\/01\\\/19\\\/der-glaube-an-die-zukunft\\\/\",\"url\":\"https:\\\/\\\/truckonline.de\\\/blog\\\/2014\\\/01\\\/19\\\/der-glaube-an-die-zukunft\\\/\",\"name\":\"Der Glaube an die Zukunft\",\"isPartOf\":{\"@id\":\"https:\\\/\\\/truckonline.de\\\/blog\\\/#website\"},\"datePublished\":\"2014-01-19T00:48:47+00:00\",\"dateModified\":\"2014-01-19T00:52:10+00:00\",\"description\":\"Bereits bei diesem Telefonat hatte er Visionen, bei denen ich nur mit dem Kopf sch\u00fcttelte. Das sagte ich Ihm auch. Er lies sich aber davon nicht abbringen.\",\"breadcrumb\":{\"@id\":\"https:\\\/\\\/truckonline.de\\\/blog\\\/2014\\\/01\\\/19\\\/der-glaube-an-die-zukunft\\\/#breadcrumb\"},\"inLanguage\":\"de\",\"potentialAction\":[{\"@type\":\"ReadAction\",\"target\":[\"https:\\\/\\\/truckonline.de\\\/blog\\\/2014\\\/01\\\/19\\\/der-glaube-an-die-zukunft\\\/\"]}]},{\"@type\":\"BreadcrumbList\",\"@id\":\"https:\\\/\\\/truckonline.de\\\/blog\\\/2014\\\/01\\\/19\\\/der-glaube-an-die-zukunft\\\/#breadcrumb\",\"itemListElement\":[{\"@type\":\"ListItem\",\"position\":1,\"name\":\"Startseite\",\"item\":\"https:\\\/\\\/truckonline.de\\\/blog\\\/\"},{\"@type\":\"ListItem\",\"position\":2,\"name\":\"Der Glaube an die Zukunft\"}]},{\"@type\":\"WebSite\",\"@id\":\"https:\\\/\\\/truckonline.de\\\/blog\\\/#website\",\"url\":\"https:\\\/\\\/truckonline.de\\\/blog\\\/\",\"name\":\"TruckOnline.de\",\"description\":\"\",\"publisher\":{\"@id\":\"https:\\\/\\\/truckonline.de\\\/blog\\\/#\\\/schema\\\/person\\\/4cb59b86ffde81f882f56439688fda19\"},\"potentialAction\":[{\"@type\":\"SearchAction\",\"target\":{\"@type\":\"EntryPoint\",\"urlTemplate\":\"https:\\\/\\\/truckonline.de\\\/blog\\\/?s={search_term_string}\"},\"query-input\":{\"@type\":\"PropertyValueSpecification\",\"valueRequired\":true,\"valueName\":\"search_term_string\"}}],\"inLanguage\":\"de\"},{\"@type\":[\"Person\",\"Organization\"],\"@id\":\"https:\\\/\\\/truckonline.de\\\/blog\\\/#\\\/schema\\\/person\\\/4cb59b86ffde81f882f56439688fda19\",\"name\":\"maik\",\"image\":{\"@type\":\"ImageObject\",\"inLanguage\":\"de\",\"@id\":\"https:\\\/\\\/truckonline.de\\\/blog\\\/wp-content\\\/uploads\\\/2019\\\/12\\\/logoinnenweiss.png\",\"url\":\"https:\\\/\\\/truckonline.de\\\/blog\\\/wp-content\\\/uploads\\\/2019\\\/12\\\/logoinnenweiss.png\",\"contentUrl\":\"https:\\\/\\\/truckonline.de\\\/blog\\\/wp-content\\\/uploads\\\/2019\\\/12\\\/logoinnenweiss.png\",\"width\":733,\"height\":125,\"caption\":\"maik\"},\"logo\":{\"@id\":\"https:\\\/\\\/truckonline.de\\\/blog\\\/wp-content\\\/uploads\\\/2019\\\/12\\\/logoinnenweiss.png\"},\"sameAs\":[\"https:\\\/\\\/www.facebook.com\\\/truckblog\",\"https:\\\/\\\/www.instagram.com\\\/truck_online\\\/\",\"https:\\\/\\\/x.com\\\/https:\\\/\\\/twitter.com\\\/truckblog\",\"https:\\\/\\\/www.youtube.com\\\/user\\\/truckonline\",\"https:\\\/\\\/www.tumblr.com\\\/truckonline\"]}]}<\/script>\n<!-- \/ Yoast SEO plugin. -->","yoast_head_json":{"title":"Der Glaube an die Zukunft","description":"Bereits bei diesem Telefonat hatte er Visionen, bei denen ich nur mit dem Kopf sch\u00fcttelte. Das sagte ich Ihm auch. Er lies sich aber davon nicht abbringen.","robots":{"index":"index","follow":"follow","max-snippet":"max-snippet:-1","max-image-preview":"max-image-preview:large","max-video-preview":"max-video-preview:-1"},"canonical":"https:\/\/truckonline.de\/blog\/2014\/01\/19\/der-glaube-an-die-zukunft\/","og_locale":"de_DE","og_type":"article","og_title":"Der Glaube an die Zukunft","og_url":"https:\/\/truckonline.de\/blog\/2014\/01\/19\/der-glaube-an-die-zukunft\/","og_site_name":"TruckOnline.de","article_publisher":"https:\/\/www.facebook.com\/truckblog","article_author":"https:\/\/www.facebook.com\/truckblog","article_published_time":"2014-01-19T00:48:47+00:00","article_modified_time":"2014-01-19T00:52:10+00:00","og_image":[{"width":2560,"height":1920,"url":"https:\/\/truckonline.de\/blog\/wp-content\/uploads\/2019\/12\/IMG_20191229_225424-scaled.jpg","type":"image\/jpeg"}],"author":"maik","twitter_card":"summary_large_image","twitter_creator":"@https:\/\/twitter.com\/truckblog","twitter_site":"@truckblog","twitter_misc":{"Verfasst von":"maik","Gesch\u00e4tzte Lesezeit":"2\u00a0Minuten"},"schema":{"@context":"https:\/\/schema.org","@graph":[{"@type":"Article","@id":"https:\/\/truckonline.de\/blog\/2014\/01\/19\/der-glaube-an-die-zukunft\/#article","isPartOf":{"@id":"https:\/\/truckonline.de\/blog\/2014\/01\/19\/der-glaube-an-die-zukunft\/"},"author":{"name":"maik","@id":"https:\/\/truckonline.de\/blog\/#\/schema\/person\/4cb59b86ffde81f882f56439688fda19"},"headline":"Der Glaube an die Zukunft","datePublished":"2014-01-19T00:48:47+00:00","dateModified":"2014-01-19T00:52:10+00:00","mainEntityOfPage":{"@id":"https:\/\/truckonline.de\/blog\/2014\/01\/19\/der-glaube-an-die-zukunft\/"},"wordCount":307,"commentCount":6,"publisher":{"@id":"https:\/\/truckonline.de\/blog\/#\/schema\/person\/4cb59b86ffde81f882f56439688fda19"},"keywords":["Actie","Video"],"articleSection":["Internes","Video"],"inLanguage":"de","potentialAction":[{"@type":"CommentAction","name":"Comment","target":["https:\/\/truckonline.de\/blog\/2014\/01\/19\/der-glaube-an-die-zukunft\/#respond"]}]},{"@type":"WebPage","@id":"https:\/\/truckonline.de\/blog\/2014\/01\/19\/der-glaube-an-die-zukunft\/","url":"https:\/\/truckonline.de\/blog\/2014\/01\/19\/der-glaube-an-die-zukunft\/","name":"Der Glaube an die Zukunft","isPartOf":{"@id":"https:\/\/truckonline.de\/blog\/#website"},"datePublished":"2014-01-19T00:48:47+00:00","dateModified":"2014-01-19T00:52:10+00:00","description":"Bereits bei diesem Telefonat hatte er Visionen, bei denen ich nur mit dem Kopf sch\u00fcttelte. Das sagte ich Ihm auch. Er lies sich aber davon nicht abbringen.","breadcrumb":{"@id":"https:\/\/truckonline.de\/blog\/2014\/01\/19\/der-glaube-an-die-zukunft\/#breadcrumb"},"inLanguage":"de","potentialAction":[{"@type":"ReadAction","target":["https:\/\/truckonline.de\/blog\/2014\/01\/19\/der-glaube-an-die-zukunft\/"]}]},{"@type":"BreadcrumbList","@id":"https:\/\/truckonline.de\/blog\/2014\/01\/19\/der-glaube-an-die-zukunft\/#breadcrumb","itemListElement":[{"@type":"ListItem","position":1,"name":"Startseite","item":"https:\/\/truckonline.de\/blog\/"},{"@type":"ListItem","position":2,"name":"Der Glaube an die Zukunft"}]},{"@type":"WebSite","@id":"https:\/\/truckonline.de\/blog\/#website","url":"https:\/\/truckonline.de\/blog\/","name":"TruckOnline.de","description":"","publisher":{"@id":"https:\/\/truckonline.de\/blog\/#\/schema\/person\/4cb59b86ffde81f882f56439688fda19"},"potentialAction":[{"@type":"SearchAction","target":{"@type":"EntryPoint","urlTemplate":"https:\/\/truckonline.de\/blog\/?s={search_term_string}"},"query-input":{"@type":"PropertyValueSpecification","valueRequired":true,"valueName":"search_term_string"}}],"inLanguage":"de"},{"@type":["Person","Organization"],"@id":"https:\/\/truckonline.de\/blog\/#\/schema\/person\/4cb59b86ffde81f882f56439688fda19","name":"maik","image":{"@type":"ImageObject","inLanguage":"de","@id":"https:\/\/truckonline.de\/blog\/wp-content\/uploads\/2019\/12\/logoinnenweiss.png","url":"https:\/\/truckonline.de\/blog\/wp-content\/uploads\/2019\/12\/logoinnenweiss.png","contentUrl":"https:\/\/truckonline.de\/blog\/wp-content\/uploads\/2019\/12\/logoinnenweiss.png","width":733,"height":125,"caption":"maik"},"logo":{"@id":"https:\/\/truckonline.de\/blog\/wp-content\/uploads\/2019\/12\/logoinnenweiss.png"},"sameAs":["https:\/\/www.facebook.com\/truckblog","https:\/\/www.instagram.com\/truck_online\/","https:\/\/x.com\/https:\/\/twitter.com\/truckblog","https:\/\/www.youtube.com\/user\/truckonline","https:\/\/www.tumblr.com\/truckonline"]}]}},"_links":{"self":[{"href":"https:\/\/truckonline.de\/blog\/wp-json\/wp\/v2\/posts\/4580","targetHints":{"allow":["GET"]}}],"collection":[{"href":"https:\/\/truckonline.de\/blog\/wp-json\/wp\/v2\/posts"}],"about":[{"href":"https:\/\/truckonline.de\/blog\/wp-json\/wp\/v2\/types\/post"}],"author":[{"embeddable":true,"href":"https:\/\/truckonline.de\/blog\/wp-json\/wp\/v2\/users\/3"}],"replies":[{"embeddable":true,"href":"https:\/\/truckonline.de\/blog\/wp-json\/wp\/v2\/comments?post=4580"}],"version-history":[{"count":5,"href":"https:\/\/truckonline.de\/blog\/wp-json\/wp\/v2\/posts\/4580\/revisions"}],"predecessor-version":[{"id":4585,"href":"https:\/\/truckonline.de\/blog\/wp-json\/wp\/v2\/posts\/4580\/revisions\/4585"}],"wp:attachment":[{"href":"https:\/\/truckonline.de\/blog\/wp-json\/wp\/v2\/media?parent=4580"}],"wp:term":[{"taxonomy":"category","embeddable":true,"href":"https:\/\/truckonline.de\/blog\/wp-json\/wp\/v2\/categories?post=4580"},{"taxonomy":"post_tag","embeddable":true,"href":"https:\/\/truckonline.de\/blog\/wp-json\/wp\/v2\/tags?post=4580"}],"curies":[{"name":"wp","href":"https:\/\/api.w.org\/{rel}","templated":true}]}}