{"id":4556,"date":"2014-01-09T22:36:42","date_gmt":"2014-01-09T21:36:42","guid":{"rendered":"https:\/\/truckonline.de\/blog\/?p=4556"},"modified":"2014-01-11T02:42:33","modified_gmt":"2014-01-11T01:42:33","slug":"4556","status":"publish","type":"post","link":"https:\/\/truckonline.de\/blog\/2014\/01\/09\/4556\/","title":{"rendered":"Sonne in der Nacht"},"content":{"rendered":"<p>Diese Nacht verbringe ich auf einer Rastst\u00e4tte in Oberbayern. Stehen tue ich relativ gut, links ist eine Gr\u00fcnfl\u00e4che, rechts die Ausfahrt zur Autobahn. Platz f\u00fcr einen weiteren Lkw ist somit eigentlich nicht mehr.<\/p>\n<p>Es sei denn, eine grinsende Sonne prankt auf dessen Plane. Fast zehn Minuten brauchte der Ungar, um zentimetergenau neben mir einzuparken.<br \/>\nDas ich morgen fr\u00fch nicht weg komme, er nur noch \u00fcber die Beifahrerseite aussteigen kann und der Verkehr zur Autobahn \u00fcber eine Bordsteinkante holbern muss, spielt keine Rolle. Er hat einen Platz f\u00fcr die Nacht gefunden und ist zufrieden.<\/p>\n<p>Mal schaun, ob er das morgen fr\u00fch um f\u00fcnf auch noch ist. Dann beginnt mein Arbeitstag und um weiter fahren zu k\u00f6nnen, muss ich Ihn wecken. Oder seinen linken Spiegel opfern.<\/p>\n<p><span style=\"font-size: x-small;\"><a href=\"https:\/\/www.waberers.com\/\" target=\"_blank\">Waberers International<\/a><\/span><\/p>\n","protected":false},"excerpt":{"rendered":"<p>Diese Nacht verbringe ich auf einer Rastst\u00e4tte in Oberbayern. Stehen tue ich relativ gut, links ist eine Gr\u00fcnfl\u00e4che, rechts die Ausfahrt zur Autobahn. Platz f\u00fcr&#8230;<\/p>\n<div class=\"more-link-wrapper\"><a class=\"more-link\" href=\"https:\/\/truckonline.de\/blog\/2014\/01\/09\/4556\/\">Sie haben Ihr Ziel fast erreicht.<span class=\"screen-reader-text\">Sonne in der Nacht<\/span><\/a><\/div>\n","protected":false},"author":3,"featured_media":0,"comment_status":"open","ping_status":"open","sticky":false,"template":"","format":"standard","meta":{"iawp_total_views":1,"_metis_text_type":"","_metis_text_length":0,"_post_count":0,"footnotes":""},"categories":[11,18,24],"tags":[432,1738],"class_list":["post-4556","post","type-post","status-publish","format-standard","hentry","category-lkw","category-parkplatznot","category-unterwegs","tag-parken","tag-waberers","ratio-2-1","entry"],"yoast_head":"<!-- This site is optimized with the Yoast SEO plugin v27.5 - https:\/\/yoast.com\/product\/yoast-seo-wordpress\/ -->\n<title>Sonne in der Nacht | TruckOnline.de<\/title>\n<meta name=\"description\" content=\"Diese Nacht verbringe ich auf einer Rastst\u00e4tte in Oberbayern. Stehen tue ich relativ gut, links ist eine Gr\u00fcnfl\u00e4che, rechts die Ausfahrt zur Autobahn.\" \/>\n<meta name=\"robots\" content=\"index, follow, max-snippet:-1, max-image-preview:large, max-video-preview:-1\" \/>\n<link rel=\"canonical\" href=\"https:\/\/truckonline.de\/blog\/2014\/01\/09\/4556\/\" \/>\n<meta property=\"og:locale\" content=\"de_DE\" \/>\n<meta property=\"og:type\" content=\"article\" \/>\n<meta property=\"og:title\" content=\"Sonne in der Nacht | TruckOnline.de\" \/>\n<meta property=\"og:url\" content=\"https:\/\/truckonline.de\/blog\/2014\/01\/09\/4556\/\" \/>\n<meta property=\"og:site_name\" content=\"TruckOnline.de\" \/>\n<meta property=\"article:publisher\" content=\"https:\/\/www.facebook.com\/truckblog\" \/>\n<meta property=\"article:author\" content=\"https:\/\/www.facebook.com\/truckblog\" \/>\n<meta property=\"article:published_time\" content=\"2014-01-09T21:36:42+00:00\" \/>\n<meta property=\"article:modified_time\" content=\"2014-01-11T01:42:33+00:00\" \/>\n<meta property=\"og:image\" content=\"https:\/\/truckonline.de\/blog\/wp-content\/uploads\/2019\/12\/IMG_20191229_225424-scaled.jpg\" \/>\n\t<meta property=\"og:image:width\" content=\"2560\" \/>\n\t<meta property=\"og:image:height\" content=\"1920\" \/>\n\t<meta property=\"og:image:type\" content=\"image\/jpeg\" \/>\n<meta name=\"author\" content=\"maik\" \/>\n<meta name=\"twitter:card\" content=\"summary_large_image\" \/>\n<meta name=\"twitter:creator\" content=\"@https:\/\/twitter.com\/truckblog\" \/>\n<meta name=\"twitter:site\" content=\"@truckblog\" \/>\n<meta name=\"twitter:label1\" content=\"Verfasst von\" \/>\n\t<meta name=\"twitter:data1\" content=\"maik\" \/>\n\t<meta name=\"twitter:label2\" content=\"Gesch\u00e4tzte Lesezeit\" \/>\n\t<meta name=\"twitter:data2\" content=\"1\u00a0Minute\" \/>\n<script type=\"application\/ld+json\" class=\"yoast-schema-graph\">{\"@context\":\"https:\\\/\\\/schema.org\",\"@graph\":[{\"@type\":\"Article\",\"@id\":\"https:\\\/\\\/truckonline.de\\\/blog\\\/2014\\\/01\\\/09\\\/4556\\\/#article\",\"isPartOf\":{\"@id\":\"https:\\\/\\\/truckonline.de\\\/blog\\\/2014\\\/01\\\/09\\\/4556\\\/\"},\"author\":{\"name\":\"maik\",\"@id\":\"https:\\\/\\\/truckonline.de\\\/blog\\\/#\\\/schema\\\/person\\\/4cb59b86ffde81f882f56439688fda19\"},\"headline\":\"Sonne in der Nacht\",\"datePublished\":\"2014-01-09T21:36:42+00:00\",\"dateModified\":\"2014-01-11T01:42:33+00:00\",\"mainEntityOfPage\":{\"@id\":\"https:\\\/\\\/truckonline.de\\\/blog\\\/2014\\\/01\\\/09\\\/4556\\\/\"},\"wordCount\":139,\"commentCount\":1,\"publisher\":{\"@id\":\"https:\\\/\\\/truckonline.de\\\/blog\\\/#\\\/schema\\\/person\\\/4cb59b86ffde81f882f56439688fda19\"},\"keywords\":[\"Parken\",\"Waberers\"],\"articleSection\":[\"Lkw\",\"Parkplatznot\",\"Unterwegs\"],\"inLanguage\":\"de\",\"potentialAction\":[{\"@type\":\"CommentAction\",\"name\":\"Comment\",\"target\":[\"https:\\\/\\\/truckonline.de\\\/blog\\\/2014\\\/01\\\/09\\\/4556\\\/#respond\"]}]},{\"@type\":\"WebPage\",\"@id\":\"https:\\\/\\\/truckonline.de\\\/blog\\\/2014\\\/01\\\/09\\\/4556\\\/\",\"url\":\"https:\\\/\\\/truckonline.de\\\/blog\\\/2014\\\/01\\\/09\\\/4556\\\/\",\"name\":\"Sonne in der Nacht | TruckOnline.de\",\"isPartOf\":{\"@id\":\"https:\\\/\\\/truckonline.de\\\/blog\\\/#website\"},\"datePublished\":\"2014-01-09T21:36:42+00:00\",\"dateModified\":\"2014-01-11T01:42:33+00:00\",\"description\":\"Diese Nacht verbringe ich auf einer Rastst\u00e4tte in Oberbayern. Stehen tue ich relativ gut, links ist eine Gr\u00fcnfl\u00e4che, rechts die Ausfahrt zur Autobahn.\",\"breadcrumb\":{\"@id\":\"https:\\\/\\\/truckonline.de\\\/blog\\\/2014\\\/01\\\/09\\\/4556\\\/#breadcrumb\"},\"inLanguage\":\"de\",\"potentialAction\":[{\"@type\":\"ReadAction\",\"target\":[\"https:\\\/\\\/truckonline.de\\\/blog\\\/2014\\\/01\\\/09\\\/4556\\\/\"]}]},{\"@type\":\"BreadcrumbList\",\"@id\":\"https:\\\/\\\/truckonline.de\\\/blog\\\/2014\\\/01\\\/09\\\/4556\\\/#breadcrumb\",\"itemListElement\":[{\"@type\":\"ListItem\",\"position\":1,\"name\":\"Startseite\",\"item\":\"https:\\\/\\\/truckonline.de\\\/blog\\\/\"},{\"@type\":\"ListItem\",\"position\":2,\"name\":\"Sonne in der Nacht\"}]},{\"@type\":\"WebSite\",\"@id\":\"https:\\\/\\\/truckonline.de\\\/blog\\\/#website\",\"url\":\"https:\\\/\\\/truckonline.de\\\/blog\\\/\",\"name\":\"TruckOnline.de\",\"description\":\"\",\"publisher\":{\"@id\":\"https:\\\/\\\/truckonline.de\\\/blog\\\/#\\\/schema\\\/person\\\/4cb59b86ffde81f882f56439688fda19\"},\"potentialAction\":[{\"@type\":\"SearchAction\",\"target\":{\"@type\":\"EntryPoint\",\"urlTemplate\":\"https:\\\/\\\/truckonline.de\\\/blog\\\/?s={search_term_string}\"},\"query-input\":{\"@type\":\"PropertyValueSpecification\",\"valueRequired\":true,\"valueName\":\"search_term_string\"}}],\"inLanguage\":\"de\"},{\"@type\":[\"Person\",\"Organization\"],\"@id\":\"https:\\\/\\\/truckonline.de\\\/blog\\\/#\\\/schema\\\/person\\\/4cb59b86ffde81f882f56439688fda19\",\"name\":\"maik\",\"image\":{\"@type\":\"ImageObject\",\"inLanguage\":\"de\",\"@id\":\"https:\\\/\\\/truckonline.de\\\/blog\\\/wp-content\\\/uploads\\\/2019\\\/12\\\/logoinnenweiss.png\",\"url\":\"https:\\\/\\\/truckonline.de\\\/blog\\\/wp-content\\\/uploads\\\/2019\\\/12\\\/logoinnenweiss.png\",\"contentUrl\":\"https:\\\/\\\/truckonline.de\\\/blog\\\/wp-content\\\/uploads\\\/2019\\\/12\\\/logoinnenweiss.png\",\"width\":733,\"height\":125,\"caption\":\"maik\"},\"logo\":{\"@id\":\"https:\\\/\\\/truckonline.de\\\/blog\\\/wp-content\\\/uploads\\\/2019\\\/12\\\/logoinnenweiss.png\"},\"sameAs\":[\"https:\\\/\\\/www.facebook.com\\\/truckblog\",\"https:\\\/\\\/www.instagram.com\\\/truck_online\\\/\",\"https:\\\/\\\/x.com\\\/https:\\\/\\\/twitter.com\\\/truckblog\",\"https:\\\/\\\/www.youtube.com\\\/user\\\/truckonline\",\"https:\\\/\\\/www.tumblr.com\\\/truckonline\"]}]}<\/script>\n<!-- \/ Yoast SEO plugin. -->","yoast_head_json":{"title":"Sonne in der Nacht | TruckOnline.de","description":"Diese Nacht verbringe ich auf einer Rastst\u00e4tte in Oberbayern. Stehen tue ich relativ gut, links ist eine Gr\u00fcnfl\u00e4che, rechts die Ausfahrt zur Autobahn.","robots":{"index":"index","follow":"follow","max-snippet":"max-snippet:-1","max-image-preview":"max-image-preview:large","max-video-preview":"max-video-preview:-1"},"canonical":"https:\/\/truckonline.de\/blog\/2014\/01\/09\/4556\/","og_locale":"de_DE","og_type":"article","og_title":"Sonne in der Nacht | TruckOnline.de","og_url":"https:\/\/truckonline.de\/blog\/2014\/01\/09\/4556\/","og_site_name":"TruckOnline.de","article_publisher":"https:\/\/www.facebook.com\/truckblog","article_author":"https:\/\/www.facebook.com\/truckblog","article_published_time":"2014-01-09T21:36:42+00:00","article_modified_time":"2014-01-11T01:42:33+00:00","og_image":[{"width":2560,"height":1920,"url":"https:\/\/truckonline.de\/blog\/wp-content\/uploads\/2019\/12\/IMG_20191229_225424-scaled.jpg","type":"image\/jpeg"}],"author":"maik","twitter_card":"summary_large_image","twitter_creator":"@https:\/\/twitter.com\/truckblog","twitter_site":"@truckblog","twitter_misc":{"Verfasst von":"maik","Gesch\u00e4tzte Lesezeit":"1\u00a0Minute"},"schema":{"@context":"https:\/\/schema.org","@graph":[{"@type":"Article","@id":"https:\/\/truckonline.de\/blog\/2014\/01\/09\/4556\/#article","isPartOf":{"@id":"https:\/\/truckonline.de\/blog\/2014\/01\/09\/4556\/"},"author":{"name":"maik","@id":"https:\/\/truckonline.de\/blog\/#\/schema\/person\/4cb59b86ffde81f882f56439688fda19"},"headline":"Sonne in der Nacht","datePublished":"2014-01-09T21:36:42+00:00","dateModified":"2014-01-11T01:42:33+00:00","mainEntityOfPage":{"@id":"https:\/\/truckonline.de\/blog\/2014\/01\/09\/4556\/"},"wordCount":139,"commentCount":1,"publisher":{"@id":"https:\/\/truckonline.de\/blog\/#\/schema\/person\/4cb59b86ffde81f882f56439688fda19"},"keywords":["Parken","Waberers"],"articleSection":["Lkw","Parkplatznot","Unterwegs"],"inLanguage":"de","potentialAction":[{"@type":"CommentAction","name":"Comment","target":["https:\/\/truckonline.de\/blog\/2014\/01\/09\/4556\/#respond"]}]},{"@type":"WebPage","@id":"https:\/\/truckonline.de\/blog\/2014\/01\/09\/4556\/","url":"https:\/\/truckonline.de\/blog\/2014\/01\/09\/4556\/","name":"Sonne in der Nacht | TruckOnline.de","isPartOf":{"@id":"https:\/\/truckonline.de\/blog\/#website"},"datePublished":"2014-01-09T21:36:42+00:00","dateModified":"2014-01-11T01:42:33+00:00","description":"Diese Nacht verbringe ich auf einer Rastst\u00e4tte in Oberbayern. Stehen tue ich relativ gut, links ist eine Gr\u00fcnfl\u00e4che, rechts die Ausfahrt zur Autobahn.","breadcrumb":{"@id":"https:\/\/truckonline.de\/blog\/2014\/01\/09\/4556\/#breadcrumb"},"inLanguage":"de","potentialAction":[{"@type":"ReadAction","target":["https:\/\/truckonline.de\/blog\/2014\/01\/09\/4556\/"]}]},{"@type":"BreadcrumbList","@id":"https:\/\/truckonline.de\/blog\/2014\/01\/09\/4556\/#breadcrumb","itemListElement":[{"@type":"ListItem","position":1,"name":"Startseite","item":"https:\/\/truckonline.de\/blog\/"},{"@type":"ListItem","position":2,"name":"Sonne in der Nacht"}]},{"@type":"WebSite","@id":"https:\/\/truckonline.de\/blog\/#website","url":"https:\/\/truckonline.de\/blog\/","name":"TruckOnline.de","description":"","publisher":{"@id":"https:\/\/truckonline.de\/blog\/#\/schema\/person\/4cb59b86ffde81f882f56439688fda19"},"potentialAction":[{"@type":"SearchAction","target":{"@type":"EntryPoint","urlTemplate":"https:\/\/truckonline.de\/blog\/?s={search_term_string}"},"query-input":{"@type":"PropertyValueSpecification","valueRequired":true,"valueName":"search_term_string"}}],"inLanguage":"de"},{"@type":["Person","Organization"],"@id":"https:\/\/truckonline.de\/blog\/#\/schema\/person\/4cb59b86ffde81f882f56439688fda19","name":"maik","image":{"@type":"ImageObject","inLanguage":"de","@id":"https:\/\/truckonline.de\/blog\/wp-content\/uploads\/2019\/12\/logoinnenweiss.png","url":"https:\/\/truckonline.de\/blog\/wp-content\/uploads\/2019\/12\/logoinnenweiss.png","contentUrl":"https:\/\/truckonline.de\/blog\/wp-content\/uploads\/2019\/12\/logoinnenweiss.png","width":733,"height":125,"caption":"maik"},"logo":{"@id":"https:\/\/truckonline.de\/blog\/wp-content\/uploads\/2019\/12\/logoinnenweiss.png"},"sameAs":["https:\/\/www.facebook.com\/truckblog","https:\/\/www.instagram.com\/truck_online\/","https:\/\/x.com\/https:\/\/twitter.com\/truckblog","https:\/\/www.youtube.com\/user\/truckonline","https:\/\/www.tumblr.com\/truckonline"]}]}},"_links":{"self":[{"href":"https:\/\/truckonline.de\/blog\/wp-json\/wp\/v2\/posts\/4556","targetHints":{"allow":["GET"]}}],"collection":[{"href":"https:\/\/truckonline.de\/blog\/wp-json\/wp\/v2\/posts"}],"about":[{"href":"https:\/\/truckonline.de\/blog\/wp-json\/wp\/v2\/types\/post"}],"author":[{"embeddable":true,"href":"https:\/\/truckonline.de\/blog\/wp-json\/wp\/v2\/users\/3"}],"replies":[{"embeddable":true,"href":"https:\/\/truckonline.de\/blog\/wp-json\/wp\/v2\/comments?post=4556"}],"version-history":[{"count":3,"href":"https:\/\/truckonline.de\/blog\/wp-json\/wp\/v2\/posts\/4556\/revisions"}],"predecessor-version":[{"id":4563,"href":"https:\/\/truckonline.de\/blog\/wp-json\/wp\/v2\/posts\/4556\/revisions\/4563"}],"wp:attachment":[{"href":"https:\/\/truckonline.de\/blog\/wp-json\/wp\/v2\/media?parent=4556"}],"wp:term":[{"taxonomy":"category","embeddable":true,"href":"https:\/\/truckonline.de\/blog\/wp-json\/wp\/v2\/categories?post=4556"},{"taxonomy":"post_tag","embeddable":true,"href":"https:\/\/truckonline.de\/blog\/wp-json\/wp\/v2\/tags?post=4556"}],"curies":[{"name":"wp","href":"https:\/\/api.w.org\/{rel}","templated":true}]}}