{"id":4463,"date":"2013-12-15T02:26:26","date_gmt":"2013-12-15T01:26:26","guid":{"rendered":"https:\/\/truckonline.de\/blog\/?p=4463"},"modified":"2013-12-15T02:26:26","modified_gmt":"2013-12-15T01:26:26","slug":"dobrindt-wird-digital","status":"publish","type":"post","link":"https:\/\/truckonline.de\/blog\/2013\/12\/15\/dobrindt-wird-digital\/","title":{"rendered":"Dobrindt wird digital"},"content":{"rendered":"<p>Ein studierter Soziologe <a href=\"https:\/\/www.zeit.de\/politik\/deutschland\/2013-12\/ministerposten-werden-verteilt\" target=\"_blank\">wird neuer Verkehrsminister<\/a>:<\/p>\n<blockquote><p>Der bisherige CSU-Generalsekret\u00e4r Alexander Dobrindt wird neuer Verkehrsminister in der gro\u00dfen Koalition.<\/p><\/blockquote>\n<p>Na ja, nicht nur. Er wird eine Art zweiter kleiner Superminister. Das Verkehrsministerium wird zum Infrastrukturministerium ausgebaut. Dobrindt soll sich dann nicht nur um die realen Autobahnen k\u00fcmmern, sondern auch noch um die Datenautobahnen &#8211; also die Einf\u00fchrung des schnellen Internets.<br \/>\nDamit hat er hoffentlich genug zu tun. Zumindest so viel, um nicht auf so dumme Gedanken zu kommen, wie sein Vorg\u00e4nger Ramsi Ramsauer. Der forderte ja vor einiger Zeit u.a. <a href=\"https:\/\/www.spiegel.de\/video\/elefantenrennen-ramsauer-will-mehr-ueberholverbote-fuer-lkw-video-1059421.html\" target=\"_blank\">mehr Lkw-\u00dcberholverbote<\/a> auf deutschen Autobahnen &#8211; und das nur, weil der sich \u00fcber <strong>einen<\/strong> Lastwagen \u00e4rgerte, der die \u00dcberholspur f\u00fcnf Kilometer lang blockierte.<\/p>\n<p>Aber auch <a href=\"https:\/\/www.alexander-dobrindt.de\/\" target=\"_blank\">Dobrindt<\/a> p\u00f6belt ja gerne. So sagte er \u00fcber die Gr\u00fcnen:<\/p>\n<blockquote><p>Die Gr\u00fcnen sind keine Partei, sondern der politische Arm von Krawallmachern, Steinwerfern und Brandstiftern<\/p><\/blockquote>\n<p><span style=\"font-size: x-small;\">(Quelle: Hamburger Abendblatt)<\/span><\/p>\n<p>Solche Spr\u00fcche finde ich erheiternd. Es w\u00e4re sch\u00f6n, wenn er auch als Verkehrsmin&#8230;, oh sorry, kleiner Superminister, diese nicht unterdr\u00fccken w\u00fcrde. Schlie\u00dflich m\u00f6chte ich Ihn auch mal als &#8222;<em>TobRind<\/em>&#8220; bezeichnen d\u00fcrfen. Ein bissel mosern wird wohl noch erlaubt sein.<\/p>\n<p><span style=\"font-size: x-small;\"><a href=\"https:\/\/www.alexander-dobrindt.de\/\" target=\"_blank\">AlexanderDobrindt.de<\/a><\/span><br \/>\n<span style=\"font-size: x-small;\"> <a href=\"https:\/\/www.bmvbs.de\/DE\/Home\/home_node.html\" target=\"_blank\">Verkehrsministerium<\/a><\/span><\/p>\n","protected":false},"excerpt":{"rendered":"<p>Ein studierter Soziologe wird neuer Verkehrsminister: Der bisherige CSU-Generalsekret\u00e4r Alexander Dobrindt wird neuer Verkehrsminister in der gro\u00dfen Koalition. Na ja, nicht nur. Er wird eine&#8230;<\/p>\n<div class=\"more-link-wrapper\"><a class=\"more-link\" href=\"https:\/\/truckonline.de\/blog\/2013\/12\/15\/dobrindt-wird-digital\/\">Sie haben Ihr Ziel fast erreicht.<span class=\"screen-reader-text\">Dobrindt wird digital<\/span><\/a><\/div>\n","protected":false},"author":3,"featured_media":0,"comment_status":"open","ping_status":"open","sticky":false,"template":"","format":"standard","meta":{"iawp_total_views":1,"_metis_text_type":"","_metis_text_length":0,"_post_count":0,"footnotes":""},"categories":[185],"tags":[39,1324],"class_list":["post-4463","post","type-post","status-publish","format-standard","hentry","category-gedanken","tag-politik","tag-verkehrsminister","ratio-2-1","entry"],"yoast_head":"<!-- This site is optimized with the Yoast SEO plugin v27.5 - https:\/\/yoast.com\/product\/yoast-seo-wordpress\/ -->\n<title>Dobrindt wird digital | TruckOnline.de<\/title>\n<meta name=\"description\" content=\"Ein studierter Soziologe wird neuer Verkehrsminister: Der bisherige CSU-Generalsekret\u00e4r Alexander Dobrindt wird neuer Verkehrsminister in der gro\u00dfen\" \/>\n<meta name=\"robots\" content=\"index, follow, max-snippet:-1, max-image-preview:large, max-video-preview:-1\" \/>\n<link rel=\"canonical\" href=\"https:\/\/truckonline.de\/blog\/2013\/12\/15\/dobrindt-wird-digital\/\" \/>\n<meta property=\"og:locale\" content=\"de_DE\" \/>\n<meta property=\"og:type\" content=\"article\" \/>\n<meta property=\"og:title\" content=\"Dobrindt wird digital | TruckOnline.de\" \/>\n<meta property=\"og:url\" content=\"https:\/\/truckonline.de\/blog\/2013\/12\/15\/dobrindt-wird-digital\/\" \/>\n<meta property=\"og:site_name\" content=\"TruckOnline.de\" \/>\n<meta property=\"article:publisher\" content=\"https:\/\/www.facebook.com\/truckblog\" \/>\n<meta property=\"article:author\" content=\"https:\/\/www.facebook.com\/truckblog\" \/>\n<meta property=\"article:published_time\" content=\"2013-12-15T01:26:26+00:00\" \/>\n<meta property=\"og:image\" content=\"https:\/\/truckonline.de\/blog\/wp-content\/uploads\/2019\/12\/IMG_20191229_225424-scaled.jpg\" \/>\n\t<meta property=\"og:image:width\" content=\"2560\" \/>\n\t<meta property=\"og:image:height\" content=\"1920\" \/>\n\t<meta property=\"og:image:type\" content=\"image\/jpeg\" \/>\n<meta name=\"author\" content=\"maik\" \/>\n<meta name=\"twitter:card\" content=\"summary_large_image\" \/>\n<meta name=\"twitter:creator\" content=\"@https:\/\/twitter.com\/truckblog\" \/>\n<meta name=\"twitter:site\" content=\"@truckblog\" \/>\n<meta name=\"twitter:label1\" content=\"Verfasst von\" \/>\n\t<meta name=\"twitter:data1\" content=\"maik\" \/>\n\t<meta name=\"twitter:label2\" content=\"Gesch\u00e4tzte Lesezeit\" \/>\n\t<meta name=\"twitter:data2\" content=\"1\u00a0Minute\" \/>\n<script type=\"application\/ld+json\" class=\"yoast-schema-graph\">{\"@context\":\"https:\\\/\\\/schema.org\",\"@graph\":[{\"@type\":\"Article\",\"@id\":\"https:\\\/\\\/truckonline.de\\\/blog\\\/2013\\\/12\\\/15\\\/dobrindt-wird-digital\\\/#article\",\"isPartOf\":{\"@id\":\"https:\\\/\\\/truckonline.de\\\/blog\\\/2013\\\/12\\\/15\\\/dobrindt-wird-digital\\\/\"},\"author\":{\"name\":\"maik\",\"@id\":\"https:\\\/\\\/truckonline.de\\\/blog\\\/#\\\/schema\\\/person\\\/4cb59b86ffde81f882f56439688fda19\"},\"headline\":\"Dobrindt wird digital\",\"datePublished\":\"2013-12-15T01:26:26+00:00\",\"mainEntityOfPage\":{\"@id\":\"https:\\\/\\\/truckonline.de\\\/blog\\\/2013\\\/12\\\/15\\\/dobrindt-wird-digital\\\/\"},\"wordCount\":205,\"commentCount\":2,\"publisher\":{\"@id\":\"https:\\\/\\\/truckonline.de\\\/blog\\\/#\\\/schema\\\/person\\\/4cb59b86ffde81f882f56439688fda19\"},\"keywords\":[\"Politik\",\"Verkehrsminister\"],\"articleSection\":[\"Gedanken\"],\"inLanguage\":\"de\",\"potentialAction\":[{\"@type\":\"CommentAction\",\"name\":\"Comment\",\"target\":[\"https:\\\/\\\/truckonline.de\\\/blog\\\/2013\\\/12\\\/15\\\/dobrindt-wird-digital\\\/#respond\"]}]},{\"@type\":\"WebPage\",\"@id\":\"https:\\\/\\\/truckonline.de\\\/blog\\\/2013\\\/12\\\/15\\\/dobrindt-wird-digital\\\/\",\"url\":\"https:\\\/\\\/truckonline.de\\\/blog\\\/2013\\\/12\\\/15\\\/dobrindt-wird-digital\\\/\",\"name\":\"Dobrindt wird digital | TruckOnline.de\",\"isPartOf\":{\"@id\":\"https:\\\/\\\/truckonline.de\\\/blog\\\/#website\"},\"datePublished\":\"2013-12-15T01:26:26+00:00\",\"description\":\"Ein studierter Soziologe wird neuer Verkehrsminister: Der bisherige CSU-Generalsekret\u00e4r Alexander Dobrindt wird neuer Verkehrsminister in der gro\u00dfen\",\"breadcrumb\":{\"@id\":\"https:\\\/\\\/truckonline.de\\\/blog\\\/2013\\\/12\\\/15\\\/dobrindt-wird-digital\\\/#breadcrumb\"},\"inLanguage\":\"de\",\"potentialAction\":[{\"@type\":\"ReadAction\",\"target\":[\"https:\\\/\\\/truckonline.de\\\/blog\\\/2013\\\/12\\\/15\\\/dobrindt-wird-digital\\\/\"]}]},{\"@type\":\"BreadcrumbList\",\"@id\":\"https:\\\/\\\/truckonline.de\\\/blog\\\/2013\\\/12\\\/15\\\/dobrindt-wird-digital\\\/#breadcrumb\",\"itemListElement\":[{\"@type\":\"ListItem\",\"position\":1,\"name\":\"Startseite\",\"item\":\"https:\\\/\\\/truckonline.de\\\/blog\\\/\"},{\"@type\":\"ListItem\",\"position\":2,\"name\":\"Dobrindt wird digital\"}]},{\"@type\":\"WebSite\",\"@id\":\"https:\\\/\\\/truckonline.de\\\/blog\\\/#website\",\"url\":\"https:\\\/\\\/truckonline.de\\\/blog\\\/\",\"name\":\"TruckOnline.de\",\"description\":\"\",\"publisher\":{\"@id\":\"https:\\\/\\\/truckonline.de\\\/blog\\\/#\\\/schema\\\/person\\\/4cb59b86ffde81f882f56439688fda19\"},\"potentialAction\":[{\"@type\":\"SearchAction\",\"target\":{\"@type\":\"EntryPoint\",\"urlTemplate\":\"https:\\\/\\\/truckonline.de\\\/blog\\\/?s={search_term_string}\"},\"query-input\":{\"@type\":\"PropertyValueSpecification\",\"valueRequired\":true,\"valueName\":\"search_term_string\"}}],\"inLanguage\":\"de\"},{\"@type\":[\"Person\",\"Organization\"],\"@id\":\"https:\\\/\\\/truckonline.de\\\/blog\\\/#\\\/schema\\\/person\\\/4cb59b86ffde81f882f56439688fda19\",\"name\":\"maik\",\"image\":{\"@type\":\"ImageObject\",\"inLanguage\":\"de\",\"@id\":\"https:\\\/\\\/truckonline.de\\\/blog\\\/wp-content\\\/uploads\\\/2019\\\/12\\\/logoinnenweiss.png\",\"url\":\"https:\\\/\\\/truckonline.de\\\/blog\\\/wp-content\\\/uploads\\\/2019\\\/12\\\/logoinnenweiss.png\",\"contentUrl\":\"https:\\\/\\\/truckonline.de\\\/blog\\\/wp-content\\\/uploads\\\/2019\\\/12\\\/logoinnenweiss.png\",\"width\":733,\"height\":125,\"caption\":\"maik\"},\"logo\":{\"@id\":\"https:\\\/\\\/truckonline.de\\\/blog\\\/wp-content\\\/uploads\\\/2019\\\/12\\\/logoinnenweiss.png\"},\"sameAs\":[\"https:\\\/\\\/www.facebook.com\\\/truckblog\",\"https:\\\/\\\/www.instagram.com\\\/truck_online\\\/\",\"https:\\\/\\\/x.com\\\/https:\\\/\\\/twitter.com\\\/truckblog\",\"https:\\\/\\\/www.youtube.com\\\/user\\\/truckonline\",\"https:\\\/\\\/www.tumblr.com\\\/truckonline\"]}]}<\/script>\n<!-- \/ Yoast SEO plugin. -->","yoast_head_json":{"title":"Dobrindt wird digital | TruckOnline.de","description":"Ein studierter Soziologe wird neuer Verkehrsminister: Der bisherige CSU-Generalsekret\u00e4r Alexander Dobrindt wird neuer Verkehrsminister in der gro\u00dfen","robots":{"index":"index","follow":"follow","max-snippet":"max-snippet:-1","max-image-preview":"max-image-preview:large","max-video-preview":"max-video-preview:-1"},"canonical":"https:\/\/truckonline.de\/blog\/2013\/12\/15\/dobrindt-wird-digital\/","og_locale":"de_DE","og_type":"article","og_title":"Dobrindt wird digital | TruckOnline.de","og_url":"https:\/\/truckonline.de\/blog\/2013\/12\/15\/dobrindt-wird-digital\/","og_site_name":"TruckOnline.de","article_publisher":"https:\/\/www.facebook.com\/truckblog","article_author":"https:\/\/www.facebook.com\/truckblog","article_published_time":"2013-12-15T01:26:26+00:00","og_image":[{"width":2560,"height":1920,"url":"https:\/\/truckonline.de\/blog\/wp-content\/uploads\/2019\/12\/IMG_20191229_225424-scaled.jpg","type":"image\/jpeg"}],"author":"maik","twitter_card":"summary_large_image","twitter_creator":"@https:\/\/twitter.com\/truckblog","twitter_site":"@truckblog","twitter_misc":{"Verfasst von":"maik","Gesch\u00e4tzte Lesezeit":"1\u00a0Minute"},"schema":{"@context":"https:\/\/schema.org","@graph":[{"@type":"Article","@id":"https:\/\/truckonline.de\/blog\/2013\/12\/15\/dobrindt-wird-digital\/#article","isPartOf":{"@id":"https:\/\/truckonline.de\/blog\/2013\/12\/15\/dobrindt-wird-digital\/"},"author":{"name":"maik","@id":"https:\/\/truckonline.de\/blog\/#\/schema\/person\/4cb59b86ffde81f882f56439688fda19"},"headline":"Dobrindt wird digital","datePublished":"2013-12-15T01:26:26+00:00","mainEntityOfPage":{"@id":"https:\/\/truckonline.de\/blog\/2013\/12\/15\/dobrindt-wird-digital\/"},"wordCount":205,"commentCount":2,"publisher":{"@id":"https:\/\/truckonline.de\/blog\/#\/schema\/person\/4cb59b86ffde81f882f56439688fda19"},"keywords":["Politik","Verkehrsminister"],"articleSection":["Gedanken"],"inLanguage":"de","potentialAction":[{"@type":"CommentAction","name":"Comment","target":["https:\/\/truckonline.de\/blog\/2013\/12\/15\/dobrindt-wird-digital\/#respond"]}]},{"@type":"WebPage","@id":"https:\/\/truckonline.de\/blog\/2013\/12\/15\/dobrindt-wird-digital\/","url":"https:\/\/truckonline.de\/blog\/2013\/12\/15\/dobrindt-wird-digital\/","name":"Dobrindt wird digital | TruckOnline.de","isPartOf":{"@id":"https:\/\/truckonline.de\/blog\/#website"},"datePublished":"2013-12-15T01:26:26+00:00","description":"Ein studierter Soziologe wird neuer Verkehrsminister: Der bisherige CSU-Generalsekret\u00e4r Alexander Dobrindt wird neuer Verkehrsminister in der gro\u00dfen","breadcrumb":{"@id":"https:\/\/truckonline.de\/blog\/2013\/12\/15\/dobrindt-wird-digital\/#breadcrumb"},"inLanguage":"de","potentialAction":[{"@type":"ReadAction","target":["https:\/\/truckonline.de\/blog\/2013\/12\/15\/dobrindt-wird-digital\/"]}]},{"@type":"BreadcrumbList","@id":"https:\/\/truckonline.de\/blog\/2013\/12\/15\/dobrindt-wird-digital\/#breadcrumb","itemListElement":[{"@type":"ListItem","position":1,"name":"Startseite","item":"https:\/\/truckonline.de\/blog\/"},{"@type":"ListItem","position":2,"name":"Dobrindt wird digital"}]},{"@type":"WebSite","@id":"https:\/\/truckonline.de\/blog\/#website","url":"https:\/\/truckonline.de\/blog\/","name":"TruckOnline.de","description":"","publisher":{"@id":"https:\/\/truckonline.de\/blog\/#\/schema\/person\/4cb59b86ffde81f882f56439688fda19"},"potentialAction":[{"@type":"SearchAction","target":{"@type":"EntryPoint","urlTemplate":"https:\/\/truckonline.de\/blog\/?s={search_term_string}"},"query-input":{"@type":"PropertyValueSpecification","valueRequired":true,"valueName":"search_term_string"}}],"inLanguage":"de"},{"@type":["Person","Organization"],"@id":"https:\/\/truckonline.de\/blog\/#\/schema\/person\/4cb59b86ffde81f882f56439688fda19","name":"maik","image":{"@type":"ImageObject","inLanguage":"de","@id":"https:\/\/truckonline.de\/blog\/wp-content\/uploads\/2019\/12\/logoinnenweiss.png","url":"https:\/\/truckonline.de\/blog\/wp-content\/uploads\/2019\/12\/logoinnenweiss.png","contentUrl":"https:\/\/truckonline.de\/blog\/wp-content\/uploads\/2019\/12\/logoinnenweiss.png","width":733,"height":125,"caption":"maik"},"logo":{"@id":"https:\/\/truckonline.de\/blog\/wp-content\/uploads\/2019\/12\/logoinnenweiss.png"},"sameAs":["https:\/\/www.facebook.com\/truckblog","https:\/\/www.instagram.com\/truck_online\/","https:\/\/x.com\/https:\/\/twitter.com\/truckblog","https:\/\/www.youtube.com\/user\/truckonline","https:\/\/www.tumblr.com\/truckonline"]}]}},"_links":{"self":[{"href":"https:\/\/truckonline.de\/blog\/wp-json\/wp\/v2\/posts\/4463","targetHints":{"allow":["GET"]}}],"collection":[{"href":"https:\/\/truckonline.de\/blog\/wp-json\/wp\/v2\/posts"}],"about":[{"href":"https:\/\/truckonline.de\/blog\/wp-json\/wp\/v2\/types\/post"}],"author":[{"embeddable":true,"href":"https:\/\/truckonline.de\/blog\/wp-json\/wp\/v2\/users\/3"}],"replies":[{"embeddable":true,"href":"https:\/\/truckonline.de\/blog\/wp-json\/wp\/v2\/comments?post=4463"}],"version-history":[{"count":1,"href":"https:\/\/truckonline.de\/blog\/wp-json\/wp\/v2\/posts\/4463\/revisions"}],"predecessor-version":[{"id":4464,"href":"https:\/\/truckonline.de\/blog\/wp-json\/wp\/v2\/posts\/4463\/revisions\/4464"}],"wp:attachment":[{"href":"https:\/\/truckonline.de\/blog\/wp-json\/wp\/v2\/media?parent=4463"}],"wp:term":[{"taxonomy":"category","embeddable":true,"href":"https:\/\/truckonline.de\/blog\/wp-json\/wp\/v2\/categories?post=4463"},{"taxonomy":"post_tag","embeddable":true,"href":"https:\/\/truckonline.de\/blog\/wp-json\/wp\/v2\/tags?post=4463"}],"curies":[{"name":"wp","href":"https:\/\/api.w.org\/{rel}","templated":true}]}}