{"id":4415,"date":"2013-11-22T00:24:55","date_gmt":"2013-11-21T23:24:55","guid":{"rendered":"https:\/\/truckonline.de\/blog\/?p=4415"},"modified":"2013-11-21T23:46:53","modified_gmt":"2013-11-21T22:46:53","slug":"schlaue-dialoge-162","status":"publish","type":"post","link":"https:\/\/truckonline.de\/blog\/2013\/11\/22\/schlaue-dialoge-162\/","title":{"rendered":"Schlaue Dialoge"},"content":{"rendered":"<blockquote><p>Das Klientel der Lkw-Fahrer interessiert uns nicht, die bringen keinen Umsatz. Die Lkw-Fahrer sollen weiter weg von den Autobahn-Rastst\u00e4tten, damit man direkt mehr Pkw- und Bus-Parkpl\u00e4tze errichten kann f\u00fcr die umsatzbringenden Reisenden<\/p><\/blockquote>\n<p>Eine Aussage zweier Vertreter von <a href=\"https:\/\/tank.rast.de\/\">Tank &#038; Rast<\/a> im Gespr\u00e4ch mit Bundestagsabgeordneten, zum Thema Lkw-Parkpl\u00e4tze an den Autobahn-Stationen<\/p>\n<p><span style=\"font-size: x-small;\"><a href=\"https:\/\/user-uxddozx.publ.com\/Berufskraftfahrer-Zeitung-11-2013#4\/z\" target=\"_blank\">Diese Aussage ist nachzulesen<\/a> auf Seite 3 der &#8222;Berufskraftfahrer Zeitung&#8220; Ausgabe 11\/13<\/span><br \/>\n<span style=\"font-size: x-small;\"> <a href=\"https:\/\/tank.rast.de\/\" target=\"_blank\">Webseite Tank &amp; Rast<\/a><\/span><\/p>\n<p>Kurze Anmerkung &#8211; folgende gleichlautende nichtssagende Standartantwort bekamen mehrere Kollegen, die sich \u00fcber die oben zitierte Aussage bei Tank &#038; Rast beschwerten:<\/p>\n<blockquote><p>Sehr geehrter Herr XYZ,<\/p>\n<p>vielen Dank f\u00fcr Ihre Mail vom 19.11.2013, die wir Ihnen gerne wie folgt beantworten.<\/p>\n<p>Bei uns sind alle Kunden, selbstverst\u00e4ndlich auch Berufskraftfahrer, rund um die Uhr herzlich willkommen. Wir bieten ihnen ein reichhaltiges Angebot, zu dem Kraftstoffe, eine abwechslungsreiche Gastronomie, ein breites Sortiment in unseren Shops und saubere sanit\u00e4re Anlagen geh\u00f6ren. Mit unserem Angebot erm\u00f6glichen wir gerade auch Berufskraftfahrern eine angenehme Pause zu verbringen, um sich f\u00fcr die Weiterfahrt zu erholen und so die notwendige Lenk- und Ruhezeiten einzuhalten.<\/p>\n<p>Wenn Sie weiterf\u00fchrende Fragen, Anregungen oder auch Grund zur Kritik haben, dann wenden Sie sich bitte erneut an uns.<\/p>\n<p>Mit freundlichen Gr\u00fc\u00dfen \/ Best regards<\/p><\/blockquote>\n","protected":false},"excerpt":{"rendered":"<p>Das Klientel der Lkw-Fahrer interessiert uns nicht, die bringen keinen Umsatz. Die Lkw-Fahrer sollen weiter weg von den Autobahn-Rastst\u00e4tten, damit man direkt mehr Pkw- und&#8230;<\/p>\n<div class=\"more-link-wrapper\"><a class=\"more-link\" href=\"https:\/\/truckonline.de\/blog\/2013\/11\/22\/schlaue-dialoge-162\/\">Sie haben Ihr Ziel fast erreicht.<span class=\"screen-reader-text\">Schlaue Dialoge<\/span><\/a><\/div>\n","protected":false},"author":3,"featured_media":0,"comment_status":"open","ping_status":"open","sticky":false,"template":"","format":"standard","meta":{"iawp_total_views":0,"_metis_text_type":"","_metis_text_length":0,"_post_count":0,"footnotes":""},"categories":[18,17,71],"tags":[1425,1737],"class_list":["post-4415","post","type-post","status-publish","format-standard","hentry","category-parkplatznot","category-raststatten","category-zitat","tag-beschwerde","tag-tankrast","ratio-2-1","entry"],"yoast_head":"<!-- This site is optimized with the Yoast SEO plugin v27.5 - https:\/\/yoast.com\/product\/yoast-seo-wordpress\/ -->\n<title>Schlaue Dialoge | TruckOnline.de<\/title>\n<meta name=\"description\" content=\"Das Klientel der Lkw-Fahrer interessiert uns nicht, die bringen keinen Umsatz. Die Lkw-Fahrer sollen weiter weg von den Autobahn-Rastst\u00e4tten, damit man\" \/>\n<meta name=\"robots\" content=\"index, follow, max-snippet:-1, max-image-preview:large, max-video-preview:-1\" \/>\n<link rel=\"canonical\" href=\"https:\/\/truckonline.de\/blog\/2013\/11\/22\/schlaue-dialoge-162\/\" \/>\n<meta property=\"og:locale\" content=\"de_DE\" \/>\n<meta property=\"og:type\" content=\"article\" \/>\n<meta property=\"og:title\" content=\"Schlaue Dialoge | TruckOnline.de\" \/>\n<meta property=\"og:url\" content=\"https:\/\/truckonline.de\/blog\/2013\/11\/22\/schlaue-dialoge-162\/\" \/>\n<meta property=\"og:site_name\" content=\"TruckOnline.de\" \/>\n<meta property=\"article:publisher\" content=\"https:\/\/www.facebook.com\/truckblog\" \/>\n<meta property=\"article:author\" content=\"https:\/\/www.facebook.com\/truckblog\" \/>\n<meta property=\"article:published_time\" content=\"2013-11-21T23:24:55+00:00\" \/>\n<meta property=\"og:image\" content=\"https:\/\/truckonline.de\/blog\/wp-content\/uploads\/2019\/12\/IMG_20191229_225424-scaled.jpg\" \/>\n\t<meta property=\"og:image:width\" content=\"2560\" \/>\n\t<meta property=\"og:image:height\" content=\"1920\" \/>\n\t<meta property=\"og:image:type\" content=\"image\/jpeg\" \/>\n<meta name=\"author\" content=\"maik\" \/>\n<meta name=\"twitter:card\" content=\"summary_large_image\" \/>\n<meta name=\"twitter:creator\" content=\"@https:\/\/twitter.com\/truckblog\" \/>\n<meta name=\"twitter:site\" content=\"@truckblog\" \/>\n<meta name=\"twitter:label1\" content=\"Verfasst von\" \/>\n\t<meta name=\"twitter:data1\" content=\"maik\" \/>\n\t<meta name=\"twitter:label2\" content=\"Gesch\u00e4tzte Lesezeit\" \/>\n\t<meta name=\"twitter:data2\" content=\"1\u00a0Minute\" \/>\n<script type=\"application\/ld+json\" class=\"yoast-schema-graph\">{\"@context\":\"https:\\\/\\\/schema.org\",\"@graph\":[{\"@type\":\"Article\",\"@id\":\"https:\\\/\\\/truckonline.de\\\/blog\\\/2013\\\/11\\\/22\\\/schlaue-dialoge-162\\\/#article\",\"isPartOf\":{\"@id\":\"https:\\\/\\\/truckonline.de\\\/blog\\\/2013\\\/11\\\/22\\\/schlaue-dialoge-162\\\/\"},\"author\":{\"name\":\"maik\",\"@id\":\"https:\\\/\\\/truckonline.de\\\/blog\\\/#\\\/schema\\\/person\\\/4cb59b86ffde81f882f56439688fda19\"},\"headline\":\"Schlaue Dialoge\",\"datePublished\":\"2013-11-21T23:24:55+00:00\",\"mainEntityOfPage\":{\"@id\":\"https:\\\/\\\/truckonline.de\\\/blog\\\/2013\\\/11\\\/22\\\/schlaue-dialoge-162\\\/\"},\"wordCount\":205,\"commentCount\":1,\"publisher\":{\"@id\":\"https:\\\/\\\/truckonline.de\\\/blog\\\/#\\\/schema\\\/person\\\/4cb59b86ffde81f882f56439688fda19\"},\"keywords\":[\"Beschwerde\",\"Tank&amp;Rast\"],\"articleSection\":[\"Parkplatznot\",\"Rastst\u00e4tten\",\"Zitat\"],\"inLanguage\":\"de\",\"potentialAction\":[{\"@type\":\"CommentAction\",\"name\":\"Comment\",\"target\":[\"https:\\\/\\\/truckonline.de\\\/blog\\\/2013\\\/11\\\/22\\\/schlaue-dialoge-162\\\/#respond\"]}]},{\"@type\":\"WebPage\",\"@id\":\"https:\\\/\\\/truckonline.de\\\/blog\\\/2013\\\/11\\\/22\\\/schlaue-dialoge-162\\\/\",\"url\":\"https:\\\/\\\/truckonline.de\\\/blog\\\/2013\\\/11\\\/22\\\/schlaue-dialoge-162\\\/\",\"name\":\"Schlaue Dialoge | TruckOnline.de\",\"isPartOf\":{\"@id\":\"https:\\\/\\\/truckonline.de\\\/blog\\\/#website\"},\"datePublished\":\"2013-11-21T23:24:55+00:00\",\"description\":\"Das Klientel der Lkw-Fahrer interessiert uns nicht, die bringen keinen Umsatz. Die Lkw-Fahrer sollen weiter weg von den Autobahn-Rastst\u00e4tten, damit man\",\"breadcrumb\":{\"@id\":\"https:\\\/\\\/truckonline.de\\\/blog\\\/2013\\\/11\\\/22\\\/schlaue-dialoge-162\\\/#breadcrumb\"},\"inLanguage\":\"de\",\"potentialAction\":[{\"@type\":\"ReadAction\",\"target\":[\"https:\\\/\\\/truckonline.de\\\/blog\\\/2013\\\/11\\\/22\\\/schlaue-dialoge-162\\\/\"]}]},{\"@type\":\"BreadcrumbList\",\"@id\":\"https:\\\/\\\/truckonline.de\\\/blog\\\/2013\\\/11\\\/22\\\/schlaue-dialoge-162\\\/#breadcrumb\",\"itemListElement\":[{\"@type\":\"ListItem\",\"position\":1,\"name\":\"Startseite\",\"item\":\"https:\\\/\\\/truckonline.de\\\/blog\\\/\"},{\"@type\":\"ListItem\",\"position\":2,\"name\":\"Schlaue Dialoge\"}]},{\"@type\":\"WebSite\",\"@id\":\"https:\\\/\\\/truckonline.de\\\/blog\\\/#website\",\"url\":\"https:\\\/\\\/truckonline.de\\\/blog\\\/\",\"name\":\"TruckOnline.de\",\"description\":\"\",\"publisher\":{\"@id\":\"https:\\\/\\\/truckonline.de\\\/blog\\\/#\\\/schema\\\/person\\\/4cb59b86ffde81f882f56439688fda19\"},\"potentialAction\":[{\"@type\":\"SearchAction\",\"target\":{\"@type\":\"EntryPoint\",\"urlTemplate\":\"https:\\\/\\\/truckonline.de\\\/blog\\\/?s={search_term_string}\"},\"query-input\":{\"@type\":\"PropertyValueSpecification\",\"valueRequired\":true,\"valueName\":\"search_term_string\"}}],\"inLanguage\":\"de\"},{\"@type\":[\"Person\",\"Organization\"],\"@id\":\"https:\\\/\\\/truckonline.de\\\/blog\\\/#\\\/schema\\\/person\\\/4cb59b86ffde81f882f56439688fda19\",\"name\":\"maik\",\"image\":{\"@type\":\"ImageObject\",\"inLanguage\":\"de\",\"@id\":\"https:\\\/\\\/truckonline.de\\\/blog\\\/wp-content\\\/uploads\\\/2019\\\/12\\\/logoinnenweiss.png\",\"url\":\"https:\\\/\\\/truckonline.de\\\/blog\\\/wp-content\\\/uploads\\\/2019\\\/12\\\/logoinnenweiss.png\",\"contentUrl\":\"https:\\\/\\\/truckonline.de\\\/blog\\\/wp-content\\\/uploads\\\/2019\\\/12\\\/logoinnenweiss.png\",\"width\":733,\"height\":125,\"caption\":\"maik\"},\"logo\":{\"@id\":\"https:\\\/\\\/truckonline.de\\\/blog\\\/wp-content\\\/uploads\\\/2019\\\/12\\\/logoinnenweiss.png\"},\"sameAs\":[\"https:\\\/\\\/www.facebook.com\\\/truckblog\",\"https:\\\/\\\/www.instagram.com\\\/truck_online\\\/\",\"https:\\\/\\\/x.com\\\/https:\\\/\\\/twitter.com\\\/truckblog\",\"https:\\\/\\\/www.youtube.com\\\/user\\\/truckonline\",\"https:\\\/\\\/www.tumblr.com\\\/truckonline\"]}]}<\/script>\n<!-- \/ Yoast SEO plugin. -->","yoast_head_json":{"title":"Schlaue Dialoge | TruckOnline.de","description":"Das Klientel der Lkw-Fahrer interessiert uns nicht, die bringen keinen Umsatz. Die Lkw-Fahrer sollen weiter weg von den Autobahn-Rastst\u00e4tten, damit man","robots":{"index":"index","follow":"follow","max-snippet":"max-snippet:-1","max-image-preview":"max-image-preview:large","max-video-preview":"max-video-preview:-1"},"canonical":"https:\/\/truckonline.de\/blog\/2013\/11\/22\/schlaue-dialoge-162\/","og_locale":"de_DE","og_type":"article","og_title":"Schlaue Dialoge | TruckOnline.de","og_url":"https:\/\/truckonline.de\/blog\/2013\/11\/22\/schlaue-dialoge-162\/","og_site_name":"TruckOnline.de","article_publisher":"https:\/\/www.facebook.com\/truckblog","article_author":"https:\/\/www.facebook.com\/truckblog","article_published_time":"2013-11-21T23:24:55+00:00","og_image":[{"width":2560,"height":1920,"url":"https:\/\/truckonline.de\/blog\/wp-content\/uploads\/2019\/12\/IMG_20191229_225424-scaled.jpg","type":"image\/jpeg"}],"author":"maik","twitter_card":"summary_large_image","twitter_creator":"@https:\/\/twitter.com\/truckblog","twitter_site":"@truckblog","twitter_misc":{"Verfasst von":"maik","Gesch\u00e4tzte Lesezeit":"1\u00a0Minute"},"schema":{"@context":"https:\/\/schema.org","@graph":[{"@type":"Article","@id":"https:\/\/truckonline.de\/blog\/2013\/11\/22\/schlaue-dialoge-162\/#article","isPartOf":{"@id":"https:\/\/truckonline.de\/blog\/2013\/11\/22\/schlaue-dialoge-162\/"},"author":{"name":"maik","@id":"https:\/\/truckonline.de\/blog\/#\/schema\/person\/4cb59b86ffde81f882f56439688fda19"},"headline":"Schlaue Dialoge","datePublished":"2013-11-21T23:24:55+00:00","mainEntityOfPage":{"@id":"https:\/\/truckonline.de\/blog\/2013\/11\/22\/schlaue-dialoge-162\/"},"wordCount":205,"commentCount":1,"publisher":{"@id":"https:\/\/truckonline.de\/blog\/#\/schema\/person\/4cb59b86ffde81f882f56439688fda19"},"keywords":["Beschwerde","Tank&amp;Rast"],"articleSection":["Parkplatznot","Rastst\u00e4tten","Zitat"],"inLanguage":"de","potentialAction":[{"@type":"CommentAction","name":"Comment","target":["https:\/\/truckonline.de\/blog\/2013\/11\/22\/schlaue-dialoge-162\/#respond"]}]},{"@type":"WebPage","@id":"https:\/\/truckonline.de\/blog\/2013\/11\/22\/schlaue-dialoge-162\/","url":"https:\/\/truckonline.de\/blog\/2013\/11\/22\/schlaue-dialoge-162\/","name":"Schlaue Dialoge | TruckOnline.de","isPartOf":{"@id":"https:\/\/truckonline.de\/blog\/#website"},"datePublished":"2013-11-21T23:24:55+00:00","description":"Das Klientel der Lkw-Fahrer interessiert uns nicht, die bringen keinen Umsatz. Die Lkw-Fahrer sollen weiter weg von den Autobahn-Rastst\u00e4tten, damit man","breadcrumb":{"@id":"https:\/\/truckonline.de\/blog\/2013\/11\/22\/schlaue-dialoge-162\/#breadcrumb"},"inLanguage":"de","potentialAction":[{"@type":"ReadAction","target":["https:\/\/truckonline.de\/blog\/2013\/11\/22\/schlaue-dialoge-162\/"]}]},{"@type":"BreadcrumbList","@id":"https:\/\/truckonline.de\/blog\/2013\/11\/22\/schlaue-dialoge-162\/#breadcrumb","itemListElement":[{"@type":"ListItem","position":1,"name":"Startseite","item":"https:\/\/truckonline.de\/blog\/"},{"@type":"ListItem","position":2,"name":"Schlaue Dialoge"}]},{"@type":"WebSite","@id":"https:\/\/truckonline.de\/blog\/#website","url":"https:\/\/truckonline.de\/blog\/","name":"TruckOnline.de","description":"","publisher":{"@id":"https:\/\/truckonline.de\/blog\/#\/schema\/person\/4cb59b86ffde81f882f56439688fda19"},"potentialAction":[{"@type":"SearchAction","target":{"@type":"EntryPoint","urlTemplate":"https:\/\/truckonline.de\/blog\/?s={search_term_string}"},"query-input":{"@type":"PropertyValueSpecification","valueRequired":true,"valueName":"search_term_string"}}],"inLanguage":"de"},{"@type":["Person","Organization"],"@id":"https:\/\/truckonline.de\/blog\/#\/schema\/person\/4cb59b86ffde81f882f56439688fda19","name":"maik","image":{"@type":"ImageObject","inLanguage":"de","@id":"https:\/\/truckonline.de\/blog\/wp-content\/uploads\/2019\/12\/logoinnenweiss.png","url":"https:\/\/truckonline.de\/blog\/wp-content\/uploads\/2019\/12\/logoinnenweiss.png","contentUrl":"https:\/\/truckonline.de\/blog\/wp-content\/uploads\/2019\/12\/logoinnenweiss.png","width":733,"height":125,"caption":"maik"},"logo":{"@id":"https:\/\/truckonline.de\/blog\/wp-content\/uploads\/2019\/12\/logoinnenweiss.png"},"sameAs":["https:\/\/www.facebook.com\/truckblog","https:\/\/www.instagram.com\/truck_online\/","https:\/\/x.com\/https:\/\/twitter.com\/truckblog","https:\/\/www.youtube.com\/user\/truckonline","https:\/\/www.tumblr.com\/truckonline"]}]}},"_links":{"self":[{"href":"https:\/\/truckonline.de\/blog\/wp-json\/wp\/v2\/posts\/4415","targetHints":{"allow":["GET"]}}],"collection":[{"href":"https:\/\/truckonline.de\/blog\/wp-json\/wp\/v2\/posts"}],"about":[{"href":"https:\/\/truckonline.de\/blog\/wp-json\/wp\/v2\/types\/post"}],"author":[{"embeddable":true,"href":"https:\/\/truckonline.de\/blog\/wp-json\/wp\/v2\/users\/3"}],"replies":[{"embeddable":true,"href":"https:\/\/truckonline.de\/blog\/wp-json\/wp\/v2\/comments?post=4415"}],"version-history":[{"count":3,"href":"https:\/\/truckonline.de\/blog\/wp-json\/wp\/v2\/posts\/4415\/revisions"}],"predecessor-version":[{"id":4417,"href":"https:\/\/truckonline.de\/blog\/wp-json\/wp\/v2\/posts\/4415\/revisions\/4417"}],"wp:attachment":[{"href":"https:\/\/truckonline.de\/blog\/wp-json\/wp\/v2\/media?parent=4415"}],"wp:term":[{"taxonomy":"category","embeddable":true,"href":"https:\/\/truckonline.de\/blog\/wp-json\/wp\/v2\/categories?post=4415"},{"taxonomy":"post_tag","embeddable":true,"href":"https:\/\/truckonline.de\/blog\/wp-json\/wp\/v2\/tags?post=4415"}],"curies":[{"name":"wp","href":"https:\/\/api.w.org\/{rel}","templated":true}]}}