{"id":408,"date":"2008-11-01T20:30:45","date_gmt":"2008-11-01T18:30:45","guid":{"rendered":"https:\/\/truckonline.de\/blog\/?p=408"},"modified":"2008-11-01T20:43:05","modified_gmt":"2008-11-01T18:43:05","slug":"fehlgeleitete-lkw-fahrer","status":"publish","type":"post","link":"https:\/\/truckonline.de\/blog\/2008\/11\/01\/fehlgeleitete-lkw-fahrer\/","title":{"rendered":"Fehlgeleitete Lkw &#8211; Fahrer"},"content":{"rendered":"<p>Wer erinnert sich nicht an diese Meldung in &#8222;Deutschlands gr\u00f6\u00dfter Tageszeitung&#8220; vom Juli 2007:<\/p>\n<p><a href='https:\/\/truckonline.de\/blog\/wp-content\/uploads\/2008\/11\/navifehl.jpg'><img loading=\"lazy\" decoding=\"async\" src=\"https:\/\/truckonline.de\/blog\/wp-content\/uploads\/2008\/11\/navifehl.jpg\" alt=\"Fehlgeleiteter Lkw - Fahrer\" title=\"navifehl\" width=\"500\" height=\"374\" class=\"alignnone size-full wp-image-409\" srcset=\"https:\/\/truckonline.de\/blog\/wp-content\/uploads\/2008\/11\/navifehl.jpg 550w, https:\/\/truckonline.de\/blog\/wp-content\/uploads\/2008\/11\/navifehl-300x224.jpg 300w\" sizes=\"auto, (max-width: 500px) 100vw, 500px\" \/><\/a><\/p>\n<p>Nun gibt es eine Studie des ADAC die zeigt, dass viele St\u00e4dte und Gemeinden erhebliche Verkehrsprobleme mit fehlgeleiteten Lkw haben.<br \/>\nGut die H\u00e4lfte der von den St\u00e4dten gemeldeten Probleme entstehen laut ADAC durch Lkw, die nicht mehr wenden k\u00f6nnen \u2013 sei es, weil sie sich in Wohngebiete verirren, Nebenstra\u00dfen befahren oder in Sackgassen geraten.<br \/>\nNur unwesentlich kleiner ist die Zahl der Lastwagen, die Routenempfehlungen durch das Gemeindegebiet folgen, die f\u00fcr Lkw ungeeignet sind.<\/p>\n<p>Nach Angaben der betroffenen Gemeinden kommt es vor allem dann zu Problemen, wenn Brummifahrer die Wegweisung an der Stra\u00dfe ignorieren oder Verkehrsbeschr\u00e4nkungen der Gemeinden missachten. <\/p>\n<p>Nur ist es aber oftmals nicht so, dass es h\u00e4ufig nichts zu ignorieren gibt, weil es keine oder nur unzureichende oder unlogische Beschilderung gibt?<br \/>\nWie oft steht man mit einem Lkw pl\u00f6tzlich vor einem Hinweisschild, dass ein Weiterfahren unm\u00f6glich macht &#8211; ein Umdrehen aber auch.<br \/>\nEine fr\u00fch- und rechtzeitige Beschilderung k\u00f6nnte hier Abhilfe schaffen. Aber dazu sind viele St\u00e4dte und Gemeinden, sowie Strassenverkehrs\u00e4mter nicht in der Lage. <\/p>\n<p>Ein Beispiel ist die Gemeinde N\u00fctschau in Schleswig-Holstein. Dort stehen Lkw &#8211; Fahrer vor einer klapprigen Holzbr\u00fccke, die \u00fcber die Trave f\u00fchrt und die Sie eigentlich nicht befahren d\u00fcrften. Der Grund ist auch hier eine viel zu sp\u00e4t beginnende Beschilderung.<br \/>\nDer ADAC versucht die Verkehrsplaner davon zu \u00fcberzeugen, die LKW-Verbotsschilder bereits an der Autobahnabfahrt aufzustellen &#8211; aber bisher ohne Erfolg.<\/p>\n<p>Blogbeitrag, der Euch auch interessieren k\u00f6nnte: <a href=\"https:\/\/truckonline.de\/blog\/2008\/09\/02\/navisysteme-fur-lkw\/\">Navigationsger\u00e4te f\u00fcr Lkw<\/a><br \/>\n<a href=\"https:\/\/www.amazon.de\/gp\/product\/B000V3MTLE?ie=UTF8&#038;tag=truckonlinede-21&#038;linkCode=as2&#038;camp=1638&#038;creative=6742&#038;creativeASIN=B000V3MTLE\">AVmap Geosat 5 BLU e TRUCK Edition<\/a><img loading=\"lazy\" decoding=\"async\" src=\"https:\/\/www.assoc-amazon.de\/e\/ir?t=truckonlinede-21&#038;l=as2&#038;o=3&#038;a=B000V3MTLE\" width=\"1\" height=\"1\" border=\"0\" alt=\"\" style=\"border:none !important; margin:0px !important;\" \/><\/p>\n","protected":false},"excerpt":{"rendered":"<p>Wer erinnert sich nicht an diese Meldung in &#8222;Deutschlands gr\u00f6\u00dfter Tageszeitung&#8220; vom Juli 2007: Nun gibt es eine Studie des ADAC die zeigt, dass viele&#8230;<\/p>\n<div class=\"more-link-wrapper\"><a class=\"more-link\" href=\"https:\/\/truckonline.de\/blog\/2008\/11\/01\/fehlgeleitete-lkw-fahrer\/\">Sie haben Ihr Ziel fast erreicht.<span class=\"screen-reader-text\">Fehlgeleitete Lkw &#8211; Fahrer<\/span><\/a><\/div>\n","protected":false},"author":3,"featured_media":0,"comment_status":"open","ping_status":"open","sticky":false,"template":"","format":"standard","meta":{"iawp_total_views":1,"_metis_text_type":"","_metis_text_length":0,"_post_count":0,"footnotes":""},"categories":[593,50],"tags":[1881,698,697],"class_list":["post-408","post","type-post","status-publish","format-standard","hentry","category-aergerliches","category-navigation","tag-lkw","tag-navigationsgeraet","tag-schilder","ratio-2-1","entry"],"yoast_head":"<!-- This site is optimized with the Yoast SEO plugin v27.4 - https:\/\/yoast.com\/product\/yoast-seo-wordpress\/ -->\n<title>Fehlgeleitete Lkw - Fahrer  | TruckOnline.de<\/title>\n<meta name=\"description\" content=\"Wer erinnert sich nicht an diese Meldung in &quot;Deutschlands gr\u00f6\u00dfter Tageszeitung&quot; vom Juli 2007: Nun gibt es eine Studie des ADAC die zeigt, dass viele\" \/>\n<meta name=\"robots\" content=\"index, follow, max-snippet:-1, max-image-preview:large, max-video-preview:-1\" \/>\n<link rel=\"canonical\" href=\"https:\/\/truckonline.de\/blog\/2008\/11\/01\/fehlgeleitete-lkw-fahrer\/\" \/>\n<meta property=\"og:locale\" content=\"de_DE\" \/>\n<meta property=\"og:type\" content=\"article\" \/>\n<meta property=\"og:title\" content=\"Fehlgeleitete Lkw - Fahrer  | TruckOnline.de\" \/>\n<meta property=\"og:url\" content=\"https:\/\/truckonline.de\/blog\/2008\/11\/01\/fehlgeleitete-lkw-fahrer\/\" \/>\n<meta property=\"og:site_name\" content=\"TruckOnline.de\" \/>\n<meta property=\"article:publisher\" content=\"https:\/\/www.facebook.com\/truckblog\" \/>\n<meta property=\"article:author\" content=\"https:\/\/www.facebook.com\/truckblog\" \/>\n<meta property=\"article:published_time\" content=\"2008-11-01T18:30:45+00:00\" \/>\n<meta property=\"article:modified_time\" content=\"2008-11-01T18:43:05+00:00\" \/>\n<meta property=\"og:image\" content=\"https:\/\/truckonline.de\/blog\/wp-content\/uploads\/2008\/11\/navifehl.jpg\" \/>\n<meta name=\"author\" content=\"maik\" \/>\n<meta name=\"twitter:card\" content=\"summary_large_image\" \/>\n<meta name=\"twitter:creator\" content=\"@https:\/\/twitter.com\/truckblog\" \/>\n<meta name=\"twitter:site\" content=\"@truckblog\" \/>\n<meta name=\"twitter:label1\" content=\"Verfasst von\" \/>\n\t<meta name=\"twitter:data1\" content=\"maik\" \/>\n\t<meta name=\"twitter:label2\" content=\"Gesch\u00e4tzte Lesezeit\" \/>\n\t<meta name=\"twitter:data2\" content=\"1\u00a0Minute\" \/>\n<script type=\"application\/ld+json\" class=\"yoast-schema-graph\">{\"@context\":\"https:\\\/\\\/schema.org\",\"@graph\":[{\"@type\":\"Article\",\"@id\":\"https:\\\/\\\/truckonline.de\\\/blog\\\/2008\\\/11\\\/01\\\/fehlgeleitete-lkw-fahrer\\\/#article\",\"isPartOf\":{\"@id\":\"https:\\\/\\\/truckonline.de\\\/blog\\\/2008\\\/11\\\/01\\\/fehlgeleitete-lkw-fahrer\\\/\"},\"author\":{\"name\":\"maik\",\"@id\":\"https:\\\/\\\/truckonline.de\\\/blog\\\/#\\\/schema\\\/person\\\/4cb59b86ffde81f882f56439688fda19\"},\"headline\":\"Fehlgeleitete Lkw &#8211; Fahrer\",\"datePublished\":\"2008-11-01T18:30:45+00:00\",\"dateModified\":\"2008-11-01T18:43:05+00:00\",\"mainEntityOfPage\":{\"@id\":\"https:\\\/\\\/truckonline.de\\\/blog\\\/2008\\\/11\\\/01\\\/fehlgeleitete-lkw-fahrer\\\/\"},\"wordCount\":280,\"commentCount\":4,\"publisher\":{\"@id\":\"https:\\\/\\\/truckonline.de\\\/blog\\\/#\\\/schema\\\/person\\\/4cb59b86ffde81f882f56439688fda19\"},\"image\":{\"@id\":\"https:\\\/\\\/truckonline.de\\\/blog\\\/2008\\\/11\\\/01\\\/fehlgeleitete-lkw-fahrer\\\/#primaryimage\"},\"thumbnailUrl\":\"https:\\\/\\\/truckonline.de\\\/blog\\\/wp-content\\\/uploads\\\/2008\\\/11\\\/navifehl.jpg\",\"keywords\":[\"Lkw\",\"Navigationsger\u00e4t\",\"Schilder\"],\"articleSection\":[\"\u00c4rgerliches\",\"Navigation\"],\"inLanguage\":\"de\",\"potentialAction\":[{\"@type\":\"CommentAction\",\"name\":\"Comment\",\"target\":[\"https:\\\/\\\/truckonline.de\\\/blog\\\/2008\\\/11\\\/01\\\/fehlgeleitete-lkw-fahrer\\\/#respond\"]}]},{\"@type\":\"WebPage\",\"@id\":\"https:\\\/\\\/truckonline.de\\\/blog\\\/2008\\\/11\\\/01\\\/fehlgeleitete-lkw-fahrer\\\/\",\"url\":\"https:\\\/\\\/truckonline.de\\\/blog\\\/2008\\\/11\\\/01\\\/fehlgeleitete-lkw-fahrer\\\/\",\"name\":\"Fehlgeleitete Lkw - Fahrer | TruckOnline.de\",\"isPartOf\":{\"@id\":\"https:\\\/\\\/truckonline.de\\\/blog\\\/#website\"},\"primaryImageOfPage\":{\"@id\":\"https:\\\/\\\/truckonline.de\\\/blog\\\/2008\\\/11\\\/01\\\/fehlgeleitete-lkw-fahrer\\\/#primaryimage\"},\"image\":{\"@id\":\"https:\\\/\\\/truckonline.de\\\/blog\\\/2008\\\/11\\\/01\\\/fehlgeleitete-lkw-fahrer\\\/#primaryimage\"},\"thumbnailUrl\":\"https:\\\/\\\/truckonline.de\\\/blog\\\/wp-content\\\/uploads\\\/2008\\\/11\\\/navifehl.jpg\",\"datePublished\":\"2008-11-01T18:30:45+00:00\",\"dateModified\":\"2008-11-01T18:43:05+00:00\",\"description\":\"Wer erinnert sich nicht an diese Meldung in \\\"Deutschlands gr\u00f6\u00dfter Tageszeitung\\\" vom Juli 2007: Nun gibt es eine Studie des ADAC die zeigt, dass viele\",\"breadcrumb\":{\"@id\":\"https:\\\/\\\/truckonline.de\\\/blog\\\/2008\\\/11\\\/01\\\/fehlgeleitete-lkw-fahrer\\\/#breadcrumb\"},\"inLanguage\":\"de\",\"potentialAction\":[{\"@type\":\"ReadAction\",\"target\":[\"https:\\\/\\\/truckonline.de\\\/blog\\\/2008\\\/11\\\/01\\\/fehlgeleitete-lkw-fahrer\\\/\"]}]},{\"@type\":\"ImageObject\",\"inLanguage\":\"de\",\"@id\":\"https:\\\/\\\/truckonline.de\\\/blog\\\/2008\\\/11\\\/01\\\/fehlgeleitete-lkw-fahrer\\\/#primaryimage\",\"url\":\"https:\\\/\\\/truckonline.de\\\/blog\\\/wp-content\\\/uploads\\\/2008\\\/11\\\/navifehl.jpg\",\"contentUrl\":\"https:\\\/\\\/truckonline.de\\\/blog\\\/wp-content\\\/uploads\\\/2008\\\/11\\\/navifehl.jpg\",\"width\":550,\"height\":412,\"caption\":\"Fehlgeleiteter Lkw - Fahrer\"},{\"@type\":\"BreadcrumbList\",\"@id\":\"https:\\\/\\\/truckonline.de\\\/blog\\\/2008\\\/11\\\/01\\\/fehlgeleitete-lkw-fahrer\\\/#breadcrumb\",\"itemListElement\":[{\"@type\":\"ListItem\",\"position\":1,\"name\":\"Startseite\",\"item\":\"https:\\\/\\\/truckonline.de\\\/blog\\\/\"},{\"@type\":\"ListItem\",\"position\":2,\"name\":\"Fehlgeleitete Lkw &#8211; Fahrer\"}]},{\"@type\":\"WebSite\",\"@id\":\"https:\\\/\\\/truckonline.de\\\/blog\\\/#website\",\"url\":\"https:\\\/\\\/truckonline.de\\\/blog\\\/\",\"name\":\"TruckOnline.de\",\"description\":\"\",\"publisher\":{\"@id\":\"https:\\\/\\\/truckonline.de\\\/blog\\\/#\\\/schema\\\/person\\\/4cb59b86ffde81f882f56439688fda19\"},\"potentialAction\":[{\"@type\":\"SearchAction\",\"target\":{\"@type\":\"EntryPoint\",\"urlTemplate\":\"https:\\\/\\\/truckonline.de\\\/blog\\\/?s={search_term_string}\"},\"query-input\":{\"@type\":\"PropertyValueSpecification\",\"valueRequired\":true,\"valueName\":\"search_term_string\"}}],\"inLanguage\":\"de\"},{\"@type\":[\"Person\",\"Organization\"],\"@id\":\"https:\\\/\\\/truckonline.de\\\/blog\\\/#\\\/schema\\\/person\\\/4cb59b86ffde81f882f56439688fda19\",\"name\":\"maik\",\"image\":{\"@type\":\"ImageObject\",\"inLanguage\":\"de\",\"@id\":\"https:\\\/\\\/truckonline.de\\\/blog\\\/wp-content\\\/uploads\\\/2019\\\/12\\\/logoinnenweiss.png\",\"url\":\"https:\\\/\\\/truckonline.de\\\/blog\\\/wp-content\\\/uploads\\\/2019\\\/12\\\/logoinnenweiss.png\",\"contentUrl\":\"https:\\\/\\\/truckonline.de\\\/blog\\\/wp-content\\\/uploads\\\/2019\\\/12\\\/logoinnenweiss.png\",\"width\":733,\"height\":125,\"caption\":\"maik\"},\"logo\":{\"@id\":\"https:\\\/\\\/truckonline.de\\\/blog\\\/wp-content\\\/uploads\\\/2019\\\/12\\\/logoinnenweiss.png\"},\"sameAs\":[\"https:\\\/\\\/www.facebook.com\\\/truckblog\",\"https:\\\/\\\/www.instagram.com\\\/truck_online\\\/\",\"https:\\\/\\\/x.com\\\/https:\\\/\\\/twitter.com\\\/truckblog\",\"https:\\\/\\\/www.youtube.com\\\/user\\\/truckonline\",\"https:\\\/\\\/www.tumblr.com\\\/truckonline\"]}]}<\/script>\n<!-- \/ Yoast SEO plugin. -->","yoast_head_json":{"title":"Fehlgeleitete Lkw - Fahrer  | TruckOnline.de","description":"Wer erinnert sich nicht an diese Meldung in \"Deutschlands gr\u00f6\u00dfter Tageszeitung\" vom Juli 2007: Nun gibt es eine Studie des ADAC die zeigt, dass viele","robots":{"index":"index","follow":"follow","max-snippet":"max-snippet:-1","max-image-preview":"max-image-preview:large","max-video-preview":"max-video-preview:-1"},"canonical":"https:\/\/truckonline.de\/blog\/2008\/11\/01\/fehlgeleitete-lkw-fahrer\/","og_locale":"de_DE","og_type":"article","og_title":"Fehlgeleitete Lkw - Fahrer  | TruckOnline.de","og_url":"https:\/\/truckonline.de\/blog\/2008\/11\/01\/fehlgeleitete-lkw-fahrer\/","og_site_name":"TruckOnline.de","article_publisher":"https:\/\/www.facebook.com\/truckblog","article_author":"https:\/\/www.facebook.com\/truckblog","article_published_time":"2008-11-01T18:30:45+00:00","article_modified_time":"2008-11-01T18:43:05+00:00","og_image":[{"url":"https:\/\/truckonline.de\/blog\/wp-content\/uploads\/2008\/11\/navifehl.jpg","type":"","width":"","height":""}],"author":"maik","twitter_card":"summary_large_image","twitter_creator":"@https:\/\/twitter.com\/truckblog","twitter_site":"@truckblog","twitter_misc":{"Verfasst von":"maik","Gesch\u00e4tzte Lesezeit":"1\u00a0Minute"},"schema":{"@context":"https:\/\/schema.org","@graph":[{"@type":"Article","@id":"https:\/\/truckonline.de\/blog\/2008\/11\/01\/fehlgeleitete-lkw-fahrer\/#article","isPartOf":{"@id":"https:\/\/truckonline.de\/blog\/2008\/11\/01\/fehlgeleitete-lkw-fahrer\/"},"author":{"name":"maik","@id":"https:\/\/truckonline.de\/blog\/#\/schema\/person\/4cb59b86ffde81f882f56439688fda19"},"headline":"Fehlgeleitete Lkw &#8211; Fahrer","datePublished":"2008-11-01T18:30:45+00:00","dateModified":"2008-11-01T18:43:05+00:00","mainEntityOfPage":{"@id":"https:\/\/truckonline.de\/blog\/2008\/11\/01\/fehlgeleitete-lkw-fahrer\/"},"wordCount":280,"commentCount":4,"publisher":{"@id":"https:\/\/truckonline.de\/blog\/#\/schema\/person\/4cb59b86ffde81f882f56439688fda19"},"image":{"@id":"https:\/\/truckonline.de\/blog\/2008\/11\/01\/fehlgeleitete-lkw-fahrer\/#primaryimage"},"thumbnailUrl":"https:\/\/truckonline.de\/blog\/wp-content\/uploads\/2008\/11\/navifehl.jpg","keywords":["Lkw","Navigationsger\u00e4t","Schilder"],"articleSection":["\u00c4rgerliches","Navigation"],"inLanguage":"de","potentialAction":[{"@type":"CommentAction","name":"Comment","target":["https:\/\/truckonline.de\/blog\/2008\/11\/01\/fehlgeleitete-lkw-fahrer\/#respond"]}]},{"@type":"WebPage","@id":"https:\/\/truckonline.de\/blog\/2008\/11\/01\/fehlgeleitete-lkw-fahrer\/","url":"https:\/\/truckonline.de\/blog\/2008\/11\/01\/fehlgeleitete-lkw-fahrer\/","name":"Fehlgeleitete Lkw - Fahrer | TruckOnline.de","isPartOf":{"@id":"https:\/\/truckonline.de\/blog\/#website"},"primaryImageOfPage":{"@id":"https:\/\/truckonline.de\/blog\/2008\/11\/01\/fehlgeleitete-lkw-fahrer\/#primaryimage"},"image":{"@id":"https:\/\/truckonline.de\/blog\/2008\/11\/01\/fehlgeleitete-lkw-fahrer\/#primaryimage"},"thumbnailUrl":"https:\/\/truckonline.de\/blog\/wp-content\/uploads\/2008\/11\/navifehl.jpg","datePublished":"2008-11-01T18:30:45+00:00","dateModified":"2008-11-01T18:43:05+00:00","description":"Wer erinnert sich nicht an diese Meldung in \"Deutschlands gr\u00f6\u00dfter Tageszeitung\" vom Juli 2007: Nun gibt es eine Studie des ADAC die zeigt, dass viele","breadcrumb":{"@id":"https:\/\/truckonline.de\/blog\/2008\/11\/01\/fehlgeleitete-lkw-fahrer\/#breadcrumb"},"inLanguage":"de","potentialAction":[{"@type":"ReadAction","target":["https:\/\/truckonline.de\/blog\/2008\/11\/01\/fehlgeleitete-lkw-fahrer\/"]}]},{"@type":"ImageObject","inLanguage":"de","@id":"https:\/\/truckonline.de\/blog\/2008\/11\/01\/fehlgeleitete-lkw-fahrer\/#primaryimage","url":"https:\/\/truckonline.de\/blog\/wp-content\/uploads\/2008\/11\/navifehl.jpg","contentUrl":"https:\/\/truckonline.de\/blog\/wp-content\/uploads\/2008\/11\/navifehl.jpg","width":550,"height":412,"caption":"Fehlgeleiteter Lkw - Fahrer"},{"@type":"BreadcrumbList","@id":"https:\/\/truckonline.de\/blog\/2008\/11\/01\/fehlgeleitete-lkw-fahrer\/#breadcrumb","itemListElement":[{"@type":"ListItem","position":1,"name":"Startseite","item":"https:\/\/truckonline.de\/blog\/"},{"@type":"ListItem","position":2,"name":"Fehlgeleitete Lkw &#8211; Fahrer"}]},{"@type":"WebSite","@id":"https:\/\/truckonline.de\/blog\/#website","url":"https:\/\/truckonline.de\/blog\/","name":"TruckOnline.de","description":"","publisher":{"@id":"https:\/\/truckonline.de\/blog\/#\/schema\/person\/4cb59b86ffde81f882f56439688fda19"},"potentialAction":[{"@type":"SearchAction","target":{"@type":"EntryPoint","urlTemplate":"https:\/\/truckonline.de\/blog\/?s={search_term_string}"},"query-input":{"@type":"PropertyValueSpecification","valueRequired":true,"valueName":"search_term_string"}}],"inLanguage":"de"},{"@type":["Person","Organization"],"@id":"https:\/\/truckonline.de\/blog\/#\/schema\/person\/4cb59b86ffde81f882f56439688fda19","name":"maik","image":{"@type":"ImageObject","inLanguage":"de","@id":"https:\/\/truckonline.de\/blog\/wp-content\/uploads\/2019\/12\/logoinnenweiss.png","url":"https:\/\/truckonline.de\/blog\/wp-content\/uploads\/2019\/12\/logoinnenweiss.png","contentUrl":"https:\/\/truckonline.de\/blog\/wp-content\/uploads\/2019\/12\/logoinnenweiss.png","width":733,"height":125,"caption":"maik"},"logo":{"@id":"https:\/\/truckonline.de\/blog\/wp-content\/uploads\/2019\/12\/logoinnenweiss.png"},"sameAs":["https:\/\/www.facebook.com\/truckblog","https:\/\/www.instagram.com\/truck_online\/","https:\/\/x.com\/https:\/\/twitter.com\/truckblog","https:\/\/www.youtube.com\/user\/truckonline","https:\/\/www.tumblr.com\/truckonline"]}]}},"_links":{"self":[{"href":"https:\/\/truckonline.de\/blog\/wp-json\/wp\/v2\/posts\/408","targetHints":{"allow":["GET"]}}],"collection":[{"href":"https:\/\/truckonline.de\/blog\/wp-json\/wp\/v2\/posts"}],"about":[{"href":"https:\/\/truckonline.de\/blog\/wp-json\/wp\/v2\/types\/post"}],"author":[{"embeddable":true,"href":"https:\/\/truckonline.de\/blog\/wp-json\/wp\/v2\/users\/3"}],"replies":[{"embeddable":true,"href":"https:\/\/truckonline.de\/blog\/wp-json\/wp\/v2\/comments?post=408"}],"version-history":[{"count":0,"href":"https:\/\/truckonline.de\/blog\/wp-json\/wp\/v2\/posts\/408\/revisions"}],"wp:attachment":[{"href":"https:\/\/truckonline.de\/blog\/wp-json\/wp\/v2\/media?parent=408"}],"wp:term":[{"taxonomy":"category","embeddable":true,"href":"https:\/\/truckonline.de\/blog\/wp-json\/wp\/v2\/categories?post=408"},{"taxonomy":"post_tag","embeddable":true,"href":"https:\/\/truckonline.de\/blog\/wp-json\/wp\/v2\/tags?post=408"}],"curies":[{"name":"wp","href":"https:\/\/api.w.org\/{rel}","templated":true}]}}