{"id":4037,"date":"2013-07-20T19:13:59","date_gmt":"2013-07-20T17:13:59","guid":{"rendered":"https:\/\/truckonline.de\/blog\/?p=4037"},"modified":"2013-07-20T19:19:35","modified_gmt":"2013-07-20T17:19:35","slug":"sind-wir-denn-gar-nichts-wert","status":"publish","type":"post","link":"https:\/\/truckonline.de\/blog\/2013\/07\/20\/sind-wir-denn-gar-nichts-wert\/","title":{"rendered":"Sind wir denn gar nichts wert?"},"content":{"rendered":"<p>In einer Fahrergruppe bei Facebook berichtet eine Kollegin \u00fcber eine Begebenheit, welche Sie heute erlebte:<\/p>\n<p>Ich habe heute morgen in der Schweiz ausgeladen und bin dann am Bodensee lang Richtung Bludenz gefahren, da ich am Montag in Nenzing laden soll. Da ich es bevorzuge, am Wochenende eine Dusche und eine Toilette benutzen zu k\u00f6nnen, hielt ich also am Rastplatz bei G\u00f6tzis an, um dort zu parken. Die LKW-Parkpl\u00e4tze, 24 St\u00fcck an der Zahl waren voll. Unsere osteurop\u00e4ischen Freunde sind also rechtzeitig am Freitagnachmittag angehalten und genie\u00dfen ihre wohlverdiente Freizeit am Wochenende. Lecker sieht das aus, was die da auf den mitgebrachten Grills liegen haben. Besser kann der Koch im Rasthof es vermutlich auch nicht zubereiten.<br \/>\nIch denke aber, was der wohl macht, wenn die Bestellungen der paar Touristen irgendwann f\u00fcr sein Gehalt nicht mehr reichen.<\/p>\n<p>Gut, aber ich brauch einen Parkplatz. Nachdem ich mich durch die LKW der Kollegen hindurchgequetscht hatte, (es standen noch etwa 10 links am Fahrbahnrand), entdeckte ich rechts noch ein freies Pl\u00e4tzchen. Ich war gerade am einparken, als mir pl\u00f6tzlich ein Polizist mit einem Fotoapparat vors Auto sprang und mir zubr\u00fcllte, ich solle sofort weiterfahren. Auf diesem Parkplatz sei kein Platz f\u00fcr mich, die LKW-Parkpl\u00e4tze sein, wie ich sehe, besetzt. Ich erkl\u00e4rte ihm daraufhin, dass ich bis Montag hier stehenbleiben m\u00fcsse und ich gerne eine Toilette h\u00e4tte, duschen und auch etwas essen wolle. <\/p>\n<p>Nein, ich sollte weiterfahren. Auch das Argument, dass ich nicht weiterfahren d\u00fcrfe und ein Recht auf sanit\u00e4re Anlagen h\u00e4tte, lies er nicht gelten. Er argumentierte, wenn ein Tunnel gesperrt w\u00e4re, k\u00f6nne man auch nicht durchfahren. Wenn ich nicht sofort weiterfahren w\u00fcrde, k\u00f6nnte ich mich schwarz bezahlen und er w\u00fcrde sich an Flensburg wenden etc. Wenn ich unbedingt auf Toilette m\u00fcsste, dann solle ich das jetzt tun, aber in einer halben Stunde m\u00fcsste ich weg sein, h\u00e4tte ich eben in Bregenz anhalten m\u00fcssen (dort bin ich gar nicht hergekommen). <\/p>\n<p>Was bitte hat die Einhaltung der Menschenrechte mit der Sperrung eines Tunnels zu tun? Wieso gibt es an einem Autobahnrasthof nur 24 LKW-Parkpl\u00e4tze? Wieso d\u00fcrfen die osteurop\u00e4ischen Kollegen in zweiter Reihe parken, ich aber nicht und wie kann es sein, dass ein Polizist einen LKW-Fahrer dazu n\u00f6tigt, \u00fcber seine Fahrzeiten zu fahren, obwohl gen\u00fcgend Parkpl\u00e4tze vorhanden sind, wo man niemanden st\u00f6rt, die jedoch nur nicht als LKW-Parkpl\u00e4tze ausgewiesen sind?<br \/>\nEin weiteres Problem, dass der Polizist mit mir hatte, war das K\u00fchlaggregat. Das Parken f\u00fcr K\u00fchler w\u00e4re hier sowieso verboten. Dass der K\u00fchler aus war, spiele keine Rolle. Wie kann es sein, dass einem LKW-Fahrer das parken untersagt wird, allein auf der Tatsche, dass er einen LKW mit K\u00fchlaggregat hat, der dazu auch noch ausgeschaltet ist?<br \/>\nGut, dass war jetzt \u00d6sterreich, aber es ist ja in Deutschland nicht anders. <\/p>\n<p>Wir k\u00e4mpfen f\u00fcr die Menschenrechte in S\u00fcdostasien und Afrika, gleichzeitig wird aber verlangt, dass ein LKW-Fahrer bei 30 Grad \u00fcbers Wochenende im Industriegebiet ohne Dusche und ohne Toilette steht. Wird er dabei erwischt, wie er sich drau\u00dfen erleichtert, wird ihm eine Geldstrafe aufgebrummt. Was bitte sch\u00f6n bleibt einem denn anderes \u00fcbrig.<br \/>\nKann es sein, dass man den Spruch von einem Polizisten, also von einem Freund und Helfer, zu h\u00f6ren bekommt, wenn man am Wochenende nicht im Industriegebiet stehen k\u00f6nnte, dann sollte man sich eben einen Job im Nahverkehr suchen? <\/p>\n<p>So sieht die Welt f\u00fcr uns aus. Deswegen mache ich bei der <a href=\"https:\/\/www.actie-in-de-transport.org\/\" target=\"_blank\">Actie<\/a> mit, denn wie lang wollen wir uns das noch gefallen lassen? Und da ziehen auch so d\u00e4mliche Argumente nicht wie &#8222;Mir geht es in meiner Firma doch gut!&#8220; In diesen Situationen ist es v\u00f6llig egal, welches Firmenlogo auf dem LKW steht. Sind wir denn gar nichts wert?<br \/>\nIch bin dann \u00fcbrigens zum n\u00e4chstem Rasthof gefahren. Trotz Fahrverbot. Was anderes blieb mir ja nicht \u00fcbrig. Nach zwanzig Minuten wurde sogar ein Parkplatz frei. Ich musste nur eben warten, bis der Ottonormalverbraucher mit seinem PKW mit dem Essen fertig war. Die letzten drei Parkpl\u00e4tze waren n\u00e4mlich von den Pkw blockiert. Aber daf\u00fcr haben wir ja Verst\u00e4ndnis!<\/p>\n","protected":false},"excerpt":{"rendered":"<p>In einer Fahrergruppe bei Facebook berichtet eine Kollegin \u00fcber eine Begebenheit, welche Sie heute erlebte: Ich habe heute morgen in der Schweiz ausgeladen und bin&#8230;<\/p>\n<div class=\"more-link-wrapper\"><a class=\"more-link\" href=\"https:\/\/truckonline.de\/blog\/2013\/07\/20\/sind-wir-denn-gar-nichts-wert\/\">Sie haben Ihr Ziel fast erreicht.<span class=\"screen-reader-text\">Sind wir denn gar nichts wert?<\/span><\/a><\/div>\n","protected":false},"author":3,"featured_media":0,"comment_status":"open","ping_status":"open","sticky":false,"template":"","format":"standard","meta":{"iawp_total_views":0,"_metis_text_type":"","_metis_text_length":0,"_post_count":0,"footnotes":""},"categories":[593,88,1177],"tags":[1179,1901],"class_list":["post-4037","post","type-post","status-publish","format-standard","hentry","category-aergerliches","category-fragen","category-gastbeitrag","tag-erlebnis","tag-gastbeitrag","ratio-2-1","entry"],"yoast_head":"<!-- This site is optimized with the Yoast SEO plugin v27.4 - https:\/\/yoast.com\/product\/yoast-seo-wordpress\/ -->\n<title>Sind wir denn gar nichts wert? | TruckOnline.de<\/title>\n<meta name=\"description\" content=\"In einer Fahrergruppe bei Facebook berichtet eine Kollegin \u00fcber eine Begebenheit, welche Sie heute erlebte: Ich habe heute morgen in der Schweiz\" \/>\n<meta name=\"robots\" content=\"index, follow, max-snippet:-1, max-image-preview:large, max-video-preview:-1\" \/>\n<link rel=\"canonical\" href=\"https:\/\/truckonline.de\/blog\/2013\/07\/20\/sind-wir-denn-gar-nichts-wert\/\" \/>\n<meta property=\"og:locale\" content=\"de_DE\" \/>\n<meta property=\"og:type\" content=\"article\" \/>\n<meta property=\"og:title\" content=\"Sind wir denn gar nichts wert? | TruckOnline.de\" \/>\n<meta property=\"og:url\" content=\"https:\/\/truckonline.de\/blog\/2013\/07\/20\/sind-wir-denn-gar-nichts-wert\/\" \/>\n<meta property=\"og:site_name\" content=\"TruckOnline.de\" \/>\n<meta property=\"article:publisher\" content=\"https:\/\/www.facebook.com\/truckblog\" \/>\n<meta property=\"article:author\" content=\"https:\/\/www.facebook.com\/truckblog\" \/>\n<meta property=\"article:published_time\" content=\"2013-07-20T17:13:59+00:00\" \/>\n<meta property=\"article:modified_time\" content=\"2013-07-20T17:19:35+00:00\" \/>\n<meta property=\"og:image\" content=\"https:\/\/truckonline.de\/blog\/wp-content\/uploads\/2019\/12\/IMG_20191229_225424-scaled.jpg\" \/>\n\t<meta property=\"og:image:width\" content=\"2560\" \/>\n\t<meta property=\"og:image:height\" content=\"1920\" \/>\n\t<meta property=\"og:image:type\" content=\"image\/jpeg\" \/>\n<meta name=\"author\" content=\"maik\" \/>\n<meta name=\"twitter:card\" content=\"summary_large_image\" \/>\n<meta name=\"twitter:creator\" content=\"@https:\/\/twitter.com\/truckblog\" \/>\n<meta name=\"twitter:site\" content=\"@truckblog\" \/>\n<meta name=\"twitter:label1\" content=\"Verfasst von\" \/>\n\t<meta name=\"twitter:data1\" content=\"maik\" \/>\n\t<meta name=\"twitter:label2\" content=\"Gesch\u00e4tzte Lesezeit\" \/>\n\t<meta name=\"twitter:data2\" content=\"4\u00a0Minuten\" \/>\n<script type=\"application\/ld+json\" class=\"yoast-schema-graph\">{\"@context\":\"https:\\\/\\\/schema.org\",\"@graph\":[{\"@type\":\"Article\",\"@id\":\"https:\\\/\\\/truckonline.de\\\/blog\\\/2013\\\/07\\\/20\\\/sind-wir-denn-gar-nichts-wert\\\/#article\",\"isPartOf\":{\"@id\":\"https:\\\/\\\/truckonline.de\\\/blog\\\/2013\\\/07\\\/20\\\/sind-wir-denn-gar-nichts-wert\\\/\"},\"author\":{\"name\":\"maik\",\"@id\":\"https:\\\/\\\/truckonline.de\\\/blog\\\/#\\\/schema\\\/person\\\/4cb59b86ffde81f882f56439688fda19\"},\"headline\":\"Sind wir denn gar nichts wert?\",\"datePublished\":\"2013-07-20T17:13:59+00:00\",\"dateModified\":\"2013-07-20T17:19:35+00:00\",\"mainEntityOfPage\":{\"@id\":\"https:\\\/\\\/truckonline.de\\\/blog\\\/2013\\\/07\\\/20\\\/sind-wir-denn-gar-nichts-wert\\\/\"},\"wordCount\":717,\"commentCount\":10,\"publisher\":{\"@id\":\"https:\\\/\\\/truckonline.de\\\/blog\\\/#\\\/schema\\\/person\\\/4cb59b86ffde81f882f56439688fda19\"},\"keywords\":[\"Erlebnis\",\"Gastbeitrag\"],\"articleSection\":[\"\u00c4rgerliches\",\"Fragen\",\"Gastbeitrag\"],\"inLanguage\":\"de\",\"potentialAction\":[{\"@type\":\"CommentAction\",\"name\":\"Comment\",\"target\":[\"https:\\\/\\\/truckonline.de\\\/blog\\\/2013\\\/07\\\/20\\\/sind-wir-denn-gar-nichts-wert\\\/#respond\"]}]},{\"@type\":\"WebPage\",\"@id\":\"https:\\\/\\\/truckonline.de\\\/blog\\\/2013\\\/07\\\/20\\\/sind-wir-denn-gar-nichts-wert\\\/\",\"url\":\"https:\\\/\\\/truckonline.de\\\/blog\\\/2013\\\/07\\\/20\\\/sind-wir-denn-gar-nichts-wert\\\/\",\"name\":\"Sind wir denn gar nichts wert? | TruckOnline.de\",\"isPartOf\":{\"@id\":\"https:\\\/\\\/truckonline.de\\\/blog\\\/#website\"},\"datePublished\":\"2013-07-20T17:13:59+00:00\",\"dateModified\":\"2013-07-20T17:19:35+00:00\",\"description\":\"In einer Fahrergruppe bei Facebook berichtet eine Kollegin \u00fcber eine Begebenheit, welche Sie heute erlebte: Ich habe heute morgen in der Schweiz\",\"breadcrumb\":{\"@id\":\"https:\\\/\\\/truckonline.de\\\/blog\\\/2013\\\/07\\\/20\\\/sind-wir-denn-gar-nichts-wert\\\/#breadcrumb\"},\"inLanguage\":\"de\",\"potentialAction\":[{\"@type\":\"ReadAction\",\"target\":[\"https:\\\/\\\/truckonline.de\\\/blog\\\/2013\\\/07\\\/20\\\/sind-wir-denn-gar-nichts-wert\\\/\"]}]},{\"@type\":\"BreadcrumbList\",\"@id\":\"https:\\\/\\\/truckonline.de\\\/blog\\\/2013\\\/07\\\/20\\\/sind-wir-denn-gar-nichts-wert\\\/#breadcrumb\",\"itemListElement\":[{\"@type\":\"ListItem\",\"position\":1,\"name\":\"Startseite\",\"item\":\"https:\\\/\\\/truckonline.de\\\/blog\\\/\"},{\"@type\":\"ListItem\",\"position\":2,\"name\":\"Sind wir denn gar nichts wert?\"}]},{\"@type\":\"WebSite\",\"@id\":\"https:\\\/\\\/truckonline.de\\\/blog\\\/#website\",\"url\":\"https:\\\/\\\/truckonline.de\\\/blog\\\/\",\"name\":\"TruckOnline.de\",\"description\":\"\",\"publisher\":{\"@id\":\"https:\\\/\\\/truckonline.de\\\/blog\\\/#\\\/schema\\\/person\\\/4cb59b86ffde81f882f56439688fda19\"},\"potentialAction\":[{\"@type\":\"SearchAction\",\"target\":{\"@type\":\"EntryPoint\",\"urlTemplate\":\"https:\\\/\\\/truckonline.de\\\/blog\\\/?s={search_term_string}\"},\"query-input\":{\"@type\":\"PropertyValueSpecification\",\"valueRequired\":true,\"valueName\":\"search_term_string\"}}],\"inLanguage\":\"de\"},{\"@type\":[\"Person\",\"Organization\"],\"@id\":\"https:\\\/\\\/truckonline.de\\\/blog\\\/#\\\/schema\\\/person\\\/4cb59b86ffde81f882f56439688fda19\",\"name\":\"maik\",\"image\":{\"@type\":\"ImageObject\",\"inLanguage\":\"de\",\"@id\":\"https:\\\/\\\/truckonline.de\\\/blog\\\/wp-content\\\/uploads\\\/2019\\\/12\\\/logoinnenweiss.png\",\"url\":\"https:\\\/\\\/truckonline.de\\\/blog\\\/wp-content\\\/uploads\\\/2019\\\/12\\\/logoinnenweiss.png\",\"contentUrl\":\"https:\\\/\\\/truckonline.de\\\/blog\\\/wp-content\\\/uploads\\\/2019\\\/12\\\/logoinnenweiss.png\",\"width\":733,\"height\":125,\"caption\":\"maik\"},\"logo\":{\"@id\":\"https:\\\/\\\/truckonline.de\\\/blog\\\/wp-content\\\/uploads\\\/2019\\\/12\\\/logoinnenweiss.png\"},\"sameAs\":[\"https:\\\/\\\/www.facebook.com\\\/truckblog\",\"https:\\\/\\\/www.instagram.com\\\/truck_online\\\/\",\"https:\\\/\\\/x.com\\\/https:\\\/\\\/twitter.com\\\/truckblog\",\"https:\\\/\\\/www.youtube.com\\\/user\\\/truckonline\",\"https:\\\/\\\/www.tumblr.com\\\/truckonline\"]}]}<\/script>\n<!-- \/ Yoast SEO plugin. -->","yoast_head_json":{"title":"Sind wir denn gar nichts wert? | TruckOnline.de","description":"In einer Fahrergruppe bei Facebook berichtet eine Kollegin \u00fcber eine Begebenheit, welche Sie heute erlebte: Ich habe heute morgen in der Schweiz","robots":{"index":"index","follow":"follow","max-snippet":"max-snippet:-1","max-image-preview":"max-image-preview:large","max-video-preview":"max-video-preview:-1"},"canonical":"https:\/\/truckonline.de\/blog\/2013\/07\/20\/sind-wir-denn-gar-nichts-wert\/","og_locale":"de_DE","og_type":"article","og_title":"Sind wir denn gar nichts wert? | TruckOnline.de","og_url":"https:\/\/truckonline.de\/blog\/2013\/07\/20\/sind-wir-denn-gar-nichts-wert\/","og_site_name":"TruckOnline.de","article_publisher":"https:\/\/www.facebook.com\/truckblog","article_author":"https:\/\/www.facebook.com\/truckblog","article_published_time":"2013-07-20T17:13:59+00:00","article_modified_time":"2013-07-20T17:19:35+00:00","og_image":[{"width":2560,"height":1920,"url":"https:\/\/truckonline.de\/blog\/wp-content\/uploads\/2019\/12\/IMG_20191229_225424-scaled.jpg","type":"image\/jpeg"}],"author":"maik","twitter_card":"summary_large_image","twitter_creator":"@https:\/\/twitter.com\/truckblog","twitter_site":"@truckblog","twitter_misc":{"Verfasst von":"maik","Gesch\u00e4tzte Lesezeit":"4\u00a0Minuten"},"schema":{"@context":"https:\/\/schema.org","@graph":[{"@type":"Article","@id":"https:\/\/truckonline.de\/blog\/2013\/07\/20\/sind-wir-denn-gar-nichts-wert\/#article","isPartOf":{"@id":"https:\/\/truckonline.de\/blog\/2013\/07\/20\/sind-wir-denn-gar-nichts-wert\/"},"author":{"name":"maik","@id":"https:\/\/truckonline.de\/blog\/#\/schema\/person\/4cb59b86ffde81f882f56439688fda19"},"headline":"Sind wir denn gar nichts wert?","datePublished":"2013-07-20T17:13:59+00:00","dateModified":"2013-07-20T17:19:35+00:00","mainEntityOfPage":{"@id":"https:\/\/truckonline.de\/blog\/2013\/07\/20\/sind-wir-denn-gar-nichts-wert\/"},"wordCount":717,"commentCount":10,"publisher":{"@id":"https:\/\/truckonline.de\/blog\/#\/schema\/person\/4cb59b86ffde81f882f56439688fda19"},"keywords":["Erlebnis","Gastbeitrag"],"articleSection":["\u00c4rgerliches","Fragen","Gastbeitrag"],"inLanguage":"de","potentialAction":[{"@type":"CommentAction","name":"Comment","target":["https:\/\/truckonline.de\/blog\/2013\/07\/20\/sind-wir-denn-gar-nichts-wert\/#respond"]}]},{"@type":"WebPage","@id":"https:\/\/truckonline.de\/blog\/2013\/07\/20\/sind-wir-denn-gar-nichts-wert\/","url":"https:\/\/truckonline.de\/blog\/2013\/07\/20\/sind-wir-denn-gar-nichts-wert\/","name":"Sind wir denn gar nichts wert? | TruckOnline.de","isPartOf":{"@id":"https:\/\/truckonline.de\/blog\/#website"},"datePublished":"2013-07-20T17:13:59+00:00","dateModified":"2013-07-20T17:19:35+00:00","description":"In einer Fahrergruppe bei Facebook berichtet eine Kollegin \u00fcber eine Begebenheit, welche Sie heute erlebte: Ich habe heute morgen in der Schweiz","breadcrumb":{"@id":"https:\/\/truckonline.de\/blog\/2013\/07\/20\/sind-wir-denn-gar-nichts-wert\/#breadcrumb"},"inLanguage":"de","potentialAction":[{"@type":"ReadAction","target":["https:\/\/truckonline.de\/blog\/2013\/07\/20\/sind-wir-denn-gar-nichts-wert\/"]}]},{"@type":"BreadcrumbList","@id":"https:\/\/truckonline.de\/blog\/2013\/07\/20\/sind-wir-denn-gar-nichts-wert\/#breadcrumb","itemListElement":[{"@type":"ListItem","position":1,"name":"Startseite","item":"https:\/\/truckonline.de\/blog\/"},{"@type":"ListItem","position":2,"name":"Sind wir denn gar nichts wert?"}]},{"@type":"WebSite","@id":"https:\/\/truckonline.de\/blog\/#website","url":"https:\/\/truckonline.de\/blog\/","name":"TruckOnline.de","description":"","publisher":{"@id":"https:\/\/truckonline.de\/blog\/#\/schema\/person\/4cb59b86ffde81f882f56439688fda19"},"potentialAction":[{"@type":"SearchAction","target":{"@type":"EntryPoint","urlTemplate":"https:\/\/truckonline.de\/blog\/?s={search_term_string}"},"query-input":{"@type":"PropertyValueSpecification","valueRequired":true,"valueName":"search_term_string"}}],"inLanguage":"de"},{"@type":["Person","Organization"],"@id":"https:\/\/truckonline.de\/blog\/#\/schema\/person\/4cb59b86ffde81f882f56439688fda19","name":"maik","image":{"@type":"ImageObject","inLanguage":"de","@id":"https:\/\/truckonline.de\/blog\/wp-content\/uploads\/2019\/12\/logoinnenweiss.png","url":"https:\/\/truckonline.de\/blog\/wp-content\/uploads\/2019\/12\/logoinnenweiss.png","contentUrl":"https:\/\/truckonline.de\/blog\/wp-content\/uploads\/2019\/12\/logoinnenweiss.png","width":733,"height":125,"caption":"maik"},"logo":{"@id":"https:\/\/truckonline.de\/blog\/wp-content\/uploads\/2019\/12\/logoinnenweiss.png"},"sameAs":["https:\/\/www.facebook.com\/truckblog","https:\/\/www.instagram.com\/truck_online\/","https:\/\/x.com\/https:\/\/twitter.com\/truckblog","https:\/\/www.youtube.com\/user\/truckonline","https:\/\/www.tumblr.com\/truckonline"]}]}},"_links":{"self":[{"href":"https:\/\/truckonline.de\/blog\/wp-json\/wp\/v2\/posts\/4037","targetHints":{"allow":["GET"]}}],"collection":[{"href":"https:\/\/truckonline.de\/blog\/wp-json\/wp\/v2\/posts"}],"about":[{"href":"https:\/\/truckonline.de\/blog\/wp-json\/wp\/v2\/types\/post"}],"author":[{"embeddable":true,"href":"https:\/\/truckonline.de\/blog\/wp-json\/wp\/v2\/users\/3"}],"replies":[{"embeddable":true,"href":"https:\/\/truckonline.de\/blog\/wp-json\/wp\/v2\/comments?post=4037"}],"version-history":[{"count":2,"href":"https:\/\/truckonline.de\/blog\/wp-json\/wp\/v2\/posts\/4037\/revisions"}],"predecessor-version":[{"id":4039,"href":"https:\/\/truckonline.de\/blog\/wp-json\/wp\/v2\/posts\/4037\/revisions\/4039"}],"wp:attachment":[{"href":"https:\/\/truckonline.de\/blog\/wp-json\/wp\/v2\/media?parent=4037"}],"wp:term":[{"taxonomy":"category","embeddable":true,"href":"https:\/\/truckonline.de\/blog\/wp-json\/wp\/v2\/categories?post=4037"},{"taxonomy":"post_tag","embeddable":true,"href":"https:\/\/truckonline.de\/blog\/wp-json\/wp\/v2\/tags?post=4037"}],"curies":[{"name":"wp","href":"https:\/\/api.w.org\/{rel}","templated":true}]}}