{"id":3860,"date":"2013-05-23T23:48:50","date_gmt":"2013-05-23T21:48:50","guid":{"rendered":"https:\/\/truckonline.de\/blog\/?p=3860"},"modified":"2013-05-23T23:48:50","modified_gmt":"2013-05-23T21:48:50","slug":"mit-wehender-plane","status":"publish","type":"post","link":"https:\/\/truckonline.de\/blog\/2013\/05\/23\/mit-wehender-plane\/","title":{"rendered":"Mit wehender Plane"},"content":{"rendered":"<p>Wie gut, dass ich den Knall nicht geh\u00f6rt habe. W\u00e4hrend ich nach dem Entladen in einer Firma in Memmingen auf meine Papiere wartete, versuchte ein anderer Fahrer mit seinem Lkw r\u00fcckw\u00e4rts an eine Rampe zu fahren. <\/p>\n<p>Dumm nur, dass er sich bei dieser Aktion etwas versch\u00e4tzte. Das Ergebnis ist eine zerfetzte Pl\u00e4ne an meinem Auflieger. Versuche, das Loch mit Klebeband zu schlie\u00dfen, brachten nicht viel. Nach einigen Kilometern l\u00f6ste sich das Zeug immer wieder ab. <\/p>\n<p><img loading=\"lazy\" decoding=\"async\" src=\"https:\/\/www.truckonline.de\/planeputt.jpg\" width=\"550\" height=\"368\" class=\"alignnone\" \/><\/p>\n","protected":false},"excerpt":{"rendered":"<p>Wie gut, dass ich den Knall nicht geh\u00f6rt habe. W\u00e4hrend ich nach dem Entladen in einer Firma in Memmingen auf meine Papiere wartete, versuchte ein&#8230;<\/p>\n<div class=\"more-link-wrapper\"><a class=\"more-link\" href=\"https:\/\/truckonline.de\/blog\/2013\/05\/23\/mit-wehender-plane\/\">Sie haben Ihr Ziel fast erreicht.<span class=\"screen-reader-text\">Mit wehender Plane<\/span><\/a><\/div>\n","protected":false},"author":3,"featured_media":0,"comment_status":"open","ping_status":"open","sticky":false,"template":"","format":"standard","meta":{"iawp_total_views":1,"_metis_text_type":"","_metis_text_length":0,"_post_count":0,"footnotes":""},"categories":[593,11,52],"tags":[354,440],"class_list":["post-3860","post","type-post","status-publish","format-standard","hentry","category-aergerliches","category-lkw","category-unfall","tag-kaputt","tag-plane","ratio-2-1","entry"],"yoast_head":"<!-- This site is optimized with the Yoast SEO plugin v27.4 - https:\/\/yoast.com\/product\/yoast-seo-wordpress\/ -->\n<title>Mit wehender Plane | TruckOnline.de<\/title>\n<meta name=\"description\" content=\"Wie gut, dass ich den Knall nicht geh\u00f6rt habe. W\u00e4hrend ich nach dem Entladen in einer Firma in Memmingen auf meine Papiere wartete, versuchte ein anderer\" \/>\n<meta name=\"robots\" content=\"index, follow, max-snippet:-1, max-image-preview:large, max-video-preview:-1\" \/>\n<link rel=\"canonical\" href=\"https:\/\/truckonline.de\/blog\/2013\/05\/23\/mit-wehender-plane\/\" \/>\n<meta property=\"og:locale\" content=\"de_DE\" \/>\n<meta property=\"og:type\" content=\"article\" \/>\n<meta property=\"og:title\" content=\"Mit wehender Plane | TruckOnline.de\" \/>\n<meta property=\"og:url\" content=\"https:\/\/truckonline.de\/blog\/2013\/05\/23\/mit-wehender-plane\/\" \/>\n<meta property=\"og:site_name\" content=\"TruckOnline.de\" \/>\n<meta property=\"article:publisher\" content=\"https:\/\/www.facebook.com\/truckblog\" \/>\n<meta property=\"article:author\" content=\"https:\/\/www.facebook.com\/truckblog\" \/>\n<meta property=\"article:published_time\" content=\"2013-05-23T21:48:50+00:00\" \/>\n<meta property=\"og:image\" content=\"https:\/\/www.truckonline.de\/planeputt.jpg\" \/>\n<meta name=\"author\" content=\"maik\" \/>\n<meta name=\"twitter:card\" content=\"summary_large_image\" \/>\n<meta name=\"twitter:creator\" content=\"@https:\/\/twitter.com\/truckblog\" \/>\n<meta name=\"twitter:site\" content=\"@truckblog\" \/>\n<meta name=\"twitter:label1\" content=\"Verfasst von\" \/>\n\t<meta name=\"twitter:data1\" content=\"maik\" \/>\n<script type=\"application\/ld+json\" class=\"yoast-schema-graph\">{\"@context\":\"https:\\\/\\\/schema.org\",\"@graph\":[{\"@type\":\"Article\",\"@id\":\"https:\\\/\\\/truckonline.de\\\/blog\\\/2013\\\/05\\\/23\\\/mit-wehender-plane\\\/#article\",\"isPartOf\":{\"@id\":\"https:\\\/\\\/truckonline.de\\\/blog\\\/2013\\\/05\\\/23\\\/mit-wehender-plane\\\/\"},\"author\":{\"name\":\"maik\",\"@id\":\"https:\\\/\\\/truckonline.de\\\/blog\\\/#\\\/schema\\\/person\\\/4cb59b86ffde81f882f56439688fda19\"},\"headline\":\"Mit wehender Plane\",\"datePublished\":\"2013-05-23T21:48:50+00:00\",\"mainEntityOfPage\":{\"@id\":\"https:\\\/\\\/truckonline.de\\\/blog\\\/2013\\\/05\\\/23\\\/mit-wehender-plane\\\/\"},\"wordCount\":86,\"commentCount\":5,\"publisher\":{\"@id\":\"https:\\\/\\\/truckonline.de\\\/blog\\\/#\\\/schema\\\/person\\\/4cb59b86ffde81f882f56439688fda19\"},\"image\":{\"@id\":\"https:\\\/\\\/truckonline.de\\\/blog\\\/2013\\\/05\\\/23\\\/mit-wehender-plane\\\/#primaryimage\"},\"thumbnailUrl\":\"https:\\\/\\\/www.truckonline.de\\\/planeputt.jpg\",\"keywords\":[\"kaputt\",\"Plane\"],\"articleSection\":[\"\u00c4rgerliches\",\"Lkw\",\"Unfall\"],\"inLanguage\":\"de\",\"potentialAction\":[{\"@type\":\"CommentAction\",\"name\":\"Comment\",\"target\":[\"https:\\\/\\\/truckonline.de\\\/blog\\\/2013\\\/05\\\/23\\\/mit-wehender-plane\\\/#respond\"]}]},{\"@type\":\"WebPage\",\"@id\":\"https:\\\/\\\/truckonline.de\\\/blog\\\/2013\\\/05\\\/23\\\/mit-wehender-plane\\\/\",\"url\":\"https:\\\/\\\/truckonline.de\\\/blog\\\/2013\\\/05\\\/23\\\/mit-wehender-plane\\\/\",\"name\":\"Mit wehender Plane | TruckOnline.de\",\"isPartOf\":{\"@id\":\"https:\\\/\\\/truckonline.de\\\/blog\\\/#website\"},\"primaryImageOfPage\":{\"@id\":\"https:\\\/\\\/truckonline.de\\\/blog\\\/2013\\\/05\\\/23\\\/mit-wehender-plane\\\/#primaryimage\"},\"image\":{\"@id\":\"https:\\\/\\\/truckonline.de\\\/blog\\\/2013\\\/05\\\/23\\\/mit-wehender-plane\\\/#primaryimage\"},\"thumbnailUrl\":\"https:\\\/\\\/www.truckonline.de\\\/planeputt.jpg\",\"datePublished\":\"2013-05-23T21:48:50+00:00\",\"description\":\"Wie gut, dass ich den Knall nicht geh\u00f6rt habe. W\u00e4hrend ich nach dem Entladen in einer Firma in Memmingen auf meine Papiere wartete, versuchte ein anderer\",\"breadcrumb\":{\"@id\":\"https:\\\/\\\/truckonline.de\\\/blog\\\/2013\\\/05\\\/23\\\/mit-wehender-plane\\\/#breadcrumb\"},\"inLanguage\":\"de\",\"potentialAction\":[{\"@type\":\"ReadAction\",\"target\":[\"https:\\\/\\\/truckonline.de\\\/blog\\\/2013\\\/05\\\/23\\\/mit-wehender-plane\\\/\"]}]},{\"@type\":\"ImageObject\",\"inLanguage\":\"de\",\"@id\":\"https:\\\/\\\/truckonline.de\\\/blog\\\/2013\\\/05\\\/23\\\/mit-wehender-plane\\\/#primaryimage\",\"url\":\"https:\\\/\\\/www.truckonline.de\\\/planeputt.jpg\",\"contentUrl\":\"https:\\\/\\\/www.truckonline.de\\\/planeputt.jpg\"},{\"@type\":\"BreadcrumbList\",\"@id\":\"https:\\\/\\\/truckonline.de\\\/blog\\\/2013\\\/05\\\/23\\\/mit-wehender-plane\\\/#breadcrumb\",\"itemListElement\":[{\"@type\":\"ListItem\",\"position\":1,\"name\":\"Startseite\",\"item\":\"https:\\\/\\\/truckonline.de\\\/blog\\\/\"},{\"@type\":\"ListItem\",\"position\":2,\"name\":\"Mit wehender Plane\"}]},{\"@type\":\"WebSite\",\"@id\":\"https:\\\/\\\/truckonline.de\\\/blog\\\/#website\",\"url\":\"https:\\\/\\\/truckonline.de\\\/blog\\\/\",\"name\":\"TruckOnline.de\",\"description\":\"\",\"publisher\":{\"@id\":\"https:\\\/\\\/truckonline.de\\\/blog\\\/#\\\/schema\\\/person\\\/4cb59b86ffde81f882f56439688fda19\"},\"potentialAction\":[{\"@type\":\"SearchAction\",\"target\":{\"@type\":\"EntryPoint\",\"urlTemplate\":\"https:\\\/\\\/truckonline.de\\\/blog\\\/?s={search_term_string}\"},\"query-input\":{\"@type\":\"PropertyValueSpecification\",\"valueRequired\":true,\"valueName\":\"search_term_string\"}}],\"inLanguage\":\"de\"},{\"@type\":[\"Person\",\"Organization\"],\"@id\":\"https:\\\/\\\/truckonline.de\\\/blog\\\/#\\\/schema\\\/person\\\/4cb59b86ffde81f882f56439688fda19\",\"name\":\"maik\",\"image\":{\"@type\":\"ImageObject\",\"inLanguage\":\"de\",\"@id\":\"https:\\\/\\\/truckonline.de\\\/blog\\\/wp-content\\\/uploads\\\/2019\\\/12\\\/logoinnenweiss.png\",\"url\":\"https:\\\/\\\/truckonline.de\\\/blog\\\/wp-content\\\/uploads\\\/2019\\\/12\\\/logoinnenweiss.png\",\"contentUrl\":\"https:\\\/\\\/truckonline.de\\\/blog\\\/wp-content\\\/uploads\\\/2019\\\/12\\\/logoinnenweiss.png\",\"width\":733,\"height\":125,\"caption\":\"maik\"},\"logo\":{\"@id\":\"https:\\\/\\\/truckonline.de\\\/blog\\\/wp-content\\\/uploads\\\/2019\\\/12\\\/logoinnenweiss.png\"},\"sameAs\":[\"https:\\\/\\\/www.facebook.com\\\/truckblog\",\"https:\\\/\\\/www.instagram.com\\\/truck_online\\\/\",\"https:\\\/\\\/x.com\\\/https:\\\/\\\/twitter.com\\\/truckblog\",\"https:\\\/\\\/www.youtube.com\\\/user\\\/truckonline\",\"https:\\\/\\\/www.tumblr.com\\\/truckonline\"]}]}<\/script>\n<!-- \/ Yoast SEO plugin. -->","yoast_head_json":{"title":"Mit wehender Plane | TruckOnline.de","description":"Wie gut, dass ich den Knall nicht geh\u00f6rt habe. W\u00e4hrend ich nach dem Entladen in einer Firma in Memmingen auf meine Papiere wartete, versuchte ein anderer","robots":{"index":"index","follow":"follow","max-snippet":"max-snippet:-1","max-image-preview":"max-image-preview:large","max-video-preview":"max-video-preview:-1"},"canonical":"https:\/\/truckonline.de\/blog\/2013\/05\/23\/mit-wehender-plane\/","og_locale":"de_DE","og_type":"article","og_title":"Mit wehender Plane | TruckOnline.de","og_url":"https:\/\/truckonline.de\/blog\/2013\/05\/23\/mit-wehender-plane\/","og_site_name":"TruckOnline.de","article_publisher":"https:\/\/www.facebook.com\/truckblog","article_author":"https:\/\/www.facebook.com\/truckblog","article_published_time":"2013-05-23T21:48:50+00:00","og_image":[{"url":"https:\/\/www.truckonline.de\/planeputt.jpg","type":"","width":"","height":""}],"author":"maik","twitter_card":"summary_large_image","twitter_creator":"@https:\/\/twitter.com\/truckblog","twitter_site":"@truckblog","twitter_misc":{"Verfasst von":"maik"},"schema":{"@context":"https:\/\/schema.org","@graph":[{"@type":"Article","@id":"https:\/\/truckonline.de\/blog\/2013\/05\/23\/mit-wehender-plane\/#article","isPartOf":{"@id":"https:\/\/truckonline.de\/blog\/2013\/05\/23\/mit-wehender-plane\/"},"author":{"name":"maik","@id":"https:\/\/truckonline.de\/blog\/#\/schema\/person\/4cb59b86ffde81f882f56439688fda19"},"headline":"Mit wehender Plane","datePublished":"2013-05-23T21:48:50+00:00","mainEntityOfPage":{"@id":"https:\/\/truckonline.de\/blog\/2013\/05\/23\/mit-wehender-plane\/"},"wordCount":86,"commentCount":5,"publisher":{"@id":"https:\/\/truckonline.de\/blog\/#\/schema\/person\/4cb59b86ffde81f882f56439688fda19"},"image":{"@id":"https:\/\/truckonline.de\/blog\/2013\/05\/23\/mit-wehender-plane\/#primaryimage"},"thumbnailUrl":"https:\/\/www.truckonline.de\/planeputt.jpg","keywords":["kaputt","Plane"],"articleSection":["\u00c4rgerliches","Lkw","Unfall"],"inLanguage":"de","potentialAction":[{"@type":"CommentAction","name":"Comment","target":["https:\/\/truckonline.de\/blog\/2013\/05\/23\/mit-wehender-plane\/#respond"]}]},{"@type":"WebPage","@id":"https:\/\/truckonline.de\/blog\/2013\/05\/23\/mit-wehender-plane\/","url":"https:\/\/truckonline.de\/blog\/2013\/05\/23\/mit-wehender-plane\/","name":"Mit wehender Plane | TruckOnline.de","isPartOf":{"@id":"https:\/\/truckonline.de\/blog\/#website"},"primaryImageOfPage":{"@id":"https:\/\/truckonline.de\/blog\/2013\/05\/23\/mit-wehender-plane\/#primaryimage"},"image":{"@id":"https:\/\/truckonline.de\/blog\/2013\/05\/23\/mit-wehender-plane\/#primaryimage"},"thumbnailUrl":"https:\/\/www.truckonline.de\/planeputt.jpg","datePublished":"2013-05-23T21:48:50+00:00","description":"Wie gut, dass ich den Knall nicht geh\u00f6rt habe. W\u00e4hrend ich nach dem Entladen in einer Firma in Memmingen auf meine Papiere wartete, versuchte ein anderer","breadcrumb":{"@id":"https:\/\/truckonline.de\/blog\/2013\/05\/23\/mit-wehender-plane\/#breadcrumb"},"inLanguage":"de","potentialAction":[{"@type":"ReadAction","target":["https:\/\/truckonline.de\/blog\/2013\/05\/23\/mit-wehender-plane\/"]}]},{"@type":"ImageObject","inLanguage":"de","@id":"https:\/\/truckonline.de\/blog\/2013\/05\/23\/mit-wehender-plane\/#primaryimage","url":"https:\/\/www.truckonline.de\/planeputt.jpg","contentUrl":"https:\/\/www.truckonline.de\/planeputt.jpg"},{"@type":"BreadcrumbList","@id":"https:\/\/truckonline.de\/blog\/2013\/05\/23\/mit-wehender-plane\/#breadcrumb","itemListElement":[{"@type":"ListItem","position":1,"name":"Startseite","item":"https:\/\/truckonline.de\/blog\/"},{"@type":"ListItem","position":2,"name":"Mit wehender Plane"}]},{"@type":"WebSite","@id":"https:\/\/truckonline.de\/blog\/#website","url":"https:\/\/truckonline.de\/blog\/","name":"TruckOnline.de","description":"","publisher":{"@id":"https:\/\/truckonline.de\/blog\/#\/schema\/person\/4cb59b86ffde81f882f56439688fda19"},"potentialAction":[{"@type":"SearchAction","target":{"@type":"EntryPoint","urlTemplate":"https:\/\/truckonline.de\/blog\/?s={search_term_string}"},"query-input":{"@type":"PropertyValueSpecification","valueRequired":true,"valueName":"search_term_string"}}],"inLanguage":"de"},{"@type":["Person","Organization"],"@id":"https:\/\/truckonline.de\/blog\/#\/schema\/person\/4cb59b86ffde81f882f56439688fda19","name":"maik","image":{"@type":"ImageObject","inLanguage":"de","@id":"https:\/\/truckonline.de\/blog\/wp-content\/uploads\/2019\/12\/logoinnenweiss.png","url":"https:\/\/truckonline.de\/blog\/wp-content\/uploads\/2019\/12\/logoinnenweiss.png","contentUrl":"https:\/\/truckonline.de\/blog\/wp-content\/uploads\/2019\/12\/logoinnenweiss.png","width":733,"height":125,"caption":"maik"},"logo":{"@id":"https:\/\/truckonline.de\/blog\/wp-content\/uploads\/2019\/12\/logoinnenweiss.png"},"sameAs":["https:\/\/www.facebook.com\/truckblog","https:\/\/www.instagram.com\/truck_online\/","https:\/\/x.com\/https:\/\/twitter.com\/truckblog","https:\/\/www.youtube.com\/user\/truckonline","https:\/\/www.tumblr.com\/truckonline"]}]}},"_links":{"self":[{"href":"https:\/\/truckonline.de\/blog\/wp-json\/wp\/v2\/posts\/3860","targetHints":{"allow":["GET"]}}],"collection":[{"href":"https:\/\/truckonline.de\/blog\/wp-json\/wp\/v2\/posts"}],"about":[{"href":"https:\/\/truckonline.de\/blog\/wp-json\/wp\/v2\/types\/post"}],"author":[{"embeddable":true,"href":"https:\/\/truckonline.de\/blog\/wp-json\/wp\/v2\/users\/3"}],"replies":[{"embeddable":true,"href":"https:\/\/truckonline.de\/blog\/wp-json\/wp\/v2\/comments?post=3860"}],"version-history":[{"count":1,"href":"https:\/\/truckonline.de\/blog\/wp-json\/wp\/v2\/posts\/3860\/revisions"}],"predecessor-version":[{"id":3862,"href":"https:\/\/truckonline.de\/blog\/wp-json\/wp\/v2\/posts\/3860\/revisions\/3862"}],"wp:attachment":[{"href":"https:\/\/truckonline.de\/blog\/wp-json\/wp\/v2\/media?parent=3860"}],"wp:term":[{"taxonomy":"category","embeddable":true,"href":"https:\/\/truckonline.de\/blog\/wp-json\/wp\/v2\/categories?post=3860"},{"taxonomy":"post_tag","embeddable":true,"href":"https:\/\/truckonline.de\/blog\/wp-json\/wp\/v2\/tags?post=3860"}],"curies":[{"name":"wp","href":"https:\/\/api.w.org\/{rel}","templated":true}]}}