{"id":3670,"date":"2013-03-05T00:54:51","date_gmt":"2013-03-04T23:54:51","guid":{"rendered":"https:\/\/truckonline.de\/blog\/?p=3670"},"modified":"2013-03-05T00:55:27","modified_gmt":"2013-03-04T23:55:27","slug":"der-richtige-blitzableiter","status":"publish","type":"post","link":"https:\/\/truckonline.de\/blog\/2013\/03\/05\/der-richtige-blitzableiter\/","title":{"rendered":"Der richtige Blitzableiter"},"content":{"rendered":"<p>Der erste dienstliche Anruf gestern fr\u00fch kam kurz nach halb neun, eine gute halbe Stunde, nachdem ich losgefahren bin: &#8222;<strong>Guten Morgen, wo bist Du?<\/strong>&#8220; Ich \u00fcberlegte kurz und antwortete: &#8222;<em>\u00c4h, zu Hause!<\/em>&#8220; Die Reaktion klang ein wenig erregt: &#8222;<strong>Du machst Scherze. Um halb acht hattest Du Termin. Da steht ein Kran, die warten auf Dich!<\/strong>&#8220;<\/p>\n<p>Komisch nur, dass ich davon nichts wu\u00dfte. <s>Oder ich hatte es letzten Freitag \u00fcberh\u00f6rt.<\/s> Um das ganze etwas zu entsch\u00e4rfen, antwortete ich: &#8222;<em>Nee, ich bin bei Eisenach. Es wird aber zehn, bis ich bei dem Kunden bin!<\/em>&#8220;<br \/>\nKurz vor zehn der zweite Anruf: &#8222;<strong>Na wie l\u00e4ufts?<\/strong>&#8220; &#8222;<em>Normal, in f\u00fcnf Minuten bin ich da!<\/em>&#8220; &#8222;<strong>Gut. Nur zur Info. Die sind da ein wenig aufgebracht!<\/strong>&#8220;<\/p>\n<p>Kurz darauf trudelte ich in der Firma ein. Ein kleiner Steinmetzbetrieb, irgendwo in der Rh\u00f6n. Der Chef erwartete mich bereits, von Aufgeregtheit aber keine Spur. Ich denke mal, er hatte sich schon am Telefon beim Gespr\u00e4ch mit meinem Disponenten abreagiert.<\/p>\n","protected":false},"excerpt":{"rendered":"<p>Der erste dienstliche Anruf gestern fr\u00fch kam kurz nach halb neun, eine gute halbe Stunde, nachdem ich losgefahren bin: &#8222;Guten Morgen, wo bist Du?&#8220; Ich&#8230;<\/p>\n<div class=\"more-link-wrapper\"><a class=\"more-link\" href=\"https:\/\/truckonline.de\/blog\/2013\/03\/05\/der-richtige-blitzableiter\/\">Sie haben Ihr Ziel fast erreicht.<span class=\"screen-reader-text\">Der richtige Blitzableiter<\/span><\/a><\/div>\n","protected":false},"author":3,"featured_media":0,"comment_status":"open","ping_status":"open","sticky":false,"template":"","format":"standard","meta":{"iawp_total_views":2,"_metis_text_type":"","_metis_text_length":0,"_post_count":0,"footnotes":""},"categories":[13,134,24],"tags":[1882,1671],"class_list":["post-3670","post","type-post","status-publish","format-standard","hentry","category-firmen","category-ladung-lkw","category-unterwegs","tag-firmen","tag-termin","ratio-2-1","entry"],"yoast_head":"<!-- This site is optimized with the Yoast SEO plugin v27.5 - https:\/\/yoast.com\/product\/yoast-seo-wordpress\/ -->\n<title>Der richtige Blitzableiter | TruckOnline.de<\/title>\n<meta name=\"description\" content=\"Der erste dienstliche Anruf gestern fr\u00fch kam kurz nach halb neun, eine gute halbe Stunde, nachdem ich losgefahren bin: &quot;Guten Morgen, wo bist Du?&quot; Ich\" \/>\n<meta name=\"robots\" content=\"index, follow, max-snippet:-1, max-image-preview:large, max-video-preview:-1\" \/>\n<link rel=\"canonical\" href=\"https:\/\/truckonline.de\/blog\/2013\/03\/05\/der-richtige-blitzableiter\/\" \/>\n<meta property=\"og:locale\" content=\"de_DE\" \/>\n<meta property=\"og:type\" content=\"article\" \/>\n<meta property=\"og:title\" content=\"Der richtige Blitzableiter | TruckOnline.de\" \/>\n<meta property=\"og:url\" content=\"https:\/\/truckonline.de\/blog\/2013\/03\/05\/der-richtige-blitzableiter\/\" \/>\n<meta property=\"og:site_name\" content=\"TruckOnline.de\" \/>\n<meta property=\"article:publisher\" content=\"https:\/\/www.facebook.com\/truckblog\" \/>\n<meta property=\"article:author\" content=\"https:\/\/www.facebook.com\/truckblog\" \/>\n<meta property=\"article:published_time\" content=\"2013-03-04T23:54:51+00:00\" \/>\n<meta property=\"article:modified_time\" content=\"2013-03-04T23:55:27+00:00\" \/>\n<meta property=\"og:image\" content=\"https:\/\/truckonline.de\/blog\/wp-content\/uploads\/2019\/12\/IMG_20191229_225424-scaled.jpg\" \/>\n\t<meta property=\"og:image:width\" content=\"2560\" \/>\n\t<meta property=\"og:image:height\" content=\"1920\" \/>\n\t<meta property=\"og:image:type\" content=\"image\/jpeg\" \/>\n<meta name=\"author\" content=\"maik\" \/>\n<meta name=\"twitter:card\" content=\"summary_large_image\" \/>\n<meta name=\"twitter:creator\" content=\"@https:\/\/twitter.com\/truckblog\" \/>\n<meta name=\"twitter:site\" content=\"@truckblog\" \/>\n<meta name=\"twitter:label1\" content=\"Verfasst von\" \/>\n\t<meta name=\"twitter:data1\" content=\"maik\" \/>\n\t<meta name=\"twitter:label2\" content=\"Gesch\u00e4tzte Lesezeit\" \/>\n\t<meta name=\"twitter:data2\" content=\"1\u00a0Minute\" \/>\n<script type=\"application\/ld+json\" class=\"yoast-schema-graph\">{\"@context\":\"https:\\\/\\\/schema.org\",\"@graph\":[{\"@type\":\"Article\",\"@id\":\"https:\\\/\\\/truckonline.de\\\/blog\\\/2013\\\/03\\\/05\\\/der-richtige-blitzableiter\\\/#article\",\"isPartOf\":{\"@id\":\"https:\\\/\\\/truckonline.de\\\/blog\\\/2013\\\/03\\\/05\\\/der-richtige-blitzableiter\\\/\"},\"author\":{\"name\":\"maik\",\"@id\":\"https:\\\/\\\/truckonline.de\\\/blog\\\/#\\\/schema\\\/person\\\/4cb59b86ffde81f882f56439688fda19\"},\"headline\":\"Der richtige Blitzableiter\",\"datePublished\":\"2013-03-04T23:54:51+00:00\",\"dateModified\":\"2013-03-04T23:55:27+00:00\",\"mainEntityOfPage\":{\"@id\":\"https:\\\/\\\/truckonline.de\\\/blog\\\/2013\\\/03\\\/05\\\/der-richtige-blitzableiter\\\/\"},\"wordCount\":169,\"commentCount\":0,\"publisher\":{\"@id\":\"https:\\\/\\\/truckonline.de\\\/blog\\\/#\\\/schema\\\/person\\\/4cb59b86ffde81f882f56439688fda19\"},\"keywords\":[\"Firmen\",\"Termin\"],\"articleSection\":[\"Firmen\",\"Ladung\",\"Unterwegs\"],\"inLanguage\":\"de\",\"potentialAction\":[{\"@type\":\"CommentAction\",\"name\":\"Comment\",\"target\":[\"https:\\\/\\\/truckonline.de\\\/blog\\\/2013\\\/03\\\/05\\\/der-richtige-blitzableiter\\\/#respond\"]}]},{\"@type\":\"WebPage\",\"@id\":\"https:\\\/\\\/truckonline.de\\\/blog\\\/2013\\\/03\\\/05\\\/der-richtige-blitzableiter\\\/\",\"url\":\"https:\\\/\\\/truckonline.de\\\/blog\\\/2013\\\/03\\\/05\\\/der-richtige-blitzableiter\\\/\",\"name\":\"Der richtige Blitzableiter | TruckOnline.de\",\"isPartOf\":{\"@id\":\"https:\\\/\\\/truckonline.de\\\/blog\\\/#website\"},\"datePublished\":\"2013-03-04T23:54:51+00:00\",\"dateModified\":\"2013-03-04T23:55:27+00:00\",\"description\":\"Der erste dienstliche Anruf gestern fr\u00fch kam kurz nach halb neun, eine gute halbe Stunde, nachdem ich losgefahren bin: \\\"Guten Morgen, wo bist Du?\\\" Ich\",\"breadcrumb\":{\"@id\":\"https:\\\/\\\/truckonline.de\\\/blog\\\/2013\\\/03\\\/05\\\/der-richtige-blitzableiter\\\/#breadcrumb\"},\"inLanguage\":\"de\",\"potentialAction\":[{\"@type\":\"ReadAction\",\"target\":[\"https:\\\/\\\/truckonline.de\\\/blog\\\/2013\\\/03\\\/05\\\/der-richtige-blitzableiter\\\/\"]}]},{\"@type\":\"BreadcrumbList\",\"@id\":\"https:\\\/\\\/truckonline.de\\\/blog\\\/2013\\\/03\\\/05\\\/der-richtige-blitzableiter\\\/#breadcrumb\",\"itemListElement\":[{\"@type\":\"ListItem\",\"position\":1,\"name\":\"Startseite\",\"item\":\"https:\\\/\\\/truckonline.de\\\/blog\\\/\"},{\"@type\":\"ListItem\",\"position\":2,\"name\":\"Der richtige Blitzableiter\"}]},{\"@type\":\"WebSite\",\"@id\":\"https:\\\/\\\/truckonline.de\\\/blog\\\/#website\",\"url\":\"https:\\\/\\\/truckonline.de\\\/blog\\\/\",\"name\":\"TruckOnline.de\",\"description\":\"\",\"publisher\":{\"@id\":\"https:\\\/\\\/truckonline.de\\\/blog\\\/#\\\/schema\\\/person\\\/4cb59b86ffde81f882f56439688fda19\"},\"potentialAction\":[{\"@type\":\"SearchAction\",\"target\":{\"@type\":\"EntryPoint\",\"urlTemplate\":\"https:\\\/\\\/truckonline.de\\\/blog\\\/?s={search_term_string}\"},\"query-input\":{\"@type\":\"PropertyValueSpecification\",\"valueRequired\":true,\"valueName\":\"search_term_string\"}}],\"inLanguage\":\"de\"},{\"@type\":[\"Person\",\"Organization\"],\"@id\":\"https:\\\/\\\/truckonline.de\\\/blog\\\/#\\\/schema\\\/person\\\/4cb59b86ffde81f882f56439688fda19\",\"name\":\"maik\",\"image\":{\"@type\":\"ImageObject\",\"inLanguage\":\"de\",\"@id\":\"https:\\\/\\\/truckonline.de\\\/blog\\\/wp-content\\\/uploads\\\/2019\\\/12\\\/logoinnenweiss.png\",\"url\":\"https:\\\/\\\/truckonline.de\\\/blog\\\/wp-content\\\/uploads\\\/2019\\\/12\\\/logoinnenweiss.png\",\"contentUrl\":\"https:\\\/\\\/truckonline.de\\\/blog\\\/wp-content\\\/uploads\\\/2019\\\/12\\\/logoinnenweiss.png\",\"width\":733,\"height\":125,\"caption\":\"maik\"},\"logo\":{\"@id\":\"https:\\\/\\\/truckonline.de\\\/blog\\\/wp-content\\\/uploads\\\/2019\\\/12\\\/logoinnenweiss.png\"},\"sameAs\":[\"https:\\\/\\\/www.facebook.com\\\/truckblog\",\"https:\\\/\\\/www.instagram.com\\\/truck_online\\\/\",\"https:\\\/\\\/x.com\\\/https:\\\/\\\/twitter.com\\\/truckblog\",\"https:\\\/\\\/www.youtube.com\\\/user\\\/truckonline\",\"https:\\\/\\\/www.tumblr.com\\\/truckonline\"]}]}<\/script>\n<!-- \/ Yoast SEO plugin. -->","yoast_head_json":{"title":"Der richtige Blitzableiter | TruckOnline.de","description":"Der erste dienstliche Anruf gestern fr\u00fch kam kurz nach halb neun, eine gute halbe Stunde, nachdem ich losgefahren bin: \"Guten Morgen, wo bist Du?\" Ich","robots":{"index":"index","follow":"follow","max-snippet":"max-snippet:-1","max-image-preview":"max-image-preview:large","max-video-preview":"max-video-preview:-1"},"canonical":"https:\/\/truckonline.de\/blog\/2013\/03\/05\/der-richtige-blitzableiter\/","og_locale":"de_DE","og_type":"article","og_title":"Der richtige Blitzableiter | TruckOnline.de","og_url":"https:\/\/truckonline.de\/blog\/2013\/03\/05\/der-richtige-blitzableiter\/","og_site_name":"TruckOnline.de","article_publisher":"https:\/\/www.facebook.com\/truckblog","article_author":"https:\/\/www.facebook.com\/truckblog","article_published_time":"2013-03-04T23:54:51+00:00","article_modified_time":"2013-03-04T23:55:27+00:00","og_image":[{"width":2560,"height":1920,"url":"https:\/\/truckonline.de\/blog\/wp-content\/uploads\/2019\/12\/IMG_20191229_225424-scaled.jpg","type":"image\/jpeg"}],"author":"maik","twitter_card":"summary_large_image","twitter_creator":"@https:\/\/twitter.com\/truckblog","twitter_site":"@truckblog","twitter_misc":{"Verfasst von":"maik","Gesch\u00e4tzte Lesezeit":"1\u00a0Minute"},"schema":{"@context":"https:\/\/schema.org","@graph":[{"@type":"Article","@id":"https:\/\/truckonline.de\/blog\/2013\/03\/05\/der-richtige-blitzableiter\/#article","isPartOf":{"@id":"https:\/\/truckonline.de\/blog\/2013\/03\/05\/der-richtige-blitzableiter\/"},"author":{"name":"maik","@id":"https:\/\/truckonline.de\/blog\/#\/schema\/person\/4cb59b86ffde81f882f56439688fda19"},"headline":"Der richtige Blitzableiter","datePublished":"2013-03-04T23:54:51+00:00","dateModified":"2013-03-04T23:55:27+00:00","mainEntityOfPage":{"@id":"https:\/\/truckonline.de\/blog\/2013\/03\/05\/der-richtige-blitzableiter\/"},"wordCount":169,"commentCount":0,"publisher":{"@id":"https:\/\/truckonline.de\/blog\/#\/schema\/person\/4cb59b86ffde81f882f56439688fda19"},"keywords":["Firmen","Termin"],"articleSection":["Firmen","Ladung","Unterwegs"],"inLanguage":"de","potentialAction":[{"@type":"CommentAction","name":"Comment","target":["https:\/\/truckonline.de\/blog\/2013\/03\/05\/der-richtige-blitzableiter\/#respond"]}]},{"@type":"WebPage","@id":"https:\/\/truckonline.de\/blog\/2013\/03\/05\/der-richtige-blitzableiter\/","url":"https:\/\/truckonline.de\/blog\/2013\/03\/05\/der-richtige-blitzableiter\/","name":"Der richtige Blitzableiter | TruckOnline.de","isPartOf":{"@id":"https:\/\/truckonline.de\/blog\/#website"},"datePublished":"2013-03-04T23:54:51+00:00","dateModified":"2013-03-04T23:55:27+00:00","description":"Der erste dienstliche Anruf gestern fr\u00fch kam kurz nach halb neun, eine gute halbe Stunde, nachdem ich losgefahren bin: \"Guten Morgen, wo bist Du?\" Ich","breadcrumb":{"@id":"https:\/\/truckonline.de\/blog\/2013\/03\/05\/der-richtige-blitzableiter\/#breadcrumb"},"inLanguage":"de","potentialAction":[{"@type":"ReadAction","target":["https:\/\/truckonline.de\/blog\/2013\/03\/05\/der-richtige-blitzableiter\/"]}]},{"@type":"BreadcrumbList","@id":"https:\/\/truckonline.de\/blog\/2013\/03\/05\/der-richtige-blitzableiter\/#breadcrumb","itemListElement":[{"@type":"ListItem","position":1,"name":"Startseite","item":"https:\/\/truckonline.de\/blog\/"},{"@type":"ListItem","position":2,"name":"Der richtige Blitzableiter"}]},{"@type":"WebSite","@id":"https:\/\/truckonline.de\/blog\/#website","url":"https:\/\/truckonline.de\/blog\/","name":"TruckOnline.de","description":"","publisher":{"@id":"https:\/\/truckonline.de\/blog\/#\/schema\/person\/4cb59b86ffde81f882f56439688fda19"},"potentialAction":[{"@type":"SearchAction","target":{"@type":"EntryPoint","urlTemplate":"https:\/\/truckonline.de\/blog\/?s={search_term_string}"},"query-input":{"@type":"PropertyValueSpecification","valueRequired":true,"valueName":"search_term_string"}}],"inLanguage":"de"},{"@type":["Person","Organization"],"@id":"https:\/\/truckonline.de\/blog\/#\/schema\/person\/4cb59b86ffde81f882f56439688fda19","name":"maik","image":{"@type":"ImageObject","inLanguage":"de","@id":"https:\/\/truckonline.de\/blog\/wp-content\/uploads\/2019\/12\/logoinnenweiss.png","url":"https:\/\/truckonline.de\/blog\/wp-content\/uploads\/2019\/12\/logoinnenweiss.png","contentUrl":"https:\/\/truckonline.de\/blog\/wp-content\/uploads\/2019\/12\/logoinnenweiss.png","width":733,"height":125,"caption":"maik"},"logo":{"@id":"https:\/\/truckonline.de\/blog\/wp-content\/uploads\/2019\/12\/logoinnenweiss.png"},"sameAs":["https:\/\/www.facebook.com\/truckblog","https:\/\/www.instagram.com\/truck_online\/","https:\/\/x.com\/https:\/\/twitter.com\/truckblog","https:\/\/www.youtube.com\/user\/truckonline","https:\/\/www.tumblr.com\/truckonline"]}]}},"_links":{"self":[{"href":"https:\/\/truckonline.de\/blog\/wp-json\/wp\/v2\/posts\/3670","targetHints":{"allow":["GET"]}}],"collection":[{"href":"https:\/\/truckonline.de\/blog\/wp-json\/wp\/v2\/posts"}],"about":[{"href":"https:\/\/truckonline.de\/blog\/wp-json\/wp\/v2\/types\/post"}],"author":[{"embeddable":true,"href":"https:\/\/truckonline.de\/blog\/wp-json\/wp\/v2\/users\/3"}],"replies":[{"embeddable":true,"href":"https:\/\/truckonline.de\/blog\/wp-json\/wp\/v2\/comments?post=3670"}],"version-history":[{"count":2,"href":"https:\/\/truckonline.de\/blog\/wp-json\/wp\/v2\/posts\/3670\/revisions"}],"predecessor-version":[{"id":3672,"href":"https:\/\/truckonline.de\/blog\/wp-json\/wp\/v2\/posts\/3670\/revisions\/3672"}],"wp:attachment":[{"href":"https:\/\/truckonline.de\/blog\/wp-json\/wp\/v2\/media?parent=3670"}],"wp:term":[{"taxonomy":"category","embeddable":true,"href":"https:\/\/truckonline.de\/blog\/wp-json\/wp\/v2\/categories?post=3670"},{"taxonomy":"post_tag","embeddable":true,"href":"https:\/\/truckonline.de\/blog\/wp-json\/wp\/v2\/tags?post=3670"}],"curies":[{"name":"wp","href":"https:\/\/api.w.org\/{rel}","templated":true}]}}